{"id":168097,"date":"2015-05-27T21:13:46","date_gmt":"2015-05-27T21:13:46","guid":{"rendered":"https:\/\/www.meydan.tv\/article\/hebs-olunan-is-adamlarinin-istintaq-hereketleri-heyata-kecirilmeyib\/"},"modified":"2015-05-27T21:13:46","modified_gmt":"2015-05-27T21:13:46","slug":"hebs-olunan-is-adamlarinin-istintaq-hereketleri-heyata-kecirilmeyib","status":"publish","type":"post","link":"https:\/\/www.meydan.tv\/az\/article\/hebs-olunan-is-adamlarinin-istintaq-hereketleri-heyata-kecirilmeyib\/","title":{"rendered":"H\u0259bs olunan i\u015f adamlar\u0131n\u0131n  istintaq h\u0259r\u0259k\u0259tl\u0259ri h\u0259yata ke\u00e7irilm\u0259yib"},"content":{"rendered":"<figure class=\"wp-block-image size-large\">\n  <img decoding=\"async\" src=\"https:\/\/www.meydan.tv\/az\/25189\/\" alt=\"\" class=\"wp-image-25189\"\/><figcaption><\/figcaption><\/figure>\n<figure class=\"wp-block-image size-large\">\n  <img decoding=\"async\" src=\"https:\/\/www.meydan.tv\/az\/25189\/\" alt=\"\" class=\"wp-image-25189\"\/><figcaption><\/figcaption><\/figure>\n<p><div>\n    <i><br \/>\n      Az\u0259rbaycan Beyn\u0259lxalq Bank\u0131na kreditl\u0259rin \u00f6d\u0259nilm\u0259m\u0259si haqq\u0131nda i\u015f \u00fczr\u0259 20-30 n\u0259f\u0259r h\u0259bs edilib. Onlar\u0131n ham\u0131s\u0131na 178.3-c\u00fc (f\u0131r\u0131ldaq\u00e7\u0131l\u0131q, b\u00f6y\u00fck \u00f6l\u00e7\u00fcd\u0259 ziyan vurduqda) madd\u0259 il\u0259 ittiham ir\u0259li s\u00fcr\u00fcl\u00fcb.<br \/>\n    <\/i>\n  <\/div>\n<\/p>\n<p><div><\/div>\n<\/p>\n<p><div>\n    Bu bar\u0259d\u0259 &#8220;Turan&#8221;a v\u0259 \u201cAmerikan\u0131n S\u0259si\u201d radiosuna m\u00fcsahib\u0259sind\u0259 iki m\u0259hbusun \u2013 &#8220;Azmeco&#8221; \u015firk\u0259tinin r\u0259hb\u0259ri Nizami Piriyevin v\u0259 Beyn\u0259lxalq Bank\u0131n Dubaydak\u0131 n\u00fcmay\u0259nd\u0259si Adil H\u00fcseynovun maraqlar\u0131n\u0131 m\u00fcdafi\u0259 ed\u0259n v\u0259kil Kamandar N\u0259sibov bildirib.\n  <\/div>\n<\/p>\n<div>\n<div>\n<div><\/div>\n<\/p><\/div>\n<div>\n<div>\n        H\u0259bs olunanlara qar\u015f\u0131 i\u015fg\u0259nc\u0259 haqq\u0131nda suala cavabda v\u0259kil bildirib ki, bu g\u00fcn Nizami Piriyevl\u0259 g\u00f6r\u00fc\u015f\u00fcb v\u0259 o, \u015fikay\u0259t etm\u0259yib.\n      <\/div>\n<div><\/div>\n<div>\n        Eyni zamanda, Piriyev ir\u0259li s\u00fcr\u00fclm\u00fc\u015f ittihamlar\u0131 t\u0259kzib edir. \u201cOnun kredit \u00f6d\u0259ni\u015finin m\u00fcdd\u0259ti bitm\u0259yib. \u0130st\u0259nil\u0259n halda, bu, cinay\u0259t i\u015fi deyil, m\u00fclki i\u015fdir. T\u0259cr\u00fcb\u0259md\u0259 ilk d\u0259f\u0259 b\u00fct\u00fcn borclular\u0131n f\u0131r\u0131ldaq\u00e7\u0131l\u0131qda ittiham edildiyini g\u00f6r\u00fcr\u0259m. V\u0259saitl\u0259rin qaytar\u0131lmas\u0131nda gecikm\u0259 olsa bel\u0259, buna g\u00f6r\u0259 c\u0259rim\u0259 v\u0259 ya ba\u015fqa bir formada irad ola bil\u0259r. Bundan sonra borclu m\u0259hk\u0259m\u0259y\u0259 veril\u0259 bil\u0259r.\n      <\/div>\n<div><\/div>\n<div>\n        Bundan ba\u015fqa, kreditor h\u0259mi\u015f\u0259 girovla borc verir, h\u0259min girov m\u00fcsadir\u0259 edil\u0259 bil\u0259r, h\u0259rraca \u00e7\u0131xar\u0131la bil\u0259r v\u0259 s.\u201d, dey\u0259 v\u0259kil bildirib.\n      <\/div>\n<div>\n        Haz\u0131rda m\u00fcdafi\u0259 t\u0259r\u0259fi Piriyevin \u0259m\u0259ll\u0259rind\u0259 cinay\u0259t t\u0259rkibi olmad\u0131\u011f\u0131nda israr edir. O, he\u00e7 kimi aldatmay\u0131b v\u0259 he\u00e7 kimin etibar\u0131ndan sui-istifad\u0259 etm\u0259yib. F\u0131r\u0131ldaq\u00e7\u0131l\u0131q fakt\u0131 olmay\u0131b.\n      <\/div>\n<div>\n<div><\/div>\n<div>\n          Dig\u0259r m\u0259hbus Adil H\u00fcseynovun i\u015fi haqq\u0131nda suala cavabda v\u0259kil qeyd edib ki, onun \u00fcmumiyy\u0259tl\u0259 i\u015fl\u0259 he\u00e7 bir \u0259laq\u0259si yoxdur.\n        <\/div>\n<div><\/div>\n<div>\n          Beyn\u0259lxalq Bank Dubayda b\u0259zi infrastruktur layih\u0259l\u0259rini maliyy\u0259l\u0259\u015fdirib v\u0259 H\u00fcseynova k\u00f6\u00e7\u00fcr\u00fcl\u0259n v\u0259saitin t\u0259yinat\u0131 \u00fczr\u0259 istifad\u0259sin\u0259 n\u0259zar\u0259t etm\u0259k tap\u015f\u0131r\u0131l\u0131b. O, bel\u0259 d\u0259 edib. O, \u00f6z\u00fc pul almay\u0131b, x\u0259rcl\u0259m\u0259yib, yaln\u0131z x\u0259rcl\u0259rin d\u0259qiqliyin\u0259 n\u0259zar\u0259t edib, dey\u0259 v\u0259kil bildirib.\n        <\/div>\n<div><\/div>\n<div>\n          Dubaydak\u0131 obyektl\u0259rd\u0259n biri \u00fc\u00e7 ildir f\u0259aliyy\u0259t g\u00f6st\u0259r\u0259n tekstil fabrikidir. Onun a\u00e7\u0131l\u0131\u015f\u0131nda Dubay r\u0259hb\u0259ri v\u0259 Az\u0259rbaycan Beyn\u0259lxalq Bank\u0131n\u0131n r\u0259hb\u0259ri i\u015ftirak edib. Bu m\u00fc\u0259ssis\u0259nin sayt\u0131na daxil olduqda bunun m\u00fcasir v\u0259 u\u011furlu m\u00fc\u0259ssis\u0259 oldu\u011funu g\u00f6rm\u0259k olar.\n        <\/div>\n<div><\/div>\n<div>\n          Bu yax\u0131nlarda a\u00e7\u0131lm\u0131\u015f v\u0259 armatur istehsal ed\u0259n metallurgiya zavodu da buna b\u0259nz\u0259r u\u011furlu t\u0259dbirdir. Lakin \u00fc\u00e7 ay \u0259vv\u0259l Beyn\u0259lxalq Bank\u0131n yeni r\u0259hb\u0259rliyinin g\u00f6st\u0259ri\u015fi il\u0259 m\u00fc\u0259ssis\u0259nin f\u0259aliyy\u0259ti dayand\u0131r\u0131l\u0131b, i\u015f\u00e7il\u0259ri is\u0259 i\u015fd\u0259n azad edilib. Haz\u0131rda m\u00fc\u0259ssis\u0259 i\u015fsiz qal\u0131b v\u0259 ziyana u\u011fray\u0131r. \u0130lkin olaraq onun d\u0259y\u0259ri 150 mln. dollar qiym\u0259tl\u0259ndirilirdi, indi is\u0259 o, d\u0259y\u0259rinin b\u00f6y\u00fck hiss\u0259sini itirib. Bu zavod Az\u0259rbaycan Beyn\u0259lxalq Bank\u0131n\u0131n v\u0259saiti il\u0259 yerli firma v\u0259 \u015firk\u0259tl\u0259rin i\u015ftirak\u0131 il\u0259 tikilib.\n        <\/div>\n<div><\/div>\n<div>\n          Beyn\u0259lxalq Bank\u0131n ke\u00e7mi\u015f r\u0259hb\u0259ri Cahangir Hac\u0131yevin istintaqa c\u0259lb edilib-edilm\u0259diyi haqq\u0131nda suala cavabda v\u0259kil bu bar\u0259d\u0259 m\u0259lumat\u0131 olmad\u0131\u011f\u0131n\u0131 bildirib. \u00dcmumiyy\u0259tl\u0259, onun m\u00fc\u015ft\u0259ril\u0259ri bar\u0259sind\u0259 istintaq h\u0259r\u0259k\u0259tl\u0259ri, o c\u00fcml\u0259d\u0259n \u00fczl\u0259\u015fdirm\u0259 h\u0259yata ke\u00e7irilm\u0259yib.\n        <\/div>\n<\/p><\/div>\n<\/p><\/div>\n<\/p><\/div><\/p>\n","protected":false},"excerpt":{"rendered":"<p>Az\u0259rbaycan Beyn\u0259lxalq Bank\u0131na kreditl\u0259rin \u00f6d\u0259nilm\u0259m\u0259si haqq\u0131nda i\u015f \u00fczr\u0259 20-30 n\u0259f\u0259r h\u0259bs edilib. Onlar\u0131n ham\u0131s\u0131na 178.3-c\u00fc (f\u0131r\u0131ldaq\u00e7\u0131l\u0131q, b\u00f6y\u00fck \u00f6l\u00e7\u00fcd\u0259 ziyan vurduqda) madd\u0259 il\u0259 ittiham ir\u0259li s\u00fcr\u00fcl\u00fcb.<\/p>\n","protected":false},"author":11,"featured_media":25189,"comment_status":"closed","ping_status":"open","sticky":false,"template":"","format":"standard","meta":{"_acf_changed":false,"_sitemap_exclude":false,"_sitemap_priority":"","_sitemap_frequency":"","footnotes":""},"categories":[56],"tags":[],"class_list":["post-168097","post","type-post","status-publish","format-standard","has-post-thumbnail","hentry","category-xeberler","infinite-scroll-item","generate-columns","tablet-grid-50","mobile-grid-100","grid-parent","grid-33","no-featured-image-padding"],"acf":[],"yoast_head":"<!-- This site is optimized with the Yoast SEO plugin v28.4 - https:\/\/yoast.com\/product\/yoast-seo-wordpress\/ -->\n<title>H\u0259bs olunan i\u015f adamlar\u0131n\u0131n istintaq h\u0259r\u0259k\u0259tl\u0259ri h\u0259yata ke\u00e7irilm\u0259yib - MEYDAN.TV<\/title>\n<meta name=\"robots\" content=\"index, follow, max-snippet:-1, max-image-preview:large, max-video-preview:-1\" \/>\n<link rel=\"canonical\" href=\"https:\/\/www.meydan.tv\/az\/article\/hebs-olunan-is-adamlarinin-istintaq-hereketleri-heyata-kecirilmeyib\/\" \/>\n<meta property=\"og:locale\" content=\"az_AZ\" \/>\n<meta property=\"og:type\" content=\"article\" \/>\n<meta property=\"og:title\" content=\"H\u0259bs olunan i\u015f adamlar\u0131n\u0131n istintaq h\u0259r\u0259k\u0259tl\u0259ri h\u0259yata ke\u00e7irilm\u0259yib - MEYDAN.TV\" \/>\n<meta property=\"og:description\" content=\"Az\u0259rbaycan Beyn\u0259lxalq Bank\u0131na kreditl\u0259rin \u00f6d\u0259nilm\u0259m\u0259si haqq\u0131nda i\u015f \u00fczr\u0259 20-30 n\u0259f\u0259r h\u0259bs edilib. Onlar\u0131n ham\u0131s\u0131na 178.3-c\u00fc (f\u0131r\u0131ldaq\u00e7\u0131l\u0131q, b\u00f6y\u00fck \u00f6l\u00e7\u00fcd\u0259 ziyan vurduqda) madd\u0259 il\u0259 ittiham ir\u0259li s\u00fcr\u00fcl\u00fcb.\" \/>\n<meta property=\"og:url\" content=\"https:\/\/www.meydan.tv\/az\/article\/hebs-olunan-is-adamlarinin-istintaq-hereketleri-heyata-kecirilmeyib\/\" \/>\n<meta property=\"og:site_name\" content=\"MEYDAN.TV\" \/>\n<meta property=\"article:published_time\" content=\"2015-05-27T21:13:46+00:00\" \/>\n<meta property=\"og:image\" content=\"https:\/\/www.meydan.tv\/wp-content\/uploads\/9263.jpg\" \/>\n\t<meta property=\"og:image:width\" content=\"533\" \/>\n\t<meta property=\"og:image:height\" content=\"289\" \/>\n\t<meta property=\"og:image:type\" content=\"image\/jpeg\" \/>\n<meta name=\"twitter:card\" content=\"summary_large_image\" \/>\n<!-- \/ Yoast SEO plugin. -->","yoast_head_json":{"title":"H\u0259bs olunan i\u015f adamlar\u0131n\u0131n istintaq h\u0259r\u0259k\u0259tl\u0259ri h\u0259yata ke\u00e7irilm\u0259yib - MEYDAN.TV","robots":{"index":"index","follow":"follow","max-snippet":"max-snippet:-1","max-image-preview":"max-image-preview:large","max-video-preview":"max-video-preview:-1"},"canonical":"https:\/\/www.meydan.tv\/az\/article\/hebs-olunan-is-adamlarinin-istintaq-hereketleri-heyata-kecirilmeyib\/","og_locale":"az_AZ","og_type":"article","og_title":"H\u0259bs olunan i\u015f adamlar\u0131n\u0131n istintaq h\u0259r\u0259k\u0259tl\u0259ri h\u0259yata ke\u00e7irilm\u0259yib - MEYDAN.TV","og_description":"Az\u0259rbaycan Beyn\u0259lxalq Bank\u0131na kreditl\u0259rin \u00f6d\u0259nilm\u0259m\u0259si haqq\u0131nda i\u015f \u00fczr\u0259 20-30 n\u0259f\u0259r h\u0259bs edilib. Onlar\u0131n ham\u0131s\u0131na 178.3-c\u00fc (f\u0131r\u0131ldaq\u00e7\u0131l\u0131q, b\u00f6y\u00fck \u00f6l\u00e7\u00fcd\u0259 ziyan vurduqda) madd\u0259 il\u0259 ittiham ir\u0259li s\u00fcr\u00fcl\u00fcb.","og_url":"https:\/\/www.meydan.tv\/az\/article\/hebs-olunan-is-adamlarinin-istintaq-hereketleri-heyata-kecirilmeyib\/","og_site_name":"MEYDAN.TV","article_published_time":"2015-05-27T21:13:46+00:00","og_image":[{"width":533,"height":289,"url":"https:\/\/www.meydan.tv\/wp-content\/uploads\/9263.jpg","type":"image\/jpeg"}],"twitter_card":"summary_large_image","schema":{"@context":"https:\/\/schema.org","@graph":[{"@type":"Article","@id":"https:\/\/www.meydan.tv\/az\/article\/hebs-olunan-is-adamlarinin-istintaq-hereketleri-heyata-kecirilmeyib\/#article","isPartOf":{"@id":"https:\/\/www.meydan.tv\/az\/article\/hebs-olunan-is-adamlarinin-istintaq-hereketleri-heyata-kecirilmeyib\/"},"author":{"name":"user-manager","@id":"https:\/\/www.meydan.tv\/az\/#\/schema\/person\/10d11eccf6da3662cf5fdab9806ea91a"},"headline":"H\u0259bs olunan i\u015f adamlar\u0131n\u0131n istintaq h\u0259r\u0259k\u0259tl\u0259ri h\u0259yata ke\u00e7irilm\u0259yib","datePublished":"2015-05-27T21:13:46+00:00","mainEntityOfPage":{"@id":"https:\/\/www.meydan.tv\/az\/article\/hebs-olunan-is-adamlarinin-istintaq-hereketleri-heyata-kecirilmeyib\/"},"wordCount":633,"publisher":{"@id":"https:\/\/www.meydan.tv\/az\/#organization"},"image":{"@id":"https:\/\/www.meydan.tv\/az\/article\/hebs-olunan-is-adamlarinin-istintaq-hereketleri-heyata-kecirilmeyib\/#primaryimage"},"thumbnailUrl":"https:\/\/www.meydan.tv\/wp-content\/uploads\/9263.jpg","articleSection":["X\u0259b\u0259rl\u0259r"],"inLanguage":"az"},{"@type":"WebPage","@id":"https:\/\/www.meydan.tv\/az\/article\/hebs-olunan-is-adamlarinin-istintaq-hereketleri-heyata-kecirilmeyib\/","url":"https:\/\/www.meydan.tv\/az\/article\/hebs-olunan-is-adamlarinin-istintaq-hereketleri-heyata-kecirilmeyib\/","name":"H\u0259bs olunan i\u015f adamlar\u0131n\u0131n istintaq h\u0259r\u0259k\u0259tl\u0259ri h\u0259yata ke\u00e7irilm\u0259yib - MEYDAN.TV","isPartOf":{"@id":"https:\/\/www.meydan.tv\/az\/#website"},"primaryImageOfPage":{"@id":"https:\/\/www.meydan.tv\/az\/article\/hebs-olunan-is-adamlarinin-istintaq-hereketleri-heyata-kecirilmeyib\/#primaryimage"},"image":{"@id":"https:\/\/www.meydan.tv\/az\/article\/hebs-olunan-is-adamlarinin-istintaq-hereketleri-heyata-kecirilmeyib\/#primaryimage"},"thumbnailUrl":"https:\/\/www.meydan.tv\/wp-content\/uploads\/9263.jpg","datePublished":"2015-05-27T21:13:46+00:00","breadcrumb":{"@id":"https:\/\/www.meydan.tv\/az\/article\/hebs-olunan-is-adamlarinin-istintaq-hereketleri-heyata-kecirilmeyib\/#breadcrumb"},"inLanguage":"az","potentialAction":[{"@type":"ReadAction","target":["https:\/\/www.meydan.tv\/az\/article\/hebs-olunan-is-adamlarinin-istintaq-hereketleri-heyata-kecirilmeyib\/"]}]},{"@type":"ImageObject","inLanguage":"az","@id":"https:\/\/www.meydan.tv\/az\/article\/hebs-olunan-is-adamlarinin-istintaq-hereketleri-heyata-kecirilmeyib\/#primaryimage","url":"https:\/\/www.meydan.tv\/wp-content\/uploads\/9263.jpg","contentUrl":"https:\/\/www.meydan.tv\/wp-content\/uploads\/9263.jpg","width":533,"height":289,"caption":"Source:"},{"@type":"BreadcrumbList","@id":"https:\/\/www.meydan.tv\/az\/article\/hebs-olunan-is-adamlarinin-istintaq-hereketleri-heyata-kecirilmeyib\/#breadcrumb","itemListElement":[{"@type":"ListItem","position":1,"name":"Ana s\u0259hif\u0259","item":"https:\/\/www.meydan.tv\/az\/"},{"@type":"ListItem","position":2,"name":"X\u0259b\u0259rl\u0259r","item":"https:\/\/www.meydan.tv\/az\/section\/xeberler\/"},{"@type":"ListItem","position":3,"name":"H\u0259bs olunan i\u015f adamlar\u0131n\u0131n istintaq h\u0259r\u0259k\u0259tl\u0259ri h\u0259yata ke\u00e7irilm\u0259yib"}]},{"@type":"WebSite","@id":"https:\/\/www.meydan.tv\/az\/#website","url":"https:\/\/www.meydan.tv\/az\/","name":"MEYDAN.TV","description":"Meydan TV Az\u0259rbaycan\u0131n media m\u0259kan\u0131ndak\u0131 alternativ s\u0259sidir","publisher":{"@id":"https:\/\/www.meydan.tv\/az\/#organization"},"potentialAction":[{"@type":"SearchAction","target":{"@type":"EntryPoint","urlTemplate":"https:\/\/www.meydan.tv\/az\/?s={search_term_string}"},"query-input":{"@type":"PropertyValueSpecification","valueRequired":true,"valueName":"search_term_string"}}],"inLanguage":"az"},{"@type":"Organization","@id":"https:\/\/www.meydan.tv\/az\/#organization","name":"Meydan TV","url":"https:\/\/www.meydan.tv\/az\/","logo":{"@type":"ImageObject","inLanguage":"az","@id":"https:\/\/www.meydan.tv\/az\/#\/schema\/logo\/image\/","url":"https:\/\/www.meydan.tv\/wp-content\/uploads\/2021\/07\/meydan-logo.svg","contentUrl":"https:\/\/www.meydan.tv\/wp-content\/uploads\/2021\/07\/meydan-logo.svg","width":195,"height":46,"caption":"Meydan TV"},"image":{"@id":"https:\/\/www.meydan.tv\/az\/#\/schema\/logo\/image\/"}},{"@type":"Person","@id":"https:\/\/www.meydan.tv\/az\/#\/schema\/person\/10d11eccf6da3662cf5fdab9806ea91a","name":"user-manager"}]}},"_links":{"self":[{"href":"https:\/\/www.meydan.tv\/az\/wp-json\/wp\/v2\/posts\/168097","targetHints":{"allow":["GET"]}}],"collection":[{"href":"https:\/\/www.meydan.tv\/az\/wp-json\/wp\/v2\/posts"}],"about":[{"href":"https:\/\/www.meydan.tv\/az\/wp-json\/wp\/v2\/types\/post"}],"author":[{"embeddable":true,"href":"https:\/\/www.meydan.tv\/az\/wp-json\/wp\/v2\/users\/11"}],"replies":[{"embeddable":true,"href":"https:\/\/www.meydan.tv\/az\/wp-json\/wp\/v2\/comments?post=168097"}],"version-history":[{"count":0,"href":"https:\/\/www.meydan.tv\/az\/wp-json\/wp\/v2\/posts\/168097\/revisions"}],"wp:featuredmedia":[{"embeddable":true,"href":"https:\/\/www.meydan.tv\/az\/wp-json\/wp\/v2\/media\/25189"}],"wp:attachment":[{"href":"https:\/\/www.meydan.tv\/az\/wp-json\/wp\/v2\/media?parent=168097"}],"wp:term":[{"taxonomy":"category","embeddable":true,"href":"https:\/\/www.meydan.tv\/az\/wp-json\/wp\/v2\/categories?post=168097"},{"taxonomy":"post_tag","embeddable":true,"href":"https:\/\/www.meydan.tv\/az\/wp-json\/wp\/v2\/tags?post=168097"}],"curies":[{"name":"wp","href":"https:\/\/api.w.org\/{rel}","templated":true}]}}