{"id":168096,"date":"2015-05-27T17:54:42","date_gmt":"2015-05-27T17:54:42","guid":{"rendered":"https:\/\/www.meydan.tv\/article\/yevlaxda-torpaq-davasi\/"},"modified":"2015-05-27T17:54:42","modified_gmt":"2015-05-27T17:54:42","slug":"yevlaxda-torpaq-davasi","status":"publish","type":"post","link":"https:\/\/www.meydan.tv\/az\/article\/yevlaxda-torpaq-davasi\/","title":{"rendered":"Yevlaxda torpaq davas\u0131"},"content":{"rendered":"<figure class=\"wp-block-image size-large\">\n  <img decoding=\"async\" src=\"https:\/\/www.meydan.tv\/az\/25291\/\" alt=\"\" class=\"wp-image-25291\"\/><figcaption><\/figcaption><\/figure>\n<p>\n  <b><br \/>\n    <i><br \/>\n      Yevlax rayonu Havarl\u0131 k\u0259nd sakini G\u00fclb\u0259niz Muradovan\u0131n torpaq sah\u0259si \u0259lind\u0259n al\u0131n\u0131b.<br \/>\n    <\/i><br \/>\n  <\/b>\n<\/p>\n<p>\n  1987-ci ild\u0259n bu evd\u0259 ya\u015fayan G\u00fclb\u0259niz xan\u0131m deyir ki, 2005-ci ild\u0259 b\u0259l\u0259diy\u0259 s\u0259dri se\u00e7ilmi\u015f Sarvan v\u0259 Nadir adl\u0131 \u015f\u0259xsl\u0259r h\u0259y\u0259tini \u0259l\u0259 ke\u00e7irm\u0259k ist\u0259yibl\u0259r. Torpa\u011f\u0131n onlara verilm\u0259si \u00fc\u00e7\u00fcn qad\u0131na \u0259vv\u0259l pul, sonra is\u0259 torpaq sah\u0259si t\u0259klif edilib. Xan\u0131m torpa\u011f\u0131 verm\u0259diyi \u00fc\u00e7\u00fcn v\u0259zif\u0259 s\u0259lahiyy\u0259tl\u0259rind\u0259n sui-istifad\u0259 ed\u0259r\u0259k, torpa\u011f\u0131 \u0259l\u0259 ke\u00e7irm\u0259k ist\u0259yibl\u0259r. O vaxtk\u0131 icra ba\u015f\u00e7\u0131s\u0131 Elmar V\u0259liyev G\u00fclb\u0259niz xan\u0131m\u0131 q\u0259bul edib v\u0259 m\u0259s\u0259l\u0259 il\u0259 ba\u011fl\u0131 komissiya t\u0259\u015fkil edib. B\u00fct\u00fcn s\u0259n\u0259dl\u0259r yoxlanan\u0131l\u0131b, qaydas\u0131nda oldu\u011funa \u0259min olunduqdan sonra ail\u0259y\u0259 toxunmamaq tap\u015f\u0131r\u0131\u011f\u0131 verilib v\u0259 h\u0259min b\u0259l\u0259diyy\u0259 s\u0259dri il\u0259 m\u00fcavini i\u015fd\u0259n qovulub.\n<\/p>\n<p>\n  9 il h\u0259r \u015fey \u00f6z qaydas\u0131nda olub. G\u00fclb\u0259niz Muradova deyir ki, Elmar V\u0259liyevin G\u0259nc\u0259y\u0259 icra ba\u015f\u00e7\u0131s\u0131 g\u00f6nd\u0259rilm\u0259si il\u0259 ail\u0259nin qara g\u00fcnl\u0259ri ba\u015flay\u0131b.\n<\/p>\n<p>\n  Torpa\u011f\u0131n qad\u0131n\u0131n \u0259lind\u0259n al\u0131nmas\u0131 \u00fc\u00e7\u00fcn yenid\u0259n Sarvan v\u0259 Nadir adl\u0131 \u015f\u0259xsl\u0259r i\u015f\u0259 ba\u015flay\u0131blar. &#8220;Elmar V\u0259liyev yoxdur, biz burday\u0131q. Vaxt\u0131nda s\u0259n\u0259 torpaq t\u0259klif etdik, pul t\u0259klif etdik, q\u0259bul etm\u0259din. \u0130ndi qara q\u0259pik d\u0259 g\u00f6rm\u0259y\u0259c\u0259ks\u0259n&#8221; , \u201cS\u0259n kims\u0259n ki, s\u0259nin \u015fikay\u0259tin\u0259 prezident baxs\u0131n\u201d kimi ifad\u0259l\u0259rl\u0259 qad\u0131n\u0131 h\u0259d\u0259l\u0259yibl\u0259r. Ona \u201cm\u0259hk\u0259m\u0259 d\u0259 bizik, qanun da bizik\u201d -deyibl\u0259r.\n<\/p>\n<p>\n  G\u00fclb\u0259niz Muradova t\u0259\u0259ss\u00fcfl\u0259 hadis\u0259nin gedi\u015fat\u0131n\u0131n onlar\u0131n dedikl\u0259ri kimi oldu\u011funu deyir. Bel\u0259 ki, b\u00fct\u00fcn s\u0259n\u0259dl\u0259r qanuni olsa da, m\u0259hk\u0259m\u0259 q\u0259tnam\u0259ni Nadir adl\u0131 \u015f\u0259xsin xeyrin\u0259 \u00e7\u0131xar\u0131b.\n<\/p>\n<p>\n  \u201cM\u0259nim ad\u0131ma olan faktiki torpa\u011f\u0131 Nadirin ad\u0131na yazd\u0131lar. Halbuki, m\u0259nim burda m\u0259hsuldar a\u011faclar\u0131m var. A\u011faclar\u0131n \u0259n az\u0131 27 ya\u015f\u0131 var. Ona baxmayaraq, b\u0259l\u0259diyy\u0259nin m\u00fcavini Nadir \u0259l \u00e7\u0259kmir\u201d &#8211; dey\u0259 G\u00fclb\u0259niz Muradova bildirib.\n<\/p>\n<p>\n  \u00dcst\u0259lik m\u0259hk\u0259m\u0259d\u0259n \u00e7\u0131xanda Nadir m\u0259n\u0259 dedi: &#8220;G\u00f6rd\u00fcn qat\u0131q nec\u0259 qara olur? Vaxt\u0131nda s\u0259n\u0259 pul, torpaq t\u0259klif etdik, g\u00f6t\u00fcrm\u0259din. \u0130ndi qara q\u0259pik d\u0259 g\u00f6rm\u0259y\u0259c\u0259ks\u0259n&#8221;.\n<\/p>\n<p>\n  G\u00fclb\u0259niz xan\u0131m torpa\u011f\u0131 n\u0259 satmaq, n\u0259 d\u0259 kim\u0259s\u0259 verm\u0259k niyy\u0259tind\u0259dir. O, komissiya t\u0259\u015fkil olunmas\u0131n\u0131, s\u0259n\u0259dl\u0259rin ara\u015fd\u0131r\u0131lmas\u0131n\u0131, \u00f6zba\u015fnal\u0131q ed\u0259n m\u0259hk\u0259m\u0259l\u0259rin v\u0259 m\u0259murlar\u0131n c\u0259zalanmas\u0131n\u0131 ist\u0259yir.<\/p>\n","protected":false},"excerpt":{"rendered":"<p>Yevlax rayonu Havarl\u0131 k\u0259nd sakini G\u00fclb\u0259niz Muradovan\u0131n torpaq sah\u0259si \u0259lind\u0259n al\u0131n\u0131b.<\/p>\n","protected":false},"author":11,"featured_media":25291,"comment_status":"closed","ping_status":"open","sticky":false,"template":"","format":"standard","meta":{"_acf_changed":false,"_sitemap_exclude":false,"_sitemap_priority":"","_sitemap_frequency":"","footnotes":""},"categories":[56],"tags":[],"class_list":["post-168096","post","type-post","status-publish","format-standard","has-post-thumbnail","hentry","category-xeberler","infinite-scroll-item","generate-columns","tablet-grid-50","mobile-grid-100","grid-parent","grid-33","no-featured-image-padding"],"acf":[],"yoast_head":"<!-- This site is optimized with the Yoast SEO plugin v28.4 - https:\/\/yoast.com\/product\/yoast-seo-wordpress\/ -->\n<title>Yevlaxda torpaq davas\u0131 - MEYDAN.TV<\/title>\n<meta name=\"robots\" content=\"index, follow, max-snippet:-1, max-image-preview:large, max-video-preview:-1\" \/>\n<link rel=\"canonical\" href=\"https:\/\/www.meydan.tv\/az\/article\/yevlaxda-torpaq-davasi\/\" \/>\n<meta property=\"og:locale\" content=\"az_AZ\" \/>\n<meta property=\"og:type\" content=\"article\" \/>\n<meta property=\"og:title\" content=\"Yevlaxda torpaq davas\u0131 - MEYDAN.TV\" \/>\n<meta property=\"og:description\" content=\"Yevlax rayonu Havarl\u0131 k\u0259nd sakini G\u00fclb\u0259niz Muradovan\u0131n torpaq sah\u0259si \u0259lind\u0259n al\u0131n\u0131b.\" \/>\n<meta property=\"og:url\" content=\"https:\/\/www.meydan.tv\/az\/article\/yevlaxda-torpaq-davasi\/\" \/>\n<meta property=\"og:site_name\" content=\"MEYDAN.TV\" \/>\n<meta property=\"article:published_time\" content=\"2015-05-27T17:54:42+00:00\" \/>\n<meta property=\"og:image\" content=\"https:\/\/www.meydan.tv\/wp-content\/uploads\/9246.jpg\" \/>\n\t<meta property=\"og:image:width\" content=\"1605\" \/>\n\t<meta property=\"og:image:height\" content=\"889\" \/>\n\t<meta property=\"og:image:type\" content=\"image\/jpeg\" \/>\n<meta name=\"twitter:card\" content=\"summary_large_image\" \/>\n<!-- \/ Yoast SEO plugin. -->","yoast_head_json":{"title":"Yevlaxda torpaq davas\u0131 - MEYDAN.TV","robots":{"index":"index","follow":"follow","max-snippet":"max-snippet:-1","max-image-preview":"max-image-preview:large","max-video-preview":"max-video-preview:-1"},"canonical":"https:\/\/www.meydan.tv\/az\/article\/yevlaxda-torpaq-davasi\/","og_locale":"az_AZ","og_type":"article","og_title":"Yevlaxda torpaq davas\u0131 - MEYDAN.TV","og_description":"Yevlax rayonu Havarl\u0131 k\u0259nd sakini G\u00fclb\u0259niz Muradovan\u0131n torpaq sah\u0259si \u0259lind\u0259n al\u0131n\u0131b.","og_url":"https:\/\/www.meydan.tv\/az\/article\/yevlaxda-torpaq-davasi\/","og_site_name":"MEYDAN.TV","article_published_time":"2015-05-27T17:54:42+00:00","og_image":[{"width":1605,"height":889,"url":"https:\/\/www.meydan.tv\/wp-content\/uploads\/9246.jpg","type":"image\/jpeg"}],"twitter_card":"summary_large_image","schema":{"@context":"https:\/\/schema.org","@graph":[{"@type":"Article","@id":"https:\/\/www.meydan.tv\/az\/article\/yevlaxda-torpaq-davasi\/#article","isPartOf":{"@id":"https:\/\/www.meydan.tv\/az\/article\/yevlaxda-torpaq-davasi\/"},"author":{"name":"user-manager","@id":"https:\/\/www.meydan.tv\/az\/#\/schema\/person\/10d11eccf6da3662cf5fdab9806ea91a"},"headline":"Yevlaxda torpaq davas\u0131","datePublished":"2015-05-27T17:54:42+00:00","mainEntityOfPage":{"@id":"https:\/\/www.meydan.tv\/az\/article\/yevlaxda-torpaq-davasi\/"},"wordCount":484,"publisher":{"@id":"https:\/\/www.meydan.tv\/az\/#organization"},"image":{"@id":"https:\/\/www.meydan.tv\/az\/article\/yevlaxda-torpaq-davasi\/#primaryimage"},"thumbnailUrl":"https:\/\/www.meydan.tv\/wp-content\/uploads\/9246.jpg","articleSection":["X\u0259b\u0259rl\u0259r"],"inLanguage":"az"},{"@type":"WebPage","@id":"https:\/\/www.meydan.tv\/az\/article\/yevlaxda-torpaq-davasi\/","url":"https:\/\/www.meydan.tv\/az\/article\/yevlaxda-torpaq-davasi\/","name":"Yevlaxda torpaq davas\u0131 - MEYDAN.TV","isPartOf":{"@id":"https:\/\/www.meydan.tv\/az\/#website"},"primaryImageOfPage":{"@id":"https:\/\/www.meydan.tv\/az\/article\/yevlaxda-torpaq-davasi\/#primaryimage"},"image":{"@id":"https:\/\/www.meydan.tv\/az\/article\/yevlaxda-torpaq-davasi\/#primaryimage"},"thumbnailUrl":"https:\/\/www.meydan.tv\/wp-content\/uploads\/9246.jpg","datePublished":"2015-05-27T17:54:42+00:00","breadcrumb":{"@id":"https:\/\/www.meydan.tv\/az\/article\/yevlaxda-torpaq-davasi\/#breadcrumb"},"inLanguage":"az","potentialAction":[{"@type":"ReadAction","target":["https:\/\/www.meydan.tv\/az\/article\/yevlaxda-torpaq-davasi\/"]}]},{"@type":"ImageObject","inLanguage":"az","@id":"https:\/\/www.meydan.tv\/az\/article\/yevlaxda-torpaq-davasi\/#primaryimage","url":"https:\/\/www.meydan.tv\/wp-content\/uploads\/9246.jpg","contentUrl":"https:\/\/www.meydan.tv\/wp-content\/uploads\/9246.jpg","width":1605,"height":889,"caption":"Source:"},{"@type":"BreadcrumbList","@id":"https:\/\/www.meydan.tv\/az\/article\/yevlaxda-torpaq-davasi\/#breadcrumb","itemListElement":[{"@type":"ListItem","position":1,"name":"Ana s\u0259hif\u0259","item":"https:\/\/www.meydan.tv\/az\/"},{"@type":"ListItem","position":2,"name":"X\u0259b\u0259rl\u0259r","item":"https:\/\/www.meydan.tv\/az\/section\/xeberler\/"},{"@type":"ListItem","position":3,"name":"Yevlaxda torpaq davas\u0131"}]},{"@type":"WebSite","@id":"https:\/\/www.meydan.tv\/az\/#website","url":"https:\/\/www.meydan.tv\/az\/","name":"MEYDAN.TV","description":"Meydan TV Az\u0259rbaycan\u0131n media m\u0259kan\u0131ndak\u0131 alternativ s\u0259sidir","publisher":{"@id":"https:\/\/www.meydan.tv\/az\/#organization"},"potentialAction":[{"@type":"SearchAction","target":{"@type":"EntryPoint","urlTemplate":"https:\/\/www.meydan.tv\/az\/?s={search_term_string}"},"query-input":{"@type":"PropertyValueSpecification","valueRequired":true,"valueName":"search_term_string"}}],"inLanguage":"az"},{"@type":"Organization","@id":"https:\/\/www.meydan.tv\/az\/#organization","name":"Meydan TV","url":"https:\/\/www.meydan.tv\/az\/","logo":{"@type":"ImageObject","inLanguage":"az","@id":"https:\/\/www.meydan.tv\/az\/#\/schema\/logo\/image\/","url":"https:\/\/www.meydan.tv\/wp-content\/uploads\/2021\/07\/meydan-logo.svg","contentUrl":"https:\/\/www.meydan.tv\/wp-content\/uploads\/2021\/07\/meydan-logo.svg","width":195,"height":46,"caption":"Meydan TV"},"image":{"@id":"https:\/\/www.meydan.tv\/az\/#\/schema\/logo\/image\/"}},{"@type":"Person","@id":"https:\/\/www.meydan.tv\/az\/#\/schema\/person\/10d11eccf6da3662cf5fdab9806ea91a","name":"user-manager"}]}},"_links":{"self":[{"href":"https:\/\/www.meydan.tv\/az\/wp-json\/wp\/v2\/posts\/168096","targetHints":{"allow":["GET"]}}],"collection":[{"href":"https:\/\/www.meydan.tv\/az\/wp-json\/wp\/v2\/posts"}],"about":[{"href":"https:\/\/www.meydan.tv\/az\/wp-json\/wp\/v2\/types\/post"}],"author":[{"embeddable":true,"href":"https:\/\/www.meydan.tv\/az\/wp-json\/wp\/v2\/users\/11"}],"replies":[{"embeddable":true,"href":"https:\/\/www.meydan.tv\/az\/wp-json\/wp\/v2\/comments?post=168096"}],"version-history":[{"count":0,"href":"https:\/\/www.meydan.tv\/az\/wp-json\/wp\/v2\/posts\/168096\/revisions"}],"wp:featuredmedia":[{"embeddable":true,"href":"https:\/\/www.meydan.tv\/az\/wp-json\/wp\/v2\/media\/25291"}],"wp:attachment":[{"href":"https:\/\/www.meydan.tv\/az\/wp-json\/wp\/v2\/media?parent=168096"}],"wp:term":[{"taxonomy":"category","embeddable":true,"href":"https:\/\/www.meydan.tv\/az\/wp-json\/wp\/v2\/categories?post=168096"},{"taxonomy":"post_tag","embeddable":true,"href":"https:\/\/www.meydan.tv\/az\/wp-json\/wp\/v2\/tags?post=168096"}],"curies":[{"name":"wp","href":"https:\/\/api.w.org\/{rel}","templated":true}]}}