{"id":168093,"date":"2015-05-27T17:05:50","date_gmt":"2015-05-27T17:05:50","guid":{"rendered":"https:\/\/www.meydan.tv\/article\/resul-ceferovun-azadligi-ucun-avropada-aksiya-kecirilib\/"},"modified":"2015-05-27T17:05:50","modified_gmt":"2015-05-27T17:05:50","slug":"resul-ceferovun-azadligi-ucun-avropada-aksiya-kecirilib","status":"publish","type":"post","link":"https:\/\/www.meydan.tv\/az\/article\/resul-ceferovun-azadligi-ucun-avropada-aksiya-kecirilib\/","title":{"rendered":"R\u0259sul C\u0259f\u0259rovun azadl\u0131\u011f\u0131 \u00fc\u00e7\u00fcn Avropada aksiya ke\u00e7irilib"},"content":{"rendered":"<figure class=\"wp-block-image size-large\">\n  <img decoding=\"async\" src=\"https:\/\/www.meydan.tv\/az\/25297\/\" alt=\"\" class=\"wp-image-25297\"\/><figcaption><\/figcaption><\/figure>\n<p>\n  <b><br \/>\n    <i><br \/>\n      Aksiyan\u0131 Avropada t\u0259hsil alan bir qrup t\u0259l\u0259b\u0259 ke\u00e7irib<br \/>\n    <\/i><br \/>\n  <\/b>\n<\/p>\n<p>\n  Qaynar.info x\u0259b\u0259r verir ki, \u0259yinl\u0259rin\u0259 R\u0259sul C\u0259f\u0259rovun \u015f\u0259kili olan k\u00f6yn\u0259k geyin\u0259n g\u0259ncl\u0259r Az\u0259rbaycan hakimiyy\u0259tind\u0259n R\u0259sul C\u0259f\u0259rovu azadl\u0131\u011fa burax\u0131lmas\u0131n\u0131 t\u0259l\u0259b edibl\u0259r.\n<\/p>\n<p>\n  R.C\u0259f\u0259rov \u00f6t\u0259n il avqustun 2-d\u0259 h\u0259bs edilib. Ona qar\u015f\u0131 Cinay\u0259t M\u0259c\u0259ll\u0259sinin qanunsuz sahibkarl\u0131q, vergid\u0259n yay\u0131nma v\u0259 v\u0259zif\u0259 s\u0259lahiyy\u0259tl\u0259rini a\u015fma madd\u0259l\u0259ri il\u0259 ittiham ir\u0259li s\u00fcr\u00fcl\u00fcb.\n<\/p>\n<p>\n  Beyn\u0259lxalq h\u00fcquq-m\u00fcdafi\u0259 t\u0259\u015fkilat\u0131 \u00abAmnesty International\u00bb R\u0259sul C\u0259f\u0259rovu \u00abvicdan m\u0259hbusu\u00bb kimi tan\u0131y\u0131b.\n<\/p>\n<p>\n  R\u0259sul C\u0259f\u0259rov 6 il 6 ay azadl\u0131qdan m\u0259hrum edilib.<\/p>\n","protected":false},"excerpt":{"rendered":"<p>Aksiyan\u0131 Avropada t\u0259hsil alan bir qrup t\u0259l\u0259b\u0259 ke\u00e7irib<\/p>\n","protected":false},"author":11,"featured_media":25297,"comment_status":"closed","ping_status":"open","sticky":false,"template":"","format":"standard","meta":{"_acf_changed":false,"_sitemap_exclude":false,"_sitemap_priority":"","_sitemap_frequency":"","footnotes":""},"categories":[56],"tags":[],"class_list":["post-168093","post","type-post","status-publish","format-standard","has-post-thumbnail","hentry","category-xeberler","infinite-scroll-item","generate-columns","tablet-grid-50","mobile-grid-100","grid-parent","grid-33","no-featured-image-padding"],"acf":[],"yoast_head":"<!-- This site is optimized with the Yoast SEO plugin v28.4 - https:\/\/yoast.com\/product\/yoast-seo-wordpress\/ -->\n<title>R\u0259sul C\u0259f\u0259rovun azadl\u0131\u011f\u0131 \u00fc\u00e7\u00fcn Avropada aksiya ke\u00e7irilib - MEYDAN.TV<\/title>\n<meta name=\"robots\" content=\"index, follow, max-snippet:-1, max-image-preview:large, max-video-preview:-1\" \/>\n<link rel=\"canonical\" href=\"https:\/\/www.meydan.tv\/az\/article\/resul-ceferovun-azadligi-ucun-avropada-aksiya-kecirilib\/\" \/>\n<meta property=\"og:locale\" content=\"az_AZ\" \/>\n<meta property=\"og:type\" content=\"article\" \/>\n<meta property=\"og:title\" content=\"R\u0259sul C\u0259f\u0259rovun azadl\u0131\u011f\u0131 \u00fc\u00e7\u00fcn Avropada aksiya ke\u00e7irilib - MEYDAN.TV\" \/>\n<meta property=\"og:description\" content=\"Aksiyan\u0131 Avropada t\u0259hsil alan bir qrup t\u0259l\u0259b\u0259 ke\u00e7irib\" \/>\n<meta property=\"og:url\" content=\"https:\/\/www.meydan.tv\/az\/article\/resul-ceferovun-azadligi-ucun-avropada-aksiya-kecirilib\/\" \/>\n<meta property=\"og:site_name\" content=\"MEYDAN.TV\" \/>\n<meta property=\"article:published_time\" content=\"2015-05-27T17:05:50+00:00\" \/>\n<meta property=\"og:image\" content=\"https:\/\/www.meydan.tv\/wp-content\/uploads\/9242.jpg\" \/>\n\t<meta property=\"og:image:width\" content=\"1000\" \/>\n\t<meta property=\"og:image:height\" content=\"520\" \/>\n\t<meta property=\"og:image:type\" content=\"image\/jpeg\" \/>\n<meta name=\"twitter:card\" content=\"summary_large_image\" \/>\n<!-- \/ Yoast SEO plugin. -->","yoast_head_json":{"title":"R\u0259sul C\u0259f\u0259rovun azadl\u0131\u011f\u0131 \u00fc\u00e7\u00fcn Avropada aksiya ke\u00e7irilib - MEYDAN.TV","robots":{"index":"index","follow":"follow","max-snippet":"max-snippet:-1","max-image-preview":"max-image-preview:large","max-video-preview":"max-video-preview:-1"},"canonical":"https:\/\/www.meydan.tv\/az\/article\/resul-ceferovun-azadligi-ucun-avropada-aksiya-kecirilib\/","og_locale":"az_AZ","og_type":"article","og_title":"R\u0259sul C\u0259f\u0259rovun azadl\u0131\u011f\u0131 \u00fc\u00e7\u00fcn Avropada aksiya ke\u00e7irilib - MEYDAN.TV","og_description":"Aksiyan\u0131 Avropada t\u0259hsil alan bir qrup t\u0259l\u0259b\u0259 ke\u00e7irib","og_url":"https:\/\/www.meydan.tv\/az\/article\/resul-ceferovun-azadligi-ucun-avropada-aksiya-kecirilib\/","og_site_name":"MEYDAN.TV","article_published_time":"2015-05-27T17:05:50+00:00","og_image":[{"width":1000,"height":520,"url":"https:\/\/www.meydan.tv\/wp-content\/uploads\/9242.jpg","type":"image\/jpeg"}],"twitter_card":"summary_large_image","schema":{"@context":"https:\/\/schema.org","@graph":[{"@type":"Article","@id":"https:\/\/www.meydan.tv\/az\/article\/resul-ceferovun-azadligi-ucun-avropada-aksiya-kecirilib\/#article","isPartOf":{"@id":"https:\/\/www.meydan.tv\/az\/article\/resul-ceferovun-azadligi-ucun-avropada-aksiya-kecirilib\/"},"author":{"name":"user-manager","@id":"https:\/\/www.meydan.tv\/az\/#\/schema\/person\/10d11eccf6da3662cf5fdab9806ea91a"},"headline":"R\u0259sul C\u0259f\u0259rovun azadl\u0131\u011f\u0131 \u00fc\u00e7\u00fcn Avropada aksiya ke\u00e7irilib","datePublished":"2015-05-27T17:05:50+00:00","mainEntityOfPage":{"@id":"https:\/\/www.meydan.tv\/az\/article\/resul-ceferovun-azadligi-ucun-avropada-aksiya-kecirilib\/"},"wordCount":147,"publisher":{"@id":"https:\/\/www.meydan.tv\/az\/#organization"},"image":{"@id":"https:\/\/www.meydan.tv\/az\/article\/resul-ceferovun-azadligi-ucun-avropada-aksiya-kecirilib\/#primaryimage"},"thumbnailUrl":"https:\/\/www.meydan.tv\/wp-content\/uploads\/9242.jpg","articleSection":["X\u0259b\u0259rl\u0259r"],"inLanguage":"az"},{"@type":"WebPage","@id":"https:\/\/www.meydan.tv\/az\/article\/resul-ceferovun-azadligi-ucun-avropada-aksiya-kecirilib\/","url":"https:\/\/www.meydan.tv\/az\/article\/resul-ceferovun-azadligi-ucun-avropada-aksiya-kecirilib\/","name":"R\u0259sul C\u0259f\u0259rovun azadl\u0131\u011f\u0131 \u00fc\u00e7\u00fcn Avropada aksiya ke\u00e7irilib - MEYDAN.TV","isPartOf":{"@id":"https:\/\/www.meydan.tv\/az\/#website"},"primaryImageOfPage":{"@id":"https:\/\/www.meydan.tv\/az\/article\/resul-ceferovun-azadligi-ucun-avropada-aksiya-kecirilib\/#primaryimage"},"image":{"@id":"https:\/\/www.meydan.tv\/az\/article\/resul-ceferovun-azadligi-ucun-avropada-aksiya-kecirilib\/#primaryimage"},"thumbnailUrl":"https:\/\/www.meydan.tv\/wp-content\/uploads\/9242.jpg","datePublished":"2015-05-27T17:05:50+00:00","breadcrumb":{"@id":"https:\/\/www.meydan.tv\/az\/article\/resul-ceferovun-azadligi-ucun-avropada-aksiya-kecirilib\/#breadcrumb"},"inLanguage":"az","potentialAction":[{"@type":"ReadAction","target":["https:\/\/www.meydan.tv\/az\/article\/resul-ceferovun-azadligi-ucun-avropada-aksiya-kecirilib\/"]}]},{"@type":"ImageObject","inLanguage":"az","@id":"https:\/\/www.meydan.tv\/az\/article\/resul-ceferovun-azadligi-ucun-avropada-aksiya-kecirilib\/#primaryimage","url":"https:\/\/www.meydan.tv\/wp-content\/uploads\/9242.jpg","contentUrl":"https:\/\/www.meydan.tv\/wp-content\/uploads\/9242.jpg","width":1000,"height":520,"caption":"Source:"},{"@type":"BreadcrumbList","@id":"https:\/\/www.meydan.tv\/az\/article\/resul-ceferovun-azadligi-ucun-avropada-aksiya-kecirilib\/#breadcrumb","itemListElement":[{"@type":"ListItem","position":1,"name":"Ana s\u0259hif\u0259","item":"https:\/\/www.meydan.tv\/az\/"},{"@type":"ListItem","position":2,"name":"X\u0259b\u0259rl\u0259r","item":"https:\/\/www.meydan.tv\/az\/section\/xeberler\/"},{"@type":"ListItem","position":3,"name":"R\u0259sul C\u0259f\u0259rovun azadl\u0131\u011f\u0131 \u00fc\u00e7\u00fcn Avropada aksiya ke\u00e7irilib"}]},{"@type":"WebSite","@id":"https:\/\/www.meydan.tv\/az\/#website","url":"https:\/\/www.meydan.tv\/az\/","name":"MEYDAN.TV","description":"Meydan TV Az\u0259rbaycan\u0131n media m\u0259kan\u0131ndak\u0131 alternativ s\u0259sidir","publisher":{"@id":"https:\/\/www.meydan.tv\/az\/#organization"},"potentialAction":[{"@type":"SearchAction","target":{"@type":"EntryPoint","urlTemplate":"https:\/\/www.meydan.tv\/az\/?s={search_term_string}"},"query-input":{"@type":"PropertyValueSpecification","valueRequired":true,"valueName":"search_term_string"}}],"inLanguage":"az"},{"@type":"Organization","@id":"https:\/\/www.meydan.tv\/az\/#organization","name":"Meydan TV","url":"https:\/\/www.meydan.tv\/az\/","logo":{"@type":"ImageObject","inLanguage":"az","@id":"https:\/\/www.meydan.tv\/az\/#\/schema\/logo\/image\/","url":"https:\/\/www.meydan.tv\/wp-content\/uploads\/2021\/07\/meydan-logo.svg","contentUrl":"https:\/\/www.meydan.tv\/wp-content\/uploads\/2021\/07\/meydan-logo.svg","width":195,"height":46,"caption":"Meydan TV"},"image":{"@id":"https:\/\/www.meydan.tv\/az\/#\/schema\/logo\/image\/"}},{"@type":"Person","@id":"https:\/\/www.meydan.tv\/az\/#\/schema\/person\/10d11eccf6da3662cf5fdab9806ea91a","name":"user-manager"}]}},"_links":{"self":[{"href":"https:\/\/www.meydan.tv\/az\/wp-json\/wp\/v2\/posts\/168093","targetHints":{"allow":["GET"]}}],"collection":[{"href":"https:\/\/www.meydan.tv\/az\/wp-json\/wp\/v2\/posts"}],"about":[{"href":"https:\/\/www.meydan.tv\/az\/wp-json\/wp\/v2\/types\/post"}],"author":[{"embeddable":true,"href":"https:\/\/www.meydan.tv\/az\/wp-json\/wp\/v2\/users\/11"}],"replies":[{"embeddable":true,"href":"https:\/\/www.meydan.tv\/az\/wp-json\/wp\/v2\/comments?post=168093"}],"version-history":[{"count":0,"href":"https:\/\/www.meydan.tv\/az\/wp-json\/wp\/v2\/posts\/168093\/revisions"}],"wp:featuredmedia":[{"embeddable":true,"href":"https:\/\/www.meydan.tv\/az\/wp-json\/wp\/v2\/media\/25297"}],"wp:attachment":[{"href":"https:\/\/www.meydan.tv\/az\/wp-json\/wp\/v2\/media?parent=168093"}],"wp:term":[{"taxonomy":"category","embeddable":true,"href":"https:\/\/www.meydan.tv\/az\/wp-json\/wp\/v2\/categories?post=168093"},{"taxonomy":"post_tag","embeddable":true,"href":"https:\/\/www.meydan.tv\/az\/wp-json\/wp\/v2\/tags?post=168093"}],"curies":[{"name":"wp","href":"https:\/\/api.w.org\/{rel}","templated":true}]}}