{"id":168092,"date":"2015-05-27T16:28:56","date_gmt":"2015-05-27T16:28:56","guid":{"rendered":"https:\/\/www.meydan.tv\/article\/vicdan-mehbusu-cumhuriyyet-gunu-munasibeti-ile-xalqi-tebrik-edib\/"},"modified":"2015-05-27T16:28:56","modified_gmt":"2015-05-27T16:28:56","slug":"vicdan-mehbusu-cumhuriyyet-gunu-munasibeti-ile-xalqi-tebrik-edib","status":"publish","type":"post","link":"https:\/\/www.meydan.tv\/az\/article\/vicdan-mehbusu-cumhuriyyet-gunu-munasibeti-ile-xalqi-tebrik-edib\/","title":{"rendered":"Vicdan m\u0259hbusu C\u00fcmhuriyy\u0259t G\u00fcn\u00fc m\u00fcnasib\u0259ti il\u0259 xalq\u0131 t\u0259brik edib"},"content":{"rendered":"<figure class=\"wp-block-image size-large\">\n  <img decoding=\"async\" src=\"https:\/\/www.meydan.tv\/az\/25285\/\" alt=\"\" class=\"wp-image-25285\"\/><figcaption><\/figcaption><\/figure>\n<figure class=\"wp-block-image size-large\">\n  <img decoding=\"async\" src=\"https:\/\/www.meydan.tv\/az\/25285\/\" alt=\"\" class=\"wp-image-25285\"\/><figcaption><\/figcaption><\/figure>\n<p>\n  <i><br \/>\n    Anar M\u0259mm\u0259dli: \u201cAXC \u015e\u0259rqd\u0259 ilk d\u0259f\u0259\u00a0qad\u0131nlar\u0131n se\u00e7ki h\u00fcququnu tan\u0131maqla azad v\u0259 \u0259dal\u0259tli se\u00e7kiy\u0259 olan inam\u0131m\u0131z\u0131 formala\u015fd\u0131rd\u0131\u201d<br \/>\n  <\/i>\n<\/p>\n<p>\n  Vicdan m\u0259hbusu Anar M\u0259mm\u0259dli C\u00fcmhuriyy\u0259t G\u00fcn\u00fc m\u00fcnasib\u0259ti il\u0259 Az\u0259rbaycan xalq\u0131n\u0131 t\u0259brik edib.<\/p>\n<p>  T\u0259brikd\u0259 deyilir:\n<\/p>\n<p>\n  \u201c\u018fziz h\u0259mv\u0259t\u0259nl\u0259r!\n<\/p>\n<p>\n  1918-ci ild\u0259 qurulmu\u015f Az\u0259rbaycan Xalq C\u00fcmhuriyy\u0259t \u015f\u0259rqd\u0259 demokratik idar\u0259etm\u0259nin \u0259sas\u0131n\u0131 qoydu. \u0130slahatlara a\u00e7\u0131q Nazirl\u0259r Kabineti, t\u0259msil\u00e7ilik \u0259sas\u0131nda qurulmu\u015f Parlament bizim ger\u00e7\u0259k idar\u0259etm\u0259 bax\u0131\u015flar\u0131m\u0131z\u0131 ortaya qoydu.\n<\/p>\n<p>\n  \u015e\u0259rqd\u0259 ilk d\u0259f\u0259\u00a0qad\u0131nlar\u0131n se\u00e7ki h\u00fcququnu tan\u0131maqla azad v\u0259 \u0259dal\u0259tli se\u00e7kiy\u0259 olan inam\u0131m\u0131z\u0131 formala\u015fd\u0131rd\u0131. Biz vicdan m\u0259hbuslar\u0131 h\u0259bsd\u0259 olsaq da, h\u0259r birimiz i\u00e7imizd\u0259 bu ideyalar\u0131 ya\u015fad\u0131r\u0131q v\u0259 bu b\u0259\u015f\u0259ri d\u0259y\u0259rl\u0259r\u0259 inan\u0131r\u0131q. \u0130nan\u0131r\u0131q ki, biz azadl\u0131qda olmasaq da, b\u0259\u015f\u0259ri d\u0259y\u0259rl\u0259r\u0259 sadiq olan Sizl\u0259r\n<\/p>\n<p>\n  Az\u0259rbaycanda demokratik idar\u0259etmenin qurulmas\u0131 \u00fc\u00e7\u00fcn s\u0259yl\u0259rinizi davam etdir\u0259c\u0259ksiniz.\n<\/p>\n<p>\n  H\u0259r biriniz\u0259 bu m\u00fcq\u0259dd\u0259s i\u015fd\u0259 u\u011furlar arzulayaraq bayram\u0131n\u0131z\u0131 t\u0259brik edir\u0259m\u201d.\n<\/p>\n<p>\n  Anar M\u0259mm\u0259dli 2013-c\u00fc ilin dekabr ay\u0131n\u0131n 16-da h\u0259bs olunub. Ba\u015f Prokurorluq Anar M\u0259mm\u0259dlinin s\u0259dri oldu\u011fu Se\u00e7kil\u0259rin Monitorinqi v\u0259 Demokratiyan\u0131n T\u0259drisi M\u0259rk\u0259zinin\u0259 h\u0259min ilin oktyabr ay\u0131n\u0131n 29-da cinay\u0259t i\u015fi a\u00e7\u0131b. \u0130lkin ittiham qanunsuz sahibkarl\u0131q f\u0259aliyy\u0259ti il\u0259 m\u0259\u015f\u011ful olmaq idi. Daha sonra Anar M\u0259mm\u0259dli vergid\u0259n yay\u0131nma v\u0259 v\u0259zif\u0259 s\u0259lahiyy\u0259tl\u0259rind\u0259n sui-istifad\u0259 ed\u0259r\u0259k se\u00e7ki v\u0259 referendumun n\u0259tic\u0259l\u0259rini saxtala\u015fd\u0131rmaqda da su\u00e7lan\u0131b. Bak\u0131 A\u011f\u0131r Cinay\u0259tl\u0259r M\u0259hk\u0259m\u0259si Anar M\u0259mm\u0259dlini 5 il 6 ay m\u00fcdd\u0259tin\u0259 azadl\u0131qdan m\u0259hrum edib, Bak\u0131 Apellyasiya M\u0259hk\u0259m\u0259si h\u0259min h\u00f6km\u00fc q\u00fcvv\u0259d\u0259 saxlay\u0131b.\n<\/p>\n<p>\n  Yerli v\u0259 beyn\u0259lxalq qurumlar Anar M\u0259mm\u0259dlinin h\u0259bsini siyasi say\u0131r, onu d\u0259rhal azad etm\u0259y\u0259 \u00e7a\u011f\u0131r\u0131r.<\/p>\n","protected":false},"excerpt":{"rendered":"<p>Anar M\u0259mm\u0259dli: \u201cAXC \u015e\u0259rqd\u0259 ilk d\u0259f\u0259 qad\u0131nlar\u0131n se\u00e7ki h\u00fcququnu tan\u0131maqla azad v\u0259 \u0259dal\u0259tli se\u00e7kiy\u0259 olan inam\u0131m\u0131z\u0131 formala\u015fd\u0131rd\u0131\u201d<\/p>\n","protected":false},"author":11,"featured_media":25285,"comment_status":"closed","ping_status":"open","sticky":false,"template":"","format":"standard","meta":{"_acf_changed":false,"_sitemap_exclude":false,"_sitemap_priority":"","_sitemap_frequency":"","footnotes":""},"categories":[56],"tags":[],"class_list":["post-168092","post","type-post","status-publish","format-standard","has-post-thumbnail","hentry","category-xeberler","infinite-scroll-item","generate-columns","tablet-grid-50","mobile-grid-100","grid-parent","grid-33","no-featured-image-padding"],"acf":[],"yoast_head":"<!-- This site is optimized with the Yoast SEO plugin v28.4 - https:\/\/yoast.com\/product\/yoast-seo-wordpress\/ -->\n<title>Vicdan m\u0259hbusu C\u00fcmhuriyy\u0259t G\u00fcn\u00fc m\u00fcnasib\u0259ti il\u0259 xalq\u0131 t\u0259brik edib - MEYDAN.TV<\/title>\n<meta name=\"robots\" content=\"index, follow, max-snippet:-1, max-image-preview:large, max-video-preview:-1\" \/>\n<link rel=\"canonical\" href=\"https:\/\/www.meydan.tv\/az\/article\/vicdan-mehbusu-cumhuriyyet-gunu-munasibeti-ile-xalqi-tebrik-edib\/\" \/>\n<meta property=\"og:locale\" content=\"az_AZ\" \/>\n<meta property=\"og:type\" content=\"article\" \/>\n<meta property=\"og:title\" content=\"Vicdan m\u0259hbusu C\u00fcmhuriyy\u0259t G\u00fcn\u00fc m\u00fcnasib\u0259ti il\u0259 xalq\u0131 t\u0259brik edib - MEYDAN.TV\" \/>\n<meta property=\"og:description\" content=\"Anar M\u0259mm\u0259dli: \u201cAXC \u015e\u0259rqd\u0259 ilk d\u0259f\u0259 qad\u0131nlar\u0131n se\u00e7ki h\u00fcququnu tan\u0131maqla azad v\u0259 \u0259dal\u0259tli se\u00e7kiy\u0259 olan inam\u0131m\u0131z\u0131 formala\u015fd\u0131rd\u0131\u201d\" \/>\n<meta property=\"og:url\" content=\"https:\/\/www.meydan.tv\/az\/article\/vicdan-mehbusu-cumhuriyyet-gunu-munasibeti-ile-xalqi-tebrik-edib\/\" \/>\n<meta property=\"og:site_name\" content=\"MEYDAN.TV\" \/>\n<meta property=\"article:published_time\" content=\"2015-05-27T16:28:56+00:00\" \/>\n<meta property=\"og:image\" content=\"https:\/\/www.meydan.tv\/wp-content\/uploads\/9240.jpg\" \/>\n\t<meta property=\"og:image:width\" content=\"368\" \/>\n\t<meta property=\"og:image:height\" content=\"250\" \/>\n\t<meta property=\"og:image:type\" content=\"image\/jpeg\" \/>\n<meta name=\"twitter:card\" content=\"summary_large_image\" \/>\n<!-- \/ Yoast SEO plugin. -->","yoast_head_json":{"title":"Vicdan m\u0259hbusu C\u00fcmhuriyy\u0259t G\u00fcn\u00fc m\u00fcnasib\u0259ti il\u0259 xalq\u0131 t\u0259brik edib - MEYDAN.TV","robots":{"index":"index","follow":"follow","max-snippet":"max-snippet:-1","max-image-preview":"max-image-preview:large","max-video-preview":"max-video-preview:-1"},"canonical":"https:\/\/www.meydan.tv\/az\/article\/vicdan-mehbusu-cumhuriyyet-gunu-munasibeti-ile-xalqi-tebrik-edib\/","og_locale":"az_AZ","og_type":"article","og_title":"Vicdan m\u0259hbusu C\u00fcmhuriyy\u0259t G\u00fcn\u00fc m\u00fcnasib\u0259ti il\u0259 xalq\u0131 t\u0259brik edib - MEYDAN.TV","og_description":"Anar M\u0259mm\u0259dli: \u201cAXC \u015e\u0259rqd\u0259 ilk d\u0259f\u0259 qad\u0131nlar\u0131n se\u00e7ki h\u00fcququnu tan\u0131maqla azad v\u0259 \u0259dal\u0259tli se\u00e7kiy\u0259 olan inam\u0131m\u0131z\u0131 formala\u015fd\u0131rd\u0131\u201d","og_url":"https:\/\/www.meydan.tv\/az\/article\/vicdan-mehbusu-cumhuriyyet-gunu-munasibeti-ile-xalqi-tebrik-edib\/","og_site_name":"MEYDAN.TV","article_published_time":"2015-05-27T16:28:56+00:00","og_image":[{"width":368,"height":250,"url":"https:\/\/www.meydan.tv\/wp-content\/uploads\/9240.jpg","type":"image\/jpeg"}],"twitter_card":"summary_large_image","schema":{"@context":"https:\/\/schema.org","@graph":[{"@type":"Article","@id":"https:\/\/www.meydan.tv\/az\/article\/vicdan-mehbusu-cumhuriyyet-gunu-munasibeti-ile-xalqi-tebrik-edib\/#article","isPartOf":{"@id":"https:\/\/www.meydan.tv\/az\/article\/vicdan-mehbusu-cumhuriyyet-gunu-munasibeti-ile-xalqi-tebrik-edib\/"},"author":{"name":"user-manager","@id":"https:\/\/www.meydan.tv\/az\/#\/schema\/person\/10d11eccf6da3662cf5fdab9806ea91a"},"headline":"Vicdan m\u0259hbusu C\u00fcmhuriyy\u0259t G\u00fcn\u00fc m\u00fcnasib\u0259ti il\u0259 xalq\u0131 t\u0259brik edib","datePublished":"2015-05-27T16:28:56+00:00","mainEntityOfPage":{"@id":"https:\/\/www.meydan.tv\/az\/article\/vicdan-mehbusu-cumhuriyyet-gunu-munasibeti-ile-xalqi-tebrik-edib\/"},"wordCount":391,"publisher":{"@id":"https:\/\/www.meydan.tv\/az\/#organization"},"image":{"@id":"https:\/\/www.meydan.tv\/az\/article\/vicdan-mehbusu-cumhuriyyet-gunu-munasibeti-ile-xalqi-tebrik-edib\/#primaryimage"},"thumbnailUrl":"https:\/\/www.meydan.tv\/wp-content\/uploads\/9240.jpg","articleSection":["X\u0259b\u0259rl\u0259r"],"inLanguage":"az"},{"@type":"WebPage","@id":"https:\/\/www.meydan.tv\/az\/article\/vicdan-mehbusu-cumhuriyyet-gunu-munasibeti-ile-xalqi-tebrik-edib\/","url":"https:\/\/www.meydan.tv\/az\/article\/vicdan-mehbusu-cumhuriyyet-gunu-munasibeti-ile-xalqi-tebrik-edib\/","name":"Vicdan m\u0259hbusu C\u00fcmhuriyy\u0259t G\u00fcn\u00fc m\u00fcnasib\u0259ti il\u0259 xalq\u0131 t\u0259brik edib - MEYDAN.TV","isPartOf":{"@id":"https:\/\/www.meydan.tv\/az\/#website"},"primaryImageOfPage":{"@id":"https:\/\/www.meydan.tv\/az\/article\/vicdan-mehbusu-cumhuriyyet-gunu-munasibeti-ile-xalqi-tebrik-edib\/#primaryimage"},"image":{"@id":"https:\/\/www.meydan.tv\/az\/article\/vicdan-mehbusu-cumhuriyyet-gunu-munasibeti-ile-xalqi-tebrik-edib\/#primaryimage"},"thumbnailUrl":"https:\/\/www.meydan.tv\/wp-content\/uploads\/9240.jpg","datePublished":"2015-05-27T16:28:56+00:00","breadcrumb":{"@id":"https:\/\/www.meydan.tv\/az\/article\/vicdan-mehbusu-cumhuriyyet-gunu-munasibeti-ile-xalqi-tebrik-edib\/#breadcrumb"},"inLanguage":"az","potentialAction":[{"@type":"ReadAction","target":["https:\/\/www.meydan.tv\/az\/article\/vicdan-mehbusu-cumhuriyyet-gunu-munasibeti-ile-xalqi-tebrik-edib\/"]}]},{"@type":"ImageObject","inLanguage":"az","@id":"https:\/\/www.meydan.tv\/az\/article\/vicdan-mehbusu-cumhuriyyet-gunu-munasibeti-ile-xalqi-tebrik-edib\/#primaryimage","url":"https:\/\/www.meydan.tv\/wp-content\/uploads\/9240.jpg","contentUrl":"https:\/\/www.meydan.tv\/wp-content\/uploads\/9240.jpg","width":368,"height":250,"caption":"Source:"},{"@type":"BreadcrumbList","@id":"https:\/\/www.meydan.tv\/az\/article\/vicdan-mehbusu-cumhuriyyet-gunu-munasibeti-ile-xalqi-tebrik-edib\/#breadcrumb","itemListElement":[{"@type":"ListItem","position":1,"name":"Ana s\u0259hif\u0259","item":"https:\/\/www.meydan.tv\/az\/"},{"@type":"ListItem","position":2,"name":"X\u0259b\u0259rl\u0259r","item":"https:\/\/www.meydan.tv\/az\/section\/xeberler\/"},{"@type":"ListItem","position":3,"name":"Vicdan m\u0259hbusu C\u00fcmhuriyy\u0259t G\u00fcn\u00fc m\u00fcnasib\u0259ti il\u0259 xalq\u0131 t\u0259brik edib"}]},{"@type":"WebSite","@id":"https:\/\/www.meydan.tv\/az\/#website","url":"https:\/\/www.meydan.tv\/az\/","name":"MEYDAN.TV","description":"Meydan TV Az\u0259rbaycan\u0131n media m\u0259kan\u0131ndak\u0131 alternativ s\u0259sidir","publisher":{"@id":"https:\/\/www.meydan.tv\/az\/#organization"},"potentialAction":[{"@type":"SearchAction","target":{"@type":"EntryPoint","urlTemplate":"https:\/\/www.meydan.tv\/az\/?s={search_term_string}"},"query-input":{"@type":"PropertyValueSpecification","valueRequired":true,"valueName":"search_term_string"}}],"inLanguage":"az"},{"@type":"Organization","@id":"https:\/\/www.meydan.tv\/az\/#organization","name":"Meydan TV","url":"https:\/\/www.meydan.tv\/az\/","logo":{"@type":"ImageObject","inLanguage":"az","@id":"https:\/\/www.meydan.tv\/az\/#\/schema\/logo\/image\/","url":"https:\/\/www.meydan.tv\/wp-content\/uploads\/2021\/07\/meydan-logo.svg","contentUrl":"https:\/\/www.meydan.tv\/wp-content\/uploads\/2021\/07\/meydan-logo.svg","width":195,"height":46,"caption":"Meydan TV"},"image":{"@id":"https:\/\/www.meydan.tv\/az\/#\/schema\/logo\/image\/"}},{"@type":"Person","@id":"https:\/\/www.meydan.tv\/az\/#\/schema\/person\/10d11eccf6da3662cf5fdab9806ea91a","name":"user-manager"}]}},"_links":{"self":[{"href":"https:\/\/www.meydan.tv\/az\/wp-json\/wp\/v2\/posts\/168092","targetHints":{"allow":["GET"]}}],"collection":[{"href":"https:\/\/www.meydan.tv\/az\/wp-json\/wp\/v2\/posts"}],"about":[{"href":"https:\/\/www.meydan.tv\/az\/wp-json\/wp\/v2\/types\/post"}],"author":[{"embeddable":true,"href":"https:\/\/www.meydan.tv\/az\/wp-json\/wp\/v2\/users\/11"}],"replies":[{"embeddable":true,"href":"https:\/\/www.meydan.tv\/az\/wp-json\/wp\/v2\/comments?post=168092"}],"version-history":[{"count":0,"href":"https:\/\/www.meydan.tv\/az\/wp-json\/wp\/v2\/posts\/168092\/revisions"}],"wp:featuredmedia":[{"embeddable":true,"href":"https:\/\/www.meydan.tv\/az\/wp-json\/wp\/v2\/media\/25285"}],"wp:attachment":[{"href":"https:\/\/www.meydan.tv\/az\/wp-json\/wp\/v2\/media?parent=168092"}],"wp:term":[{"taxonomy":"category","embeddable":true,"href":"https:\/\/www.meydan.tv\/az\/wp-json\/wp\/v2\/categories?post=168092"},{"taxonomy":"post_tag","embeddable":true,"href":"https:\/\/www.meydan.tv\/az\/wp-json\/wp\/v2\/tags?post=168092"}],"curies":[{"name":"wp","href":"https:\/\/api.w.org\/{rel}","templated":true}]}}