{"id":168091,"date":"2015-05-27T16:21:30","date_gmt":"2015-05-27T16:21:30","guid":{"rendered":"https:\/\/www.meydan.tv\/article\/efv-fermani-olmayacaq\/"},"modified":"2015-05-27T16:21:30","modified_gmt":"2015-05-27T16:21:30","slug":"efv-fermani-olmayacaq","status":"publish","type":"post","link":"https:\/\/www.meydan.tv\/az\/article\/efv-fermani-olmayacaq\/","title":{"rendered":"\u018ffv f\u0259rman\u0131 olmayacaq"},"content":{"rendered":"<figure class=\"wp-block-image size-large\">\n  <img decoding=\"async\" src=\"https:\/\/www.meydan.tv\/az\/25267\/\" alt=\"\" class=\"wp-image-25267\"\/><figcaption><\/figcaption><\/figure>\n<figure class=\"wp-block-image size-large\">\n  <img decoding=\"async\" src=\"https:\/\/www.meydan.tv\/az\/25267\/\" alt=\"\" class=\"wp-image-25267\"\/><figcaption><\/figcaption><\/figure>\n<p>\n  <i><br \/>\n    \u201cBu g\u00fcnl\u0259rd\u0259 \u0259fv s\u0259r\u0259ncam\u0131n\u0131n imzalanaca\u011f\u0131n\u0131 g\u00f6zl\u0259mir\u0259m. Amma \u0259fv s\u0259r\u0259ncam\u0131 h\u0259r zaman ola bil\u0259r&#8221;<br \/>\n  <\/i>\n<\/p>\n<p>\n  &#8220;28 May \u2013 Respublika G\u00fcn\u00fc il\u0259 ba\u011fl\u0131 \u0259fv f\u0259rman\u0131 verilm\u0259y\u0259c\u0259k&#8221;. Bunu<br \/>\n  <b><br \/>\n    Modern.az<br \/>\n  <\/b><br \/>\n  sayt\u0131na Prezident yan\u0131nda \u018ffv M\u0259s\u0259l\u0259l\u0259ri Komissiyas\u0131n\u0131n \u00fczv\u00fc, xaql \u015fairi Z\u0259limxan Yaqub deyib.\n<\/p>\n<p>\n  \u201c\u018ffv f\u0259rman\u0131n\u0131n verilm\u0259si n\u0259 vaxt g\u00f6zl\u0259nilir\u201d sual\u0131na Z\u0259limxan Yaqub bel\u0259 cavab verib: \u201cBu bar\u0259d\u0259 m\u0259nd\u0259 m\u0259lumat yoxdur v\u0259 n\u00f6vb\u0259ti \u0259fvin n\u0259 zaman ba\u015f tutaca\u011f\u0131 da bilinmir\u201d.\n<\/p>\n<p>\n  \u018ffv Komissiyas\u0131n\u0131n dig\u0259r \u00fczvl\u0259ri bundan \u0259vv\u0259l 28 May \u2013 Respublika G\u00fcn\u00fc il\u0259 ba\u011fl\u0131 \u0259fv f\u0259rman\u0131n\u0131n imzalanaca\u011f\u0131n\u0131 istisna etmirdil\u0259r.\n<\/p>\n<p>\n  \u201cBu g\u00fcnl\u0259rd\u0259 \u0259fv f\u0259rman\u0131n\u0131n imzalanaca\u011f\u0131n\u0131 g\u00f6zl\u0259mir\u0259m. Amma \u0259fv s\u0259r\u0259ncam\u0131 h\u0259r zaman ola bil\u0259r\u201d.\n<\/p>\n<p>\n  Bu s\u00f6zl\u0259ri<br \/>\n  <b><br \/>\n    Modern.az<br \/>\n  <\/b><br \/>\n  \u00a0sayt\u0131na \u0130nsan H\u00fcquqlar\u0131 \u00fczr\u0259 Birg\u0259 \u0130\u015f\u00e7i Qrupun \u00fczv\u00fc, h\u00fcquq m\u00fcdafi\u0259\u00e7isi\u00a0S\u0259ad\u0259t\u00a0B\u0259n\u0259nyarl\u0131 deyib.\n<\/p>\n<p>\n  \u201c28 May- Respublika G\u00fcn\u00fcn \u0259fv f\u0259rman\u0131 imzalanmasa, b\u0259s n\u0259 vaxt verilm\u0259si g\u00f6zl\u0259nilir\u201d sual\u0131na cavab\u0131nda S\u0259ad\u0259t B\u0259n\u0259nyarl\u0131 bildirib ki, ist\u0259nil\u0259n vaxt \u0259fv f\u0259rman\u0131 imzalana bil\u0259r: \u201c\u018ffv iyun ay\u0131nda da veril\u0259 bil\u0259r.\n<\/p>\n<p>\n  Biz bilirik ki, \u018ffv M\u0259s\u0259l\u0259l\u0259ri Komissiyas\u0131nda m\u00fct\u0259madi i\u015fl\u0259r gedir. M\u0259nc\u0259, yax\u0131n g\u00fcnl\u0259rd\u0259 \u0259fv f\u0259rman\u0131n\u0131n verilm\u0259si \u00fc\u00e7\u00fcn haz\u0131rl\u0131qlar h\u0259l\u0259 ba\u015fa \u00e7atmay\u0131b. Bu haqda h\u0259m d\u0259 siyasi q\u0259rar olmal\u0131d\u0131r. H\u0259r \u015fey \u00f6lk\u0259 r\u0259hb\u0259rind\u0259n as\u0131l\u0131d\u0131r. \u018ffvin verilm\u0259sini biz d\u0259 \u00e7ox ist\u0259yirik v\u0259 g\u00f6zl\u0259yirik\u201d.<\/p>\n","protected":false},"excerpt":{"rendered":"<p>\u201cBu g\u00fcnl\u0259rd\u0259 \u0259fv s\u0259r\u0259ncam\u0131n\u0131n imzalanaca\u011f\u0131n\u0131 g\u00f6zl\u0259mir\u0259m. Amma \u0259fv s\u0259r\u0259ncam\u0131 h\u0259r zaman ola bil\u0259r&#8221;<\/p>\n","protected":false},"author":11,"featured_media":25267,"comment_status":"closed","ping_status":"open","sticky":false,"template":"","format":"standard","meta":{"_acf_changed":false,"_sitemap_exclude":false,"_sitemap_priority":"","_sitemap_frequency":"","footnotes":""},"categories":[56],"tags":[],"class_list":["post-168091","post","type-post","status-publish","format-standard","has-post-thumbnail","hentry","category-xeberler","infinite-scroll-item","generate-columns","tablet-grid-50","mobile-grid-100","grid-parent","grid-33","no-featured-image-padding"],"acf":[],"yoast_head":"<!-- This site is optimized with the Yoast SEO plugin v28.4 - https:\/\/yoast.com\/product\/yoast-seo-wordpress\/ -->\n<title>\u018ffv f\u0259rman\u0131 olmayacaq - MEYDAN.TV<\/title>\n<meta name=\"robots\" content=\"index, follow, max-snippet:-1, max-image-preview:large, max-video-preview:-1\" \/>\n<link rel=\"canonical\" href=\"https:\/\/www.meydan.tv\/az\/article\/efv-fermani-olmayacaq\/\" \/>\n<meta property=\"og:locale\" content=\"az_AZ\" \/>\n<meta property=\"og:type\" content=\"article\" \/>\n<meta property=\"og:title\" content=\"\u018ffv f\u0259rman\u0131 olmayacaq - MEYDAN.TV\" \/>\n<meta property=\"og:description\" content=\"\u201cBu g\u00fcnl\u0259rd\u0259 \u0259fv s\u0259r\u0259ncam\u0131n\u0131n imzalanaca\u011f\u0131n\u0131 g\u00f6zl\u0259mir\u0259m. Amma \u0259fv s\u0259r\u0259ncam\u0131 h\u0259r zaman ola bil\u0259r&quot;\" \/>\n<meta property=\"og:url\" content=\"https:\/\/www.meydan.tv\/az\/article\/efv-fermani-olmayacaq\/\" \/>\n<meta property=\"og:site_name\" content=\"MEYDAN.TV\" \/>\n<meta property=\"article:published_time\" content=\"2015-05-27T16:21:30+00:00\" \/>\n<meta property=\"og:image\" content=\"https:\/\/www.meydan.tv\/wp-content\/uploads\/9239.jpg\" \/>\n\t<meta property=\"og:image:width\" content=\"400\" \/>\n\t<meta property=\"og:image:height\" content=\"279\" \/>\n\t<meta property=\"og:image:type\" content=\"image\/jpeg\" \/>\n<meta name=\"twitter:card\" content=\"summary_large_image\" \/>\n<!-- \/ Yoast SEO plugin. -->","yoast_head_json":{"title":"\u018ffv f\u0259rman\u0131 olmayacaq - MEYDAN.TV","robots":{"index":"index","follow":"follow","max-snippet":"max-snippet:-1","max-image-preview":"max-image-preview:large","max-video-preview":"max-video-preview:-1"},"canonical":"https:\/\/www.meydan.tv\/az\/article\/efv-fermani-olmayacaq\/","og_locale":"az_AZ","og_type":"article","og_title":"\u018ffv f\u0259rman\u0131 olmayacaq - MEYDAN.TV","og_description":"\u201cBu g\u00fcnl\u0259rd\u0259 \u0259fv s\u0259r\u0259ncam\u0131n\u0131n imzalanaca\u011f\u0131n\u0131 g\u00f6zl\u0259mir\u0259m. Amma \u0259fv s\u0259r\u0259ncam\u0131 h\u0259r zaman ola bil\u0259r\"","og_url":"https:\/\/www.meydan.tv\/az\/article\/efv-fermani-olmayacaq\/","og_site_name":"MEYDAN.TV","article_published_time":"2015-05-27T16:21:30+00:00","og_image":[{"width":400,"height":279,"url":"https:\/\/www.meydan.tv\/wp-content\/uploads\/9239.jpg","type":"image\/jpeg"}],"twitter_card":"summary_large_image","schema":{"@context":"https:\/\/schema.org","@graph":[{"@type":"Article","@id":"https:\/\/www.meydan.tv\/az\/article\/efv-fermani-olmayacaq\/#article","isPartOf":{"@id":"https:\/\/www.meydan.tv\/az\/article\/efv-fermani-olmayacaq\/"},"author":{"name":"user-manager","@id":"https:\/\/www.meydan.tv\/az\/#\/schema\/person\/10d11eccf6da3662cf5fdab9806ea91a"},"headline":"\u018ffv f\u0259rman\u0131 olmayacaq","datePublished":"2015-05-27T16:21:30+00:00","mainEntityOfPage":{"@id":"https:\/\/www.meydan.tv\/az\/article\/efv-fermani-olmayacaq\/"},"wordCount":315,"publisher":{"@id":"https:\/\/www.meydan.tv\/az\/#organization"},"image":{"@id":"https:\/\/www.meydan.tv\/az\/article\/efv-fermani-olmayacaq\/#primaryimage"},"thumbnailUrl":"https:\/\/www.meydan.tv\/wp-content\/uploads\/9239.jpg","articleSection":["X\u0259b\u0259rl\u0259r"],"inLanguage":"az"},{"@type":"WebPage","@id":"https:\/\/www.meydan.tv\/az\/article\/efv-fermani-olmayacaq\/","url":"https:\/\/www.meydan.tv\/az\/article\/efv-fermani-olmayacaq\/","name":"\u018ffv f\u0259rman\u0131 olmayacaq - MEYDAN.TV","isPartOf":{"@id":"https:\/\/www.meydan.tv\/az\/#website"},"primaryImageOfPage":{"@id":"https:\/\/www.meydan.tv\/az\/article\/efv-fermani-olmayacaq\/#primaryimage"},"image":{"@id":"https:\/\/www.meydan.tv\/az\/article\/efv-fermani-olmayacaq\/#primaryimage"},"thumbnailUrl":"https:\/\/www.meydan.tv\/wp-content\/uploads\/9239.jpg","datePublished":"2015-05-27T16:21:30+00:00","breadcrumb":{"@id":"https:\/\/www.meydan.tv\/az\/article\/efv-fermani-olmayacaq\/#breadcrumb"},"inLanguage":"az","potentialAction":[{"@type":"ReadAction","target":["https:\/\/www.meydan.tv\/az\/article\/efv-fermani-olmayacaq\/"]}]},{"@type":"ImageObject","inLanguage":"az","@id":"https:\/\/www.meydan.tv\/az\/article\/efv-fermani-olmayacaq\/#primaryimage","url":"https:\/\/www.meydan.tv\/wp-content\/uploads\/9239.jpg","contentUrl":"https:\/\/www.meydan.tv\/wp-content\/uploads\/9239.jpg","width":400,"height":279,"caption":"Source:"},{"@type":"BreadcrumbList","@id":"https:\/\/www.meydan.tv\/az\/article\/efv-fermani-olmayacaq\/#breadcrumb","itemListElement":[{"@type":"ListItem","position":1,"name":"Ana s\u0259hif\u0259","item":"https:\/\/www.meydan.tv\/az\/"},{"@type":"ListItem","position":2,"name":"X\u0259b\u0259rl\u0259r","item":"https:\/\/www.meydan.tv\/az\/section\/xeberler\/"},{"@type":"ListItem","position":3,"name":"\u018ffv f\u0259rman\u0131 olmayacaq"}]},{"@type":"WebSite","@id":"https:\/\/www.meydan.tv\/az\/#website","url":"https:\/\/www.meydan.tv\/az\/","name":"MEYDAN.TV","description":"Meydan TV Az\u0259rbaycan\u0131n media m\u0259kan\u0131ndak\u0131 alternativ s\u0259sidir","publisher":{"@id":"https:\/\/www.meydan.tv\/az\/#organization"},"potentialAction":[{"@type":"SearchAction","target":{"@type":"EntryPoint","urlTemplate":"https:\/\/www.meydan.tv\/az\/?s={search_term_string}"},"query-input":{"@type":"PropertyValueSpecification","valueRequired":true,"valueName":"search_term_string"}}],"inLanguage":"az"},{"@type":"Organization","@id":"https:\/\/www.meydan.tv\/az\/#organization","name":"Meydan TV","url":"https:\/\/www.meydan.tv\/az\/","logo":{"@type":"ImageObject","inLanguage":"az","@id":"https:\/\/www.meydan.tv\/az\/#\/schema\/logo\/image\/","url":"https:\/\/www.meydan.tv\/wp-content\/uploads\/2021\/07\/meydan-logo.svg","contentUrl":"https:\/\/www.meydan.tv\/wp-content\/uploads\/2021\/07\/meydan-logo.svg","width":195,"height":46,"caption":"Meydan TV"},"image":{"@id":"https:\/\/www.meydan.tv\/az\/#\/schema\/logo\/image\/"}},{"@type":"Person","@id":"https:\/\/www.meydan.tv\/az\/#\/schema\/person\/10d11eccf6da3662cf5fdab9806ea91a","name":"user-manager"}]}},"_links":{"self":[{"href":"https:\/\/www.meydan.tv\/az\/wp-json\/wp\/v2\/posts\/168091","targetHints":{"allow":["GET"]}}],"collection":[{"href":"https:\/\/www.meydan.tv\/az\/wp-json\/wp\/v2\/posts"}],"about":[{"href":"https:\/\/www.meydan.tv\/az\/wp-json\/wp\/v2\/types\/post"}],"author":[{"embeddable":true,"href":"https:\/\/www.meydan.tv\/az\/wp-json\/wp\/v2\/users\/11"}],"replies":[{"embeddable":true,"href":"https:\/\/www.meydan.tv\/az\/wp-json\/wp\/v2\/comments?post=168091"}],"version-history":[{"count":0,"href":"https:\/\/www.meydan.tv\/az\/wp-json\/wp\/v2\/posts\/168091\/revisions"}],"wp:featuredmedia":[{"embeddable":true,"href":"https:\/\/www.meydan.tv\/az\/wp-json\/wp\/v2\/media\/25267"}],"wp:attachment":[{"href":"https:\/\/www.meydan.tv\/az\/wp-json\/wp\/v2\/media?parent=168091"}],"wp:term":[{"taxonomy":"category","embeddable":true,"href":"https:\/\/www.meydan.tv\/az\/wp-json\/wp\/v2\/categories?post=168091"},{"taxonomy":"post_tag","embeddable":true,"href":"https:\/\/www.meydan.tv\/az\/wp-json\/wp\/v2\/tags?post=168091"}],"curies":[{"name":"wp","href":"https:\/\/api.w.org\/{rel}","templated":true}]}}