{"id":168090,"date":"2015-05-27T15:39:33","date_gmt":"2015-05-27T15:39:33","guid":{"rendered":"https:\/\/www.meydan.tv\/article\/musavat-hebs-olunan-is-adamlarini-mudafie-beyanati-yaydi\/"},"modified":"2015-05-27T15:39:33","modified_gmt":"2015-05-27T15:39:33","slug":"musavat-hebs-olunan-is-adamlarini-mudafie-beyanati-yaydi","status":"publish","type":"post","link":"https:\/\/www.meydan.tv\/az\/article\/musavat-hebs-olunan-is-adamlarini-mudafie-beyanati-yaydi\/","title":{"rendered":"M\u00fcsavat h\u0259bs olunan i\u015f adamlar\u0131n\u0131 m\u00fcdafi\u0259 b\u0259yanat\u0131 yayd\u0131"},"content":{"rendered":"<figure class=\"wp-block-image size-large\">\n  <img decoding=\"async\" src=\"https:\/\/www.meydan.tv\/az\/25269\/\" alt=\"\" class=\"wp-image-25269\"\/><figcaption><\/figcaption><\/figure>\n<figure class=\"wp-block-image size-large\">\n  <img decoding=\"async\" src=\"https:\/\/www.meydan.tv\/az\/25269\/\" alt=\"\" class=\"wp-image-25269\"\/><figcaption><\/figcaption><\/figure>\n<p>\n  <i><br \/>\n    &#8220;\u0130\u015fg\u0259nc\u0259 faktlar\u0131 t\u0259cili ara\u015fd\u0131r\u0131lmal\u0131d\u0131r&#8221;<br \/>\n  <\/i>\n<\/p>\n<p><div>\n    &#8220;Son vaxtlar h\u0259bs olunan i\u015f adamlar\u0131na v\u0259 dig\u0259r \u015f\u0259xsl\u0259r\u0259 saxland\u0131qlar\u0131 t\u0259cridxanalarda i\u015fg\u0259nc\u0259 verilm\u0259si bar\u0259d\u0259 m\u0259lumatlar yay\u0131l\u0131r.\n  <\/div>\n<\/p>\n<p><div>\n    H\u0259bs olunanlardan birinin bu bar\u0259d\u0259 Respubl\u0131ka Prokurorlu\u011funa m\u00fcraci\u0259t etdiyi d\u0259 bildirilir.\n  <\/div>\n<\/p>\n<p><div><\/div>\n<\/p>\n<p><div>\n    T\u00f6r\u0259tdiyi h\u0259r hans\u0131 \u0259m\u0259l\u0259 g\u00f6r\u0259 t\u0259qsirl\u0259ndiril\u0259n \u015f\u0259xsl\u0259rin keyfiyy\u0259tli m\u00fcdafi\u0259, insani \u015f\u0259raitd\u0259 saxlanma h\u00fcququ vard\u0131r. \u0130stintaq alt\u0131nda olan t\u0259qsirl\u0259ndiril\u0259n \u015f\u0259xs\u0259l\u0259rin i\u015fg\u0259nc\u0259y\u0259 m\u0259ruz qalmas\u0131 n\u0259inki yolverilm\u0259zdir, h\u0259m d\u0259 a\u011f\u0131r cinay\u0259tdir&#8221;.\n  <\/div>\n<\/p>\n<p><div><\/div>\n<\/p>\n<p><div>\n    M\u00fcsavat Partiyas\u0131n\u0131n Meydan TV-y\u0259 daxil olan\u0131 b\u0259yanat\u0131nda daha sonra deyilir:\n  <\/div>\n<\/p>\n<p><div><\/div>\n<\/p>\n<p><div>\n    &#8220;\u0130\u015fg\u0259nc\u0259 faktlar\u0131 Az\u0259rbaycan Konstitusiyas\u0131n\u0131n v\u0259 \u00f6lk\u0259m\u0259zin qo\u015fuldu\u011fu beyn\u0259lxalq sazi\u015fl\u0259rin kobud sur\u0259td\u0259 pozulmas\u0131d\u0131r.\n  <\/div>\n<\/p>\n<p><div>\n    M\u00fcsavat Partiyas\u0131 t\u0259cridxanalarda i\u015fg\u0259nc\u0259 hallar\u0131n\u0131n son zamanlar daha da artmas\u0131ndan narahatl\u0131\u011f\u0131n\u0131 bildirir, Az\u0259rbaycan hakimiyy\u0259tind\u0259n bu bar\u0259d\u0259 yay\u0131lan m\u0259lumatlar\u0131n ciddi yoxlan\u0131lmas\u0131n\u0131, bel\u0259 hallar\u0131n qar\u015f\u0131s\u0131n\u0131n al\u0131nmas\u0131 \u00fc\u00e7\u00fcn t\u0259sirli t\u0259dbirl\u0259r g\u00f6r\u00fclm\u0259sini, bu i\u015fd\u0259 g\u00fcnah\u0131 olan v\u0259zif\u0259li \u015f\u0259xsl\u0259rin c\u0259zaland\u0131r\u0131lmas\u0131n\u0131 t\u0259l\u0259b edir&#8221;.\n  <\/div><\/p>\n","protected":false},"excerpt":{"rendered":"<p>&#8220;\u0130\u015fg\u0259nc\u0259 faktlar\u0131 t\u0259cili ara\u015fd\u0131r\u0131lmal\u0131d\u0131r&#8221;<\/p>\n","protected":false},"author":11,"featured_media":25269,"comment_status":"closed","ping_status":"open","sticky":false,"template":"","format":"standard","meta":{"_acf_changed":false,"_sitemap_exclude":false,"_sitemap_priority":"","_sitemap_frequency":"","footnotes":""},"categories":[56],"tags":[],"class_list":["post-168090","post","type-post","status-publish","format-standard","has-post-thumbnail","hentry","category-xeberler","infinite-scroll-item","generate-columns","tablet-grid-50","mobile-grid-100","grid-parent","grid-33","no-featured-image-padding"],"acf":[],"yoast_head":"<!-- This site is optimized with the Yoast SEO plugin v28.4 - https:\/\/yoast.com\/product\/yoast-seo-wordpress\/ -->\n<title>M\u00fcsavat h\u0259bs olunan i\u015f adamlar\u0131n\u0131 m\u00fcdafi\u0259 b\u0259yanat\u0131 yayd\u0131 - MEYDAN.TV<\/title>\n<meta name=\"robots\" content=\"index, follow, max-snippet:-1, max-image-preview:large, max-video-preview:-1\" \/>\n<link rel=\"canonical\" href=\"https:\/\/www.meydan.tv\/az\/article\/musavat-hebs-olunan-is-adamlarini-mudafie-beyanati-yaydi\/\" \/>\n<meta property=\"og:locale\" content=\"az_AZ\" \/>\n<meta property=\"og:type\" content=\"article\" \/>\n<meta property=\"og:title\" content=\"M\u00fcsavat h\u0259bs olunan i\u015f adamlar\u0131n\u0131 m\u00fcdafi\u0259 b\u0259yanat\u0131 yayd\u0131 - MEYDAN.TV\" \/>\n<meta property=\"og:description\" content=\"&quot;\u0130\u015fg\u0259nc\u0259 faktlar\u0131 t\u0259cili ara\u015fd\u0131r\u0131lmal\u0131d\u0131r&quot;\" \/>\n<meta property=\"og:url\" content=\"https:\/\/www.meydan.tv\/az\/article\/musavat-hebs-olunan-is-adamlarini-mudafie-beyanati-yaydi\/\" \/>\n<meta property=\"og:site_name\" content=\"MEYDAN.TV\" \/>\n<meta property=\"article:published_time\" content=\"2015-05-27T15:39:33+00:00\" \/>\n<meta property=\"og:image\" content=\"https:\/\/www.meydan.tv\/wp-content\/uploads\/9238.jpg\" \/>\n\t<meta property=\"og:image:width\" content=\"640\" \/>\n\t<meta property=\"og:image:height\" content=\"360\" \/>\n\t<meta property=\"og:image:type\" content=\"image\/jpeg\" \/>\n<meta name=\"twitter:card\" content=\"summary_large_image\" \/>\n<!-- \/ Yoast SEO plugin. -->","yoast_head_json":{"title":"M\u00fcsavat h\u0259bs olunan i\u015f adamlar\u0131n\u0131 m\u00fcdafi\u0259 b\u0259yanat\u0131 yayd\u0131 - MEYDAN.TV","robots":{"index":"index","follow":"follow","max-snippet":"max-snippet:-1","max-image-preview":"max-image-preview:large","max-video-preview":"max-video-preview:-1"},"canonical":"https:\/\/www.meydan.tv\/az\/article\/musavat-hebs-olunan-is-adamlarini-mudafie-beyanati-yaydi\/","og_locale":"az_AZ","og_type":"article","og_title":"M\u00fcsavat h\u0259bs olunan i\u015f adamlar\u0131n\u0131 m\u00fcdafi\u0259 b\u0259yanat\u0131 yayd\u0131 - MEYDAN.TV","og_description":"\"\u0130\u015fg\u0259nc\u0259 faktlar\u0131 t\u0259cili ara\u015fd\u0131r\u0131lmal\u0131d\u0131r\"","og_url":"https:\/\/www.meydan.tv\/az\/article\/musavat-hebs-olunan-is-adamlarini-mudafie-beyanati-yaydi\/","og_site_name":"MEYDAN.TV","article_published_time":"2015-05-27T15:39:33+00:00","og_image":[{"width":640,"height":360,"url":"https:\/\/www.meydan.tv\/wp-content\/uploads\/9238.jpg","type":"image\/jpeg"}],"twitter_card":"summary_large_image","schema":{"@context":"https:\/\/schema.org","@graph":[{"@type":"Article","@id":"https:\/\/www.meydan.tv\/az\/article\/musavat-hebs-olunan-is-adamlarini-mudafie-beyanati-yaydi\/#article","isPartOf":{"@id":"https:\/\/www.meydan.tv\/az\/article\/musavat-hebs-olunan-is-adamlarini-mudafie-beyanati-yaydi\/"},"author":{"name":"user-manager","@id":"https:\/\/www.meydan.tv\/az\/#\/schema\/person\/10d11eccf6da3662cf5fdab9806ea91a"},"headline":"M\u00fcsavat h\u0259bs olunan i\u015f adamlar\u0131n\u0131 m\u00fcdafi\u0259 b\u0259yanat\u0131 yayd\u0131","datePublished":"2015-05-27T15:39:33+00:00","mainEntityOfPage":{"@id":"https:\/\/www.meydan.tv\/az\/article\/musavat-hebs-olunan-is-adamlarini-mudafie-beyanati-yaydi\/"},"wordCount":243,"publisher":{"@id":"https:\/\/www.meydan.tv\/az\/#organization"},"image":{"@id":"https:\/\/www.meydan.tv\/az\/article\/musavat-hebs-olunan-is-adamlarini-mudafie-beyanati-yaydi\/#primaryimage"},"thumbnailUrl":"https:\/\/www.meydan.tv\/wp-content\/uploads\/9238.jpg","articleSection":["X\u0259b\u0259rl\u0259r"],"inLanguage":"az"},{"@type":"WebPage","@id":"https:\/\/www.meydan.tv\/az\/article\/musavat-hebs-olunan-is-adamlarini-mudafie-beyanati-yaydi\/","url":"https:\/\/www.meydan.tv\/az\/article\/musavat-hebs-olunan-is-adamlarini-mudafie-beyanati-yaydi\/","name":"M\u00fcsavat h\u0259bs olunan i\u015f adamlar\u0131n\u0131 m\u00fcdafi\u0259 b\u0259yanat\u0131 yayd\u0131 - MEYDAN.TV","isPartOf":{"@id":"https:\/\/www.meydan.tv\/az\/#website"},"primaryImageOfPage":{"@id":"https:\/\/www.meydan.tv\/az\/article\/musavat-hebs-olunan-is-adamlarini-mudafie-beyanati-yaydi\/#primaryimage"},"image":{"@id":"https:\/\/www.meydan.tv\/az\/article\/musavat-hebs-olunan-is-adamlarini-mudafie-beyanati-yaydi\/#primaryimage"},"thumbnailUrl":"https:\/\/www.meydan.tv\/wp-content\/uploads\/9238.jpg","datePublished":"2015-05-27T15:39:33+00:00","breadcrumb":{"@id":"https:\/\/www.meydan.tv\/az\/article\/musavat-hebs-olunan-is-adamlarini-mudafie-beyanati-yaydi\/#breadcrumb"},"inLanguage":"az","potentialAction":[{"@type":"ReadAction","target":["https:\/\/www.meydan.tv\/az\/article\/musavat-hebs-olunan-is-adamlarini-mudafie-beyanati-yaydi\/"]}]},{"@type":"ImageObject","inLanguage":"az","@id":"https:\/\/www.meydan.tv\/az\/article\/musavat-hebs-olunan-is-adamlarini-mudafie-beyanati-yaydi\/#primaryimage","url":"https:\/\/www.meydan.tv\/wp-content\/uploads\/9238.jpg","contentUrl":"https:\/\/www.meydan.tv\/wp-content\/uploads\/9238.jpg","width":640,"height":360,"caption":"Source:"},{"@type":"BreadcrumbList","@id":"https:\/\/www.meydan.tv\/az\/article\/musavat-hebs-olunan-is-adamlarini-mudafie-beyanati-yaydi\/#breadcrumb","itemListElement":[{"@type":"ListItem","position":1,"name":"Ana s\u0259hif\u0259","item":"https:\/\/www.meydan.tv\/az\/"},{"@type":"ListItem","position":2,"name":"X\u0259b\u0259rl\u0259r","item":"https:\/\/www.meydan.tv\/az\/section\/xeberler\/"},{"@type":"ListItem","position":3,"name":"M\u00fcsavat h\u0259bs olunan i\u015f adamlar\u0131n\u0131 m\u00fcdafi\u0259 b\u0259yanat\u0131 yayd\u0131"}]},{"@type":"WebSite","@id":"https:\/\/www.meydan.tv\/az\/#website","url":"https:\/\/www.meydan.tv\/az\/","name":"MEYDAN.TV","description":"Meydan TV Az\u0259rbaycan\u0131n media m\u0259kan\u0131ndak\u0131 alternativ s\u0259sidir","publisher":{"@id":"https:\/\/www.meydan.tv\/az\/#organization"},"potentialAction":[{"@type":"SearchAction","target":{"@type":"EntryPoint","urlTemplate":"https:\/\/www.meydan.tv\/az\/?s={search_term_string}"},"query-input":{"@type":"PropertyValueSpecification","valueRequired":true,"valueName":"search_term_string"}}],"inLanguage":"az"},{"@type":"Organization","@id":"https:\/\/www.meydan.tv\/az\/#organization","name":"Meydan TV","url":"https:\/\/www.meydan.tv\/az\/","logo":{"@type":"ImageObject","inLanguage":"az","@id":"https:\/\/www.meydan.tv\/az\/#\/schema\/logo\/image\/","url":"https:\/\/www.meydan.tv\/wp-content\/uploads\/2021\/07\/meydan-logo.svg","contentUrl":"https:\/\/www.meydan.tv\/wp-content\/uploads\/2021\/07\/meydan-logo.svg","width":195,"height":46,"caption":"Meydan TV"},"image":{"@id":"https:\/\/www.meydan.tv\/az\/#\/schema\/logo\/image\/"}},{"@type":"Person","@id":"https:\/\/www.meydan.tv\/az\/#\/schema\/person\/10d11eccf6da3662cf5fdab9806ea91a","name":"user-manager"}]}},"_links":{"self":[{"href":"https:\/\/www.meydan.tv\/az\/wp-json\/wp\/v2\/posts\/168090","targetHints":{"allow":["GET"]}}],"collection":[{"href":"https:\/\/www.meydan.tv\/az\/wp-json\/wp\/v2\/posts"}],"about":[{"href":"https:\/\/www.meydan.tv\/az\/wp-json\/wp\/v2\/types\/post"}],"author":[{"embeddable":true,"href":"https:\/\/www.meydan.tv\/az\/wp-json\/wp\/v2\/users\/11"}],"replies":[{"embeddable":true,"href":"https:\/\/www.meydan.tv\/az\/wp-json\/wp\/v2\/comments?post=168090"}],"version-history":[{"count":0,"href":"https:\/\/www.meydan.tv\/az\/wp-json\/wp\/v2\/posts\/168090\/revisions"}],"wp:featuredmedia":[{"embeddable":true,"href":"https:\/\/www.meydan.tv\/az\/wp-json\/wp\/v2\/media\/25269"}],"wp:attachment":[{"href":"https:\/\/www.meydan.tv\/az\/wp-json\/wp\/v2\/media?parent=168090"}],"wp:term":[{"taxonomy":"category","embeddable":true,"href":"https:\/\/www.meydan.tv\/az\/wp-json\/wp\/v2\/categories?post=168090"},{"taxonomy":"post_tag","embeddable":true,"href":"https:\/\/www.meydan.tv\/az\/wp-json\/wp\/v2\/tags?post=168090"}],"curies":[{"name":"wp","href":"https:\/\/api.w.org\/{rel}","templated":true}]}}