{"id":168089,"date":"2015-05-27T15:30:31","date_gmt":"2015-05-27T15:30:31","guid":{"rendered":"https:\/\/www.meydan.tv\/article\/fifa-nin-funksionerleri-saxlanilib\/"},"modified":"2015-05-27T15:30:31","modified_gmt":"2015-05-27T15:30:31","slug":"fifa-nin-funksionerleri-saxlanilib","status":"publish","type":"post","link":"https:\/\/www.meydan.tv\/az\/article\/fifa-nin-funksionerleri-saxlanilib\/","title":{"rendered":"F\u0130FA-n\u0131n funksionerl\u0259ri saxlan\u0131l\u0131b"},"content":{"rendered":"<figure class=\"wp-block-image size-large\">\n  <img decoding=\"async\" src=\"https:\/\/www.meydan.tv\/az\/25264\/\" alt=\"\" class=\"wp-image-25264\"\/><figcaption><\/figcaption><\/figure>\n<figure class=\"wp-block-image size-large\">\n  <img decoding=\"async\" src=\"https:\/\/www.meydan.tv\/az\/25264\/\" alt=\"\" class=\"wp-image-25264\"\/><figcaption><\/figcaption><\/figure>\n<p><div>\n    <i><br \/>\n      Futbol Federasiyas\u0131n\u0131n \u0259mkda\u015flar\u0131 korrupsiyada ittiham olunur<br \/>\n    <\/i>\n  <\/div>\n<\/p>\n<p><div><\/div>\n<\/p>\n<p><div>\n    May\u0131n 26-da \u0130sve\u00e7r\u0259 hakimiyy\u0259ti Beyn\u0259lxalq Futbol Federasiyas\u0131 (F\u0130FA) funksionerl\u0259rinin saxlanmas\u0131 \u00fczr\u0259 \u0259m\u0259liyyata ba\u015flay\u0131b. \u00a0Bunu &#8220;The New-York Times&#8221; h\u00fcquq-m\u00fchafiz\u0259 orqanlar\u0131ndak\u0131 m\u0259nb\u0259y\u0259 istinad\u0259n bildirib. \u018fm\u0259liyyat AB\u015e prokurorlu\u011funun sor\u011fusu \u0259sas\u0131nda h\u0259yata ke\u00e7irilib. Prokurorluq F\u0130FA-n\u0131n ondan \u00e7ox \u00fczv\u00fcn\u00fc korrupsiya v\u0259 \u00e7oxsayl\u0131 pozuntularda ittiham edir.\n  <\/div>\n<\/p>\n<p><div><\/div>\n<\/p>\n<p><div>\n    Amerika n\u0259\u015frinin m\u0259lumat\u0131na g\u00f6r\u0259, art\u0131q bir ne\u00e7\u0259 n\u0259f\u0259r saxlan\u0131l\u0131b v\u0259 onlar\u0131n AB\u015e-a ekstradisiyas\u0131 g\u00f6zl\u0259nilir.\n  <\/div>\n<\/p>\n<p><div><\/div>\n<\/p>\n<p><div>\n    \u0130sve\u00e7r\u0259 polisi \u0259m\u0259liyyat\u0131n ba\u015fland\u0131\u011f\u0131n\u0131 t\u0259sdiql\u0259yib, lakin h\u0259bsl\u0259r bar\u0259d\u0259 r\u0259smi m\u0259lumat h\u0259l\u0259lik yoxdur.\n  <\/div>\n<\/p>\n<p><div><\/div>\n<\/p>\n<p><div>\n    Bildirilib ki, t\u0259\u015fkilat\u0131n r\u0259hb\u0259r \u0259m\u0259kda\u015flar\u0131ndan alt\u0131s\u0131 h\u0259bs olunub.\n  <\/div>\n<\/p>\n<p><div><\/div>\n<\/p>\n<p><div>\n    The NYT-in m\u00fcxbiri Sem Borden Twitter-d\u0259 yaz\u0131b ki, o, h\u0259bsl\u0259rd\u0259n birinin \u015fahidi olub. Onun s\u00f6zl\u0259rin\u0259 g\u00f6r\u0259, \u0259m\u0259liyyat\u0131 ke\u00e7ir\u0259n polisl\u0259r m\u00fclki geyimd\u0259 olublar.\n  <\/div>\n<\/p>\n<p><div><\/div>\n<\/p>\n<p><div>\n    Amerika prokurorlu\u011funun ittihamlar\u0131 d\u00fcnya \u00e7empionat\u0131na ev sahibliyi ed\u0259n \u00f6lk\u0259l\u0259rin se\u00e7imi zaman\u0131, h\u0259m\u00e7inin \u00a0oyunlar\u0131n yay\u0131mlanmas\u0131na dair marketinq s\u00f6vd\u0259l\u0259\u015fm\u0259l\u0259ri v\u0259 sazi\u015fl\u0259r zaman\u0131 korrupsiya hallar\u0131 il\u0259 ba\u011fl\u0131 olub.\n  <\/div>\n<\/p>\n<p><div><\/div>\n<\/p>\n<p><div>\n    Amerikan\u0131n &#8220;The Wall Street Journal&#8221; n\u0259\u015fri \u00f6z m\u0259nb\u0259l\u0259rin\u0259 isnad\u0259n bildirib ki, \u00a0may\u0131n 27-d\u0259 AB\u015e prokurorlu\u011fu F\u0130FA r\u0259hb\u0259rliyinin 12 \u00fczv\u00fcn\u0259 qar\u015f\u0131 r\u0259smi ittiham ir\u0259li s\u00fcrm\u0259k niyy\u0259tind\u0259dir.\n  <\/div>\n<\/p>\n<p><div><\/div>\n<\/p>\n<p><div>\n    Son m\u0259lumatlara g\u00f6r\u0259, F\u0130FA \u0130craiyy\u0259 Komit\u0259sinin iki vitse-prezidenti \u2013 Ceffi Uebb v\u0259 Euxenio Fiqerado, h\u0259m\u00e7inin komit\u0259nin \u00fczv\u00fc Cek Uorner h\u0259bs olunub. Federasiya n\u00fcmay\u0259nd\u0259l\u0259ri S\u00fcrixd\u0259 F\u0130FA-n\u0131n illik toplant\u0131s\u0131nda i\u015ftirak edirl\u0259r.\n  <\/div>\n<\/p>\n<p><div><\/div>\n<\/p>\n<p><div>\n    &#8220;Reuter&#8221; m\u0259lumat verib ki, F\u0130FA-da pul v\u0259saitl\u0259rinin qanunsuz d\u00f6vriyy\u0259si 100 milyon dollar\u0131 \u00f6t\u00fcr.\n  <\/div>\n<\/p>\n<p><div>\n    May\u0131n 29-da F\u0130FA-ya prezident se\u00e7kisi planla\u015fd\u0131r\u0131l\u0131b. Be\u015finci d\u0259f\u0259dir ki, bu posta t\u0259\u015fkilat\u0131n haz\u0131rki r\u0259hb\u0259ri Yozef Blatterin \u00a0namiz\u0259dliyi \u00a0ir\u0259li s\u00fcr\u00fcl\u00fcr.\n  <\/div><\/p>\n","protected":false},"excerpt":{"rendered":"<p>Futbol Federasiyas\u0131n\u0131n \u0259mkda\u015flar\u0131 korrupsiyada ittiham olunur<\/p>\n","protected":false},"author":11,"featured_media":25264,"comment_status":"closed","ping_status":"open","sticky":false,"template":"","format":"standard","meta":{"_acf_changed":false,"_sitemap_exclude":false,"_sitemap_priority":"","_sitemap_frequency":"","footnotes":""},"categories":[56],"tags":[],"class_list":["post-168089","post","type-post","status-publish","format-standard","has-post-thumbnail","hentry","category-xeberler","infinite-scroll-item","generate-columns","tablet-grid-50","mobile-grid-100","grid-parent","grid-33","no-featured-image-padding"],"acf":[],"yoast_head":"<!-- This site is optimized with the Yoast SEO plugin v28.4 - https:\/\/yoast.com\/product\/yoast-seo-wordpress\/ -->\n<title>F\u0130FA-n\u0131n funksionerl\u0259ri saxlan\u0131l\u0131b - MEYDAN.TV<\/title>\n<meta name=\"robots\" content=\"index, follow, max-snippet:-1, max-image-preview:large, max-video-preview:-1\" \/>\n<link rel=\"canonical\" href=\"https:\/\/www.meydan.tv\/az\/article\/fifa-nin-funksionerleri-saxlanilib\/\" \/>\n<meta property=\"og:locale\" content=\"az_AZ\" \/>\n<meta property=\"og:type\" content=\"article\" \/>\n<meta property=\"og:title\" content=\"F\u0130FA-n\u0131n funksionerl\u0259ri saxlan\u0131l\u0131b - MEYDAN.TV\" \/>\n<meta property=\"og:description\" content=\"Futbol Federasiyas\u0131n\u0131n \u0259mkda\u015flar\u0131 korrupsiyada ittiham olunur\" \/>\n<meta property=\"og:url\" content=\"https:\/\/www.meydan.tv\/az\/article\/fifa-nin-funksionerleri-saxlanilib\/\" \/>\n<meta property=\"og:site_name\" content=\"MEYDAN.TV\" \/>\n<meta property=\"article:published_time\" content=\"2015-05-27T15:30:31+00:00\" \/>\n<meta property=\"og:image\" content=\"https:\/\/www.meydan.tv\/wp-content\/uploads\/9237.jpg\" \/>\n\t<meta property=\"og:image:width\" content=\"410\" \/>\n\t<meta property=\"og:image:height\" content=\"312\" \/>\n\t<meta property=\"og:image:type\" content=\"image\/jpeg\" \/>\n<meta name=\"twitter:card\" content=\"summary_large_image\" \/>\n<!-- \/ Yoast SEO plugin. -->","yoast_head_json":{"title":"F\u0130FA-n\u0131n funksionerl\u0259ri saxlan\u0131l\u0131b - MEYDAN.TV","robots":{"index":"index","follow":"follow","max-snippet":"max-snippet:-1","max-image-preview":"max-image-preview:large","max-video-preview":"max-video-preview:-1"},"canonical":"https:\/\/www.meydan.tv\/az\/article\/fifa-nin-funksionerleri-saxlanilib\/","og_locale":"az_AZ","og_type":"article","og_title":"F\u0130FA-n\u0131n funksionerl\u0259ri saxlan\u0131l\u0131b - MEYDAN.TV","og_description":"Futbol Federasiyas\u0131n\u0131n \u0259mkda\u015flar\u0131 korrupsiyada ittiham olunur","og_url":"https:\/\/www.meydan.tv\/az\/article\/fifa-nin-funksionerleri-saxlanilib\/","og_site_name":"MEYDAN.TV","article_published_time":"2015-05-27T15:30:31+00:00","og_image":[{"width":410,"height":312,"url":"https:\/\/www.meydan.tv\/wp-content\/uploads\/9237.jpg","type":"image\/jpeg"}],"twitter_card":"summary_large_image","schema":{"@context":"https:\/\/schema.org","@graph":[{"@type":"Article","@id":"https:\/\/www.meydan.tv\/az\/article\/fifa-nin-funksionerleri-saxlanilib\/#article","isPartOf":{"@id":"https:\/\/www.meydan.tv\/az\/article\/fifa-nin-funksionerleri-saxlanilib\/"},"author":{"name":"user-manager","@id":"https:\/\/www.meydan.tv\/az\/#\/schema\/person\/10d11eccf6da3662cf5fdab9806ea91a"},"headline":"F\u0130FA-n\u0131n funksionerl\u0259ri saxlan\u0131l\u0131b","datePublished":"2015-05-27T15:30:31+00:00","mainEntityOfPage":{"@id":"https:\/\/www.meydan.tv\/az\/article\/fifa-nin-funksionerleri-saxlanilib\/"},"wordCount":378,"publisher":{"@id":"https:\/\/www.meydan.tv\/az\/#organization"},"image":{"@id":"https:\/\/www.meydan.tv\/az\/article\/fifa-nin-funksionerleri-saxlanilib\/#primaryimage"},"thumbnailUrl":"https:\/\/www.meydan.tv\/wp-content\/uploads\/9237.jpg","articleSection":["X\u0259b\u0259rl\u0259r"],"inLanguage":"az"},{"@type":"WebPage","@id":"https:\/\/www.meydan.tv\/az\/article\/fifa-nin-funksionerleri-saxlanilib\/","url":"https:\/\/www.meydan.tv\/az\/article\/fifa-nin-funksionerleri-saxlanilib\/","name":"F\u0130FA-n\u0131n funksionerl\u0259ri saxlan\u0131l\u0131b - MEYDAN.TV","isPartOf":{"@id":"https:\/\/www.meydan.tv\/az\/#website"},"primaryImageOfPage":{"@id":"https:\/\/www.meydan.tv\/az\/article\/fifa-nin-funksionerleri-saxlanilib\/#primaryimage"},"image":{"@id":"https:\/\/www.meydan.tv\/az\/article\/fifa-nin-funksionerleri-saxlanilib\/#primaryimage"},"thumbnailUrl":"https:\/\/www.meydan.tv\/wp-content\/uploads\/9237.jpg","datePublished":"2015-05-27T15:30:31+00:00","breadcrumb":{"@id":"https:\/\/www.meydan.tv\/az\/article\/fifa-nin-funksionerleri-saxlanilib\/#breadcrumb"},"inLanguage":"az","potentialAction":[{"@type":"ReadAction","target":["https:\/\/www.meydan.tv\/az\/article\/fifa-nin-funksionerleri-saxlanilib\/"]}]},{"@type":"ImageObject","inLanguage":"az","@id":"https:\/\/www.meydan.tv\/az\/article\/fifa-nin-funksionerleri-saxlanilib\/#primaryimage","url":"https:\/\/www.meydan.tv\/wp-content\/uploads\/9237.jpg","contentUrl":"https:\/\/www.meydan.tv\/wp-content\/uploads\/9237.jpg","width":410,"height":312,"caption":"Source:"},{"@type":"BreadcrumbList","@id":"https:\/\/www.meydan.tv\/az\/article\/fifa-nin-funksionerleri-saxlanilib\/#breadcrumb","itemListElement":[{"@type":"ListItem","position":1,"name":"Ana s\u0259hif\u0259","item":"https:\/\/www.meydan.tv\/az\/"},{"@type":"ListItem","position":2,"name":"X\u0259b\u0259rl\u0259r","item":"https:\/\/www.meydan.tv\/az\/section\/xeberler\/"},{"@type":"ListItem","position":3,"name":"F\u0130FA-n\u0131n funksionerl\u0259ri saxlan\u0131l\u0131b"}]},{"@type":"WebSite","@id":"https:\/\/www.meydan.tv\/az\/#website","url":"https:\/\/www.meydan.tv\/az\/","name":"MEYDAN.TV","description":"Meydan TV Az\u0259rbaycan\u0131n media m\u0259kan\u0131ndak\u0131 alternativ s\u0259sidir","publisher":{"@id":"https:\/\/www.meydan.tv\/az\/#organization"},"potentialAction":[{"@type":"SearchAction","target":{"@type":"EntryPoint","urlTemplate":"https:\/\/www.meydan.tv\/az\/?s={search_term_string}"},"query-input":{"@type":"PropertyValueSpecification","valueRequired":true,"valueName":"search_term_string"}}],"inLanguage":"az"},{"@type":"Organization","@id":"https:\/\/www.meydan.tv\/az\/#organization","name":"Meydan TV","url":"https:\/\/www.meydan.tv\/az\/","logo":{"@type":"ImageObject","inLanguage":"az","@id":"https:\/\/www.meydan.tv\/az\/#\/schema\/logo\/image\/","url":"https:\/\/www.meydan.tv\/wp-content\/uploads\/2021\/07\/meydan-logo.svg","contentUrl":"https:\/\/www.meydan.tv\/wp-content\/uploads\/2021\/07\/meydan-logo.svg","width":195,"height":46,"caption":"Meydan TV"},"image":{"@id":"https:\/\/www.meydan.tv\/az\/#\/schema\/logo\/image\/"}},{"@type":"Person","@id":"https:\/\/www.meydan.tv\/az\/#\/schema\/person\/10d11eccf6da3662cf5fdab9806ea91a","name":"user-manager"}]}},"_links":{"self":[{"href":"https:\/\/www.meydan.tv\/az\/wp-json\/wp\/v2\/posts\/168089","targetHints":{"allow":["GET"]}}],"collection":[{"href":"https:\/\/www.meydan.tv\/az\/wp-json\/wp\/v2\/posts"}],"about":[{"href":"https:\/\/www.meydan.tv\/az\/wp-json\/wp\/v2\/types\/post"}],"author":[{"embeddable":true,"href":"https:\/\/www.meydan.tv\/az\/wp-json\/wp\/v2\/users\/11"}],"replies":[{"embeddable":true,"href":"https:\/\/www.meydan.tv\/az\/wp-json\/wp\/v2\/comments?post=168089"}],"version-history":[{"count":0,"href":"https:\/\/www.meydan.tv\/az\/wp-json\/wp\/v2\/posts\/168089\/revisions"}],"wp:featuredmedia":[{"embeddable":true,"href":"https:\/\/www.meydan.tv\/az\/wp-json\/wp\/v2\/media\/25264"}],"wp:attachment":[{"href":"https:\/\/www.meydan.tv\/az\/wp-json\/wp\/v2\/media?parent=168089"}],"wp:term":[{"taxonomy":"category","embeddable":true,"href":"https:\/\/www.meydan.tv\/az\/wp-json\/wp\/v2\/categories?post=168089"},{"taxonomy":"post_tag","embeddable":true,"href":"https:\/\/www.meydan.tv\/az\/wp-json\/wp\/v2\/tags?post=168089"}],"curies":[{"name":"wp","href":"https:\/\/api.w.org\/{rel}","templated":true}]}}