{"id":168088,"date":"2015-05-27T15:01:55","date_gmt":"2015-05-27T15:01:55","guid":{"rendered":"https:\/\/www.meydan.tv\/article\/avropa-mehkemesi-tapdiq-ferhadoglunun-erizesini-qebul-edib\/"},"modified":"2015-05-27T15:01:55","modified_gmt":"2015-05-27T15:01:55","slug":"avropa-mehkemesi-tapdiq-ferhadoglunun-erizesini-qebul-edib","status":"publish","type":"post","link":"https:\/\/www.meydan.tv\/az\/article\/avropa-mehkemesi-tapdiq-ferhadoglunun-erizesini-qebul-edib\/","title":{"rendered":"Avropa M\u0259hk\u0259m\u0259si Tapd\u0131q F\u0259rhado\u011flunun \u0259riz\u0259sini q\u0259bul edib"},"content":{"rendered":"<figure class=\"wp-block-image size-large\">\n  <img decoding=\"async\" src=\"https:\/\/www.meydan.tv\/az\/25261\/\" alt=\"\" class=\"wp-image-25261\"\/><figcaption><\/figcaption><\/figure>\n<figure class=\"wp-block-image size-large\">\n  <img decoding=\"async\" src=\"https:\/\/www.meydan.tv\/az\/25261\/\" alt=\"\" class=\"wp-image-25261\"\/><figcaption><\/figcaption><\/figure>\n<p>\n  <i><br \/>\n    \u201cQuliyev Az\u0259rbaycana qar\u015f\u0131\u201d adlanan \u015fikay\u0259tin ara\u015fd\u0131r\u0131lmas\u0131nda n\u00f6vb\u0259ti m\u0259rh\u0259l\u0259 Strasburaq m\u0259hk\u0259m\u0259sinin Az\u0259rbaycan hakimiyy\u0259ti il\u0259 kommunikasiyas\u0131 olacaq<br \/>\n  <\/i>\n<\/p>\n<p><div>\n    Avropa \u0130nsan H\u00fcquqlar\u0131 M\u0259hk\u0259m\u0259si (A\u0130HM) &#8220;Turan \u0130A&#8221; v\u0259 \u201cAmerikan\u0131n s\u0259si\u201d radiostansiyas\u0131n\u0131n m\u00fcxbiri Tapd\u0131q F\u0259rhado\u011flunun (Quliyev) \u0259riz\u0259sini bax\u0131lmaq \u00fc\u00e7\u00fcn q\u0259bul edib.\n  <\/div>\n<\/p>\n<p><div><\/div>\n<\/p>\n<p><div>\n    \u018friz\u0259 n\u00f6mr\u0259l\u0259nib v\u0259 T.F\u0259rhado\u011flunun i\u015fi \u00fczr\u0259 g\u0259l\u0259c\u0259k yaz\u0131\u015fmalarda istifad\u0259 olunmaq \u00fc\u00e7\u00fcn barkod verilib. Bu, o dem\u0259kdir ki, \u0259riz\u0259 d\u00fczg\u00fcn, A\u0130HM standartlar\u0131na uy\u011fun olaraq t\u0259rtib edilib. Bunu jurnalistin maraqlar\u0131n\u0131 m\u00fcdafi\u0259 ed\u0259n h\u00fcquq\u015f\u00fcnas Samir\u0259 A\u011fayeva bildirib.\n  <\/div>\n<\/p>\n<p><div><\/div>\n<\/p>\n<p><div>\n    \u015eikay\u0259t ondan ibar\u0259tdir ki, BDU t\u0259l\u0259b\u0259l\u0259rinin etiraz aksiyas\u0131n\u0131n i\u015f\u0131qland\u0131r\u0131lmas\u0131 zaman\u0131 jurnalist\u0259 \u00a0h\u00fccum fakt\u0131 h\u00fcquq-m\u00fchafiz\u0259 orqanlar\u0131 t\u0259r\u0259find\u0259n ara\u015fd\u0131r\u0131lmay\u0131b. H\u00fccum n\u0259tic\u0259sind\u0259 jurnalist ciddi x\u0259sar\u0259t al\u0131b v\u0259 i\u015f qabiliyy\u0259tini qism\u0259n itirib.\n  <\/div>\n<\/p>\n<p><div><\/div>\n<\/p>\n<p><div>\n    S.A\u011fayeva bildirib ki, \u015fikay\u0259td\u0259 jurnalistin Avropa \u0130nsan H\u00fcquq v\u0259 Azadl\u0131qlar\u0131 Konvensiyas\u0131n\u0131n 3-c\u00fc (i\u015fg\u0259nc\u0259nin v\u0259 qeyri-insani davran\u0131\u015f\u0131n qada\u011fan edilm\u0259si); 6-c\u0131 (\u0259dal\u0259tli m\u0259hk\u0259m\u0259 \u00e7\u0259ki\u015fm\u0259si h\u00fcququ) v\u0259 10-cu fikrin ifad\u0259 olunmas\u0131 azadl\u0131\u011f\u0131) madd\u0259l\u0259ri il\u0259 z\u0259man\u0259t verilmi\u015f h\u00fcquqlar\u0131 pozulub.\n  <\/div>\n<\/p>\n<p><div>\n    \u201cQuliyev Az\u0259rbaycana qar\u015f\u0131\u201d adlanan \u015fikay\u0259tin ara\u015fd\u0131r\u0131lmas\u0131nda n\u00f6vb\u0259ti m\u0259rh\u0259l\u0259 Strasburaq m\u0259hk\u0259m\u0259sinin Az\u0259rbaycan hakimiyy\u0259ti il\u0259 kommunikasiyas\u0131 olacaq.\n  <\/div>\n<\/p>\n<p><div><\/div>\n<\/p>\n<p><div>\n    Bu prosedurun m\u00fcv\u0259qq\u0259ti \u00e7\u0259r\u00e7iv\u0259si yoxdur, bu, bax\u0131lmaq \u00fc\u00e7\u00fcn A\u0130HM-d\u0259dir.\n  <\/div>\n<\/p>\n<p><div><\/div>\n<\/p>\n<p><div>\n    * 2014-c\u00fc il fevral\u0131n 20-d\u0259 T.F\u0259rhado\u011flu t\u0259l\u0259b\u0259l\u0259rin etiraz aksiyas\u0131n\u0131 \u00e7\u0259k\u0259rk\u0259n BDU m\u00fchafiz\u0259 xidm\u0259tinin r\u0259isi Mahir Xocatov jurnalisti bir ne\u00e7\u0259 d\u0259f\u0259 k\u00fcr\u0259yind\u0259n \u0259li il\u0259 vurub v\u0259 t\u0259pikl\u0259yib.\n  <\/div>\n<\/p>\n<p><div><\/div>\n<\/p>\n<p><div>\n    Jurnalisin h\u0259mkarlar\u0131 bu fakt\u0131 lent\u0259 al\u0131blar. Faktiki olaraq, CM-in 163-c\u00fc madd\u0259sind\u0259 n\u0259z\u0259rd\u0259 tutulan (jurnalistin qanuni f\u0259aliyy\u0259tin\u0259 \u0259ng\u0259l t\u00f6r\u0259tm\u0259k) cinay\u0259t t\u00f6r\u0259dilib.\n  <\/div>\n<\/p>\n<p><div><\/div>\n<\/p>\n<p><div>\n    Video v\u0259 dig\u0259r s\u00fcbutlar\u0131n olmas\u0131na baxmayaraq, Yasamal Rayon Prokurorlu\u011fu fakt \u00fczr\u0259 cinay\u0259t i\u015fin\u0259 ba\u015flamaqdan imtina edib. Jurnalist Yasamal m\u0259hk\u0259m\u0259sinin m\u00fcst\u0259ntiqinin f\u0259aliyy\u0259tsizliyind\u0259n \u015fikay\u0259t edib, lakin apellyasiya \u015fikay\u0259ti d\u0259 t\u0259min olunmay\u0131b.\n  <\/div><\/p>\n","protected":false},"excerpt":{"rendered":"<p>\u201cQuliyev Az\u0259rbaycana qar\u015f\u0131\u201d adlanan \u015fikay\u0259tin ara\u015fd\u0131r\u0131lmas\u0131nda n\u00f6vb\u0259ti m\u0259rh\u0259l\u0259 Strasburaq m\u0259hk\u0259m\u0259sinin Az\u0259rbaycan hakimiyy\u0259ti il\u0259 kommunikasiyas\u0131 olacaq<\/p>\n","protected":false},"author":11,"featured_media":25261,"comment_status":"closed","ping_status":"open","sticky":false,"template":"","format":"standard","meta":{"_acf_changed":false,"_sitemap_exclude":false,"_sitemap_priority":"","_sitemap_frequency":"","footnotes":""},"categories":[56],"tags":[],"class_list":["post-168088","post","type-post","status-publish","format-standard","has-post-thumbnail","hentry","category-xeberler","infinite-scroll-item","generate-columns","tablet-grid-50","mobile-grid-100","grid-parent","grid-33","no-featured-image-padding"],"acf":[],"yoast_head":"<!-- This site is optimized with the Yoast SEO plugin v28.4 - https:\/\/yoast.com\/product\/yoast-seo-wordpress\/ -->\n<title>Avropa M\u0259hk\u0259m\u0259si Tapd\u0131q F\u0259rhado\u011flunun \u0259riz\u0259sini q\u0259bul edib - MEYDAN.TV<\/title>\n<meta name=\"robots\" content=\"index, follow, max-snippet:-1, max-image-preview:large, max-video-preview:-1\" \/>\n<link rel=\"canonical\" href=\"https:\/\/www.meydan.tv\/az\/article\/avropa-mehkemesi-tapdiq-ferhadoglunun-erizesini-qebul-edib\/\" \/>\n<meta property=\"og:locale\" content=\"az_AZ\" \/>\n<meta property=\"og:type\" content=\"article\" \/>\n<meta property=\"og:title\" content=\"Avropa M\u0259hk\u0259m\u0259si Tapd\u0131q F\u0259rhado\u011flunun \u0259riz\u0259sini q\u0259bul edib - MEYDAN.TV\" \/>\n<meta property=\"og:description\" content=\"\u201cQuliyev Az\u0259rbaycana qar\u015f\u0131\u201d adlanan \u015fikay\u0259tin ara\u015fd\u0131r\u0131lmas\u0131nda n\u00f6vb\u0259ti m\u0259rh\u0259l\u0259 Strasburaq m\u0259hk\u0259m\u0259sinin Az\u0259rbaycan hakimiyy\u0259ti il\u0259 kommunikasiyas\u0131 olacaq\" \/>\n<meta property=\"og:url\" content=\"https:\/\/www.meydan.tv\/az\/article\/avropa-mehkemesi-tapdiq-ferhadoglunun-erizesini-qebul-edib\/\" \/>\n<meta property=\"og:site_name\" content=\"MEYDAN.TV\" \/>\n<meta property=\"article:published_time\" content=\"2015-05-27T15:01:55+00:00\" \/>\n<meta property=\"og:image\" content=\"https:\/\/www.meydan.tv\/wp-content\/uploads\/9236.jpg\" \/>\n\t<meta property=\"og:image:width\" content=\"400\" \/>\n\t<meta property=\"og:image:height\" content=\"560\" \/>\n\t<meta property=\"og:image:type\" content=\"image\/jpeg\" \/>\n<meta name=\"twitter:card\" content=\"summary_large_image\" \/>\n<!-- \/ Yoast SEO plugin. -->","yoast_head_json":{"title":"Avropa M\u0259hk\u0259m\u0259si Tapd\u0131q F\u0259rhado\u011flunun \u0259riz\u0259sini q\u0259bul edib - MEYDAN.TV","robots":{"index":"index","follow":"follow","max-snippet":"max-snippet:-1","max-image-preview":"max-image-preview:large","max-video-preview":"max-video-preview:-1"},"canonical":"https:\/\/www.meydan.tv\/az\/article\/avropa-mehkemesi-tapdiq-ferhadoglunun-erizesini-qebul-edib\/","og_locale":"az_AZ","og_type":"article","og_title":"Avropa M\u0259hk\u0259m\u0259si Tapd\u0131q F\u0259rhado\u011flunun \u0259riz\u0259sini q\u0259bul edib - MEYDAN.TV","og_description":"\u201cQuliyev Az\u0259rbaycana qar\u015f\u0131\u201d adlanan \u015fikay\u0259tin ara\u015fd\u0131r\u0131lmas\u0131nda n\u00f6vb\u0259ti m\u0259rh\u0259l\u0259 Strasburaq m\u0259hk\u0259m\u0259sinin Az\u0259rbaycan hakimiyy\u0259ti il\u0259 kommunikasiyas\u0131 olacaq","og_url":"https:\/\/www.meydan.tv\/az\/article\/avropa-mehkemesi-tapdiq-ferhadoglunun-erizesini-qebul-edib\/","og_site_name":"MEYDAN.TV","article_published_time":"2015-05-27T15:01:55+00:00","og_image":[{"width":400,"height":560,"url":"https:\/\/www.meydan.tv\/wp-content\/uploads\/9236.jpg","type":"image\/jpeg"}],"twitter_card":"summary_large_image","schema":{"@context":"https:\/\/schema.org","@graph":[{"@type":"Article","@id":"https:\/\/www.meydan.tv\/az\/article\/avropa-mehkemesi-tapdiq-ferhadoglunun-erizesini-qebul-edib\/#article","isPartOf":{"@id":"https:\/\/www.meydan.tv\/az\/article\/avropa-mehkemesi-tapdiq-ferhadoglunun-erizesini-qebul-edib\/"},"author":{"name":"user-manager","@id":"https:\/\/www.meydan.tv\/az\/#\/schema\/person\/10d11eccf6da3662cf5fdab9806ea91a"},"headline":"Avropa M\u0259hk\u0259m\u0259si Tapd\u0131q F\u0259rhado\u011flunun \u0259riz\u0259sini q\u0259bul edib","datePublished":"2015-05-27T15:01:55+00:00","mainEntityOfPage":{"@id":"https:\/\/www.meydan.tv\/az\/article\/avropa-mehkemesi-tapdiq-ferhadoglunun-erizesini-qebul-edib\/"},"wordCount":430,"publisher":{"@id":"https:\/\/www.meydan.tv\/az\/#organization"},"image":{"@id":"https:\/\/www.meydan.tv\/az\/article\/avropa-mehkemesi-tapdiq-ferhadoglunun-erizesini-qebul-edib\/#primaryimage"},"thumbnailUrl":"https:\/\/www.meydan.tv\/wp-content\/uploads\/9236.jpg","articleSection":["X\u0259b\u0259rl\u0259r"],"inLanguage":"az"},{"@type":"WebPage","@id":"https:\/\/www.meydan.tv\/az\/article\/avropa-mehkemesi-tapdiq-ferhadoglunun-erizesini-qebul-edib\/","url":"https:\/\/www.meydan.tv\/az\/article\/avropa-mehkemesi-tapdiq-ferhadoglunun-erizesini-qebul-edib\/","name":"Avropa M\u0259hk\u0259m\u0259si Tapd\u0131q F\u0259rhado\u011flunun \u0259riz\u0259sini q\u0259bul edib - MEYDAN.TV","isPartOf":{"@id":"https:\/\/www.meydan.tv\/az\/#website"},"primaryImageOfPage":{"@id":"https:\/\/www.meydan.tv\/az\/article\/avropa-mehkemesi-tapdiq-ferhadoglunun-erizesini-qebul-edib\/#primaryimage"},"image":{"@id":"https:\/\/www.meydan.tv\/az\/article\/avropa-mehkemesi-tapdiq-ferhadoglunun-erizesini-qebul-edib\/#primaryimage"},"thumbnailUrl":"https:\/\/www.meydan.tv\/wp-content\/uploads\/9236.jpg","datePublished":"2015-05-27T15:01:55+00:00","breadcrumb":{"@id":"https:\/\/www.meydan.tv\/az\/article\/avropa-mehkemesi-tapdiq-ferhadoglunun-erizesini-qebul-edib\/#breadcrumb"},"inLanguage":"az","potentialAction":[{"@type":"ReadAction","target":["https:\/\/www.meydan.tv\/az\/article\/avropa-mehkemesi-tapdiq-ferhadoglunun-erizesini-qebul-edib\/"]}]},{"@type":"ImageObject","inLanguage":"az","@id":"https:\/\/www.meydan.tv\/az\/article\/avropa-mehkemesi-tapdiq-ferhadoglunun-erizesini-qebul-edib\/#primaryimage","url":"https:\/\/www.meydan.tv\/wp-content\/uploads\/9236.jpg","contentUrl":"https:\/\/www.meydan.tv\/wp-content\/uploads\/9236.jpg","width":400,"height":560,"caption":"Source:"},{"@type":"BreadcrumbList","@id":"https:\/\/www.meydan.tv\/az\/article\/avropa-mehkemesi-tapdiq-ferhadoglunun-erizesini-qebul-edib\/#breadcrumb","itemListElement":[{"@type":"ListItem","position":1,"name":"Ana s\u0259hif\u0259","item":"https:\/\/www.meydan.tv\/az\/"},{"@type":"ListItem","position":2,"name":"X\u0259b\u0259rl\u0259r","item":"https:\/\/www.meydan.tv\/az\/section\/xeberler\/"},{"@type":"ListItem","position":3,"name":"Avropa M\u0259hk\u0259m\u0259si Tapd\u0131q F\u0259rhado\u011flunun \u0259riz\u0259sini q\u0259bul edib"}]},{"@type":"WebSite","@id":"https:\/\/www.meydan.tv\/az\/#website","url":"https:\/\/www.meydan.tv\/az\/","name":"MEYDAN.TV","description":"Meydan TV Az\u0259rbaycan\u0131n media m\u0259kan\u0131ndak\u0131 alternativ s\u0259sidir","publisher":{"@id":"https:\/\/www.meydan.tv\/az\/#organization"},"potentialAction":[{"@type":"SearchAction","target":{"@type":"EntryPoint","urlTemplate":"https:\/\/www.meydan.tv\/az\/?s={search_term_string}"},"query-input":{"@type":"PropertyValueSpecification","valueRequired":true,"valueName":"search_term_string"}}],"inLanguage":"az"},{"@type":"Organization","@id":"https:\/\/www.meydan.tv\/az\/#organization","name":"Meydan TV","url":"https:\/\/www.meydan.tv\/az\/","logo":{"@type":"ImageObject","inLanguage":"az","@id":"https:\/\/www.meydan.tv\/az\/#\/schema\/logo\/image\/","url":"https:\/\/www.meydan.tv\/wp-content\/uploads\/2021\/07\/meydan-logo.svg","contentUrl":"https:\/\/www.meydan.tv\/wp-content\/uploads\/2021\/07\/meydan-logo.svg","width":195,"height":46,"caption":"Meydan TV"},"image":{"@id":"https:\/\/www.meydan.tv\/az\/#\/schema\/logo\/image\/"}},{"@type":"Person","@id":"https:\/\/www.meydan.tv\/az\/#\/schema\/person\/10d11eccf6da3662cf5fdab9806ea91a","name":"user-manager"}]}},"_links":{"self":[{"href":"https:\/\/www.meydan.tv\/az\/wp-json\/wp\/v2\/posts\/168088","targetHints":{"allow":["GET"]}}],"collection":[{"href":"https:\/\/www.meydan.tv\/az\/wp-json\/wp\/v2\/posts"}],"about":[{"href":"https:\/\/www.meydan.tv\/az\/wp-json\/wp\/v2\/types\/post"}],"author":[{"embeddable":true,"href":"https:\/\/www.meydan.tv\/az\/wp-json\/wp\/v2\/users\/11"}],"replies":[{"embeddable":true,"href":"https:\/\/www.meydan.tv\/az\/wp-json\/wp\/v2\/comments?post=168088"}],"version-history":[{"count":0,"href":"https:\/\/www.meydan.tv\/az\/wp-json\/wp\/v2\/posts\/168088\/revisions"}],"wp:featuredmedia":[{"embeddable":true,"href":"https:\/\/www.meydan.tv\/az\/wp-json\/wp\/v2\/media\/25261"}],"wp:attachment":[{"href":"https:\/\/www.meydan.tv\/az\/wp-json\/wp\/v2\/media?parent=168088"}],"wp:term":[{"taxonomy":"category","embeddable":true,"href":"https:\/\/www.meydan.tv\/az\/wp-json\/wp\/v2\/categories?post=168088"},{"taxonomy":"post_tag","embeddable":true,"href":"https:\/\/www.meydan.tv\/az\/wp-json\/wp\/v2\/tags?post=168088"}],"curies":[{"name":"wp","href":"https:\/\/api.w.org\/{rel}","templated":true}]}}