{"id":168087,"date":"2015-05-27T14:37:46","date_gmt":"2015-05-27T14:37:46","guid":{"rendered":"https:\/\/www.meydan.tv\/article\/huquq-mudafecisinin-mehkemesine-ictimai-feallar-buraxilmayib\/"},"modified":"2015-05-27T14:37:46","modified_gmt":"2015-05-27T14:37:46","slug":"huquq-mudafecisinin-mehkemesine-ictimai-feallar-buraxilmayib","status":"publish","type":"post","link":"https:\/\/www.meydan.tv\/az\/article\/huquq-mudafecisinin-mehkemesine-ictimai-feallar-buraxilmayib\/","title":{"rendered":"H\u00fcquq m\u00fcdaf\u0259\u00e7isinin m\u0259hk\u0259m\u0259sin\u0259 ictimai f\u0259allar burax\u0131lmay\u0131b"},"content":{"rendered":"<figure class=\"wp-block-image size-large\">\n  <img decoding=\"async\" src=\"https:\/\/www.meydan.tv\/az\/25258\/\" alt=\"\" class=\"wp-image-25258\"\/><figcaption><\/figcaption><\/figure>\n<figure class=\"wp-block-image size-large\">\n  <img decoding=\"async\" src=\"https:\/\/www.meydan.tv\/az\/25258\/\" alt=\"\" class=\"wp-image-25258\"\/><figcaption><\/figcaption><\/figure>\n<p><div>\n    <i><br \/>\n      Zala daxil olanlara polisl\u0259r n\u0259zar\u0259t edib<br \/>\n    <\/i>\n  <\/div>\n<\/p>\n<p><div><\/div>\n<\/p>\n<p><div>\n    May\u0131n 26-da G\u00f6y\u00e7ay Rayon M\u0259hk\u0259m\u0259sind\u0259 F\u0259rhad \u018ff\u0259ndiyevin s\u0259drliyi il\u0259 h\u00fcquq m\u00fcdafi\u0259\u00e7isi Taleh Xasm\u0259mm\u0259dovun m\u0259hk\u0259m\u0259si ba\u015flay\u0131b. O, xuliqanl\u0131qda ittiham olunur.\n  <\/div>\n<\/p>\n<p><div><\/div>\n<\/p>\n<p><div>\n    Proses yar\u0131qapal\u0131 rejimd\u0259 ke\u00e7irilib, m\u0259hk\u0259m\u0259y\u0259 yaln\u0131z t\u0259qsirl\u0259ndiril\u0259n \u015f\u0259xsin do\u011fmalar\u0131 qat\u0131l\u0131b. Yerli f\u0259allar m\u0259hk\u0259m\u0259 zal\u0131na burax\u0131lmay\u0131blar. Zala daxil olanlara is\u0259 m\u0259hk\u0259m\u0259 icra\u00e7\u0131lar\u0131 yox, polis \u0259m\u0259kda\u015flar\u0131 n\u0259zar\u0259t edibl\u0259r. Bu bar\u0259d\u0259 Turan-a T.Xasm\u0259mm\u0259dov bildirib.\n  <\/div>\n<\/p>\n<p><div><\/div>\n<\/p>\n<p><div>\n    M\u0259hk\u0259m\u0259 iclas\u0131nda be\u015f z\u0259r\u0259r\u00e7\u0259k\u0259n \u00e7\u0131x\u0131\u015f edib \u2013 bir m\u00fclki \u015f\u0259xs v\u0259 d\u00f6rd n\u0259f\u0259r polis i\u015f\u00e7isi. Yol polisinin iki \u0259m\u0259kda\u015f\u0131 is\u0259 \u015fahid qismind\u0259 d\u0259v\u0259t edilib.\n  <\/div>\n<\/p>\n<p><div>\n    \u0130stintaq\u0131n versiyas\u0131na g\u00f6r\u0259, fevral\u0131n 24-d\u0259 T.Xasm\u0259mm\u0259dov G\u00f6y\u00e7ayda mebel ma\u011fazas\u0131n\u0131n yax\u0131nl\u0131\u011f\u0131nda z\u0259r\u0259\u00e7\u0259k\u0259nl\u0259r\u0259 qar\u015f\u0131 xuluqanl\u0131q h\u0259r\u0259k\u0259tl\u0259ri t\u00f6r\u0259dib, h\u0259tta g\u00fcc t\u0259tbiq edib.\n  <\/div>\n<\/p>\n<p><div><\/div>\n<\/p>\n<p><div>\n    Z\u0259r\u0259r\u00e7\u0259k\u0259nl\u0259r v\u0259 iki \u015fahid polis bu versiyan\u0131 d\u0259st\u0259kl\u0259yibl\u0259r. M\u00fclki \u015f\u0259xs is\u0259 T.Xasm\u0259mm\u0259dovun \u0259leyhin\u0259 ifad\u0259 verm\u0259yib.\n  <\/div>\n<\/p>\n<p><div>\n    T.Xasm\u0259mm\u0259dovun anas\u0131 G\u00fclbuta Xasm\u0259mm\u0259dova da \u015fahid kimi dindirilib.\n  <\/div>\n<\/p>\n<p><div><\/div>\n<\/p>\n<p><div>\n    T.Xasm\u0259mm\u0259dovun v\u0259kili yoxdur, h\u00fcquqlar\u0131n\u0131 \u00f6z\u00fc m\u00fcdafi\u0259 edir.\n  <\/div>\n<\/p>\n<p><div><\/div>\n<\/p>\n<p><div>\n    O, \u00a0n\u00f6vb\u0259ti m\u0259hk\u0259m\u0259 iclas\u0131nda mebel ma\u011fazas\u0131n\u0131n yan\u0131nda qurulmu\u015f video-m\u00fc\u015fahid\u0259 kameras\u0131ndan qeydl\u0259r\u0259 bax\u0131lmas\u0131 v\u0259 z\u0259r\u0259r\u00e7\u0259k\u0259nl\u0259rin m\u00fcayin\u0259 olunmas\u0131 \u00fc\u00fcn tibbi ekspertizan\u0131n r\u0259yin t\u0259qdim olunmas\u0131 bar\u0259d\u0259 v\u0259sat\u0259t qald\u0131r\u0131b. Hakim v\u0259sat\u0259tl\u0259ri t\u0259min edib. Eyni zamanda m\u0259hk\u0259m\u0259y\u0259 m\u00fcdafi\u0259 t\u0259r\u0259finin \u0259lav\u0259 \u015fahidl\u0259rinin \u00e7a\u011f\u0131r\u0131lmas\u0131 bar\u0259d\u0259 v\u0259sat\u0259ti bax\u0131lmam\u0131\u015f saxlay\u0131b.\n  <\/div>\n<\/p>\n<div>\n<div><\/div>\n<div>\n      N\u00f6vb\u0259ti m\u0259hk\u0259m\u0259 iclas\u0131 2 iyun saat 15:00-a t\u0259yin edilib.\n    <\/div>\n<div><\/div>\n<div>\n      \u201cSiyasi M\u0259hbuslars\u0131z Az\u0259rbaycan\u201d \u0130ctimai Alyans\u0131n\u0131n r\u0259hb\u0259ri Oqtay G\u00fclal\u0131yev hesab edir ki, proses\u0259 ictimaiyy\u0259t n\u00fcmay\u0259nd\u0259l\u0259rinin burax\u0131lmamas\u0131 qanunun v\u0259 \u0259dal\u0259t m\u00fchakim\u0259sinin \u015f\u0259ffafl\u0131\u011f\u0131n\u0131n pozulmas\u0131d\u0131r.\n    <\/div>\n<div><\/div>\n<div>\n      O, &#8220;Turan ia&#8221;-\u0131n m\u00fcxbiri il\u0259 s\u00f6hb\u0259tind\u0259 bildirib ki, m\u0259hk\u0259m\u0259 prosesi ictimaiyy\u0259t \u00fc\u00e7\u00fcn qapad\u0131l\u0131b ki, cinay\u0259t i\u015finin saxtala\u015fd\u0131r\u0131lmas\u0131 gizl\u0259dilsin. O.G\u00fclal\u0131yev hesab edir ki, T.Xasm\u0259mm\u0259dov siyasi motivl\u0259rl\u0259 t\u0259qib olunur.\n    <\/div>\n<div><\/div>\n<div>\n      T.Xasm\u0259mm\u0259dov CM-in \u00a0 221.2.2-ci madd\u0259si (hakimiyy\u0259t \u00a0n\u00fcmay\u0259nd\u0259sin\u0259 m\u00fcqavim\u0259t g\u00f6st\u0259rm\u0259kl\u0259 xuliqanl\u0131q t\u00f6r\u0259tm\u0259k) il\u0259 ittiham olunur. Bu madd\u0259 iki il m\u00fcdd\u0259tin\u0259d\u0259k icbari i\u015f kimi c\u0259zan\u0131 v\u0259 ya be\u015f il\u0259d\u0259k azadl\u0131qdan m\u0259hrumetm\u0259 c\u0259zas\u0131n\u0131 n\u0259z\u0259rd\u0259 tutur.\n    <\/div>\n<div><\/div>\n<div>\n      T.Xasm\u0259mm\u0259dov fevral\u0131n 24-d\u0259 G\u00f6y\u00e7ayda mebel ma\u011fazas\u0131n\u0131n qar\u015f\u0131s\u0131nda saxlan\u0131l\u0131b. Ma\u011fazadan \u00e7\u0131xark\u0259n bir nam\u0259lu\u015f \u015f\u0259xs ona yax\u0131nla\u015f\u0131b \u00fcz\u00fcn\u0259 t\u00fcp\u00fcr\u00fcb. Sonra h\u0259min adam \u00a0yer\u0259 y\u0131x\u0131l\u0131b v\u0259 \u00f6z\u00fcn\u00fc el\u0259 apar\u0131b ki, guya T.Xasm\u0259mm\u0259dov onu d\u00f6y\u00fcr.\n    <\/div>\n<div><\/div>\n<div>\n      Fevral\u0131n 26-da G\u00f6y\u00e7ay rayon M\u0259hk\u0259m\u0259si onun bar\u0259sind\u0259 \u00fc\u00e7 ayl\u0131q h\u0259bs q\u0259timkan t\u0259dbiri se\u00e7ib.\n    <\/div>\n<div>\n<div><\/div>\n<\/p><\/div>\n<div>\n<div><\/div>\n<div>\n        T.Xasm\u0259mm\u0259dov G\u00f6y\u00e7ay-Ucar b\u00f6lg\u0259sind\u0259 h\u00fcquq-m\u00fcdafi\u0259 f\u0259aliyy\u0259ti v\u0259 Facebook-da yerli hakimiyy\u0259ti t\u0259nqid etm\u0259si il\u0259 tan\u0131n\u0131r. Bundan \u00f6nc\u0259 d\u0259 h\u00fcquq-m\u00fcdafi\u0259 f\u0259aliyy\u0259tin\u0259 g\u00f6r\u0259 \u00a0m\u00fchakim\u0259 edilib, lakin iki il \u0259vv\u0259l \u0259fv olunub.\n      <\/div>\n<div><\/div>\n<\/p><\/div>\n<\/p><\/div><\/p>\n","protected":false},"excerpt":{"rendered":"<p>Zala daxil olanlara polisl\u0259r n\u0259zar\u0259t edib<\/p>\n","protected":false},"author":11,"featured_media":25258,"comment_status":"closed","ping_status":"open","sticky":false,"template":"","format":"standard","meta":{"_acf_changed":false,"_sitemap_exclude":false,"_sitemap_priority":"","_sitemap_frequency":"","footnotes":""},"categories":[56],"tags":[],"class_list":["post-168087","post","type-post","status-publish","format-standard","has-post-thumbnail","hentry","category-xeberler","infinite-scroll-item","generate-columns","tablet-grid-50","mobile-grid-100","grid-parent","grid-33","no-featured-image-padding"],"acf":[],"yoast_head":"<!-- This site is optimized with the Yoast SEO plugin v28.4 - https:\/\/yoast.com\/product\/yoast-seo-wordpress\/ -->\n<title>H\u00fcquq m\u00fcdaf\u0259\u00e7isinin m\u0259hk\u0259m\u0259sin\u0259 ictimai f\u0259allar burax\u0131lmay\u0131b - MEYDAN.TV<\/title>\n<meta name=\"robots\" content=\"index, follow, max-snippet:-1, max-image-preview:large, max-video-preview:-1\" \/>\n<link rel=\"canonical\" href=\"https:\/\/www.meydan.tv\/az\/article\/huquq-mudafecisinin-mehkemesine-ictimai-feallar-buraxilmayib\/\" \/>\n<meta property=\"og:locale\" content=\"az_AZ\" \/>\n<meta property=\"og:type\" content=\"article\" \/>\n<meta property=\"og:title\" content=\"H\u00fcquq m\u00fcdaf\u0259\u00e7isinin m\u0259hk\u0259m\u0259sin\u0259 ictimai f\u0259allar burax\u0131lmay\u0131b - MEYDAN.TV\" \/>\n<meta property=\"og:description\" content=\"Zala daxil olanlara polisl\u0259r n\u0259zar\u0259t edib\" \/>\n<meta property=\"og:url\" content=\"https:\/\/www.meydan.tv\/az\/article\/huquq-mudafecisinin-mehkemesine-ictimai-feallar-buraxilmayib\/\" \/>\n<meta property=\"og:site_name\" content=\"MEYDAN.TV\" \/>\n<meta property=\"article:published_time\" content=\"2015-05-27T14:37:46+00:00\" \/>\n<meta property=\"og:image\" content=\"https:\/\/www.meydan.tv\/wp-content\/uploads\/9235.jpg\" \/>\n\t<meta property=\"og:image:width\" content=\"333\" \/>\n\t<meta property=\"og:image:height\" content=\"250\" \/>\n\t<meta property=\"og:image:type\" content=\"image\/jpeg\" \/>\n<meta name=\"twitter:card\" content=\"summary_large_image\" \/>\n<!-- \/ Yoast SEO plugin. -->","yoast_head_json":{"title":"H\u00fcquq m\u00fcdaf\u0259\u00e7isinin m\u0259hk\u0259m\u0259sin\u0259 ictimai f\u0259allar burax\u0131lmay\u0131b - MEYDAN.TV","robots":{"index":"index","follow":"follow","max-snippet":"max-snippet:-1","max-image-preview":"max-image-preview:large","max-video-preview":"max-video-preview:-1"},"canonical":"https:\/\/www.meydan.tv\/az\/article\/huquq-mudafecisinin-mehkemesine-ictimai-feallar-buraxilmayib\/","og_locale":"az_AZ","og_type":"article","og_title":"H\u00fcquq m\u00fcdaf\u0259\u00e7isinin m\u0259hk\u0259m\u0259sin\u0259 ictimai f\u0259allar burax\u0131lmay\u0131b - MEYDAN.TV","og_description":"Zala daxil olanlara polisl\u0259r n\u0259zar\u0259t edib","og_url":"https:\/\/www.meydan.tv\/az\/article\/huquq-mudafecisinin-mehkemesine-ictimai-feallar-buraxilmayib\/","og_site_name":"MEYDAN.TV","article_published_time":"2015-05-27T14:37:46+00:00","og_image":[{"width":333,"height":250,"url":"https:\/\/www.meydan.tv\/wp-content\/uploads\/9235.jpg","type":"image\/jpeg"}],"twitter_card":"summary_large_image","schema":{"@context":"https:\/\/schema.org","@graph":[{"@type":"Article","@id":"https:\/\/www.meydan.tv\/az\/article\/huquq-mudafecisinin-mehkemesine-ictimai-feallar-buraxilmayib\/#article","isPartOf":{"@id":"https:\/\/www.meydan.tv\/az\/article\/huquq-mudafecisinin-mehkemesine-ictimai-feallar-buraxilmayib\/"},"author":{"name":"user-manager","@id":"https:\/\/www.meydan.tv\/az\/#\/schema\/person\/10d11eccf6da3662cf5fdab9806ea91a"},"headline":"H\u00fcquq m\u00fcdaf\u0259\u00e7isinin m\u0259hk\u0259m\u0259sin\u0259 ictimai f\u0259allar burax\u0131lmay\u0131b","datePublished":"2015-05-27T14:37:46+00:00","mainEntityOfPage":{"@id":"https:\/\/www.meydan.tv\/az\/article\/huquq-mudafecisinin-mehkemesine-ictimai-feallar-buraxilmayib\/"},"wordCount":658,"publisher":{"@id":"https:\/\/www.meydan.tv\/az\/#organization"},"image":{"@id":"https:\/\/www.meydan.tv\/az\/article\/huquq-mudafecisinin-mehkemesine-ictimai-feallar-buraxilmayib\/#primaryimage"},"thumbnailUrl":"https:\/\/www.meydan.tv\/wp-content\/uploads\/9235.jpg","articleSection":["X\u0259b\u0259rl\u0259r"],"inLanguage":"az"},{"@type":"WebPage","@id":"https:\/\/www.meydan.tv\/az\/article\/huquq-mudafecisinin-mehkemesine-ictimai-feallar-buraxilmayib\/","url":"https:\/\/www.meydan.tv\/az\/article\/huquq-mudafecisinin-mehkemesine-ictimai-feallar-buraxilmayib\/","name":"H\u00fcquq m\u00fcdaf\u0259\u00e7isinin m\u0259hk\u0259m\u0259sin\u0259 ictimai f\u0259allar burax\u0131lmay\u0131b - MEYDAN.TV","isPartOf":{"@id":"https:\/\/www.meydan.tv\/az\/#website"},"primaryImageOfPage":{"@id":"https:\/\/www.meydan.tv\/az\/article\/huquq-mudafecisinin-mehkemesine-ictimai-feallar-buraxilmayib\/#primaryimage"},"image":{"@id":"https:\/\/www.meydan.tv\/az\/article\/huquq-mudafecisinin-mehkemesine-ictimai-feallar-buraxilmayib\/#primaryimage"},"thumbnailUrl":"https:\/\/www.meydan.tv\/wp-content\/uploads\/9235.jpg","datePublished":"2015-05-27T14:37:46+00:00","breadcrumb":{"@id":"https:\/\/www.meydan.tv\/az\/article\/huquq-mudafecisinin-mehkemesine-ictimai-feallar-buraxilmayib\/#breadcrumb"},"inLanguage":"az","potentialAction":[{"@type":"ReadAction","target":["https:\/\/www.meydan.tv\/az\/article\/huquq-mudafecisinin-mehkemesine-ictimai-feallar-buraxilmayib\/"]}]},{"@type":"ImageObject","inLanguage":"az","@id":"https:\/\/www.meydan.tv\/az\/article\/huquq-mudafecisinin-mehkemesine-ictimai-feallar-buraxilmayib\/#primaryimage","url":"https:\/\/www.meydan.tv\/wp-content\/uploads\/9235.jpg","contentUrl":"https:\/\/www.meydan.tv\/wp-content\/uploads\/9235.jpg","width":333,"height":250,"caption":"Source:"},{"@type":"BreadcrumbList","@id":"https:\/\/www.meydan.tv\/az\/article\/huquq-mudafecisinin-mehkemesine-ictimai-feallar-buraxilmayib\/#breadcrumb","itemListElement":[{"@type":"ListItem","position":1,"name":"Ana s\u0259hif\u0259","item":"https:\/\/www.meydan.tv\/az\/"},{"@type":"ListItem","position":2,"name":"X\u0259b\u0259rl\u0259r","item":"https:\/\/www.meydan.tv\/az\/section\/xeberler\/"},{"@type":"ListItem","position":3,"name":"H\u00fcquq m\u00fcdaf\u0259\u00e7isinin m\u0259hk\u0259m\u0259sin\u0259 ictimai f\u0259allar burax\u0131lmay\u0131b"}]},{"@type":"WebSite","@id":"https:\/\/www.meydan.tv\/az\/#website","url":"https:\/\/www.meydan.tv\/az\/","name":"MEYDAN.TV","description":"Meydan TV Az\u0259rbaycan\u0131n media m\u0259kan\u0131ndak\u0131 alternativ s\u0259sidir","publisher":{"@id":"https:\/\/www.meydan.tv\/az\/#organization"},"potentialAction":[{"@type":"SearchAction","target":{"@type":"EntryPoint","urlTemplate":"https:\/\/www.meydan.tv\/az\/?s={search_term_string}"},"query-input":{"@type":"PropertyValueSpecification","valueRequired":true,"valueName":"search_term_string"}}],"inLanguage":"az"},{"@type":"Organization","@id":"https:\/\/www.meydan.tv\/az\/#organization","name":"Meydan TV","url":"https:\/\/www.meydan.tv\/az\/","logo":{"@type":"ImageObject","inLanguage":"az","@id":"https:\/\/www.meydan.tv\/az\/#\/schema\/logo\/image\/","url":"https:\/\/www.meydan.tv\/wp-content\/uploads\/2021\/07\/meydan-logo.svg","contentUrl":"https:\/\/www.meydan.tv\/wp-content\/uploads\/2021\/07\/meydan-logo.svg","width":195,"height":46,"caption":"Meydan TV"},"image":{"@id":"https:\/\/www.meydan.tv\/az\/#\/schema\/logo\/image\/"}},{"@type":"Person","@id":"https:\/\/www.meydan.tv\/az\/#\/schema\/person\/10d11eccf6da3662cf5fdab9806ea91a","name":"user-manager"}]}},"_links":{"self":[{"href":"https:\/\/www.meydan.tv\/az\/wp-json\/wp\/v2\/posts\/168087","targetHints":{"allow":["GET"]}}],"collection":[{"href":"https:\/\/www.meydan.tv\/az\/wp-json\/wp\/v2\/posts"}],"about":[{"href":"https:\/\/www.meydan.tv\/az\/wp-json\/wp\/v2\/types\/post"}],"author":[{"embeddable":true,"href":"https:\/\/www.meydan.tv\/az\/wp-json\/wp\/v2\/users\/11"}],"replies":[{"embeddable":true,"href":"https:\/\/www.meydan.tv\/az\/wp-json\/wp\/v2\/comments?post=168087"}],"version-history":[{"count":0,"href":"https:\/\/www.meydan.tv\/az\/wp-json\/wp\/v2\/posts\/168087\/revisions"}],"wp:featuredmedia":[{"embeddable":true,"href":"https:\/\/www.meydan.tv\/az\/wp-json\/wp\/v2\/media\/25258"}],"wp:attachment":[{"href":"https:\/\/www.meydan.tv\/az\/wp-json\/wp\/v2\/media?parent=168087"}],"wp:term":[{"taxonomy":"category","embeddable":true,"href":"https:\/\/www.meydan.tv\/az\/wp-json\/wp\/v2\/categories?post=168087"},{"taxonomy":"post_tag","embeddable":true,"href":"https:\/\/www.meydan.tv\/az\/wp-json\/wp\/v2\/tags?post=168087"}],"curies":[{"name":"wp","href":"https:\/\/api.w.org\/{rel}","templated":true}]}}