{"id":168086,"date":"2015-05-27T14:29:26","date_gmt":"2015-05-27T14:29:26","guid":{"rendered":"https:\/\/www.meydan.tv\/article\/putin-eliyevi-28-may-respublika-gunu-munasibeti-ile-tebrik-etdi\/"},"modified":"2015-05-27T14:29:26","modified_gmt":"2015-05-27T14:29:26","slug":"putin-eliyevi-28-may-respublika-gunu-munasibeti-ile-tebrik-etdi","status":"publish","type":"post","link":"https:\/\/www.meydan.tv\/az\/article\/putin-eliyevi-28-may-respublika-gunu-munasibeti-ile-tebrik-etdi\/","title":{"rendered":"Putin \u018fliyevi 28 may Respublika G\u00fcn\u00fc m\u00fcnasib\u0259ti il\u0259 t\u0259brik etdi"},"content":{"rendered":"<figure class=\"wp-block-image size-large\">\n  <img decoding=\"async\" src=\"https:\/\/www.meydan.tv\/az\/25255\/\" alt=\"\" class=\"wp-image-25255\"\/><figcaption><\/figcaption><\/figure>\n<figure class=\"wp-block-image size-large\">\n  <img decoding=\"async\" src=\"https:\/\/www.meydan.tv\/az\/25255\/\" alt=\"\" class=\"wp-image-25255\"\/><figcaption><\/figcaption><\/figure>\n<p>\n  <i><br \/>\n    &#8220;\u0130lham Heyd\u0259r o\u011flu, Siz\u0259 m\u00f6hk\u0259m cansa\u011fl\u0131\u011f\u0131, xo\u015fb\u0259xtlik v\u0259 u\u011furlar, b\u00fct\u00fcn h\u0259mv\u0259t\u0259nl\u0259riniz\u0259 s\u00fclh v\u0259 firavanl\u0131q arzu edir\u0259m&#8221;<br \/>\n  <\/i>\n<\/p>\n<p>\n  Rusiya prezidenti Vladimir Putin Az\u0259rbaycan prezidenti \u0130lham \u018fliyev\u0259 g\u00f6nd\u0259rdiyi 28 May &#8211; Respublika G\u00fcn\u00fc m\u00fcnasib\u0259til\u0259 t\u0259brikind\u0259 deyilir: &#8220;Milli bayram\u0131n\u0131z \u2013 Respublika G\u00fcn\u00fc m\u00fcnasib\u0259til\u0259 Sizi \u00fcr\u0259kd\u0259n t\u0259brik edir\u0259m.\n<\/p>\n<p>\n  Sizin \u00f6lk\u0259niz sosial-iqtisadi, elmi-texniki v\u0259 m\u0259d\u0259ni inki\u015faf yolu il\u0259 inamla ir\u0259lil\u0259yir. Az\u0259rbaycan\u0131n d\u00fcnya arenas\u0131nda n\u00fcfuzu art\u0131r.\n<\/p>\n<p>\n  M\u00f6hk\u0259m dostluq, mehriban qon\u015fuluq v\u0259 qar\u015f\u0131l\u0131ql\u0131 h\u00f6rm\u0259t \u0259n\u0259n\u0259l\u0259rin\u0259 \u0259saslanan Rusiya-Az\u0259rbaycan m\u00fcnasib\u0259tl\u0259rinin y\u00fcks\u0259k s\u0259viyy\u0259sini m\u0259mnuniyy\u0259tl\u0259 qeyd edir\u0259m. \u018fmin\u0259m ki, biz konstruktiv siyasi dialoqun geni\u015fl\u0259nm\u0259sini, b\u00fct\u00fcn istiqam\u0259tl\u0259rd\u0259 s\u0259m\u0259r\u0259li \u0259m\u0259kda\u015fl\u0131\u011f\u0131n g\u00fccl\u0259nm\u0259sini bundan sonra da birg\u0259 s\u0259yl\u0259rimizl\u0259 t\u0259min ed\u0259c\u0259yik. Bu, \u00f6lk\u0259l\u0259rimizin \u0259sasl\u0131 maraqlar\u0131na cavab verir, beyn\u0259lxalq sabitliyin v\u0259 t\u0259hl\u00fck\u0259sizliyin m\u00f6hk\u0259ml\u0259nm\u0259si m\u0259cras\u0131nda inki\u015faf edir.\n<\/p>\n<p>\n  \u0130lham Heyd\u0259r o\u011flu, Siz\u0259 m\u00f6hk\u0259m cansa\u011fl\u0131\u011f\u0131, xo\u015fb\u0259xtlik v\u0259 u\u011furlar, b\u00fct\u00fcn h\u0259mv\u0259t\u0259nl\u0259riniz\u0259 s\u00fclh v\u0259 firavanl\u0131q arzu edir\u0259m&#8221;.<\/p>\n","protected":false},"excerpt":{"rendered":"<p>&#8220;\u0130lham Heyd\u0259r o\u011flu, Siz\u0259 m\u00f6hk\u0259m cansa\u011fl\u0131\u011f\u0131, xo\u015fb\u0259xtlik v\u0259 u\u011furlar, b\u00fct\u00fcn h\u0259mv\u0259t\u0259nl\u0259riniz\u0259 s\u00fclh v\u0259 firavanl\u0131q arzu edir\u0259m&#8221;<\/p>\n","protected":false},"author":11,"featured_media":25255,"comment_status":"closed","ping_status":"open","sticky":false,"template":"","format":"standard","meta":{"_acf_changed":false,"_sitemap_exclude":false,"_sitemap_priority":"","_sitemap_frequency":"","footnotes":""},"categories":[56],"tags":[],"class_list":["post-168086","post","type-post","status-publish","format-standard","has-post-thumbnail","hentry","category-xeberler","infinite-scroll-item","generate-columns","tablet-grid-50","mobile-grid-100","grid-parent","grid-33","no-featured-image-padding"],"acf":[],"yoast_head":"<!-- This site is optimized with the Yoast SEO plugin v28.4 - https:\/\/yoast.com\/product\/yoast-seo-wordpress\/ -->\n<title>Putin \u018fliyevi 28 may Respublika G\u00fcn\u00fc m\u00fcnasib\u0259ti il\u0259 t\u0259brik etdi - MEYDAN.TV<\/title>\n<meta name=\"robots\" content=\"index, follow, max-snippet:-1, max-image-preview:large, max-video-preview:-1\" \/>\n<link rel=\"canonical\" href=\"https:\/\/www.meydan.tv\/az\/article\/putin-eliyevi-28-may-respublika-gunu-munasibeti-ile-tebrik-etdi\/\" \/>\n<meta property=\"og:locale\" content=\"az_AZ\" \/>\n<meta property=\"og:type\" content=\"article\" \/>\n<meta property=\"og:title\" content=\"Putin \u018fliyevi 28 may Respublika G\u00fcn\u00fc m\u00fcnasib\u0259ti il\u0259 t\u0259brik etdi - MEYDAN.TV\" \/>\n<meta property=\"og:description\" content=\"&quot;\u0130lham Heyd\u0259r o\u011flu, Siz\u0259 m\u00f6hk\u0259m cansa\u011fl\u0131\u011f\u0131, xo\u015fb\u0259xtlik v\u0259 u\u011furlar, b\u00fct\u00fcn h\u0259mv\u0259t\u0259nl\u0259riniz\u0259 s\u00fclh v\u0259 firavanl\u0131q arzu edir\u0259m&quot;\" \/>\n<meta property=\"og:url\" content=\"https:\/\/www.meydan.tv\/az\/article\/putin-eliyevi-28-may-respublika-gunu-munasibeti-ile-tebrik-etdi\/\" \/>\n<meta property=\"og:site_name\" content=\"MEYDAN.TV\" \/>\n<meta property=\"article:published_time\" content=\"2015-05-27T14:29:26+00:00\" \/>\n<meta property=\"og:image\" content=\"https:\/\/www.meydan.tv\/wp-content\/uploads\/9234.jpg\" \/>\n\t<meta property=\"og:image:width\" content=\"410\" \/>\n\t<meta property=\"og:image:height\" content=\"307\" \/>\n\t<meta property=\"og:image:type\" content=\"image\/jpeg\" \/>\n<meta name=\"twitter:card\" content=\"summary_large_image\" \/>\n<!-- \/ Yoast SEO plugin. -->","yoast_head_json":{"title":"Putin \u018fliyevi 28 may Respublika G\u00fcn\u00fc m\u00fcnasib\u0259ti il\u0259 t\u0259brik etdi - MEYDAN.TV","robots":{"index":"index","follow":"follow","max-snippet":"max-snippet:-1","max-image-preview":"max-image-preview:large","max-video-preview":"max-video-preview:-1"},"canonical":"https:\/\/www.meydan.tv\/az\/article\/putin-eliyevi-28-may-respublika-gunu-munasibeti-ile-tebrik-etdi\/","og_locale":"az_AZ","og_type":"article","og_title":"Putin \u018fliyevi 28 may Respublika G\u00fcn\u00fc m\u00fcnasib\u0259ti il\u0259 t\u0259brik etdi - MEYDAN.TV","og_description":"\"\u0130lham Heyd\u0259r o\u011flu, Siz\u0259 m\u00f6hk\u0259m cansa\u011fl\u0131\u011f\u0131, xo\u015fb\u0259xtlik v\u0259 u\u011furlar, b\u00fct\u00fcn h\u0259mv\u0259t\u0259nl\u0259riniz\u0259 s\u00fclh v\u0259 firavanl\u0131q arzu edir\u0259m\"","og_url":"https:\/\/www.meydan.tv\/az\/article\/putin-eliyevi-28-may-respublika-gunu-munasibeti-ile-tebrik-etdi\/","og_site_name":"MEYDAN.TV","article_published_time":"2015-05-27T14:29:26+00:00","og_image":[{"width":410,"height":307,"url":"https:\/\/www.meydan.tv\/wp-content\/uploads\/9234.jpg","type":"image\/jpeg"}],"twitter_card":"summary_large_image","schema":{"@context":"https:\/\/schema.org","@graph":[{"@type":"Article","@id":"https:\/\/www.meydan.tv\/az\/article\/putin-eliyevi-28-may-respublika-gunu-munasibeti-ile-tebrik-etdi\/#article","isPartOf":{"@id":"https:\/\/www.meydan.tv\/az\/article\/putin-eliyevi-28-may-respublika-gunu-munasibeti-ile-tebrik-etdi\/"},"author":{"name":"user-manager","@id":"https:\/\/www.meydan.tv\/az\/#\/schema\/person\/10d11eccf6da3662cf5fdab9806ea91a"},"headline":"Putin \u018fliyevi 28 may Respublika G\u00fcn\u00fc m\u00fcnasib\u0259ti il\u0259 t\u0259brik etdi","datePublished":"2015-05-27T14:29:26+00:00","mainEntityOfPage":{"@id":"https:\/\/www.meydan.tv\/az\/article\/putin-eliyevi-28-may-respublika-gunu-munasibeti-ile-tebrik-etdi\/"},"wordCount":254,"publisher":{"@id":"https:\/\/www.meydan.tv\/az\/#organization"},"image":{"@id":"https:\/\/www.meydan.tv\/az\/article\/putin-eliyevi-28-may-respublika-gunu-munasibeti-ile-tebrik-etdi\/#primaryimage"},"thumbnailUrl":"https:\/\/www.meydan.tv\/wp-content\/uploads\/9234.jpg","articleSection":["X\u0259b\u0259rl\u0259r"],"inLanguage":"az"},{"@type":"WebPage","@id":"https:\/\/www.meydan.tv\/az\/article\/putin-eliyevi-28-may-respublika-gunu-munasibeti-ile-tebrik-etdi\/","url":"https:\/\/www.meydan.tv\/az\/article\/putin-eliyevi-28-may-respublika-gunu-munasibeti-ile-tebrik-etdi\/","name":"Putin \u018fliyevi 28 may Respublika G\u00fcn\u00fc m\u00fcnasib\u0259ti il\u0259 t\u0259brik etdi - MEYDAN.TV","isPartOf":{"@id":"https:\/\/www.meydan.tv\/az\/#website"},"primaryImageOfPage":{"@id":"https:\/\/www.meydan.tv\/az\/article\/putin-eliyevi-28-may-respublika-gunu-munasibeti-ile-tebrik-etdi\/#primaryimage"},"image":{"@id":"https:\/\/www.meydan.tv\/az\/article\/putin-eliyevi-28-may-respublika-gunu-munasibeti-ile-tebrik-etdi\/#primaryimage"},"thumbnailUrl":"https:\/\/www.meydan.tv\/wp-content\/uploads\/9234.jpg","datePublished":"2015-05-27T14:29:26+00:00","breadcrumb":{"@id":"https:\/\/www.meydan.tv\/az\/article\/putin-eliyevi-28-may-respublika-gunu-munasibeti-ile-tebrik-etdi\/#breadcrumb"},"inLanguage":"az","potentialAction":[{"@type":"ReadAction","target":["https:\/\/www.meydan.tv\/az\/article\/putin-eliyevi-28-may-respublika-gunu-munasibeti-ile-tebrik-etdi\/"]}]},{"@type":"ImageObject","inLanguage":"az","@id":"https:\/\/www.meydan.tv\/az\/article\/putin-eliyevi-28-may-respublika-gunu-munasibeti-ile-tebrik-etdi\/#primaryimage","url":"https:\/\/www.meydan.tv\/wp-content\/uploads\/9234.jpg","contentUrl":"https:\/\/www.meydan.tv\/wp-content\/uploads\/9234.jpg","width":410,"height":307,"caption":"Source:"},{"@type":"BreadcrumbList","@id":"https:\/\/www.meydan.tv\/az\/article\/putin-eliyevi-28-may-respublika-gunu-munasibeti-ile-tebrik-etdi\/#breadcrumb","itemListElement":[{"@type":"ListItem","position":1,"name":"Ana s\u0259hif\u0259","item":"https:\/\/www.meydan.tv\/az\/"},{"@type":"ListItem","position":2,"name":"X\u0259b\u0259rl\u0259r","item":"https:\/\/www.meydan.tv\/az\/section\/xeberler\/"},{"@type":"ListItem","position":3,"name":"Putin \u018fliyevi 28 may Respublika G\u00fcn\u00fc m\u00fcnasib\u0259ti il\u0259 t\u0259brik etdi"}]},{"@type":"WebSite","@id":"https:\/\/www.meydan.tv\/az\/#website","url":"https:\/\/www.meydan.tv\/az\/","name":"MEYDAN.TV","description":"Meydan TV Az\u0259rbaycan\u0131n media m\u0259kan\u0131ndak\u0131 alternativ s\u0259sidir","publisher":{"@id":"https:\/\/www.meydan.tv\/az\/#organization"},"potentialAction":[{"@type":"SearchAction","target":{"@type":"EntryPoint","urlTemplate":"https:\/\/www.meydan.tv\/az\/?s={search_term_string}"},"query-input":{"@type":"PropertyValueSpecification","valueRequired":true,"valueName":"search_term_string"}}],"inLanguage":"az"},{"@type":"Organization","@id":"https:\/\/www.meydan.tv\/az\/#organization","name":"Meydan TV","url":"https:\/\/www.meydan.tv\/az\/","logo":{"@type":"ImageObject","inLanguage":"az","@id":"https:\/\/www.meydan.tv\/az\/#\/schema\/logo\/image\/","url":"https:\/\/www.meydan.tv\/wp-content\/uploads\/2021\/07\/meydan-logo.svg","contentUrl":"https:\/\/www.meydan.tv\/wp-content\/uploads\/2021\/07\/meydan-logo.svg","width":195,"height":46,"caption":"Meydan TV"},"image":{"@id":"https:\/\/www.meydan.tv\/az\/#\/schema\/logo\/image\/"}},{"@type":"Person","@id":"https:\/\/www.meydan.tv\/az\/#\/schema\/person\/10d11eccf6da3662cf5fdab9806ea91a","name":"user-manager"}]}},"_links":{"self":[{"href":"https:\/\/www.meydan.tv\/az\/wp-json\/wp\/v2\/posts\/168086","targetHints":{"allow":["GET"]}}],"collection":[{"href":"https:\/\/www.meydan.tv\/az\/wp-json\/wp\/v2\/posts"}],"about":[{"href":"https:\/\/www.meydan.tv\/az\/wp-json\/wp\/v2\/types\/post"}],"author":[{"embeddable":true,"href":"https:\/\/www.meydan.tv\/az\/wp-json\/wp\/v2\/users\/11"}],"replies":[{"embeddable":true,"href":"https:\/\/www.meydan.tv\/az\/wp-json\/wp\/v2\/comments?post=168086"}],"version-history":[{"count":0,"href":"https:\/\/www.meydan.tv\/az\/wp-json\/wp\/v2\/posts\/168086\/revisions"}],"wp:featuredmedia":[{"embeddable":true,"href":"https:\/\/www.meydan.tv\/az\/wp-json\/wp\/v2\/media\/25255"}],"wp:attachment":[{"href":"https:\/\/www.meydan.tv\/az\/wp-json\/wp\/v2\/media?parent=168086"}],"wp:term":[{"taxonomy":"category","embeddable":true,"href":"https:\/\/www.meydan.tv\/az\/wp-json\/wp\/v2\/categories?post=168086"},{"taxonomy":"post_tag","embeddable":true,"href":"https:\/\/www.meydan.tv\/az\/wp-json\/wp\/v2\/tags?post=168086"}],"curies":[{"name":"wp","href":"https:\/\/api.w.org\/{rel}","templated":true}]}}