{"id":168084,"date":"2015-05-27T11:40:41","date_gmt":"2015-05-27T11:40:41","guid":{"rendered":"https:\/\/www.meydan.tv\/article\/abid-serifov-dedi-ki-ozunuzu-o-binanin-sakinleri-ile-muqayise-etmeyin\/"},"modified":"2015-05-27T11:40:41","modified_gmt":"2015-05-27T11:40:41","slug":"abid-serifov-dedi-ki-ozunuzu-o-binanin-sakinleri-ile-muqayise-etmeyin","status":"publish","type":"post","link":"https:\/\/www.meydan.tv\/az\/article\/abid-serifov-dedi-ki-ozunuzu-o-binanin-sakinleri-ile-muqayise-etmeyin\/","title":{"rendered":"&#8220;Abid \u015e\u0259rifov dedi ki, \u00f6z\u00fcn\u00fcz\u00fc o binan\u0131n sakinl\u0259ri il\u0259 m\u00fcqayis\u0259 etm\u0259yin&#8221;"},"content":{"rendered":"<figure class=\"wp-block-image size-large\">\n  <img decoding=\"async\" src=\"https:\/\/www.meydan.tv\/az\/25249\/\" alt=\"\" class=\"wp-image-25249\"\/><figcaption><\/figcaption><\/figure>\n<figure class=\"wp-block-image size-large\">\n  <img decoding=\"async\" src=\"https:\/\/www.meydan.tv\/az\/25249\/\" alt=\"\" class=\"wp-image-25249\"\/><figcaption><\/figcaption><\/figure>\n<p><div>\n    <i><br \/>\n      Yanan binan\u0131n sakinl\u0259rin\u0259 d\u0259y\u0259n z\u0259r\u0259r hesablanmay\u0131b<br \/>\n    <\/i>\n  <\/div>\n<\/p>\n<p><div><\/div>\n<\/p>\n<p><div>\n    Aprelin 10-da Z\u0131\u011f yolu 16 \u00fcnvanda yerl\u0259\u015f\u0259n binada yan\u011f\u0131n ba\u015f vermi\u015fdi. Hadis\u0259 zaman\u0131 insan itkisi olmasa da, bina sakinl\u0259rin\u0259 xeyli maddi ziyan d\u0259ymi\u015fdi. H\u0259min binan\u0131n da keyfiyy\u0259tsiz penoplast \u00fczl\u00fckl\u0259r s\u0259b\u0259bind\u0259n yand\u0131\u011f\u0131 iddia edilir.\n  <\/div>\n<\/p>\n<p><div><\/div>\n<\/p>\n<p><div>\n    \u00d6t\u0259n m\u00fcdd\u0259t \u0259rzind\u0259 binada hans\u0131 b\u0259rpa i\u015fl\u0259ri g\u00f6r\u00fcld\u00fc? Evsiz qalm\u0131\u015f bina sakinl\u0259rinin v\u0259ziyy\u0259ti nec\u0259di? Bu suallara cavab tapmaq \u00fc\u00e7\u00fcn \u0259raziy\u0259 yolland\u0131q.\n  <\/div>\n<\/p>\n<p><div><\/div>\n<\/p>\n<p><div>\n    \u00d6nc\u0259 diqq\u0259timizi qon\u015fu bina \u00e7\u0259kdi. Bir hiss\u0259si penoplastlanm\u0131\u015f binan\u0131n \u00fczl\u00fckl\u0259ri s\u00f6k\u00fcl\u00fcrd\u00fc.\n  <\/div>\n<\/p>\n<p><div><\/div>\n<\/p>\n<p><div>\n    Yan\u011f\u0131nda evi yarars\u0131z hala d\u00fc\u015f\u0259n 63 m\u0259nzild\u0259n birinin sahibi \u018fhm\u0259d Sar\u0131yev bildirdi ki, h\u0259r g\u00fcn buraya g\u0259lib, m\u0259nzilind\u0259 apar\u0131lan t\u0259mir i\u015fl\u0259rin\u0259 n\u0259zar\u0259t edir: \u201cYoxsa ba\u015fqa c\u00fcr m\u00fcmk\u00fcn deyil. G\u0259r\u0259k ba\u015flar\u0131n\u0131n \u00fcst\u00fcnd\u0259 dayanan olsun&#8221;.\n  <\/div>\n<\/p>\n<p><div><\/div>\n<\/p>\n<p><div>\n    Kompensasiya m\u0259s\u0259l\u0259sin\u0259 g\u0259ldikd\u0259 is\u0259 \u018f.Sar\u0131yev dedi ki, onlara ancaq kiray\u0259 haqq\u0131 kimi 500 manat verilib. \u0130kinci ay\u0131n kiray\u0259 haqq\u0131n\u0131 da al\u0131b: \u201cAncaq t\u0259k bu 500 manatla yara sa\u011falm\u0131r ki! Evd\u0259 he\u00e7 n\u0259 salamat qalmay\u0131b. Lap tutaq, pis-yax\u015f\u0131 t\u0259mir etdil\u0259r evi, m\u0259n g\u0259lib ail\u0259ml\u0259 orada quru d\u00f6\u015f\u0259m\u0259nin \u00fcst\u00fcnd\u0259 yatas\u0131 deyil\u0259m ax\u0131. Yan\u011f\u0131n olandan b\u0259ri h\u0259l\u0259 bir m\u0259mur bura g\u0259lm\u0259yib. X\u0259tai rayon \u0130cra Hakimiyy\u0259tinin ba\u015f\u00e7\u0131s\u0131 bel\u0259 \u00f6z\u00fcn\u0259 \u0259ziyy\u0259t verib buraya g\u0259lm\u0259di. Ancaq m\u00fcavinini g\u00f6nd\u0259rib bir ne\u00e7\u0259 d\u0259f\u0259, v\u0259ss\u0259lam. Bir s\u00f6z d\u0259 dey\u0259nd\u0259 \u201cH\u0259r \u015fey yax\u015f\u0131 olacaq\u201d cavab\u0131n\u0131 verirl\u0259r. Bu, he\u00e7 yax\u015f\u0131l\u0131\u011fa do\u011fru getmir ax\u0131\u201d \u2013 z\u0259r\u0259r\u00e7\u0259kmi\u015f \u015fikay\u0259tl\u0259ndi.\n  <\/div>\n<\/p>\n<p><div><\/div>\n<\/p>\n<p><div>\n    M\u00fcsahibimizin t\u0259mir olunan m\u0259nzilin\u0259 d\u0259 qalxd\u0131q. \u018f.Sar\u0131yevin s\u00f6zl\u0259rin\u0259 g\u00f6r\u0259, m\u0259nzild\u0259 tavan ikinci d\u0259f\u0259dir ki, r\u0259ngl\u0259nir: \u201c\u0130lk d\u0259f\u0259 tez-t\u0259l\u0259sik \u00e7\u0259kdil\u0259r, tavanlar, divarlar he\u00e7 sudan qurumam\u0131\u015fd\u0131 onda. Sonra g\u00f6rd\u00fcl\u0259r yaram\u0131r, qa\u015f\u0131y\u0131b yenisini \u00e7\u0259kirl\u0259r&#8221;.\n  <\/div>\n<\/p>\n<p><div><\/div>\n<\/p>\n<p><div>\n    \u201c20 ildir ki, q\u0259pik-q\u0259pik pul y\u0131\u011f\u0131b, evi ev hal\u0131na salm\u0131\u015fd\u0131q. H\u0259r \u015feyimiz bir anda yan\u0131b getdi. Bu, m\u0259nim g\u00fcnah\u0131md\u0131r? Se\u00e7kil\u0259r olan zaman mill\u0259t v\u0259kill\u0259ri g\u0259lir, ancaq bel\u0259 i\u015f olanda birini burada g\u00f6rm\u0259zs\u0259n\u201d \u2013 deyir m\u0259nzilin sahib\u0259si T\u0259ran\u0259 \u018fliyeva.\n  <\/div>\n<\/p>\n<p><div><\/div>\n<\/p>\n<p><div>\n    Yan\u011f\u0131ndan z\u0259r\u0259r\u00e7\u0259kmi\u015f Z\u00fclfiyy\u0259 xan\u0131m is\u0259 ba\u015f nazirin m\u00fcavini Abid \u015e\u0259rifovun fikirl\u0259rind\u0259n naraz\u0131d\u0131r:\n  <\/div>\n<\/p>\n<p><div><\/div>\n<\/p>\n<p><div>\n    \u00a0\u201cAbid \u015e\u0259rifov g\u00f6r\u00fc\u015fd\u0259 qon\u015fulara deyib ki, siz \u00a0o binada ya\u015fayanlarla \u00f6z\u00fcn\u00fcz\u00fc m\u00fcqayis\u0259 etm\u0259yin. A\u011fl\u0131n\u0131z ora getm\u0259sin (may ay\u0131n\u0131n 19-da Bin\u0259q\u0259di rayonunda ba\u015f vermi\u015f yan\u011f\u0131n hadis\u0259si n\u0259z\u0259rd\u0259 tutulur -red.). Bu, n\u0259 dem\u0259kdir?! M\u0259nim g\u00fcnah\u0131md\u0131r ki, yan\u011f\u0131nda \u00f6lm\u0259mi\u015f\u0259m? Yoxsa b\u00fct\u00fcn bu yan\u011f\u0131nlar bizim g\u00fcnah\u0131m\u0131zd\u0131r? T\u0259bii ki, \u00f6l\u0259ni geri qaytarmaq olmaz. H\u0259min insanlar \u00fc\u00e7\u00fcn n\u0259 ets\u0259l\u0259r d\u0259 azd\u0131r. Amma bunlar\u0131n s\u00f6zl\u0259rind\u0259n el\u0259 \u00e7\u0131x\u0131r ki, sa\u011f insan\u0131n d\u0259y\u0259ri yoxdur\u201d.\n  <\/div>\n<\/p>\n<p><div><\/div>\n<\/p>\n<p><div>\n    T\u0259ran\u0259 \u018fliyevan\u0131n s\u00f6zl\u0259rin\u0259 g\u00f6r\u0259, may\u0131n 23-d\u0259 t\u0259mir i\u015fl\u0259ri dayand\u0131r\u0131l\u0131b. Buna s\u0259b\u0259b is\u0259 f\u0259hl\u0259l\u0259r\u0259 maa\u015f\u0131n\u0131n verilm\u0259m\u0259si, tikinti materiallar\u0131 alma\u011fa maddi v\u0259saitin olmamas\u0131dd\u0131r: \u201cF\u00f6vq\u0259lad\u0259 Hallar Nazirliyinin i\u015f\u00e7il\u0259ridir. Gedib \u015fikay\u0259t ed\u0259nd\u0259n sonra dey\u0259s\u0259n maa\u015flar\u0131n veribl\u0259r, bir g\u00fcn sonra yenid\u0259n t\u0259mir i\u015fl\u0259rini davam etdirdil\u0259r. Bir m\u0259mur da g\u0259lib yoxlam\u0131r. B\u0259s bunlar o oturduqlar\u0131 k\u00fcrs\u00fcn\u00fcn haqq\u0131n\u0131 xalqa verm\u0259lidirl\u0259r, ya yox?!\u201d\n  <\/div>\n<\/p>\n<p><div><\/div>\n<\/p>\n<p><div>\n    Bina sakinl\u0259ri may\u0131n 25-d\u0259 Bak\u0131 \u015f\u0259h\u0259r \u0130cra Hakimiyy\u0259tinin ba\u015f\u00e7\u0131s\u0131 Hac\u0131bala Abutal\u0131bovun da q\u0259bulunda olublar.\n  <\/div>\n<\/p>\n<p><div><\/div>\n<\/p>\n<p><div>\n    Sakinl\u0259rin s\u00f6zl\u0259rin\u0259 g\u00f6r\u0259, H.Abutal\u0131bov z\u0259r\u0259r\u00e7\u0259kmi\u015fl\u0259r haqq\u0131nda he\u00e7 bir m\u0259lumat almad\u0131\u011f\u0131n\u0131 deyib. Bundan sonra z\u0259r\u0259r\u00e7\u0259k\u0259nl\u0259r X\u0259tai rayon \u0130cra Hakimiyy\u0259tin\u0259 \u00fcz tutublar. \u00a0\u015eikayit\u00e7il\u0259ri icra ba\u015f\u00e7\u0131s\u0131n\u0131n m\u00fcavini q\u0259bul edib. Amma sakinl\u0259r icra ba\u015f\u00e7\u0131s\u0131 il\u0259 g\u00f6r\u00fc\u015fm\u0259k \u00fc\u00e7\u00fcn israr edibl\u0259r. Bir saatdan sonra icra ba\u015f\u00e7\u0131s\u0131 onlar\u0131 q\u0259bul edib.\n  <\/div>\n<\/p>\n<p><div><\/div>\n<\/p>\n<p><div>\n    &#8220;\u0130cra ba\u015f\u00e7\u0131s\u0131 da deyir ki, he\u00e7 n\u0259d\u0259n x\u0259b\u0259ri yoxdur, ona he\u00e7 bir siyah\u0131 verilm\u0259yib. Biz d\u0259 yenid\u0259n Bak\u0131 \u0130cra Hakimiyy\u0259tin\u0259 getdik. H.Abutal\u0131bov dedi ki, X\u0259tai \u0130cra Hakimiyy\u0259tin\u0259 tap\u015f\u0131r\u0131q veril\u0259c\u0259k, yax\u0131n bir ne\u00e7\u0259 g\u00fcn \u0259rzind\u0259 sakinl\u0259rin itirdiyi \u0259\u015fyalar\u0131n siyah\u0131s\u0131 meriyaya g\u00f6nd\u0259ril\u0259c\u0259k\u201d \u2013 dey\u0259 T\u0259ran\u0259 \u018fliyava bildirdi.\n  <\/div>\n<\/p>\n<p><div><\/div><\/p>\n","protected":false},"excerpt":{"rendered":"<p>Yanan binan\u0131n sakinl\u0259rin\u0259 d\u0259y\u0259n z\u0259r\u0259r hesablanmay\u0131b<\/p>\n","protected":false},"author":11,"featured_media":25249,"comment_status":"closed","ping_status":"open","sticky":false,"template":"","format":"standard","meta":{"_acf_changed":false,"_sitemap_exclude":false,"_sitemap_priority":"","_sitemap_frequency":"","footnotes":""},"categories":[56],"tags":[],"class_list":["post-168084","post","type-post","status-publish","format-standard","has-post-thumbnail","hentry","category-xeberler","infinite-scroll-item","generate-columns","tablet-grid-50","mobile-grid-100","grid-parent","grid-33","no-featured-image-padding"],"acf":[],"yoast_head":"<!-- This site is optimized with the Yoast SEO plugin v28.4 - https:\/\/yoast.com\/product\/yoast-seo-wordpress\/ -->\n<title>&quot;Abid \u015e\u0259rifov dedi ki, \u00f6z\u00fcn\u00fcz\u00fc o binan\u0131n sakinl\u0259ri il\u0259 m\u00fcqayis\u0259 etm\u0259yin&quot; - MEYDAN.TV<\/title>\n<meta name=\"robots\" content=\"index, follow, max-snippet:-1, max-image-preview:large, max-video-preview:-1\" \/>\n<link rel=\"canonical\" href=\"https:\/\/www.meydan.tv\/az\/article\/abid-serifov-dedi-ki-ozunuzu-o-binanin-sakinleri-ile-muqayise-etmeyin\/\" \/>\n<meta property=\"og:locale\" content=\"az_AZ\" \/>\n<meta property=\"og:type\" content=\"article\" \/>\n<meta property=\"og:title\" content=\"&quot;Abid \u015e\u0259rifov dedi ki, \u00f6z\u00fcn\u00fcz\u00fc o binan\u0131n sakinl\u0259ri il\u0259 m\u00fcqayis\u0259 etm\u0259yin&quot; - MEYDAN.TV\" \/>\n<meta property=\"og:description\" content=\"Yanan binan\u0131n sakinl\u0259rin\u0259 d\u0259y\u0259n z\u0259r\u0259r hesablanmay\u0131b\" \/>\n<meta property=\"og:url\" content=\"https:\/\/www.meydan.tv\/az\/article\/abid-serifov-dedi-ki-ozunuzu-o-binanin-sakinleri-ile-muqayise-etmeyin\/\" \/>\n<meta property=\"og:site_name\" content=\"MEYDAN.TV\" \/>\n<meta property=\"article:published_time\" content=\"2015-05-27T11:40:41+00:00\" \/>\n<meta property=\"og:image\" content=\"https:\/\/www.meydan.tv\/wp-content\/uploads\/9232.jpg\" \/>\n\t<meta property=\"og:image:width\" content=\"647\" \/>\n\t<meta property=\"og:image:height\" content=\"400\" \/>\n\t<meta property=\"og:image:type\" content=\"image\/jpeg\" \/>\n<meta name=\"twitter:card\" content=\"summary_large_image\" \/>\n<!-- \/ Yoast SEO plugin. -->","yoast_head_json":{"title":"\"Abid \u015e\u0259rifov dedi ki, \u00f6z\u00fcn\u00fcz\u00fc o binan\u0131n sakinl\u0259ri il\u0259 m\u00fcqayis\u0259 etm\u0259yin\" - MEYDAN.TV","robots":{"index":"index","follow":"follow","max-snippet":"max-snippet:-1","max-image-preview":"max-image-preview:large","max-video-preview":"max-video-preview:-1"},"canonical":"https:\/\/www.meydan.tv\/az\/article\/abid-serifov-dedi-ki-ozunuzu-o-binanin-sakinleri-ile-muqayise-etmeyin\/","og_locale":"az_AZ","og_type":"article","og_title":"\"Abid \u015e\u0259rifov dedi ki, \u00f6z\u00fcn\u00fcz\u00fc o binan\u0131n sakinl\u0259ri il\u0259 m\u00fcqayis\u0259 etm\u0259yin\" - MEYDAN.TV","og_description":"Yanan binan\u0131n sakinl\u0259rin\u0259 d\u0259y\u0259n z\u0259r\u0259r hesablanmay\u0131b","og_url":"https:\/\/www.meydan.tv\/az\/article\/abid-serifov-dedi-ki-ozunuzu-o-binanin-sakinleri-ile-muqayise-etmeyin\/","og_site_name":"MEYDAN.TV","article_published_time":"2015-05-27T11:40:41+00:00","og_image":[{"width":647,"height":400,"url":"https:\/\/www.meydan.tv\/wp-content\/uploads\/9232.jpg","type":"image\/jpeg"}],"twitter_card":"summary_large_image","schema":{"@context":"https:\/\/schema.org","@graph":[{"@type":"Article","@id":"https:\/\/www.meydan.tv\/az\/article\/abid-serifov-dedi-ki-ozunuzu-o-binanin-sakinleri-ile-muqayise-etmeyin\/#article","isPartOf":{"@id":"https:\/\/www.meydan.tv\/az\/article\/abid-serifov-dedi-ki-ozunuzu-o-binanin-sakinleri-ile-muqayise-etmeyin\/"},"author":{"name":"user-manager","@id":"https:\/\/www.meydan.tv\/az\/#\/schema\/person\/10d11eccf6da3662cf5fdab9806ea91a"},"headline":"&#8220;Abid \u015e\u0259rifov dedi ki, \u00f6z\u00fcn\u00fcz\u00fc o binan\u0131n sakinl\u0259ri il\u0259 m\u00fcqayis\u0259 etm\u0259yin&#8221;","datePublished":"2015-05-27T11:40:41+00:00","mainEntityOfPage":{"@id":"https:\/\/www.meydan.tv\/az\/article\/abid-serifov-dedi-ki-ozunuzu-o-binanin-sakinleri-ile-muqayise-etmeyin\/"},"wordCount":866,"publisher":{"@id":"https:\/\/www.meydan.tv\/az\/#organization"},"image":{"@id":"https:\/\/www.meydan.tv\/az\/article\/abid-serifov-dedi-ki-ozunuzu-o-binanin-sakinleri-ile-muqayise-etmeyin\/#primaryimage"},"thumbnailUrl":"https:\/\/www.meydan.tv\/wp-content\/uploads\/9232.jpg","articleSection":["X\u0259b\u0259rl\u0259r"],"inLanguage":"az"},{"@type":"WebPage","@id":"https:\/\/www.meydan.tv\/az\/article\/abid-serifov-dedi-ki-ozunuzu-o-binanin-sakinleri-ile-muqayise-etmeyin\/","url":"https:\/\/www.meydan.tv\/az\/article\/abid-serifov-dedi-ki-ozunuzu-o-binanin-sakinleri-ile-muqayise-etmeyin\/","name":"\"Abid \u015e\u0259rifov dedi ki, \u00f6z\u00fcn\u00fcz\u00fc o binan\u0131n sakinl\u0259ri il\u0259 m\u00fcqayis\u0259 etm\u0259yin\" - MEYDAN.TV","isPartOf":{"@id":"https:\/\/www.meydan.tv\/az\/#website"},"primaryImageOfPage":{"@id":"https:\/\/www.meydan.tv\/az\/article\/abid-serifov-dedi-ki-ozunuzu-o-binanin-sakinleri-ile-muqayise-etmeyin\/#primaryimage"},"image":{"@id":"https:\/\/www.meydan.tv\/az\/article\/abid-serifov-dedi-ki-ozunuzu-o-binanin-sakinleri-ile-muqayise-etmeyin\/#primaryimage"},"thumbnailUrl":"https:\/\/www.meydan.tv\/wp-content\/uploads\/9232.jpg","datePublished":"2015-05-27T11:40:41+00:00","breadcrumb":{"@id":"https:\/\/www.meydan.tv\/az\/article\/abid-serifov-dedi-ki-ozunuzu-o-binanin-sakinleri-ile-muqayise-etmeyin\/#breadcrumb"},"inLanguage":"az","potentialAction":[{"@type":"ReadAction","target":["https:\/\/www.meydan.tv\/az\/article\/abid-serifov-dedi-ki-ozunuzu-o-binanin-sakinleri-ile-muqayise-etmeyin\/"]}]},{"@type":"ImageObject","inLanguage":"az","@id":"https:\/\/www.meydan.tv\/az\/article\/abid-serifov-dedi-ki-ozunuzu-o-binanin-sakinleri-ile-muqayise-etmeyin\/#primaryimage","url":"https:\/\/www.meydan.tv\/wp-content\/uploads\/9232.jpg","contentUrl":"https:\/\/www.meydan.tv\/wp-content\/uploads\/9232.jpg","width":647,"height":400,"caption":"Source:"},{"@type":"BreadcrumbList","@id":"https:\/\/www.meydan.tv\/az\/article\/abid-serifov-dedi-ki-ozunuzu-o-binanin-sakinleri-ile-muqayise-etmeyin\/#breadcrumb","itemListElement":[{"@type":"ListItem","position":1,"name":"Ana s\u0259hif\u0259","item":"https:\/\/www.meydan.tv\/az\/"},{"@type":"ListItem","position":2,"name":"X\u0259b\u0259rl\u0259r","item":"https:\/\/www.meydan.tv\/az\/section\/xeberler\/"},{"@type":"ListItem","position":3,"name":"&#8220;Abid \u015e\u0259rifov dedi ki, \u00f6z\u00fcn\u00fcz\u00fc o binan\u0131n sakinl\u0259ri il\u0259 m\u00fcqayis\u0259 etm\u0259yin&#8221;"}]},{"@type":"WebSite","@id":"https:\/\/www.meydan.tv\/az\/#website","url":"https:\/\/www.meydan.tv\/az\/","name":"MEYDAN.TV","description":"Meydan TV Az\u0259rbaycan\u0131n media m\u0259kan\u0131ndak\u0131 alternativ s\u0259sidir","publisher":{"@id":"https:\/\/www.meydan.tv\/az\/#organization"},"potentialAction":[{"@type":"SearchAction","target":{"@type":"EntryPoint","urlTemplate":"https:\/\/www.meydan.tv\/az\/?s={search_term_string}"},"query-input":{"@type":"PropertyValueSpecification","valueRequired":true,"valueName":"search_term_string"}}],"inLanguage":"az"},{"@type":"Organization","@id":"https:\/\/www.meydan.tv\/az\/#organization","name":"Meydan TV","url":"https:\/\/www.meydan.tv\/az\/","logo":{"@type":"ImageObject","inLanguage":"az","@id":"https:\/\/www.meydan.tv\/az\/#\/schema\/logo\/image\/","url":"https:\/\/www.meydan.tv\/wp-content\/uploads\/2021\/07\/meydan-logo.svg","contentUrl":"https:\/\/www.meydan.tv\/wp-content\/uploads\/2021\/07\/meydan-logo.svg","width":195,"height":46,"caption":"Meydan TV"},"image":{"@id":"https:\/\/www.meydan.tv\/az\/#\/schema\/logo\/image\/"}},{"@type":"Person","@id":"https:\/\/www.meydan.tv\/az\/#\/schema\/person\/10d11eccf6da3662cf5fdab9806ea91a","name":"user-manager"}]}},"_links":{"self":[{"href":"https:\/\/www.meydan.tv\/az\/wp-json\/wp\/v2\/posts\/168084","targetHints":{"allow":["GET"]}}],"collection":[{"href":"https:\/\/www.meydan.tv\/az\/wp-json\/wp\/v2\/posts"}],"about":[{"href":"https:\/\/www.meydan.tv\/az\/wp-json\/wp\/v2\/types\/post"}],"author":[{"embeddable":true,"href":"https:\/\/www.meydan.tv\/az\/wp-json\/wp\/v2\/users\/11"}],"replies":[{"embeddable":true,"href":"https:\/\/www.meydan.tv\/az\/wp-json\/wp\/v2\/comments?post=168084"}],"version-history":[{"count":0,"href":"https:\/\/www.meydan.tv\/az\/wp-json\/wp\/v2\/posts\/168084\/revisions"}],"wp:featuredmedia":[{"embeddable":true,"href":"https:\/\/www.meydan.tv\/az\/wp-json\/wp\/v2\/media\/25249"}],"wp:attachment":[{"href":"https:\/\/www.meydan.tv\/az\/wp-json\/wp\/v2\/media?parent=168084"}],"wp:term":[{"taxonomy":"category","embeddable":true,"href":"https:\/\/www.meydan.tv\/az\/wp-json\/wp\/v2\/categories?post=168084"},{"taxonomy":"post_tag","embeddable":true,"href":"https:\/\/www.meydan.tv\/az\/wp-json\/wp\/v2\/tags?post=168084"}],"curies":[{"name":"wp","href":"https:\/\/api.w.org\/{rel}","templated":true}]}}