{"id":168075,"date":"2015-05-26T20:03:04","date_gmt":"2015-05-26T20:03:04","guid":{"rendered":"https:\/\/www.meydan.tv\/article\/ermenistan-avropa-oyunlarina-25-idmanci-gonderecek\/"},"modified":"2015-05-26T20:03:04","modified_gmt":"2015-05-26T20:03:04","slug":"ermenistan-avropa-oyunlarina-25-idmanci-gonderecek","status":"publish","type":"post","link":"https:\/\/www.meydan.tv\/az\/article\/ermenistan-avropa-oyunlarina-25-idmanci-gonderecek\/","title":{"rendered":"Erm\u0259nistan Avropa Oyunlar\u0131na 25 idman\u00e7\u0131 g\u00f6nd\u0259r\u0259c\u0259k"},"content":{"rendered":"<figure class=\"wp-block-image size-large\">\n  <img decoding=\"async\" src=\"https:\/\/www.meydan.tv\/az\/25177\/\" alt=\"\" class=\"wp-image-25177\"\/><figcaption><\/figcaption><\/figure>\n<figure class=\"wp-block-image size-large\">\n  <img decoding=\"async\" src=\"https:\/\/www.meydan.tv\/az\/25177\/\" alt=\"\" class=\"wp-image-25177\"\/><figcaption><\/figcaption><\/figure>\n<p>\n  <i><br \/>\n    &#8220;Maliyy\u0259 v\u0259 t\u0259\u015fkilati m\u0259s\u0259l\u0259l\u0259rl\u0259 ba\u011fl\u0131 problem yoxdur, b\u00fct\u00fcn bu m\u0259s\u0259l\u0259l\u0259r Erm\u0259nistan MOK prezidenti Qagik Tsarukyan t\u0259r\u0259find\u0259n h\u0259ll edilib&#8221;<br \/>\n  <\/i>\n<\/p>\n<p>\n  Bak\u0131da ke\u00e7iril\u0259c\u0259k Avropa Oyunlar\u0131nda Erm\u0259nistan\u0131n n\u00fcmay\u0259nd\u0259 hey\u0259ti 25 idman\u00e7\u0131dan ibar\u0259t olacaq. Bu bar\u0259d\u0259 may\u0131n 26-da Erm\u0259nistan Milli Olimpiya Komit\u0259sinin ba\u015f katibi Ra\u00e7ya Rostomyan jurnalistl\u0259r\u0259 bildirib.\n<\/p>\n<p>\n  20 idman n\u00f6v\u00fc \u00fczr\u0259 253 d\u0259st medal\u0131n qazan\u0131lmas\u0131 \u00fczr\u0259 yar\u0131\u015flarda 6 min idman\u00e7\u0131n\u0131n i\u015ftirak\u0131 g\u00f6zl\u0259nilir.\n<\/p>\n<p>\n  Rostomyan bildirib ki, Yunan-Roma g\u00fcl\u0259\u015fi, taekvondo, sambo, c\u00fcdo, boks v\u0259 at\u0131c\u0131l\u0131q \u00fczr\u0259 medallara iddia ed\u0259n Erm\u0259nistan idman\u00e7\u0131lar\u0131n\u0131n birinci qrupu iyunun 10-da Az\u0259rbaycana g\u0259l\u0259c\u0259k.\n<\/p>\n<p>\n  Onun s\u00f6zl\u0259rin\u0259 g\u00f6r\u0259, erm\u0259ni idman\u00e7\u0131lar\u0131n t\u0259hl\u00fck\u0259sizliyi, maliyy\u0259 v\u0259 t\u0259\u015fkilati m\u0259s\u0259l\u0259l\u0259rl\u0259 ba\u011fl\u0131 problem yoxdur, b\u00fct\u00fcn bu m\u0259s\u0259l\u0259l\u0259r Erm\u0259nistan MOK prezidenti Qagik Tsarukyan t\u0259r\u0259find\u0259n h\u0259ll edilib. Bununla bel\u0259, Rostomyan jurnalistl\u0259ri v\u0259 h\u0259mv\u0259t\u0259nl\u0259rini erm\u0259ni idman\u00e7\u0131lar\u0131n psixoloji v\u0259ziyy\u0259tind\u0259n narahat olmama\u011fa \u00e7a\u011f\u0131r\u0131b, onlara yaln\u0131z azarke\u015fl\u0259rin d\u0259st\u0259yi laz\u0131m olacaq.\n<\/p><\/p>\n","protected":false},"excerpt":{"rendered":"<p>&#8220;Maliyy\u0259 v\u0259 t\u0259\u015fkilati m\u0259s\u0259l\u0259l\u0259rl\u0259 ba\u011fl\u0131 problem yoxdur, b\u00fct\u00fcn bu m\u0259s\u0259l\u0259l\u0259r Erm\u0259nistan MOK prezidenti Qagik Tsarukyan t\u0259r\u0259find\u0259n h\u0259ll edilib&#8221;<\/p>\n","protected":false},"author":11,"featured_media":25177,"comment_status":"closed","ping_status":"open","sticky":false,"template":"","format":"standard","meta":{"_acf_changed":false,"_sitemap_exclude":false,"_sitemap_priority":"","_sitemap_frequency":"","footnotes":""},"categories":[56],"tags":[],"class_list":["post-168075","post","type-post","status-publish","format-standard","has-post-thumbnail","hentry","category-xeberler","infinite-scroll-item","generate-columns","tablet-grid-50","mobile-grid-100","grid-parent","grid-33","no-featured-image-padding"],"acf":[],"yoast_head":"<!-- This site is optimized with the Yoast SEO plugin v28.4 - https:\/\/yoast.com\/product\/yoast-seo-wordpress\/ -->\n<title>Erm\u0259nistan Avropa Oyunlar\u0131na 25 idman\u00e7\u0131 g\u00f6nd\u0259r\u0259c\u0259k - MEYDAN.TV<\/title>\n<meta name=\"robots\" content=\"index, follow, max-snippet:-1, max-image-preview:large, max-video-preview:-1\" \/>\n<link rel=\"canonical\" href=\"https:\/\/www.meydan.tv\/az\/article\/ermenistan-avropa-oyunlarina-25-idmanci-gonderecek\/\" \/>\n<meta property=\"og:locale\" content=\"az_AZ\" \/>\n<meta property=\"og:type\" content=\"article\" \/>\n<meta property=\"og:title\" content=\"Erm\u0259nistan Avropa Oyunlar\u0131na 25 idman\u00e7\u0131 g\u00f6nd\u0259r\u0259c\u0259k - MEYDAN.TV\" \/>\n<meta property=\"og:description\" content=\"&quot;Maliyy\u0259 v\u0259 t\u0259\u015fkilati m\u0259s\u0259l\u0259l\u0259rl\u0259 ba\u011fl\u0131 problem yoxdur, b\u00fct\u00fcn bu m\u0259s\u0259l\u0259l\u0259r Erm\u0259nistan MOK prezidenti Qagik Tsarukyan t\u0259r\u0259find\u0259n h\u0259ll edilib&quot;\" \/>\n<meta property=\"og:url\" content=\"https:\/\/www.meydan.tv\/az\/article\/ermenistan-avropa-oyunlarina-25-idmanci-gonderecek\/\" \/>\n<meta property=\"og:site_name\" content=\"MEYDAN.TV\" \/>\n<meta property=\"article:published_time\" content=\"2015-05-26T20:03:04+00:00\" \/>\n<meta property=\"og:image\" content=\"https:\/\/www.meydan.tv\/wp-content\/uploads\/9208.jpg\" \/>\n\t<meta property=\"og:image:width\" content=\"588\" \/>\n\t<meta property=\"og:image:height\" content=\"345\" \/>\n\t<meta property=\"og:image:type\" content=\"image\/jpeg\" \/>\n<meta name=\"twitter:card\" content=\"summary_large_image\" \/>\n<!-- \/ Yoast SEO plugin. -->","yoast_head_json":{"title":"Erm\u0259nistan Avropa Oyunlar\u0131na 25 idman\u00e7\u0131 g\u00f6nd\u0259r\u0259c\u0259k - MEYDAN.TV","robots":{"index":"index","follow":"follow","max-snippet":"max-snippet:-1","max-image-preview":"max-image-preview:large","max-video-preview":"max-video-preview:-1"},"canonical":"https:\/\/www.meydan.tv\/az\/article\/ermenistan-avropa-oyunlarina-25-idmanci-gonderecek\/","og_locale":"az_AZ","og_type":"article","og_title":"Erm\u0259nistan Avropa Oyunlar\u0131na 25 idman\u00e7\u0131 g\u00f6nd\u0259r\u0259c\u0259k - MEYDAN.TV","og_description":"\"Maliyy\u0259 v\u0259 t\u0259\u015fkilati m\u0259s\u0259l\u0259l\u0259rl\u0259 ba\u011fl\u0131 problem yoxdur, b\u00fct\u00fcn bu m\u0259s\u0259l\u0259l\u0259r Erm\u0259nistan MOK prezidenti Qagik Tsarukyan t\u0259r\u0259find\u0259n h\u0259ll edilib\"","og_url":"https:\/\/www.meydan.tv\/az\/article\/ermenistan-avropa-oyunlarina-25-idmanci-gonderecek\/","og_site_name":"MEYDAN.TV","article_published_time":"2015-05-26T20:03:04+00:00","og_image":[{"width":588,"height":345,"url":"https:\/\/www.meydan.tv\/wp-content\/uploads\/9208.jpg","type":"image\/jpeg"}],"twitter_card":"summary_large_image","schema":{"@context":"https:\/\/schema.org","@graph":[{"@type":"Article","@id":"https:\/\/www.meydan.tv\/az\/article\/ermenistan-avropa-oyunlarina-25-idmanci-gonderecek\/#article","isPartOf":{"@id":"https:\/\/www.meydan.tv\/az\/article\/ermenistan-avropa-oyunlarina-25-idmanci-gonderecek\/"},"author":{"name":"user-manager","@id":"https:\/\/www.meydan.tv\/az\/#\/schema\/person\/10d11eccf6da3662cf5fdab9806ea91a"},"headline":"Erm\u0259nistan Avropa Oyunlar\u0131na 25 idman\u00e7\u0131 g\u00f6nd\u0259r\u0259c\u0259k","datePublished":"2015-05-26T20:03:04+00:00","mainEntityOfPage":{"@id":"https:\/\/www.meydan.tv\/az\/article\/ermenistan-avropa-oyunlarina-25-idmanci-gonderecek\/"},"wordCount":237,"publisher":{"@id":"https:\/\/www.meydan.tv\/az\/#organization"},"image":{"@id":"https:\/\/www.meydan.tv\/az\/article\/ermenistan-avropa-oyunlarina-25-idmanci-gonderecek\/#primaryimage"},"thumbnailUrl":"https:\/\/www.meydan.tv\/wp-content\/uploads\/9208.jpg","articleSection":["X\u0259b\u0259rl\u0259r"],"inLanguage":"az"},{"@type":"WebPage","@id":"https:\/\/www.meydan.tv\/az\/article\/ermenistan-avropa-oyunlarina-25-idmanci-gonderecek\/","url":"https:\/\/www.meydan.tv\/az\/article\/ermenistan-avropa-oyunlarina-25-idmanci-gonderecek\/","name":"Erm\u0259nistan Avropa Oyunlar\u0131na 25 idman\u00e7\u0131 g\u00f6nd\u0259r\u0259c\u0259k - MEYDAN.TV","isPartOf":{"@id":"https:\/\/www.meydan.tv\/az\/#website"},"primaryImageOfPage":{"@id":"https:\/\/www.meydan.tv\/az\/article\/ermenistan-avropa-oyunlarina-25-idmanci-gonderecek\/#primaryimage"},"image":{"@id":"https:\/\/www.meydan.tv\/az\/article\/ermenistan-avropa-oyunlarina-25-idmanci-gonderecek\/#primaryimage"},"thumbnailUrl":"https:\/\/www.meydan.tv\/wp-content\/uploads\/9208.jpg","datePublished":"2015-05-26T20:03:04+00:00","breadcrumb":{"@id":"https:\/\/www.meydan.tv\/az\/article\/ermenistan-avropa-oyunlarina-25-idmanci-gonderecek\/#breadcrumb"},"inLanguage":"az","potentialAction":[{"@type":"ReadAction","target":["https:\/\/www.meydan.tv\/az\/article\/ermenistan-avropa-oyunlarina-25-idmanci-gonderecek\/"]}]},{"@type":"ImageObject","inLanguage":"az","@id":"https:\/\/www.meydan.tv\/az\/article\/ermenistan-avropa-oyunlarina-25-idmanci-gonderecek\/#primaryimage","url":"https:\/\/www.meydan.tv\/wp-content\/uploads\/9208.jpg","contentUrl":"https:\/\/www.meydan.tv\/wp-content\/uploads\/9208.jpg","width":588,"height":345,"caption":"Source:"},{"@type":"BreadcrumbList","@id":"https:\/\/www.meydan.tv\/az\/article\/ermenistan-avropa-oyunlarina-25-idmanci-gonderecek\/#breadcrumb","itemListElement":[{"@type":"ListItem","position":1,"name":"Ana s\u0259hif\u0259","item":"https:\/\/www.meydan.tv\/az\/"},{"@type":"ListItem","position":2,"name":"X\u0259b\u0259rl\u0259r","item":"https:\/\/www.meydan.tv\/az\/section\/xeberler\/"},{"@type":"ListItem","position":3,"name":"Erm\u0259nistan Avropa Oyunlar\u0131na 25 idman\u00e7\u0131 g\u00f6nd\u0259r\u0259c\u0259k"}]},{"@type":"WebSite","@id":"https:\/\/www.meydan.tv\/az\/#website","url":"https:\/\/www.meydan.tv\/az\/","name":"MEYDAN.TV","description":"Meydan TV Az\u0259rbaycan\u0131n media m\u0259kan\u0131ndak\u0131 alternativ s\u0259sidir","publisher":{"@id":"https:\/\/www.meydan.tv\/az\/#organization"},"potentialAction":[{"@type":"SearchAction","target":{"@type":"EntryPoint","urlTemplate":"https:\/\/www.meydan.tv\/az\/?s={search_term_string}"},"query-input":{"@type":"PropertyValueSpecification","valueRequired":true,"valueName":"search_term_string"}}],"inLanguage":"az"},{"@type":"Organization","@id":"https:\/\/www.meydan.tv\/az\/#organization","name":"Meydan TV","url":"https:\/\/www.meydan.tv\/az\/","logo":{"@type":"ImageObject","inLanguage":"az","@id":"https:\/\/www.meydan.tv\/az\/#\/schema\/logo\/image\/","url":"https:\/\/www.meydan.tv\/wp-content\/uploads\/2021\/07\/meydan-logo.svg","contentUrl":"https:\/\/www.meydan.tv\/wp-content\/uploads\/2021\/07\/meydan-logo.svg","width":195,"height":46,"caption":"Meydan TV"},"image":{"@id":"https:\/\/www.meydan.tv\/az\/#\/schema\/logo\/image\/"}},{"@type":"Person","@id":"https:\/\/www.meydan.tv\/az\/#\/schema\/person\/10d11eccf6da3662cf5fdab9806ea91a","name":"user-manager"}]}},"_links":{"self":[{"href":"https:\/\/www.meydan.tv\/az\/wp-json\/wp\/v2\/posts\/168075","targetHints":{"allow":["GET"]}}],"collection":[{"href":"https:\/\/www.meydan.tv\/az\/wp-json\/wp\/v2\/posts"}],"about":[{"href":"https:\/\/www.meydan.tv\/az\/wp-json\/wp\/v2\/types\/post"}],"author":[{"embeddable":true,"href":"https:\/\/www.meydan.tv\/az\/wp-json\/wp\/v2\/users\/11"}],"replies":[{"embeddable":true,"href":"https:\/\/www.meydan.tv\/az\/wp-json\/wp\/v2\/comments?post=168075"}],"version-history":[{"count":0,"href":"https:\/\/www.meydan.tv\/az\/wp-json\/wp\/v2\/posts\/168075\/revisions"}],"wp:featuredmedia":[{"embeddable":true,"href":"https:\/\/www.meydan.tv\/az\/wp-json\/wp\/v2\/media\/25177"}],"wp:attachment":[{"href":"https:\/\/www.meydan.tv\/az\/wp-json\/wp\/v2\/media?parent=168075"}],"wp:term":[{"taxonomy":"category","embeddable":true,"href":"https:\/\/www.meydan.tv\/az\/wp-json\/wp\/v2\/categories?post=168075"},{"taxonomy":"post_tag","embeddable":true,"href":"https:\/\/www.meydan.tv\/az\/wp-json\/wp\/v2\/tags?post=168075"}],"curies":[{"name":"wp","href":"https:\/\/api.w.org\/{rel}","templated":true}]}}