{"id":168074,"date":"2015-05-26T18:01:11","date_gmt":"2015-05-26T18:01:11","guid":{"rendered":"https:\/\/www.meydan.tv\/article\/elmar-memmedyarov-azerbaycan-seckilere-musahideciler-devet-etmek-meselesini-helelik-hell-etmeyib\/"},"modified":"2015-05-26T18:01:11","modified_gmt":"2015-05-26T18:01:11","slug":"elmar-memmedyarov-azerbaycan-seckilere-musahideciler-devet-etmek-meselesini-helelik-hell-etmeyib","status":"publish","type":"post","link":"https:\/\/www.meydan.tv\/az\/article\/elmar-memmedyarov-azerbaycan-seckilere-musahideciler-devet-etmek-meselesini-helelik-hell-etmeyib\/","title":{"rendered":"Elmar M\u0259mm\u0259dyarov: \u201cAz\u0259rbaycan se\u00e7kil\u0259r\u0259 m\u00fc\u015fahid\u0259\u00e7il\u0259r d\u0259v\u0259t etm\u0259k m\u0259s\u0259l\u0259sini h\u0259l\u0259lik h\u0259ll etm\u0259yib\u201d"},"content":{"rendered":"<figure class=\"wp-block-image size-large\">\n  <img decoding=\"async\" src=\"https:\/\/www.meydan.tv\/az\/25180\/\" alt=\"\" class=\"wp-image-25180\"\/><figcaption><\/figcaption><\/figure>\n<figure class=\"wp-block-image size-large\">\n  <img decoding=\"async\" src=\"https:\/\/www.meydan.tv\/az\/25180\/\" alt=\"\" class=\"wp-image-25180\"\/><figcaption><\/figcaption><\/figure>\n<p>\n  <i><br \/>\n    \u201cB\u00f6y\u00fck t\u0259\u0259ss\u00fcfl\u0259 deyim ki, b\u0259zi beyn\u0259lxalq t\u0259\u015fkilatlar\u0131n t\u0259tbiq etdikl\u0259ri b\u0259zi standartlar d\u00f6vl\u0259tl\u0259ri \u201cyax\u015f\u0131\u201d v\u0259 \u201cpis\u201d\u0259 ay\u0131r\u0131b\u201d<br \/>\n  <\/i>\n<\/p>\n<p>\n  \u201cRossiya-24\u201d telekanal\u0131n\u0131n \u201cAz\u0259rbaycan 2015-ci ilin noyabr\u0131nda ke\u00e7iril\u0259c\u0259k parlament se\u00e7kil\u0259rin\u0259 rusiyal\u0131 m\u00fc\u015fahid\u0259\u00e7il\u0259ri d\u0259v\u0259t etm\u0259k niyy\u0259tind\u0259dir?\u201d\u00a0 sual\u0131n\u0131n cavab\u0131nda Az\u0259rbaycan X\u0130N r\u0259hb\u0259ri Elmar M\u0259mm\u0259dyaov deyib ki,\u00a0 h\u0259l\u0259lik bu m\u0259s\u0259l\u0259 m\u00fczakir\u0259 edilmir.\n<\/p>\n<p>\n  \u201cBilmir\u0259m, se\u00e7kil\u0259r\u0259 h\u0259l\u0259 \u00e7ox var, m\u00fc\u015fahid\u0259\u00e7il\u0259rl\u0259 ba\u011fl\u0131 n\u0259 etm\u0259k laz\u0131m oldu\u011funu m\u00fczakir\u0259 ed\u0259c\u0259yik\u201d, &#8211; o bildirib.\n<\/p>\n<p>\n  Sonra o i\u015far\u0259 edib ki, xarici m\u00fc\u015fahid\u0259\u00e7il\u0259rin se\u00e7kil\u0259ri monitorinq etm\u0259si Bak\u0131n\u0131 \u0259s\u0259bil\u0259\u015fdirir v\u0259 onun\u00a0 \u00fc\u00e7\u00fcn ba\u015fa\u011fr\u0131s\u0131 yarad\u0131r.\n<\/p>\n<p>\n  \u201cB\u00f6y\u00fck t\u0259\u0259ss\u00fcfl\u0259 deyim ki, b\u0259zi beyn\u0259lxalq t\u0259\u015fkilatlar\u0131n t\u0259tbiq etdikl\u0259ri b\u0259zi standartlar d\u00f6vl\u0259tl\u0259ri \u201cyax\u015f\u0131\u201d v\u0259 \u201cpis\u201d\u0259 ay\u0131r\u0131b\u201d, &#8211; nazir vur\u011fulay\u0131b.\n<\/p>\n<p>\n  Az\u0259rbaycan\u0131 t\u0259nqid ed\u0259nl\u0259r s\u0259sverm\u0259 zaman\u0131 bir n\u0259f\u0259rin se\u00e7ki qutusuna 12 b\u00fclleten atmas\u0131 kimi \u201cg\u00fcl\u00fcnc d\u0259lill\u0259r axtar\u0131rlar\u201d.\n<\/p>\n<p>\n  \u201cLakin m\u0259s\u0259l\u0259 t\u0259nqidd\u0259 deyil, 1990-c\u0131 ild\u0259n sonra demokratik islahatlar kontekstind\u0259 qurulmu\u015f sistemin \u00f6z\u00fcnd\u0259dir. Bu, art\u0131q \u00f6z\u00fcn\u00fc do\u011frultmur. Bir q\u0259d\u0259r toxunulmaz hesab olunan d\u00f6vl\u0259tl\u0259r m\u00fc\u0259yy\u0259n edib k, onlar da ist\u0259dikl\u0259ri kimi h\u0259r\u0259k\u0259t edirl\u0259r, \u00f6zl\u0259rin\u0259 s\u0259rf etdiyi kimi t\u0259nqid etm\u0259k \u00fc\u00e7\u00fcn ba\u015fqa \u00f6lk\u0259l\u0259r var. Ona g\u00f6r\u0259 d\u0259 daha effektiv olan sistemin \u00f6z\u00fcn\u00fc d\u00fc\u015f\u00fcnm\u0259k laz\u0131md\u0131r\u201d, &#8211; nazir qeyd edib.<\/p>\n","protected":false},"excerpt":{"rendered":"<p>\u201cB\u00f6y\u00fck t\u0259\u0259ss\u00fcfl\u0259 deyim ki, b\u0259zi beyn\u0259lxalq t\u0259\u015fkilatlar\u0131n t\u0259tbiq etdikl\u0259ri b\u0259zi standartlar d\u00f6vl\u0259tl\u0259ri \u201cyax\u015f\u0131\u201d v\u0259 \u201cpis\u201d\u0259 ay\u0131r\u0131b\u201d<\/p>\n","protected":false},"author":11,"featured_media":25180,"comment_status":"closed","ping_status":"open","sticky":false,"template":"","format":"standard","meta":{"_acf_changed":false,"_sitemap_exclude":false,"_sitemap_priority":"","_sitemap_frequency":"","footnotes":""},"categories":[56],"tags":[],"class_list":["post-168074","post","type-post","status-publish","format-standard","has-post-thumbnail","hentry","category-xeberler","infinite-scroll-item","generate-columns","tablet-grid-50","mobile-grid-100","grid-parent","grid-33","no-featured-image-padding"],"acf":[],"yoast_head":"<!-- This site is optimized with the Yoast SEO plugin v28.4 - https:\/\/yoast.com\/product\/yoast-seo-wordpress\/ -->\n<title>Elmar M\u0259mm\u0259dyarov: \u201cAz\u0259rbaycan se\u00e7kil\u0259r\u0259 m\u00fc\u015fahid\u0259\u00e7il\u0259r d\u0259v\u0259t etm\u0259k m\u0259s\u0259l\u0259sini h\u0259l\u0259lik h\u0259ll etm\u0259yib\u201d - MEYDAN.TV<\/title>\n<meta name=\"robots\" content=\"index, follow, max-snippet:-1, max-image-preview:large, max-video-preview:-1\" \/>\n<link rel=\"canonical\" href=\"https:\/\/www.meydan.tv\/az\/article\/elmar-memmedyarov-azerbaycan-seckilere-musahideciler-devet-etmek-meselesini-helelik-hell-etmeyib\/\" \/>\n<meta property=\"og:locale\" content=\"az_AZ\" \/>\n<meta property=\"og:type\" content=\"article\" \/>\n<meta property=\"og:title\" content=\"Elmar M\u0259mm\u0259dyarov: \u201cAz\u0259rbaycan se\u00e7kil\u0259r\u0259 m\u00fc\u015fahid\u0259\u00e7il\u0259r d\u0259v\u0259t etm\u0259k m\u0259s\u0259l\u0259sini h\u0259l\u0259lik h\u0259ll etm\u0259yib\u201d - MEYDAN.TV\" \/>\n<meta property=\"og:description\" content=\"\u201cB\u00f6y\u00fck t\u0259\u0259ss\u00fcfl\u0259 deyim ki, b\u0259zi beyn\u0259lxalq t\u0259\u015fkilatlar\u0131n t\u0259tbiq etdikl\u0259ri b\u0259zi standartlar d\u00f6vl\u0259tl\u0259ri \u201cyax\u015f\u0131\u201d v\u0259 \u201cpis\u201d\u0259 ay\u0131r\u0131b\u201d\" \/>\n<meta property=\"og:url\" content=\"https:\/\/www.meydan.tv\/az\/article\/elmar-memmedyarov-azerbaycan-seckilere-musahideciler-devet-etmek-meselesini-helelik-hell-etmeyib\/\" \/>\n<meta property=\"og:site_name\" content=\"MEYDAN.TV\" \/>\n<meta property=\"article:published_time\" content=\"2015-05-26T18:01:11+00:00\" \/>\n<meta property=\"og:image\" content=\"https:\/\/www.meydan.tv\/wp-content\/uploads\/9207.jpg\" \/>\n\t<meta property=\"og:image:width\" content=\"467\" \/>\n\t<meta property=\"og:image:height\" content=\"350\" \/>\n\t<meta property=\"og:image:type\" content=\"image\/jpeg\" \/>\n<meta name=\"twitter:card\" content=\"summary_large_image\" \/>\n<!-- \/ Yoast SEO plugin. -->","yoast_head_json":{"title":"Elmar M\u0259mm\u0259dyarov: \u201cAz\u0259rbaycan se\u00e7kil\u0259r\u0259 m\u00fc\u015fahid\u0259\u00e7il\u0259r d\u0259v\u0259t etm\u0259k m\u0259s\u0259l\u0259sini h\u0259l\u0259lik h\u0259ll etm\u0259yib\u201d - MEYDAN.TV","robots":{"index":"index","follow":"follow","max-snippet":"max-snippet:-1","max-image-preview":"max-image-preview:large","max-video-preview":"max-video-preview:-1"},"canonical":"https:\/\/www.meydan.tv\/az\/article\/elmar-memmedyarov-azerbaycan-seckilere-musahideciler-devet-etmek-meselesini-helelik-hell-etmeyib\/","og_locale":"az_AZ","og_type":"article","og_title":"Elmar M\u0259mm\u0259dyarov: \u201cAz\u0259rbaycan se\u00e7kil\u0259r\u0259 m\u00fc\u015fahid\u0259\u00e7il\u0259r d\u0259v\u0259t etm\u0259k m\u0259s\u0259l\u0259sini h\u0259l\u0259lik h\u0259ll etm\u0259yib\u201d - MEYDAN.TV","og_description":"\u201cB\u00f6y\u00fck t\u0259\u0259ss\u00fcfl\u0259 deyim ki, b\u0259zi beyn\u0259lxalq t\u0259\u015fkilatlar\u0131n t\u0259tbiq etdikl\u0259ri b\u0259zi standartlar d\u00f6vl\u0259tl\u0259ri \u201cyax\u015f\u0131\u201d v\u0259 \u201cpis\u201d\u0259 ay\u0131r\u0131b\u201d","og_url":"https:\/\/www.meydan.tv\/az\/article\/elmar-memmedyarov-azerbaycan-seckilere-musahideciler-devet-etmek-meselesini-helelik-hell-etmeyib\/","og_site_name":"MEYDAN.TV","article_published_time":"2015-05-26T18:01:11+00:00","og_image":[{"width":467,"height":350,"url":"https:\/\/www.meydan.tv\/wp-content\/uploads\/9207.jpg","type":"image\/jpeg"}],"twitter_card":"summary_large_image","schema":{"@context":"https:\/\/schema.org","@graph":[{"@type":"Article","@id":"https:\/\/www.meydan.tv\/az\/article\/elmar-memmedyarov-azerbaycan-seckilere-musahideciler-devet-etmek-meselesini-helelik-hell-etmeyib\/#article","isPartOf":{"@id":"https:\/\/www.meydan.tv\/az\/article\/elmar-memmedyarov-azerbaycan-seckilere-musahideciler-devet-etmek-meselesini-helelik-hell-etmeyib\/"},"author":{"name":"user-manager","@id":"https:\/\/www.meydan.tv\/az\/#\/schema\/person\/10d11eccf6da3662cf5fdab9806ea91a"},"headline":"Elmar M\u0259mm\u0259dyarov: \u201cAz\u0259rbaycan se\u00e7kil\u0259r\u0259 m\u00fc\u015fahid\u0259\u00e7il\u0259r d\u0259v\u0259t etm\u0259k m\u0259s\u0259l\u0259sini h\u0259l\u0259lik h\u0259ll etm\u0259yib\u201d","datePublished":"2015-05-26T18:01:11+00:00","mainEntityOfPage":{"@id":"https:\/\/www.meydan.tv\/az\/article\/elmar-memmedyarov-azerbaycan-seckilere-musahideciler-devet-etmek-meselesini-helelik-hell-etmeyib\/"},"wordCount":338,"publisher":{"@id":"https:\/\/www.meydan.tv\/az\/#organization"},"image":{"@id":"https:\/\/www.meydan.tv\/az\/article\/elmar-memmedyarov-azerbaycan-seckilere-musahideciler-devet-etmek-meselesini-helelik-hell-etmeyib\/#primaryimage"},"thumbnailUrl":"https:\/\/www.meydan.tv\/wp-content\/uploads\/9207.jpg","articleSection":["X\u0259b\u0259rl\u0259r"],"inLanguage":"az"},{"@type":"WebPage","@id":"https:\/\/www.meydan.tv\/az\/article\/elmar-memmedyarov-azerbaycan-seckilere-musahideciler-devet-etmek-meselesini-helelik-hell-etmeyib\/","url":"https:\/\/www.meydan.tv\/az\/article\/elmar-memmedyarov-azerbaycan-seckilere-musahideciler-devet-etmek-meselesini-helelik-hell-etmeyib\/","name":"Elmar M\u0259mm\u0259dyarov: \u201cAz\u0259rbaycan se\u00e7kil\u0259r\u0259 m\u00fc\u015fahid\u0259\u00e7il\u0259r d\u0259v\u0259t etm\u0259k m\u0259s\u0259l\u0259sini h\u0259l\u0259lik h\u0259ll etm\u0259yib\u201d - MEYDAN.TV","isPartOf":{"@id":"https:\/\/www.meydan.tv\/az\/#website"},"primaryImageOfPage":{"@id":"https:\/\/www.meydan.tv\/az\/article\/elmar-memmedyarov-azerbaycan-seckilere-musahideciler-devet-etmek-meselesini-helelik-hell-etmeyib\/#primaryimage"},"image":{"@id":"https:\/\/www.meydan.tv\/az\/article\/elmar-memmedyarov-azerbaycan-seckilere-musahideciler-devet-etmek-meselesini-helelik-hell-etmeyib\/#primaryimage"},"thumbnailUrl":"https:\/\/www.meydan.tv\/wp-content\/uploads\/9207.jpg","datePublished":"2015-05-26T18:01:11+00:00","breadcrumb":{"@id":"https:\/\/www.meydan.tv\/az\/article\/elmar-memmedyarov-azerbaycan-seckilere-musahideciler-devet-etmek-meselesini-helelik-hell-etmeyib\/#breadcrumb"},"inLanguage":"az","potentialAction":[{"@type":"ReadAction","target":["https:\/\/www.meydan.tv\/az\/article\/elmar-memmedyarov-azerbaycan-seckilere-musahideciler-devet-etmek-meselesini-helelik-hell-etmeyib\/"]}]},{"@type":"ImageObject","inLanguage":"az","@id":"https:\/\/www.meydan.tv\/az\/article\/elmar-memmedyarov-azerbaycan-seckilere-musahideciler-devet-etmek-meselesini-helelik-hell-etmeyib\/#primaryimage","url":"https:\/\/www.meydan.tv\/wp-content\/uploads\/9207.jpg","contentUrl":"https:\/\/www.meydan.tv\/wp-content\/uploads\/9207.jpg","width":467,"height":350,"caption":"Source:"},{"@type":"BreadcrumbList","@id":"https:\/\/www.meydan.tv\/az\/article\/elmar-memmedyarov-azerbaycan-seckilere-musahideciler-devet-etmek-meselesini-helelik-hell-etmeyib\/#breadcrumb","itemListElement":[{"@type":"ListItem","position":1,"name":"Ana s\u0259hif\u0259","item":"https:\/\/www.meydan.tv\/az\/"},{"@type":"ListItem","position":2,"name":"X\u0259b\u0259rl\u0259r","item":"https:\/\/www.meydan.tv\/az\/section\/xeberler\/"},{"@type":"ListItem","position":3,"name":"Elmar M\u0259mm\u0259dyarov: \u201cAz\u0259rbaycan se\u00e7kil\u0259r\u0259 m\u00fc\u015fahid\u0259\u00e7il\u0259r d\u0259v\u0259t etm\u0259k m\u0259s\u0259l\u0259sini h\u0259l\u0259lik h\u0259ll etm\u0259yib\u201d"}]},{"@type":"WebSite","@id":"https:\/\/www.meydan.tv\/az\/#website","url":"https:\/\/www.meydan.tv\/az\/","name":"MEYDAN.TV","description":"Meydan TV Az\u0259rbaycan\u0131n media m\u0259kan\u0131ndak\u0131 alternativ s\u0259sidir","publisher":{"@id":"https:\/\/www.meydan.tv\/az\/#organization"},"potentialAction":[{"@type":"SearchAction","target":{"@type":"EntryPoint","urlTemplate":"https:\/\/www.meydan.tv\/az\/?s={search_term_string}"},"query-input":{"@type":"PropertyValueSpecification","valueRequired":true,"valueName":"search_term_string"}}],"inLanguage":"az"},{"@type":"Organization","@id":"https:\/\/www.meydan.tv\/az\/#organization","name":"Meydan TV","url":"https:\/\/www.meydan.tv\/az\/","logo":{"@type":"ImageObject","inLanguage":"az","@id":"https:\/\/www.meydan.tv\/az\/#\/schema\/logo\/image\/","url":"https:\/\/www.meydan.tv\/wp-content\/uploads\/2021\/07\/meydan-logo.svg","contentUrl":"https:\/\/www.meydan.tv\/wp-content\/uploads\/2021\/07\/meydan-logo.svg","width":195,"height":46,"caption":"Meydan TV"},"image":{"@id":"https:\/\/www.meydan.tv\/az\/#\/schema\/logo\/image\/"}},{"@type":"Person","@id":"https:\/\/www.meydan.tv\/az\/#\/schema\/person\/10d11eccf6da3662cf5fdab9806ea91a","name":"user-manager"}]}},"_links":{"self":[{"href":"https:\/\/www.meydan.tv\/az\/wp-json\/wp\/v2\/posts\/168074","targetHints":{"allow":["GET"]}}],"collection":[{"href":"https:\/\/www.meydan.tv\/az\/wp-json\/wp\/v2\/posts"}],"about":[{"href":"https:\/\/www.meydan.tv\/az\/wp-json\/wp\/v2\/types\/post"}],"author":[{"embeddable":true,"href":"https:\/\/www.meydan.tv\/az\/wp-json\/wp\/v2\/users\/11"}],"replies":[{"embeddable":true,"href":"https:\/\/www.meydan.tv\/az\/wp-json\/wp\/v2\/comments?post=168074"}],"version-history":[{"count":0,"href":"https:\/\/www.meydan.tv\/az\/wp-json\/wp\/v2\/posts\/168074\/revisions"}],"wp:featuredmedia":[{"embeddable":true,"href":"https:\/\/www.meydan.tv\/az\/wp-json\/wp\/v2\/media\/25180"}],"wp:attachment":[{"href":"https:\/\/www.meydan.tv\/az\/wp-json\/wp\/v2\/media?parent=168074"}],"wp:term":[{"taxonomy":"category","embeddable":true,"href":"https:\/\/www.meydan.tv\/az\/wp-json\/wp\/v2\/categories?post=168074"},{"taxonomy":"post_tag","embeddable":true,"href":"https:\/\/www.meydan.tv\/az\/wp-json\/wp\/v2\/tags?post=168074"}],"curies":[{"name":"wp","href":"https:\/\/api.w.org\/{rel}","templated":true}]}}