{"id":168072,"date":"2015-05-26T15:16:23","date_gmt":"2015-05-26T15:16:23","guid":{"rendered":"https:\/\/www.meydan.tv\/article\/barak-obamadan-28-may-tebriki\/"},"modified":"2015-05-26T15:16:23","modified_gmt":"2015-05-26T15:16:23","slug":"barak-obamadan-28-may-tebriki","status":"publish","type":"post","link":"https:\/\/www.meydan.tv\/az\/article\/barak-obamadan-28-may-tebriki\/","title":{"rendered":"Barak Obamadan 28 may t\u0259briki"},"content":{"rendered":"<figure class=\"wp-block-image size-large\">\n  <img decoding=\"async\" src=\"https:\/\/www.meydan.tv\/az\/25168\/\" alt=\"\" class=\"wp-image-25168\"\/><figcaption><\/figcaption><\/figure>\n<figure class=\"wp-block-image size-large\">\n  <img decoding=\"async\" src=\"https:\/\/www.meydan.tv\/az\/25168\/\" alt=\"\" class=\"wp-image-25168\"\/><figcaption><\/figcaption><\/figure>\n<div>\n<p>\n      <i><br \/>\n        AB\u015e prezidenti yaln\u0131z demokratiyan\u0131 d\u0259st\u0259kl\u0259y\u0259c\u0259yi mesaj\u0131n\u0131 verdi<br \/>\n      <\/i>\n    <\/p>\n<p>\n      AB\u015e prezidenti Barak Obama Az\u0259rbaycan d\u00f6vl\u0259t ba\u015f\u00e7\u0131s\u0131 \u0130lham \u018fliyevi 28 may- Respublika G\u00fcn\u00fc m\u00fcnasib\u0259ti il\u0259 t\u0259brik edib.\n    <\/p>\n<\/p><\/div>\n<\/p>\n<p><div><\/div>\n<\/p>\n<p><div>\n    B. Obaman\u0131n m\u0259ktubunda deyilir:\n  <\/div>\n<\/p>\n<p><div><\/div>\n<\/p>\n<p><div>\n    \u201cH\u00f6rm\u0259tli c\u0259nab Prezident, 28 may Respublika G\u00fcn\u00fc m\u00fcnasib\u0259til\u0259 Siz\u0259 v\u0259 Az\u0259rbaycan xalq\u0131na \u0259n s\u0259mimi t\u0259brikl\u0259rimi \u00e7atd\u0131r\u0131ram. 1918-ci ild\u0259 d\u00fcnyada \u0259halisinin \u0259ks\u0259riyy\u0259ti m\u00fcs\u0259lman olan ilk d\u00fcny\u0259vi demokratik d\u00f6vl\u0259tin qurulmas\u0131n\u0131 qeyd etdiyiniz zaman, bilin ki, Birl\u0259\u015fmi\u015f \u015etatlar b\u00fct\u00fcn az\u0259rbaycanl\u0131lar \u00fc\u00e7\u00fcn daha \u00e7i\u00e7\u0259kl\u0259n\u0259n, daha demokratik g\u0259l\u0259c\u0259yi h\u0259min miras \u0259sas\u0131nda t\u0259min ed\u0259n Az\u0259rbaycanla \u0259m\u0259kda\u015fl\u0131\u011fa sadiqdir.\n  <\/div>\n<\/p>\n<p><div><\/div>\n<\/p>\n<p><div>\n    Az\u0259rbaycan m\u00fcst\u0259qilliyini qazand\u0131\u011f\u0131 vaxtdan, Amerika Birl\u0259\u015fmi\u015f \u015etatlar\u0131 Az\u0259rbaycan\u0131n t\u0259hl\u00fck\u0259sizliyin\u0259, demokratik v\u0259 iqtisadi inki\u015faf\u0131na g\u00fccl\u00fc d\u0259st\u0259k verir. Biz bunu ikit\u0259r\u0259fli m\u00fcnasib\u0259tl\u0259rimizi, bir \u00e7ox sah\u0259l\u0259rd\u0259 t\u0259r\u0259fda\u015fl\u0131\u011f\u0131m\u0131z\u0131, o c\u00fcml\u0259d\u0259n Da\u011fl\u0131q Qaraba\u011f m\u00fcnaqi\u015f\u0259sinin s\u00fclh yolu il\u0259 h\u0259llinin, \u018ffqan\u0131standa sabitliyin t\u0259\u015fviqini v\u0259 Avropan\u0131n enerji t\u0259chizat\u0131n\u0131n \u015fax\u0259l\u0259ndirilm\u0259sini y\u00fcks\u0259k d\u0259y\u0259rl\u0259ndirdiyimiz \u00fc\u00e7\u00fcn edirik.\n  <\/div>\n<\/p>\n<p><div><\/div>\n<\/p>\n<p><div>\n    T\u0259r\u0259fda\u015fl\u0131\u011f\u0131m\u0131z h\u0259m\u00e7inin xalqlar\u0131m\u0131z aras\u0131nda \u0259laq\u0259l\u0259r say\u0259sind\u0259 g\u00fccl\u0259nir. B\u00fct\u00fcn v\u0259t\u0259nda\u015flar\u0131n fundamental azadl\u0131qlar\u0131n t\u0259min edilm\u0259si h\u0259r iki \u00f6lk\u0259nin t\u0259hl\u00fck\u0259sizliyini m\u00f6hk\u0259ml\u0259ndir\u0259c\u0259k v\u0259 h\u00f6kum\u0259tl\u0259rimiz aras\u0131nda daha s\u0131x \u0259laq\u0259l\u0259ndirm\u0259y\u0259 imkan yaradacaqd\u0131r.\n  <\/div>\n<\/p>\n<p><div><\/div>\n<\/p>\n<p><div>\n    L\u00fctf\u0259n milli bayram\u0131n\u0131z m\u00fcnasib\u0259til\u0259 \u0259n xo\u015f arzular\u0131m\u0131 q\u0259bul edin\u201d. (president.az)\n  <\/div><\/p>\n","protected":false},"excerpt":{"rendered":"<p>AB\u015e prezidenti yaln\u0131z demokratiyan\u0131 d\u0259st\u0259kl\u0259y\u0259c\u0259yi mesaj\u0131n\u0131 verdi<\/p>\n","protected":false},"author":11,"featured_media":25168,"comment_status":"closed","ping_status":"open","sticky":false,"template":"","format":"standard","meta":{"_acf_changed":false,"_sitemap_exclude":false,"_sitemap_priority":"","_sitemap_frequency":"","footnotes":""},"categories":[56],"tags":[],"class_list":["post-168072","post","type-post","status-publish","format-standard","has-post-thumbnail","hentry","category-xeberler","infinite-scroll-item","generate-columns","tablet-grid-50","mobile-grid-100","grid-parent","grid-33","no-featured-image-padding"],"acf":[],"yoast_head":"<!-- This site is optimized with the Yoast SEO plugin v28.4 - https:\/\/yoast.com\/product\/yoast-seo-wordpress\/ -->\n<title>Barak Obamadan 28 may t\u0259briki - MEYDAN.TV<\/title>\n<meta name=\"robots\" content=\"index, follow, max-snippet:-1, max-image-preview:large, max-video-preview:-1\" \/>\n<link rel=\"canonical\" href=\"https:\/\/www.meydan.tv\/az\/article\/barak-obamadan-28-may-tebriki\/\" \/>\n<meta property=\"og:locale\" content=\"az_AZ\" \/>\n<meta property=\"og:type\" content=\"article\" \/>\n<meta property=\"og:title\" content=\"Barak Obamadan 28 may t\u0259briki - MEYDAN.TV\" \/>\n<meta property=\"og:description\" content=\"AB\u015e prezidenti yaln\u0131z demokratiyan\u0131 d\u0259st\u0259kl\u0259y\u0259c\u0259yi mesaj\u0131n\u0131 verdi\" \/>\n<meta property=\"og:url\" content=\"https:\/\/www.meydan.tv\/az\/article\/barak-obamadan-28-may-tebriki\/\" \/>\n<meta property=\"og:site_name\" content=\"MEYDAN.TV\" \/>\n<meta property=\"article:published_time\" content=\"2015-05-26T15:16:23+00:00\" \/>\n<meta property=\"og:image\" content=\"https:\/\/www.meydan.tv\/wp-content\/uploads\/9203.jpg\" \/>\n\t<meta property=\"og:image:width\" content=\"616\" \/>\n\t<meta property=\"og:image:height\" content=\"400\" \/>\n\t<meta property=\"og:image:type\" content=\"image\/jpeg\" \/>\n<meta name=\"twitter:card\" content=\"summary_large_image\" \/>\n<!-- \/ Yoast SEO plugin. -->","yoast_head_json":{"title":"Barak Obamadan 28 may t\u0259briki - MEYDAN.TV","robots":{"index":"index","follow":"follow","max-snippet":"max-snippet:-1","max-image-preview":"max-image-preview:large","max-video-preview":"max-video-preview:-1"},"canonical":"https:\/\/www.meydan.tv\/az\/article\/barak-obamadan-28-may-tebriki\/","og_locale":"az_AZ","og_type":"article","og_title":"Barak Obamadan 28 may t\u0259briki - MEYDAN.TV","og_description":"AB\u015e prezidenti yaln\u0131z demokratiyan\u0131 d\u0259st\u0259kl\u0259y\u0259c\u0259yi mesaj\u0131n\u0131 verdi","og_url":"https:\/\/www.meydan.tv\/az\/article\/barak-obamadan-28-may-tebriki\/","og_site_name":"MEYDAN.TV","article_published_time":"2015-05-26T15:16:23+00:00","og_image":[{"width":616,"height":400,"url":"https:\/\/www.meydan.tv\/wp-content\/uploads\/9203.jpg","type":"image\/jpeg"}],"twitter_card":"summary_large_image","schema":{"@context":"https:\/\/schema.org","@graph":[{"@type":"Article","@id":"https:\/\/www.meydan.tv\/az\/article\/barak-obamadan-28-may-tebriki\/#article","isPartOf":{"@id":"https:\/\/www.meydan.tv\/az\/article\/barak-obamadan-28-may-tebriki\/"},"author":{"name":"user-manager","@id":"https:\/\/www.meydan.tv\/az\/#\/schema\/person\/10d11eccf6da3662cf5fdab9806ea91a"},"headline":"Barak Obamadan 28 may t\u0259briki","datePublished":"2015-05-26T15:16:23+00:00","mainEntityOfPage":{"@id":"https:\/\/www.meydan.tv\/az\/article\/barak-obamadan-28-may-tebriki\/"},"wordCount":324,"publisher":{"@id":"https:\/\/www.meydan.tv\/az\/#organization"},"image":{"@id":"https:\/\/www.meydan.tv\/az\/article\/barak-obamadan-28-may-tebriki\/#primaryimage"},"thumbnailUrl":"https:\/\/www.meydan.tv\/wp-content\/uploads\/9203.jpg","articleSection":["X\u0259b\u0259rl\u0259r"],"inLanguage":"az"},{"@type":"WebPage","@id":"https:\/\/www.meydan.tv\/az\/article\/barak-obamadan-28-may-tebriki\/","url":"https:\/\/www.meydan.tv\/az\/article\/barak-obamadan-28-may-tebriki\/","name":"Barak Obamadan 28 may t\u0259briki - MEYDAN.TV","isPartOf":{"@id":"https:\/\/www.meydan.tv\/az\/#website"},"primaryImageOfPage":{"@id":"https:\/\/www.meydan.tv\/az\/article\/barak-obamadan-28-may-tebriki\/#primaryimage"},"image":{"@id":"https:\/\/www.meydan.tv\/az\/article\/barak-obamadan-28-may-tebriki\/#primaryimage"},"thumbnailUrl":"https:\/\/www.meydan.tv\/wp-content\/uploads\/9203.jpg","datePublished":"2015-05-26T15:16:23+00:00","breadcrumb":{"@id":"https:\/\/www.meydan.tv\/az\/article\/barak-obamadan-28-may-tebriki\/#breadcrumb"},"inLanguage":"az","potentialAction":[{"@type":"ReadAction","target":["https:\/\/www.meydan.tv\/az\/article\/barak-obamadan-28-may-tebriki\/"]}]},{"@type":"ImageObject","inLanguage":"az","@id":"https:\/\/www.meydan.tv\/az\/article\/barak-obamadan-28-may-tebriki\/#primaryimage","url":"https:\/\/www.meydan.tv\/wp-content\/uploads\/9203.jpg","contentUrl":"https:\/\/www.meydan.tv\/wp-content\/uploads\/9203.jpg","width":616,"height":400,"caption":"Source:"},{"@type":"BreadcrumbList","@id":"https:\/\/www.meydan.tv\/az\/article\/barak-obamadan-28-may-tebriki\/#breadcrumb","itemListElement":[{"@type":"ListItem","position":1,"name":"Ana s\u0259hif\u0259","item":"https:\/\/www.meydan.tv\/az\/"},{"@type":"ListItem","position":2,"name":"X\u0259b\u0259rl\u0259r","item":"https:\/\/www.meydan.tv\/az\/section\/xeberler\/"},{"@type":"ListItem","position":3,"name":"Barak Obamadan 28 may t\u0259briki"}]},{"@type":"WebSite","@id":"https:\/\/www.meydan.tv\/az\/#website","url":"https:\/\/www.meydan.tv\/az\/","name":"MEYDAN.TV","description":"Meydan TV Az\u0259rbaycan\u0131n media m\u0259kan\u0131ndak\u0131 alternativ s\u0259sidir","publisher":{"@id":"https:\/\/www.meydan.tv\/az\/#organization"},"potentialAction":[{"@type":"SearchAction","target":{"@type":"EntryPoint","urlTemplate":"https:\/\/www.meydan.tv\/az\/?s={search_term_string}"},"query-input":{"@type":"PropertyValueSpecification","valueRequired":true,"valueName":"search_term_string"}}],"inLanguage":"az"},{"@type":"Organization","@id":"https:\/\/www.meydan.tv\/az\/#organization","name":"Meydan TV","url":"https:\/\/www.meydan.tv\/az\/","logo":{"@type":"ImageObject","inLanguage":"az","@id":"https:\/\/www.meydan.tv\/az\/#\/schema\/logo\/image\/","url":"https:\/\/www.meydan.tv\/wp-content\/uploads\/2021\/07\/meydan-logo.svg","contentUrl":"https:\/\/www.meydan.tv\/wp-content\/uploads\/2021\/07\/meydan-logo.svg","width":195,"height":46,"caption":"Meydan TV"},"image":{"@id":"https:\/\/www.meydan.tv\/az\/#\/schema\/logo\/image\/"}},{"@type":"Person","@id":"https:\/\/www.meydan.tv\/az\/#\/schema\/person\/10d11eccf6da3662cf5fdab9806ea91a","name":"user-manager"}]}},"_links":{"self":[{"href":"https:\/\/www.meydan.tv\/az\/wp-json\/wp\/v2\/posts\/168072","targetHints":{"allow":["GET"]}}],"collection":[{"href":"https:\/\/www.meydan.tv\/az\/wp-json\/wp\/v2\/posts"}],"about":[{"href":"https:\/\/www.meydan.tv\/az\/wp-json\/wp\/v2\/types\/post"}],"author":[{"embeddable":true,"href":"https:\/\/www.meydan.tv\/az\/wp-json\/wp\/v2\/users\/11"}],"replies":[{"embeddable":true,"href":"https:\/\/www.meydan.tv\/az\/wp-json\/wp\/v2\/comments?post=168072"}],"version-history":[{"count":0,"href":"https:\/\/www.meydan.tv\/az\/wp-json\/wp\/v2\/posts\/168072\/revisions"}],"wp:featuredmedia":[{"embeddable":true,"href":"https:\/\/www.meydan.tv\/az\/wp-json\/wp\/v2\/media\/25168"}],"wp:attachment":[{"href":"https:\/\/www.meydan.tv\/az\/wp-json\/wp\/v2\/media?parent=168072"}],"wp:term":[{"taxonomy":"category","embeddable":true,"href":"https:\/\/www.meydan.tv\/az\/wp-json\/wp\/v2\/categories?post=168072"},{"taxonomy":"post_tag","embeddable":true,"href":"https:\/\/www.meydan.tv\/az\/wp-json\/wp\/v2\/tags?post=168072"}],"curies":[{"name":"wp","href":"https:\/\/api.w.org\/{rel}","templated":true}]}}