{"id":168071,"date":"2015-05-26T16:58:47","date_gmt":"2015-05-26T16:58:47","guid":{"rendered":"https:\/\/www.meydan.tv\/article\/milli-sura-mayin-30-da-mitinq-kecirecek\/"},"modified":"2015-05-26T16:58:47","modified_gmt":"2015-05-26T16:58:47","slug":"milli-sura-mayin-30-da-mitinq-kecirecek","status":"publish","type":"post","link":"https:\/\/www.meydan.tv\/az\/article\/milli-sura-mayin-30-da-mitinq-kecirecek\/","title":{"rendered":"Milli \u015eura may\u0131n 30-da mitinq ke\u00e7ir\u0259c\u0259k"},"content":{"rendered":"<figure class=\"wp-block-image size-large\">\n  <img decoding=\"async\" src=\"https:\/\/www.meydan.tv\/az\/25174\/\" alt=\"\" class=\"wp-image-25174\"\/><figcaption><\/figcaption><\/figure>\n<figure class=\"wp-block-image size-large\">\n  <img decoding=\"async\" src=\"https:\/\/www.meydan.tv\/az\/25174\/\" alt=\"\" class=\"wp-image-25174\"\/><figcaption><\/figcaption><\/figure>\n<p>\n  <i><br \/>\n    \u018fli K\u0259rimli: &#8220;El\u0259 zamanlar olur ki, art\u0131q susmaq m\u00fcmk\u00fcn olmur&#8221;<br \/>\n  <\/i>\n<\/p>\n<p>\n  Milli \u015euran\u0131n q\u0259rar\u0131n\u0131 Facebook s\u0259hif\u0259sind\u0259 AXCP s\u0259dri \u018fli K\u0259rimli payla\u015f\u0131b. \u018fli K\u0259rimli bildirib ki, Milli \u015euran\u0131n n\u00f6vb\u0259ti mitinqi 30 may, saat 15-d\u0259 \u201cM\u0259hsul\u201d stadionunda ke\u00e7iril\u0259c\u0259k: &#8220;El\u0259 zamanlar olur ki, art\u0131q susmaq m\u00fcmk\u00fcn olmur, sad\u0259c\u0259 yaz\u0131b t\u0259nqid etm\u0259k kifay\u0259t etmir. \u0130ndi o zamand\u0131r. S\u0259simizi qald\u0131r\u0131b, \u201cBu xalqla bu q\u0259d\u0259r saymazyana, ac\u0131mas\u0131z davrana bilm\u0259zsiniz\u201d dem\u0259k zaman\u0131d\u0131r&#8221;.\n<\/p>\n<p>\n  \u018fli K\u0259rimli aksiyan\u0131n \u015f\u00fcarlar\u0131n\u0131 d\u0259 s\u0259hif\u0259sin\u0259 yerl\u0259\u015fdirib: &#8220;Yand\u0131r\u0131laraq, bo\u011fularaq \u00f6ld\u00fcr\u00fclm\u00fc\u015f soyda\u015flar\u0131m\u0131z\u0131n, k\u00f6rp\u0259 balalar\u0131m\u0131z\u0131n qan\u0131n\u0131n bat\u0131r\u0131lmas\u0131na; \u018fsl cinay\u0259tkarlar\u0131n h\u0259l\u0259 d\u0259 i\u015f ba\u015f\u0131nda qal\u0131b meydan sulamas\u0131na; B\u00fcdc\u0259 v\u0259saitl\u0259rinin talan edilm\u0259sin\u0259, m\u0259nas\u0131z israf\u00e7\u0131l\u0131\u011fa; Manat\u0131n devalvasiyas\u0131n\u0131n b\u00fct\u00fcn a\u011f\u0131r n\u0259tic\u0259l\u0259rinin sad\u0259 xalq\u0131n \u00e7iynin\u0259 qoyulmas\u0131na; D\u0259h\u015f\u0259tli kredit faizl\u0259rin\u0259, dollarla krediti olan v\u0259t\u0259nda\u015flar\u0131m\u0131z\u0131n ikiqat soyulmas\u0131na; Korrupsiyaya, monopoliyaya, h\u00fcquqsuzlu\u011fa; \u018fsg\u0259r \u00f6l\u00fcml\u0259rin\u0259; Qaraba\u011f qazil\u0259rinin \u00f6zl\u0259rini \u00f6ld\u00fcrm\u0259 h\u0259ddin\u0259 \u00e7atd\u0131r\u0131lmas\u0131na; Siyasi m\u0259hbuslar\u0131n azad edilm\u0259m\u0259sin\u0259 etiraz etm\u0259k \u00fc\u00e7\u00fcn, xalq\u0131m\u0131za azadl\u0131q, \u0259dal\u0259t v\u0259 h\u00fcquq t\u0259l\u0259b etm\u0259k \u00fc\u00e7\u00fcn meydanda olaca\u011f\u0131q. Siz d\u0259 g\u0259lin! Meydanlara \u00e7\u0131xmaq, \u015f\u0259r\u0259 etiraz etm\u0259k zaman\u0131d\u0131r. B\u0259db\u0259xtliyin h\u0259r birimizin qap\u0131s\u0131n\u0131 \u015f\u0259xs\u0259n d\u00f6ym\u0259sini g\u00f6zl\u0259y\u0259 bilm\u0259rik!&#8221;.\n<\/p>\n<p>\n  Bak\u0131 \u015e\u0259h\u0259r \u0130cra Hakimiyy\u0259ti Milli \u015euran\u0131n 31 may mitinq ke\u00e7irm\u0259k bar\u0259d\u0259 m\u0259ktubuna 30 may\u0131 t\u0259klif ets\u0259 d\u0259, \u015fura etiraz ed\u0259r\u0259k t\u0259dbiri ke\u00e7irm\u0259y\u0259c\u0259yini b\u0259yan etmi\u015fdi. May\u0131n 26-da qurum q\u0259rar\u0131n\u0131 d\u0259yi\u015fdi.<\/p>\n","protected":false},"excerpt":{"rendered":"<p>\u018fli K\u0259rimli: &#8220;El\u0259 zamanlar olur ki, art\u0131q susmaq m\u00fcmk\u00fcn olmur&#8221;<\/p>\n","protected":false},"author":11,"featured_media":25174,"comment_status":"closed","ping_status":"open","sticky":false,"template":"","format":"standard","meta":{"_acf_changed":false,"_sitemap_exclude":false,"_sitemap_priority":"","_sitemap_frequency":"","footnotes":""},"categories":[56],"tags":[],"class_list":["post-168071","post","type-post","status-publish","format-standard","has-post-thumbnail","hentry","category-xeberler","infinite-scroll-item","generate-columns","tablet-grid-50","mobile-grid-100","grid-parent","grid-33","no-featured-image-padding"],"acf":[],"yoast_head":"<!-- This site is optimized with the Yoast SEO plugin v28.4 - https:\/\/yoast.com\/product\/yoast-seo-wordpress\/ -->\n<title>Milli \u015eura may\u0131n 30-da mitinq ke\u00e7ir\u0259c\u0259k - MEYDAN.TV<\/title>\n<meta name=\"robots\" content=\"index, follow, max-snippet:-1, max-image-preview:large, max-video-preview:-1\" \/>\n<link rel=\"canonical\" href=\"https:\/\/www.meydan.tv\/az\/article\/milli-sura-mayin-30-da-mitinq-kecirecek\/\" \/>\n<meta property=\"og:locale\" content=\"az_AZ\" \/>\n<meta property=\"og:type\" content=\"article\" \/>\n<meta property=\"og:title\" content=\"Milli \u015eura may\u0131n 30-da mitinq ke\u00e7ir\u0259c\u0259k - MEYDAN.TV\" \/>\n<meta property=\"og:description\" content=\"\u018fli K\u0259rimli: &quot;El\u0259 zamanlar olur ki, art\u0131q susmaq m\u00fcmk\u00fcn olmur&quot;\" \/>\n<meta property=\"og:url\" content=\"https:\/\/www.meydan.tv\/az\/article\/milli-sura-mayin-30-da-mitinq-kecirecek\/\" \/>\n<meta property=\"og:site_name\" content=\"MEYDAN.TV\" \/>\n<meta property=\"article:published_time\" content=\"2015-05-26T16:58:47+00:00\" \/>\n<meta property=\"og:image\" content=\"https:\/\/www.meydan.tv\/wp-content\/uploads\/9206.jpg\" \/>\n\t<meta property=\"og:image:width\" content=\"690\" \/>\n\t<meta property=\"og:image:height\" content=\"351\" \/>\n\t<meta property=\"og:image:type\" content=\"image\/jpeg\" \/>\n<meta name=\"twitter:card\" content=\"summary_large_image\" \/>\n<!-- \/ Yoast SEO plugin. -->","yoast_head_json":{"title":"Milli \u015eura may\u0131n 30-da mitinq ke\u00e7ir\u0259c\u0259k - MEYDAN.TV","robots":{"index":"index","follow":"follow","max-snippet":"max-snippet:-1","max-image-preview":"max-image-preview:large","max-video-preview":"max-video-preview:-1"},"canonical":"https:\/\/www.meydan.tv\/az\/article\/milli-sura-mayin-30-da-mitinq-kecirecek\/","og_locale":"az_AZ","og_type":"article","og_title":"Milli \u015eura may\u0131n 30-da mitinq ke\u00e7ir\u0259c\u0259k - MEYDAN.TV","og_description":"\u018fli K\u0259rimli: \"El\u0259 zamanlar olur ki, art\u0131q susmaq m\u00fcmk\u00fcn olmur\"","og_url":"https:\/\/www.meydan.tv\/az\/article\/milli-sura-mayin-30-da-mitinq-kecirecek\/","og_site_name":"MEYDAN.TV","article_published_time":"2015-05-26T16:58:47+00:00","og_image":[{"width":690,"height":351,"url":"https:\/\/www.meydan.tv\/wp-content\/uploads\/9206.jpg","type":"image\/jpeg"}],"twitter_card":"summary_large_image","schema":{"@context":"https:\/\/schema.org","@graph":[{"@type":"Article","@id":"https:\/\/www.meydan.tv\/az\/article\/milli-sura-mayin-30-da-mitinq-kecirecek\/#article","isPartOf":{"@id":"https:\/\/www.meydan.tv\/az\/article\/milli-sura-mayin-30-da-mitinq-kecirecek\/"},"author":{"name":"user-manager","@id":"https:\/\/www.meydan.tv\/az\/#\/schema\/person\/10d11eccf6da3662cf5fdab9806ea91a"},"headline":"Milli \u015eura may\u0131n 30-da mitinq ke\u00e7ir\u0259c\u0259k","datePublished":"2015-05-26T16:58:47+00:00","mainEntityOfPage":{"@id":"https:\/\/www.meydan.tv\/az\/article\/milli-sura-mayin-30-da-mitinq-kecirecek\/"},"wordCount":355,"publisher":{"@id":"https:\/\/www.meydan.tv\/az\/#organization"},"image":{"@id":"https:\/\/www.meydan.tv\/az\/article\/milli-sura-mayin-30-da-mitinq-kecirecek\/#primaryimage"},"thumbnailUrl":"https:\/\/www.meydan.tv\/wp-content\/uploads\/9206.jpg","articleSection":["X\u0259b\u0259rl\u0259r"],"inLanguage":"az"},{"@type":"WebPage","@id":"https:\/\/www.meydan.tv\/az\/article\/milli-sura-mayin-30-da-mitinq-kecirecek\/","url":"https:\/\/www.meydan.tv\/az\/article\/milli-sura-mayin-30-da-mitinq-kecirecek\/","name":"Milli \u015eura may\u0131n 30-da mitinq ke\u00e7ir\u0259c\u0259k - MEYDAN.TV","isPartOf":{"@id":"https:\/\/www.meydan.tv\/az\/#website"},"primaryImageOfPage":{"@id":"https:\/\/www.meydan.tv\/az\/article\/milli-sura-mayin-30-da-mitinq-kecirecek\/#primaryimage"},"image":{"@id":"https:\/\/www.meydan.tv\/az\/article\/milli-sura-mayin-30-da-mitinq-kecirecek\/#primaryimage"},"thumbnailUrl":"https:\/\/www.meydan.tv\/wp-content\/uploads\/9206.jpg","datePublished":"2015-05-26T16:58:47+00:00","breadcrumb":{"@id":"https:\/\/www.meydan.tv\/az\/article\/milli-sura-mayin-30-da-mitinq-kecirecek\/#breadcrumb"},"inLanguage":"az","potentialAction":[{"@type":"ReadAction","target":["https:\/\/www.meydan.tv\/az\/article\/milli-sura-mayin-30-da-mitinq-kecirecek\/"]}]},{"@type":"ImageObject","inLanguage":"az","@id":"https:\/\/www.meydan.tv\/az\/article\/milli-sura-mayin-30-da-mitinq-kecirecek\/#primaryimage","url":"https:\/\/www.meydan.tv\/wp-content\/uploads\/9206.jpg","contentUrl":"https:\/\/www.meydan.tv\/wp-content\/uploads\/9206.jpg","width":690,"height":351,"caption":"Source:"},{"@type":"BreadcrumbList","@id":"https:\/\/www.meydan.tv\/az\/article\/milli-sura-mayin-30-da-mitinq-kecirecek\/#breadcrumb","itemListElement":[{"@type":"ListItem","position":1,"name":"Ana s\u0259hif\u0259","item":"https:\/\/www.meydan.tv\/az\/"},{"@type":"ListItem","position":2,"name":"X\u0259b\u0259rl\u0259r","item":"https:\/\/www.meydan.tv\/az\/section\/xeberler\/"},{"@type":"ListItem","position":3,"name":"Milli \u015eura may\u0131n 30-da mitinq ke\u00e7ir\u0259c\u0259k"}]},{"@type":"WebSite","@id":"https:\/\/www.meydan.tv\/az\/#website","url":"https:\/\/www.meydan.tv\/az\/","name":"MEYDAN.TV","description":"Meydan TV Az\u0259rbaycan\u0131n media m\u0259kan\u0131ndak\u0131 alternativ s\u0259sidir","publisher":{"@id":"https:\/\/www.meydan.tv\/az\/#organization"},"potentialAction":[{"@type":"SearchAction","target":{"@type":"EntryPoint","urlTemplate":"https:\/\/www.meydan.tv\/az\/?s={search_term_string}"},"query-input":{"@type":"PropertyValueSpecification","valueRequired":true,"valueName":"search_term_string"}}],"inLanguage":"az"},{"@type":"Organization","@id":"https:\/\/www.meydan.tv\/az\/#organization","name":"Meydan TV","url":"https:\/\/www.meydan.tv\/az\/","logo":{"@type":"ImageObject","inLanguage":"az","@id":"https:\/\/www.meydan.tv\/az\/#\/schema\/logo\/image\/","url":"https:\/\/www.meydan.tv\/wp-content\/uploads\/2021\/07\/meydan-logo.svg","contentUrl":"https:\/\/www.meydan.tv\/wp-content\/uploads\/2021\/07\/meydan-logo.svg","width":195,"height":46,"caption":"Meydan TV"},"image":{"@id":"https:\/\/www.meydan.tv\/az\/#\/schema\/logo\/image\/"}},{"@type":"Person","@id":"https:\/\/www.meydan.tv\/az\/#\/schema\/person\/10d11eccf6da3662cf5fdab9806ea91a","name":"user-manager"}]}},"_links":{"self":[{"href":"https:\/\/www.meydan.tv\/az\/wp-json\/wp\/v2\/posts\/168071","targetHints":{"allow":["GET"]}}],"collection":[{"href":"https:\/\/www.meydan.tv\/az\/wp-json\/wp\/v2\/posts"}],"about":[{"href":"https:\/\/www.meydan.tv\/az\/wp-json\/wp\/v2\/types\/post"}],"author":[{"embeddable":true,"href":"https:\/\/www.meydan.tv\/az\/wp-json\/wp\/v2\/users\/11"}],"replies":[{"embeddable":true,"href":"https:\/\/www.meydan.tv\/az\/wp-json\/wp\/v2\/comments?post=168071"}],"version-history":[{"count":0,"href":"https:\/\/www.meydan.tv\/az\/wp-json\/wp\/v2\/posts\/168071\/revisions"}],"wp:featuredmedia":[{"embeddable":true,"href":"https:\/\/www.meydan.tv\/az\/wp-json\/wp\/v2\/media\/25174"}],"wp:attachment":[{"href":"https:\/\/www.meydan.tv\/az\/wp-json\/wp\/v2\/media?parent=168071"}],"wp:term":[{"taxonomy":"category","embeddable":true,"href":"https:\/\/www.meydan.tv\/az\/wp-json\/wp\/v2\/categories?post=168071"},{"taxonomy":"post_tag","embeddable":true,"href":"https:\/\/www.meydan.tv\/az\/wp-json\/wp\/v2\/tags?post=168071"}],"curies":[{"name":"wp","href":"https:\/\/api.w.org\/{rel}","templated":true}]}}