{"id":168070,"date":"2015-05-26T14:49:49","date_gmt":"2015-05-26T14:49:49","guid":{"rendered":"https:\/\/www.meydan.tv\/article\/nazim-memmedov-rasim-memmedovu-mehkemeye-verir\/"},"modified":"2015-05-26T14:49:49","modified_gmt":"2015-05-26T14:49:49","slug":"nazim-memmedov-rasim-memmedovu-mehkemeye-verir","status":"publish","type":"post","link":"https:\/\/www.meydan.tv\/az\/article\/nazim-memmedov-rasim-memmedovu-mehkemeye-verir\/","title":{"rendered":"Nazim M\u0259mm\u0259dov Rasim M\u0259mm\u0259dovu m\u0259hk\u0259m\u0259y\u0259 verir"},"content":{"rendered":"<figure class=\"wp-block-image size-large\">\n  <img decoding=\"async\" src=\"https:\/\/www.meydan.tv\/az\/25162\/\" alt=\"\" class=\"wp-image-25162\"\/><figcaption><\/figcaption><\/figure>\n<figure class=\"wp-block-image size-large\">\n  <img decoding=\"async\" src=\"https:\/\/www.meydan.tv\/az\/25165\/\" alt=\"\" class=\"wp-image-25165\"\/><figcaption><\/figcaption><\/figure>\n<p>\n  <i><br \/>\n    &#8220;G\u00fcman etmir\u0259m ki, bu d\u00fc\u015f\u00fcnc\u0259nin sahibi 100 milyonluq zavodun sahibi olsun&#8221;<br \/>\n  <\/i>\n<\/p>\n<p>\n  \u201cBaku Steel Company\u201d ASC M\u00fc\u015fahid\u0259 \u015euras\u0131n\u0131n s\u0259dri Rasim M\u0259mm\u0259dov haqq\u0131n.az sayt\u0131na m\u00fcsahib\u0259sind\u0259 m\u00fchacir\u0259td\u0259 ya\u015fayan i\u015f adam\u0131 Nur\u0259ddin Z\u00fclf\u00fcqarl\u0131 il\u0259 b\u0259rab\u0259r sabiq deputat Nazim M\u0259mm\u0259dovu da ittiham edib. Rasim M\u0259mm\u0259dov bildirib ki, Nazim M\u0259mm\u0259dovun sexl\u0259ri kustar m\u0259hsullar\u0131na \u201cBaku Steel Company\u201d \u015firk\u0259tinin markas\u0131n\u0131 vurmaqla daha bir cinay\u0259t t\u00f6r\u0259dirl\u0259r: &#8220;M\u0259s\u0259l\u0259n, sabiq deputat Nazim M\u0259mm\u0259dov, \u018fli K\u0259rimlinin qohumlar\u0131. Bazardak\u0131 kustar armatur istehsal\u0131 onlar\u0131n n\u0259zar\u0259tind\u0259dir. H\u00fcquq-m\u00fchafiz\u0259 v\u0259 dig\u0259r m\u00fcvafiq orqanlar hara bax\u0131r b\u0259s? Ax\u0131 bu \u201csahibkarlar\u201d kriminal f\u0259aliyy\u0259tl\u0259 m\u0259\u015f\u011fuldur. Bu qeyri-leqal sexl\u0259r b\u0259y\u0259m vergi \u00f6d\u0259yir?&#8221;\n<\/p>\n<p>\n  Nur\u0259ddin Z\u00fclf\u00fcqarl\u0131 il\u0259 \u0259laq\u0259 saxlamaq c\u0259hdl\u0259ri al\u0131nmasa da, Nazim M\u0259mm\u0259dov ona \u00fcnvanlanan ittihamlarla ba\u011fl\u0131 Meydan TV-nin suallar\u0131n\u0131 cavabland\u0131r\u0131b. O, Rasim M\u0259mm\u0259dovun onun t\u0259sis\u00e7isi oldu\u011fu &#8220;Ataxan&#8221; D\u0259mir S\u0259naye haqq\u0131nda h\u0259qiq\u0259ti \u0259ks etdirm\u0259y\u0259n v\u0259 i\u015fg\u00fczar n\u00fcfuza x\u0259l\u0259l g\u0259tir\u0259n fikirl\u0259r s\u0259sl\u0259ndirdiyini deyib: &#8220;Art\u0131q h\u00fcquq\u015f\u00fcnas Rasim M\u0259mm\u0259dovun m\u0259hk\u0259m\u0259y\u0259 c\u0259lb olunmas\u0131 \u00fc\u00e7\u00fcn iddia \u0259riz\u0259si haz\u0131rlay\u0131b&#8221;.<br \/>\n  <br \/>\n  Nazim M\u0259mm\u0259dov t\u0259sis\u00e7isi oldu\u011fu &#8220;Ataxan&#8221; D\u0259mir S\u0259nayenin 2003-c\u00fc ild\u0259 d\u00f6vl\u0259t qeydiyyat\u0131ndan ke\u00e7diyini, h\u0259min ild\u0259n vergi \u00f6d\u0259yicisi v\u0259 metal m\u0259mulatlar\u0131n istehsal\u0131 il\u0259 m\u0259\u015f\u011ful oldu\u011funu s\u00f6yl\u0259yib: &#8220;2009-cu ild\u0259n armatur istehsal\u0131na ba\u015flad\u0131q, bunun \u00fc\u00e7\u00fcn Standartla\u015fma v\u0259 Metrologiya D\u00f6vl\u0259t Komit\u0259sind\u0259n m\u00fcvafiq sertifikat v\u0259 istehsal sah\u0259sinin tam t\u0259hl\u00fck\u0259sizliyi il\u0259 ba\u011fl\u0131 F\u00f6vq\u0259lad\u0259 Hallar Nazirliyinin r\u0259yini alm\u0131\u015f\u0131q. O c\u00fcml\u0259d\u0259n, Ekologiya v\u0259 T\u0259bii S\u0259rv\u0259tl\u0259r Nazirliyind\u0259n ekologiya kitab\u00e7am\u0131z\u0131 ald\u0131q. Bu tipli m\u00fc\u0259ssis\u0259l\u0259rin monitorinqini aparan b\u00fct\u00fcn d\u00f6vl\u0259t qurumlar\u0131ndan r\u0259smi icaz\u0259l\u0259rimiz var. T\u0259\u0259ss\u00fcf ki, vaxt\u0131nda vergil\u0259rini \u00f6d\u0259y\u0259n &#8220;Ataxan&#8221; D\u0259mir S\u0259nayesi 2012-ci ild\u0259 dayand\u0131. Halbuki, qurum T\u00fcrkiy\u0259-Az\u0259rbaycan birg\u0259 m\u00fc\u0259ssis\u0259sidir, h\u0259m d\u0259 kapital qoyulu\u015fu olan 1 milyon manat\u0131 &#8220;Xarici investisiyalar\u0131n qorunmas\u0131&#8221; haqq\u0131nda qanunla m\u00fcdafi\u0259 olunur. Ola bil\u0259r ki, kims\u0259 kustar \u00fcsulla mal burax\u0131r, yaxud qa\u00e7aqmal\u00e7\u0131l\u0131qla m\u0259\u015f\u011ful olur, bunun m\u0259n\u0259 n\u0259 aidiyyat\u0131 var? H\u0259tta bunlar olsa bel\u0259, bu boyda zavoda r\u0259hb\u0259rlik ed\u0259n \u015f\u0259xs \u00f6lk\u0259 qanunlar\u0131n\u0131 ya bilmir, ya da m\u0259qs\u0259dli \u015f\u0259kild\u0259 t\u0259hrif edir&#8221;.\n<\/p>\n<p>\n  Rasim M\u0259mm\u0259dovun he\u00e7 bir qo\u00e7u d\u0259st\u0259si olmamas\u0131 v\u0259 4 ali m\u0259kt\u0259b bitirm\u0259si bar\u0259d\u0259 dedikl\u0259rin\u0259 g\u0259linc\u0259, sabiq deputat dedi ki, \u00f6z\u00fcn\u00fc bel\u0259 t\u0259qdim ed\u0259n \u015f\u0259xs elementar i\u015fg\u00fczar qaydalar bar\u0259d\u0259 m\u0259lumatl\u0131 olmal\u0131yd\u0131. Onun ba\u015fqa \u015firk\u0259tl\u0259rin mal buraxmas\u0131 bar\u0259d\u0259 fikirl\u0259r s\u0259sl\u0259ndirm\u0259si do\u011fru deyil: &#8220;\u00d6z\u00fc d\u0259 deyir ki, Amerika \u015firk\u0259rtind\u0259 i\u015fl\u0259yib&#8221;.\n<\/p>\n<p>\n  Nazim M\u0259mm\u0259dov bildirdi ki, onlara t\u0259zyiql\u0259r 2012-ci ild\u0259n yox, 2008-ci ild\u0259n ba\u015flan\u0131b, \u201cBaku Steel Company\u201d ASC-in arxas\u0131nda dayanan\n<\/p>\n<figure class=\"wp-block-image size-large\">\n  <img decoding=\"async\" src=\"https:\/\/www.meydan.tv\/az\/25162\/\" alt=\"\" class=\"wp-image-25162\"\/><figcaption><\/figcaption><\/figure>\n<p>\n  \u015f\u0259xsl\u0259r t\u0259r\u0259find\u0259n m\u00fcxt\u0259lif yoxlamalar g\u00f6nd\u0259rilib: &#8220;D\u0259f\u0259l\u0259rl\u0259 Vergil\u0259r Nazirliyi, \u018fmlak Komit\u0259si, Standartla\u015fd\u0131rma v\u0259 Metrologiya D\u00f6vl\u0259t Komit\u0259si yoxlamalar apar\u0131b. H\u0259tta M\u00fct\u0259\u015f\u0259kkil Cinay\u0259tkarl\u0131\u011fa Qar\u015f\u0131 M\u00fcbariz\u0259 \u0130dar\u0259si 2008-ci ild\u0259 i\u015f\u00e7il\u0259rimizd\u0259n birini h\u0259bs etmi\u015fdi. Sonradan m\u0259n bu m\u0259s\u0259l\u0259l\u0259ri ara\u015fd\u0131rd\u0131qda h\u0259bsin arxas\u0131nda Rasim M\u0259mm\u0259dovun dayand\u0131\u011f\u0131 m\u0259lum oldu. Onsuz da &#8220;Ataxan&#8221; D\u0259mir S\u0259naye \u201cBaku Steel Company\u201d il\u0259 m\u00fcqayis\u0259d\u0259 &#8220;d\u0259ryada bir damlad\u0131r&#8221;. \u201cBaku Steel Company\u201d ild\u0259 1 milyon tondan \u00e7ox mal istehsal ed\u0259 bil\u0259r, bizim istehsal g\u00fcc\u00fcm\u00fcz is\u0259 ild\u0259 maksimum 25-30 min ton ola bil\u0259r, f\u0259rqi g\u00f6r\u00fcrs\u00fcn\u00fczm\u00fc?! Y\u0259ni Rasim M\u0259mm\u0259dovun mal istehsal\u0131yla ba\u011fl\u0131 dedikl\u0259ri do\u011frudursa, vergil\u0259rin\u0259 baxmaq laz\u0131md\u0131r. M\u0259n 4 universitet bitirmi\u015f \u015f\u0259xs\u0259 bu fikirl\u0259ri yara\u015fd\u0131rm\u0131ram. Sad\u0259c\u0259, o, qeyri-qanuni yollarla \u00f6z \u0259m\u0259ll\u0259rin\u0259 haqq qazand\u0131rma\u011fa c\u0259hd edir. Konkret olaraq, Rasim M\u0259mm\u0259dov bu c\u00fcr sexl\u0259ri s\u0131radan \u00e7\u0131xartmaq \u00fc\u00e7\u00fcn G\u00f6mr\u00fck Komit\u0259si vasit\u0259sil\u0259 d\u0259mir \u0259ritm\u0259d\u0259 istifad\u0259 olunan mallar\u0131n g\u0259tirilm\u0259sin\u0259 qada\u011fa qoydu. Dem\u0259k ist\u0259yir\u0259m ki, \u201cBaku Steel Company\u201din m\u0259hsullar\u0131n\u0131n keyfiyy\u0259ti bizim m\u0259hsullar\u0131n keyfiyy\u0259tind\u0259n f\u0259rql\u0259nmir&#8221;.\n<\/p>\n<p>\n  Rasim M\u0259mm\u0259dovun onu m\u00fcxalif\u0259t\u00e7i adland\u0131rmas\u0131na g\u0259linc\u0259, Nazim M\u0259mm\u0259dov dedi ki, bu, \u00f6z\u00fcn\u00fcif\u015fadan ba\u015fqa bir \u015fey deyil: &#8220;Arqumenti olmayan, qanunu pozanlar kim\u0259s\u0259 \u00e7amur atmaq \u00fc\u00e7\u00fcn qar\u015f\u0131 t\u0259r\u0259fi h\u0259mi\u015f\u0259 m\u00fcxalif\u0259t\u00e7i hesab edir. Deputat olanda da, indi d\u0259, g\u0259l\u0259c\u0259kd\u0259 d\u0259 korrupsiyaya bula\u015fanlar\u0131, prezident \u0130lham \u018fliyevin etimad\u0131ndan istifad\u0259 edib d\u00f6vl\u0259t\u0259, mill\u0259t\u0259, iqtisadiyyata ziyan vuranlar\u0131 t\u0259nqid ed\u0259c\u0259m. H\u0259r hans\u0131 m\u0259muru t\u0259nqid etm\u0259k m\u00fcxalif\u0259t\u00e7ilik deyil. Prezidentin \u00f6z\u00fc d\u0259 m\u00fc\u015favir\u0259l\u0259rd\u0259 daha s\u0259rt m\u00f6vqe s\u0259rgil\u0259yir. M\u0259n 2003-c\u00fc ild\u0259n c\u0259nab prezidentin sahibkarl\u0131\u011fa d\u0259st\u0259yi il\u0259 ba\u011fl\u0131 b\u00fct\u00fcn t\u0259\u015f\u0259bb\u00fcsl\u0259rini t\u0259bli\u011f edir\u0259m v\u0259 bu missiyan\u0131 g\u0259l\u0259c\u0259kd\u0259 d\u0259 davam etdir\u0259c\u0259m. Onun sahibkarl\u0131\u011fa olan siyasi, m\u0259n\u0259vi v\u0259 maddi d\u0259st\u0259yini sabotaj ed\u0259n Rasim M\u0259mm\u0259dov prezident\u0259 \u0259n b\u00f6y\u00fck m\u00fcxalif\u0259t\u00e7idir dem\u0259yimiz\u0259 \u00e7ox b\u00f6y\u00fck \u0259sas var. H\u0259m d\u0259 el\u0259 m\u00fcnbit \u015f\u0259rait yaranmal\u0131d\u0131r ki, sahibkarlar\u0131 c\u0259bh\u0259l\u0259ri b\u00f6lm\u0259k m\u00fcmk\u00fcn olmas\u0131n. Ola bil\u0259r, kimins\u0259 siyasi simpatiyas\u0131 hans\u0131sa partiyad\u0131r, bu, o dem\u0259k deyil ki, \u201cBaku Steel Company\u201d onun \u0259mlak\u0131n\u0131 \u0259lind\u0259n als\u0131n. G\u00fcman etmir\u0259m ki, bu d\u00fc\u015f\u00fcnc\u0259nin sahibi 100 milyonluq zavodun sahibi olsun. T\u0259\u0259ss\u00fcf ki, Az\u0259rbaycanda m\u00fc\u0259yy\u0259n insanlar iqtidar-m\u00fcxalif\u0259t m\u00fcnasib\u0259tl\u0259rini buland\u0131rmaqla \u00f6z \u015f\u0259xsi m\u0259nf\u0259\u0259tl\u0259rini \u0259ld\u0259 edirl\u0259r. Bu insanlar n\u0259 q\u0259d\u0259r tez k\u0259narla\u015fd\u0131r\u0131lsalar, Az\u0259rbaycan\u0131n g\u0259l\u0259c\u0259yi i\u015f\u0131ql\u0131 olar&#8221;.\n<\/p><\/p>\n","protected":false},"excerpt":{"rendered":"<p>&#8220;G\u00fcman etmir\u0259m ki, bu d\u00fc\u015f\u00fcnc\u0259nin sahibi 100 milyonluq zavodun sahibi olsun&#8221;<\/p>\n","protected":false},"author":11,"featured_media":25162,"comment_status":"closed","ping_status":"open","sticky":false,"template":"","format":"standard","meta":{"_acf_changed":false,"_sitemap_exclude":false,"_sitemap_priority":"","_sitemap_frequency":"","footnotes":""},"categories":[56],"tags":[],"class_list":["post-168070","post","type-post","status-publish","format-standard","has-post-thumbnail","hentry","category-xeberler","infinite-scroll-item","generate-columns","tablet-grid-50","mobile-grid-100","grid-parent","grid-33","no-featured-image-padding"],"acf":[],"yoast_head":"<!-- This site is optimized with the Yoast SEO plugin v28.4 - https:\/\/yoast.com\/product\/yoast-seo-wordpress\/ -->\n<title>Nazim M\u0259mm\u0259dov Rasim M\u0259mm\u0259dovu m\u0259hk\u0259m\u0259y\u0259 verir - MEYDAN.TV<\/title>\n<meta name=\"robots\" content=\"index, follow, max-snippet:-1, max-image-preview:large, max-video-preview:-1\" \/>\n<link rel=\"canonical\" href=\"https:\/\/www.meydan.tv\/az\/article\/nazim-memmedov-rasim-memmedovu-mehkemeye-verir\/\" \/>\n<meta property=\"og:locale\" content=\"az_AZ\" \/>\n<meta property=\"og:type\" content=\"article\" \/>\n<meta property=\"og:title\" content=\"Nazim M\u0259mm\u0259dov Rasim M\u0259mm\u0259dovu m\u0259hk\u0259m\u0259y\u0259 verir - MEYDAN.TV\" \/>\n<meta property=\"og:description\" content=\"&quot;G\u00fcman etmir\u0259m ki, bu d\u00fc\u015f\u00fcnc\u0259nin sahibi 100 milyonluq zavodun sahibi olsun&quot;\" \/>\n<meta property=\"og:url\" content=\"https:\/\/www.meydan.tv\/az\/article\/nazim-memmedov-rasim-memmedovu-mehkemeye-verir\/\" \/>\n<meta property=\"og:site_name\" content=\"MEYDAN.TV\" \/>\n<meta property=\"article:published_time\" content=\"2015-05-26T14:49:49+00:00\" \/>\n<meta property=\"og:image\" content=\"https:\/\/www.meydan.tv\/wp-content\/uploads\/9201.jpg\" \/>\n\t<meta property=\"og:image:width\" content=\"483\" \/>\n\t<meta property=\"og:image:height\" content=\"300\" \/>\n\t<meta property=\"og:image:type\" content=\"image\/jpeg\" \/>\n<meta name=\"twitter:card\" content=\"summary_large_image\" \/>\n<!-- \/ Yoast SEO plugin. -->","yoast_head_json":{"title":"Nazim M\u0259mm\u0259dov Rasim M\u0259mm\u0259dovu m\u0259hk\u0259m\u0259y\u0259 verir - MEYDAN.TV","robots":{"index":"index","follow":"follow","max-snippet":"max-snippet:-1","max-image-preview":"max-image-preview:large","max-video-preview":"max-video-preview:-1"},"canonical":"https:\/\/www.meydan.tv\/az\/article\/nazim-memmedov-rasim-memmedovu-mehkemeye-verir\/","og_locale":"az_AZ","og_type":"article","og_title":"Nazim M\u0259mm\u0259dov Rasim M\u0259mm\u0259dovu m\u0259hk\u0259m\u0259y\u0259 verir - MEYDAN.TV","og_description":"\"G\u00fcman etmir\u0259m ki, bu d\u00fc\u015f\u00fcnc\u0259nin sahibi 100 milyonluq zavodun sahibi olsun\"","og_url":"https:\/\/www.meydan.tv\/az\/article\/nazim-memmedov-rasim-memmedovu-mehkemeye-verir\/","og_site_name":"MEYDAN.TV","article_published_time":"2015-05-26T14:49:49+00:00","og_image":[{"width":483,"height":300,"url":"https:\/\/www.meydan.tv\/wp-content\/uploads\/9201.jpg","type":"image\/jpeg"}],"twitter_card":"summary_large_image","schema":{"@context":"https:\/\/schema.org","@graph":[{"@type":"Article","@id":"https:\/\/www.meydan.tv\/az\/article\/nazim-memmedov-rasim-memmedovu-mehkemeye-verir\/#article","isPartOf":{"@id":"https:\/\/www.meydan.tv\/az\/article\/nazim-memmedov-rasim-memmedovu-mehkemeye-verir\/"},"author":{"name":"user-manager","@id":"https:\/\/www.meydan.tv\/az\/#\/schema\/person\/10d11eccf6da3662cf5fdab9806ea91a"},"headline":"Nazim M\u0259mm\u0259dov Rasim M\u0259mm\u0259dovu m\u0259hk\u0259m\u0259y\u0259 verir","datePublished":"2015-05-26T14:49:49+00:00","mainEntityOfPage":{"@id":"https:\/\/www.meydan.tv\/az\/article\/nazim-memmedov-rasim-memmedovu-mehkemeye-verir\/"},"wordCount":1148,"publisher":{"@id":"https:\/\/www.meydan.tv\/az\/#organization"},"image":{"@id":"https:\/\/www.meydan.tv\/az\/article\/nazim-memmedov-rasim-memmedovu-mehkemeye-verir\/#primaryimage"},"thumbnailUrl":"https:\/\/www.meydan.tv\/wp-content\/uploads\/9201.jpg","articleSection":["X\u0259b\u0259rl\u0259r"],"inLanguage":"az"},{"@type":"WebPage","@id":"https:\/\/www.meydan.tv\/az\/article\/nazim-memmedov-rasim-memmedovu-mehkemeye-verir\/","url":"https:\/\/www.meydan.tv\/az\/article\/nazim-memmedov-rasim-memmedovu-mehkemeye-verir\/","name":"Nazim M\u0259mm\u0259dov Rasim M\u0259mm\u0259dovu m\u0259hk\u0259m\u0259y\u0259 verir - MEYDAN.TV","isPartOf":{"@id":"https:\/\/www.meydan.tv\/az\/#website"},"primaryImageOfPage":{"@id":"https:\/\/www.meydan.tv\/az\/article\/nazim-memmedov-rasim-memmedovu-mehkemeye-verir\/#primaryimage"},"image":{"@id":"https:\/\/www.meydan.tv\/az\/article\/nazim-memmedov-rasim-memmedovu-mehkemeye-verir\/#primaryimage"},"thumbnailUrl":"https:\/\/www.meydan.tv\/wp-content\/uploads\/9201.jpg","datePublished":"2015-05-26T14:49:49+00:00","breadcrumb":{"@id":"https:\/\/www.meydan.tv\/az\/article\/nazim-memmedov-rasim-memmedovu-mehkemeye-verir\/#breadcrumb"},"inLanguage":"az","potentialAction":[{"@type":"ReadAction","target":["https:\/\/www.meydan.tv\/az\/article\/nazim-memmedov-rasim-memmedovu-mehkemeye-verir\/"]}]},{"@type":"ImageObject","inLanguage":"az","@id":"https:\/\/www.meydan.tv\/az\/article\/nazim-memmedov-rasim-memmedovu-mehkemeye-verir\/#primaryimage","url":"https:\/\/www.meydan.tv\/wp-content\/uploads\/9201.jpg","contentUrl":"https:\/\/www.meydan.tv\/wp-content\/uploads\/9201.jpg","width":483,"height":300,"caption":"Source:"},{"@type":"BreadcrumbList","@id":"https:\/\/www.meydan.tv\/az\/article\/nazim-memmedov-rasim-memmedovu-mehkemeye-verir\/#breadcrumb","itemListElement":[{"@type":"ListItem","position":1,"name":"Ana s\u0259hif\u0259","item":"https:\/\/www.meydan.tv\/az\/"},{"@type":"ListItem","position":2,"name":"X\u0259b\u0259rl\u0259r","item":"https:\/\/www.meydan.tv\/az\/section\/xeberler\/"},{"@type":"ListItem","position":3,"name":"Nazim M\u0259mm\u0259dov Rasim M\u0259mm\u0259dovu m\u0259hk\u0259m\u0259y\u0259 verir"}]},{"@type":"WebSite","@id":"https:\/\/www.meydan.tv\/az\/#website","url":"https:\/\/www.meydan.tv\/az\/","name":"MEYDAN.TV","description":"Meydan TV Az\u0259rbaycan\u0131n media m\u0259kan\u0131ndak\u0131 alternativ s\u0259sidir","publisher":{"@id":"https:\/\/www.meydan.tv\/az\/#organization"},"potentialAction":[{"@type":"SearchAction","target":{"@type":"EntryPoint","urlTemplate":"https:\/\/www.meydan.tv\/az\/?s={search_term_string}"},"query-input":{"@type":"PropertyValueSpecification","valueRequired":true,"valueName":"search_term_string"}}],"inLanguage":"az"},{"@type":"Organization","@id":"https:\/\/www.meydan.tv\/az\/#organization","name":"Meydan TV","url":"https:\/\/www.meydan.tv\/az\/","logo":{"@type":"ImageObject","inLanguage":"az","@id":"https:\/\/www.meydan.tv\/az\/#\/schema\/logo\/image\/","url":"https:\/\/www.meydan.tv\/wp-content\/uploads\/2021\/07\/meydan-logo.svg","contentUrl":"https:\/\/www.meydan.tv\/wp-content\/uploads\/2021\/07\/meydan-logo.svg","width":195,"height":46,"caption":"Meydan TV"},"image":{"@id":"https:\/\/www.meydan.tv\/az\/#\/schema\/logo\/image\/"}},{"@type":"Person","@id":"https:\/\/www.meydan.tv\/az\/#\/schema\/person\/10d11eccf6da3662cf5fdab9806ea91a","name":"user-manager"}]}},"_links":{"self":[{"href":"https:\/\/www.meydan.tv\/az\/wp-json\/wp\/v2\/posts\/168070","targetHints":{"allow":["GET"]}}],"collection":[{"href":"https:\/\/www.meydan.tv\/az\/wp-json\/wp\/v2\/posts"}],"about":[{"href":"https:\/\/www.meydan.tv\/az\/wp-json\/wp\/v2\/types\/post"}],"author":[{"embeddable":true,"href":"https:\/\/www.meydan.tv\/az\/wp-json\/wp\/v2\/users\/11"}],"replies":[{"embeddable":true,"href":"https:\/\/www.meydan.tv\/az\/wp-json\/wp\/v2\/comments?post=168070"}],"version-history":[{"count":0,"href":"https:\/\/www.meydan.tv\/az\/wp-json\/wp\/v2\/posts\/168070\/revisions"}],"wp:featuredmedia":[{"embeddable":true,"href":"https:\/\/www.meydan.tv\/az\/wp-json\/wp\/v2\/media\/25162"}],"wp:attachment":[{"href":"https:\/\/www.meydan.tv\/az\/wp-json\/wp\/v2\/media?parent=168070"}],"wp:term":[{"taxonomy":"category","embeddable":true,"href":"https:\/\/www.meydan.tv\/az\/wp-json\/wp\/v2\/categories?post=168070"},{"taxonomy":"post_tag","embeddable":true,"href":"https:\/\/www.meydan.tv\/az\/wp-json\/wp\/v2\/tags?post=168070"}],"curies":[{"name":"wp","href":"https:\/\/api.w.org\/{rel}","templated":true}]}}