{"id":168066,"date":"2015-05-26T00:20:31","date_gmt":"2015-05-26T00:20:31","guid":{"rendered":"https:\/\/www.meydan.tv\/article\/resmi-baki-moskvaya-jest-edir\/"},"modified":"2015-05-26T00:20:31","modified_gmt":"2015-05-26T00:20:31","slug":"resmi-baki-moskvaya-jest-edir","status":"publish","type":"post","link":"https:\/\/www.meydan.tv\/az\/article\/resmi-baki-moskvaya-jest-edir\/","title":{"rendered":"&#8220;R\u0259smi Bak\u0131 Moskvaya jest edir&#8221;"},"content":{"rendered":"<figure class=\"wp-block-image size-large\">\n  <img decoding=\"async\" src=\"https:\/\/www.meydan.tv\/az\/25147\/\" alt=\"\" class=\"wp-image-25147\"\/><figcaption><\/figcaption><\/figure>\n<figure class=\"wp-block-image size-large\">\n  <img decoding=\"async\" src=\"https:\/\/www.meydan.tv\/az\/25147\/\" alt=\"\" class=\"wp-image-25147\"\/><figcaption><\/figcaption><\/figure>\n<p><div>\n    <i><br \/>\n      Elxan \u015eahino\u011flu: &#8220;Bak\u0131 Moskvaya dem\u0259k ist\u0259yir ki, g\u0259l, Qaraba\u011f m\u0259s\u0259l\u0259sinin h\u0259llind\u0259 add\u0131m at, \u0259g\u0259r bu olsa, Avrasiya \u0130ttifaq\u0131na \u00fczvl\u00fck m\u0259s\u0259l\u0259si d\u0259 m\u00fczakir\u0259 oluna bil\u0259r&#8221;<br \/>\n    <\/i>\n  <\/div>\n<\/p>\n<p><div><\/div>\n<\/p>\n<p><div>\n    &#8220;Erm\u0259nistan-Az\u0259rbaycan m\u00fcnaqi\u015f\u0259sinin h\u0259lli imkanlar\u0131n\u0131n Rusiyan\u0131n \u0259lind\u0259 oldu\u011fu ham\u0131ya b\u0259llidir v\u0259 Moskva \u0130r\u0259vana t\u0259kid ets\u0259, ikinci c\u0259sar\u0259t g\u00f6st\u0259rib etiraz ed\u0259 bilm\u0259y\u0259c\u0259k&#8221;.\n  <\/div>\n<\/p>\n<p><div><\/div>\n<\/p>\n<p><div>\n    Bu a\u00e7\u0131qlaman\u0131 Moskvada Lavrov-M\u0259mm\u0259dyarov g\u00f6r\u00fc\u015f\u00fcn\u00fc Meydan TV-y\u0259 \u015f\u0259rh ed\u0259n &#8220;Atlas&#8221; Ara\u015fd\u0131rmalar M\u0259rk\u0259zinin s\u0259dri, politoloq Elxan \u015eahino\u011flu verib.\n  <\/div>\n<\/p>\n<p><div><\/div>\n<\/p>\n<p><div>\n    Elxan \u015eahino\u011flu bildirib ki, Erm\u0259nistan prezidenti Avropa \u0130ttifaq\u0131 il\u0259 Assosiatov Anla\u015fman\u0131 imzalamaq \u00fc\u00e7\u00fcn uzun m\u00fcdd\u0259t dan\u0131\u015f\u0131q apard\u0131. Amma S\u0259rkisyan Moskvaya \u00e7a\u011fr\u0131lmaqla m\u00f6vqeyini d\u0259yi\u015fdi v\u0259 Rusiyan\u0131n ist\u0259diyi Avrasiya \u0130ttifaq\u0131na \u00fczv olaca\u011f\u0131n\u0131 b\u0259yan etdi. Bu, Erm\u0259nistan\u0131n m\u00fcst\u0259qil d\u00f6vl\u0259t olmad\u0131\u011f\u0131n\u0131n v\u0259 Kremlin ist\u0259kl\u0259rini h\u0259yata ke\u00e7irdiyinin g\u00f6st\u0259ricisidir: &#8220;O c\u00fcml\u0259d\u0259n, Da\u011fl\u0131q Qaraba\u011f m\u0259s\u0259l\u0259sind\u0259 qar\u015f\u0131m\u0131zda Erm\u0259nistandan \u00e7ox Rusiyan\u0131n dayand\u0131\u011f\u0131n\u0131 bilm\u0259li v\u0259 gizl\u0259tm\u0259m\u0259liyik. Maliyy\u0259 v\u0259 h\u0259rbi imkanlar\u0131m\u0131z m\u00fcharib\u0259 yolu il\u0259 torpaqlar\u0131m\u0131z\u0131n azad olunmas\u0131n\u0131 m\u00fcmk\u00fcn ets\u0259 d\u0259, bunu Rusiya amilin\u0259 g\u00f6r\u0259 etmirik. \u00c7\u00fcnki Erm\u0259nistan\u0131 m\u0259\u011flub ets\u0259k bel\u0259, qar\u015f\u0131m\u0131za Rusiyan\u0131n planlar\u0131 \u00e7\u0131xacaq, nec\u0259 ki, Ukrayna indiki durumla \u00fczl\u0259\u015fdi. Y\u0259ni m\u00fcharib\u0259nin ba\u015flanaca\u011f\u0131 halda Moskvan\u0131n \u00f6z\u00fcn\u00fc nec\u0259 aparaca\u011f\u0131 bizd\u0259 b\u00f6y\u00fck suallar yarad\u0131r. Prezident \u018fliyevin Riqa Sammitind\u0259 i\u015ftirak etm\u0259m\u0259si, Avropa \u0130ttifaq\u0131 il\u0259 sazi\u015f imzalamamas\u0131 bel\u0259 g\u00f6r\u00fcnt\u00fc yarada bil\u0259r ki, R\u0259smi Bak\u0131 Moskvaya jest edir. Xat\u0131rlay\u0131rs\u0131zsa, Rusiya X\u0130N-in s\u00f6z\u00e7\u00fcs\u00fc Luka\u015fevi\u00e7 Avropa \u0130ttifaq\u0131 il\u0259 sazi\u015f imzalayanlar\u0131 h\u0259d\u0259l\u0259yirdi, Az\u0259rbaycan da imzalamad\u0131. Bel\u0259 olanda, Bak\u0131 Moskvaya dem\u0259k ist\u0259yir ki, g\u0259l, Qaraba\u011f m\u0259s\u0259l\u0259sinin h\u0259llind\u0259 add\u0131m at, \u0259g\u0259r bu olsa, Avrasiya \u0130ttifaq\u0131na \u00fczvl\u00fck m\u0259s\u0259l\u0259si d\u0259 m\u00fczakir\u0259 oluna bil\u0259r. B\u0259li, Elmar M\u0259mm\u0259dyarov Moskvada \u00fcmidverici a\u00e7\u0131qlamalar verir, amma Rusiyan\u0131n m\u00fcnaqi\u015f\u0259nin \u0259dal\u0259tli h\u0259llini s\u00fcr\u0259tl\u0259ndir\u0259c\u0259yin\u0259 inanm\u0131ram. &#8220;\u018fdal\u0259tli h\u0259ll&#8221; n\u0259y\u0259 deyirik? Bu, odur ki, he\u00e7 olmasa ilkin m\u0259rh\u0259l\u0259d\u0259 Da\u011fl\u0131q Qaraba\u011f \u0259traf\u0131ndak\u0131 \u0259razil\u0259r bo\u015fald\u0131lmal\u0131d\u0131r. Rusiya ist\u0259s\u0259, bunu ed\u0259 bil\u0259r. Lavrov-M\u0259mm\u0259dyarov g\u00f6r\u00fc\u015f\u00fcn\u00fcn n\u0259tic\u0259si olaraq ke\u00e7iril\u0259n m\u0259tbuat konfrans\u0131 m\u0259nd\u0259 bel\u0259 bir t\u0259\u0259ss\u00fcrat yaratm\u0131r ki, Rusiya &#8220;qollar\u0131n\u0131 \u00e7\u0131rmalay\u0131b&#8221; m\u00fcnaqi\u015f\u0259nin h\u0259llin\u0259 giri\u015f\u0259c\u0259k. Lavrov da &#8220;h\u0259r iki t\u0259r\u0259fin raz\u0131la\u015faca\u011f\u0131 s\u00fclhl\u0259 biz d\u0259 raz\u0131la\u015faca\u011f\u0131q&#8221; dey\u0259 ikiba\u015fl\u0131 b\u0259yanat verir. Bu, o dem\u0259kdir ki, Erm\u0259nistanla raz\u0131la\u015f\u0131n. Halbuki, Erm\u0259nistanla raz\u0131la\u015fa bils\u0259ydik, \u00e7oxdan raz\u0131la\u015fard\u0131q. Bu c\u00fcr suallar a\u00e7\u0131q qal\u0131r&#8221;.\n  <\/div>\n<\/p>\n<p><div><\/div>\n<\/p>\n<figure class=\"wp-block-image size-large\">\n  <img decoding=\"async\" src=\"https:\/\/www.meydan.tv\/az\/25150\/\" alt=\"\" class=\"wp-image-25150\"\/><figcaption><\/figcaption><\/figure>\n<p><div>\n    M\u0259rk\u0259z s\u0259drinin s\u00f6zl\u0259rin\u0259 g\u00f6r\u0259, Rusiya m\u00fcnaqi\u015f\u0259nin \u0259dal\u0259tli h\u0259ll olunmas\u0131n\u0131 ona g\u00f6r\u0259 ist\u0259mir ki, bu halda Erm\u0259nistan Az\u0259rbaycan v\u0259 T\u00fcrkiy\u0259 il\u0259 m\u00fcnasib\u0259tl\u0259ri normalla\u015fd\u0131rm\u0131\u015f olacaq: &#8220;Bu is\u0259 Erm\u0259nistan\u0131n Rusiyan\u0131n n\u0259zar\u0259tind\u0259n \u00e7\u0131xmas\u0131d\u0131r&#8221;.\n  <\/div>\n<\/p>\n<p><div><\/div>\n<\/p>\n<p><div>\n    Elxan \u015eahino\u011flu nazirl\u0259rin nikbinliyinin s\u0259b\u0259bi il\u0259 ba\u011fl\u0131 suala bel\u0259 cavab verdi: &#8220;Bu nikbinlik uzun m\u00fcdd\u0259tdir davam edir. Xat\u0131rlay\u0131n, Medvedev prezident olandan sonra Bak\u0131ya d\u0259v\u0259t olundu, onunla m\u00fcqavil\u0259l\u0259r imzaland\u0131. Az\u0259rbaycan Medvedev\u0259 g\u00f6st\u0259rm\u0259k ist\u0259yirdi ki, Bak\u0131 il\u0259 \u0259m\u0259kda\u015fl\u0131q \u0130r\u0259vanla \u0259m\u0259kda\u015fl\u0131qdan daha \u0259lveri\u015flidir. Bu m\u0259nada Medvedevin iki \u00f6lk\u0259 prezidenti aras\u0131nda 10 g\u00f6r\u00fc\u015f t\u0259\u015fkil etm\u0259si d\u0259 t\u0259sad\u00fcf\u00fc deyil, b\u0259lk\u0259 xo\u015f niyy\u0259ti d\u0259 vard\u0131. Amma Medvedev Rusiya deyil, onun arxas\u0131nda Putin v\u0259 h\u0259rbi s\u0259naye kompleksi dayan\u0131r ki, g\u0259l\u0259c\u0259k add\u0131mlar\u0131 atmas\u0131na imkan verm\u0259dil\u0259r. \u0130ndi d\u0259 hakimiyy\u0259td\u0259 bel\u0259 bir \u00fcmid var ki, Rusiyaya qar\u015f\u0131 getm\u0259m\u0259kl\u0259, Avropa Birliyind\u0259n m\u0259saf\u0259 saxlamaqla Qaraba\u011f m\u0259s\u0259l\u0259sind\u0259 hans\u0131sa add\u0131m\u0131n at\u0131lmas\u0131na nail olacaq. Yax\u0131nlarda Putinin Bak\u0131 s\u0259f\u0259ri g\u00f6zl\u0259nilir v\u0259 M\u0259mm\u0259dyarov m\u0259tbuat konfrans\u0131nda &#8220;\u00e7ox ciddi m\u0259s\u0259l\u0259l\u0259rin m\u00fczakir\u0259si g\u00f6zl\u0259nilir&#8221; dey\u0259 ikiba\u015fl\u0131 fikir i\u015fl\u0259tdi. Amma bu c\u00fcr qar\u015f\u0131l\u0131ql\u0131 s\u0259f\u0259rl\u0259r \u00e7ox olub v\u0259 m\u0259n deyil\u0259n m\u0259qam\u0131n indi yeti\u015fdiyini d\u00fc\u015f\u00fcnm\u00fcr\u0259m. Bu c\u00fcr m\u0259qamlar \u00e7ox olub, h\u0259tta Putin birinci d\u0259f\u0259 prezident se\u00e7il\u0259nd\u0259 ilk s\u0259f\u0259rini d\u0259 Bak\u0131ya etmi\u015fdi. V\u0259 Putinin prezident Heyd\u0259r \u018fliyevd\u0259n m\u00fc\u0259yy\u0259n xahi\u015fl\u0259ri oldu, \u00e7e\u00e7enl\u0259rin Bak\u0131dak\u0131 n\u00fcmay\u0259nd\u0259liyi qapad\u0131ld\u0131. Bunun qar\u015f\u0131s\u0131nda Putin he\u00e7 bir add\u0131m atmad\u0131, indi hans\u0131 add\u0131m atacaq, bu, \u00a0m\u0259n\u0259 ayd\u0131n deyil&#8221;.\n  <\/div>\n<\/p>\n<p><div><\/div>\n<\/p>\n<p><div>\n    May\u0131n 25-d\u0259 Moskvada Az\u0259rbaycan xarici i\u015fl\u0259r naziri Elmar M\u0259mm\u0259dyarov rusiyal\u0131 h\u0259mkar\u0131 Sergey Lavrovla g\u00f6r\u00fc\u015f\u00fcb. G\u00f6r\u00fc\u015fd\u0259n sonra ke\u00e7iril\u0259n m\u0259tbuat konfrans\u0131nda Az\u0259rbaycan xarici i\u015fl\u0259r naziri Elmar M\u0259mm\u0259dyarov deyib ki, dan\u0131\u015f\u0131qlarda Da\u011fl\u0131q Qaraba\u011f m\u0259s\u0259l\u0259si f\u0259al m\u00fczakir\u0259 olunub, m\u0259s\u0259l\u0259 yeti\u015fib v\u0259 onu h\u0259ll etm\u0259k laz\u0131md\u0131r. Da\u011fl\u0131q Qaraba\u011f m\u00fcnaqi\u015f\u0259si il\u0259 ba\u011fl\u0131 nikbinlik notlar\u0131n\u0131 m\u0259n d\u0259 b\u00f6l\u00fc\u015f\u00fcr\u0259m. M\u00f6vzu var, problem var, onu h\u0259ll etm\u0259k laz\u0131md\u0131r. O art\u0131q yeti\u015fib\u201d.<\/p>\n<p>\n      \u00d6z n\u00f6vb\u0259sind\u0259 S.Lavrov qeyd edib ki, Rusiya Da\u011fl\u0131q Qaraba\u011f m\u0259s\u0259l\u0259sinin h\u0259llin\u0259 \u00f6z\u00fcn\u00fcn xarici siyasi prioritetl\u0259ri s\u0131ras\u0131nda bax\u0131r.\n    <\/p>\n<p>\n      \u201cBiz m\u00fcnaqi\u015f\u0259 t\u0259r\u0259fl\u0259ri aras\u0131nda raz\u0131la\u015fmaya nail olunmas\u0131na yardm g\u00f6st\u0259rilm\u0259sin\u0259 \u00f6z xarici siyasi prioritetl\u0259rimizin biri kimi bax\u0131r\u0131q\u201d, &#8211; S.Lavrov qeyd edib. Qar\u015f\u0131l\u0131ql\u0131 m\u0259qbul raz\u0131la\u015fman\u0131n axtar\u0131lmas\u0131na yard\u0131m g\u00f6st\u0259rilm\u0259sini davam etdir\u0259c\u0259yik\u201d, &#8211; o vur\u011fulay\u0131b.\n    <\/p>\n<p>\n      \u201cM\u00fcnaqi\u015f\u0259nin \u00e7ox uzanmas\u0131n\u0131 he\u00e7 kim inkar etmir\u201d, &#8211; o bildirib. \u201cRaz\u0131l\u0131q \u0259ld\u0259 etm\u0259k \u00fc\u00e7\u00fcn real baza var, ham\u0131 bununla raz\u0131d\u0131r.\u00a0 Haz\u0131rda laz\u0131md\u0131r ki, bu anla\u015fma konkret sazi\u015f dilin\u0259 k\u00f6\u00e7\u00fcr\u00fcls\u00fcn\u201d, &#8211; o vur\u011fulay\u0131b.\n    <\/p>\n<\/p><\/div>\n<\/p>\n<p><div><\/div><\/p>\n","protected":false},"excerpt":{"rendered":"<p>Elxan \u015eahino\u011flu: &#8220;Bak\u0131 Moskvaya dem\u0259k ist\u0259yir ki, g\u0259l, Qaraba\u011f m\u0259s\u0259l\u0259sinin h\u0259llind\u0259 add\u0131m at, \u0259g\u0259r bu olsa, Avrasiya \u0130ttifaq\u0131na \u00fczvl\u00fck m\u0259s\u0259l\u0259si d\u0259 m\u00fczakir\u0259 oluna bil\u0259r&#8221;<\/p>\n","protected":false},"author":11,"featured_media":25147,"comment_status":"closed","ping_status":"open","sticky":false,"template":"","format":"standard","meta":{"_acf_changed":false,"_sitemap_exclude":false,"_sitemap_priority":"","_sitemap_frequency":"","footnotes":""},"categories":[56],"tags":[],"class_list":["post-168066","post","type-post","status-publish","format-standard","has-post-thumbnail","hentry","category-xeberler","infinite-scroll-item","generate-columns","tablet-grid-50","mobile-grid-100","grid-parent","grid-33","no-featured-image-padding"],"acf":[],"yoast_head":"<!-- This site is optimized with the Yoast SEO plugin v28.4 - https:\/\/yoast.com\/product\/yoast-seo-wordpress\/ -->\n<title>&quot;R\u0259smi Bak\u0131 Moskvaya jest edir&quot; - MEYDAN.TV<\/title>\n<meta name=\"robots\" content=\"index, follow, max-snippet:-1, max-image-preview:large, max-video-preview:-1\" \/>\n<link rel=\"canonical\" href=\"https:\/\/www.meydan.tv\/az\/article\/resmi-baki-moskvaya-jest-edir\/\" \/>\n<meta property=\"og:locale\" content=\"az_AZ\" \/>\n<meta property=\"og:type\" content=\"article\" \/>\n<meta property=\"og:title\" content=\"&quot;R\u0259smi Bak\u0131 Moskvaya jest edir&quot; - MEYDAN.TV\" \/>\n<meta property=\"og:description\" content=\"Elxan \u015eahino\u011flu: &quot;Bak\u0131 Moskvaya dem\u0259k ist\u0259yir ki, g\u0259l, Qaraba\u011f m\u0259s\u0259l\u0259sinin h\u0259llind\u0259 add\u0131m at, \u0259g\u0259r bu olsa, Avrasiya \u0130ttifaq\u0131na \u00fczvl\u00fck m\u0259s\u0259l\u0259si d\u0259 m\u00fczakir\u0259 oluna bil\u0259r&quot;\" \/>\n<meta property=\"og:url\" content=\"https:\/\/www.meydan.tv\/az\/article\/resmi-baki-moskvaya-jest-edir\/\" \/>\n<meta property=\"og:site_name\" content=\"MEYDAN.TV\" \/>\n<meta property=\"article:published_time\" content=\"2015-05-26T00:20:31+00:00\" \/>\n<meta property=\"og:image\" content=\"https:\/\/www.meydan.tv\/wp-content\/uploads\/9194.jpg\" \/>\n\t<meta property=\"og:image:width\" content=\"535\" \/>\n\t<meta property=\"og:image:height\" content=\"400\" \/>\n\t<meta property=\"og:image:type\" content=\"image\/jpeg\" \/>\n<meta name=\"twitter:card\" content=\"summary_large_image\" \/>\n<!-- \/ Yoast SEO plugin. -->","yoast_head_json":{"title":"\"R\u0259smi Bak\u0131 Moskvaya jest edir\" - MEYDAN.TV","robots":{"index":"index","follow":"follow","max-snippet":"max-snippet:-1","max-image-preview":"max-image-preview:large","max-video-preview":"max-video-preview:-1"},"canonical":"https:\/\/www.meydan.tv\/az\/article\/resmi-baki-moskvaya-jest-edir\/","og_locale":"az_AZ","og_type":"article","og_title":"\"R\u0259smi Bak\u0131 Moskvaya jest edir\" - MEYDAN.TV","og_description":"Elxan \u015eahino\u011flu: \"Bak\u0131 Moskvaya dem\u0259k ist\u0259yir ki, g\u0259l, Qaraba\u011f m\u0259s\u0259l\u0259sinin h\u0259llind\u0259 add\u0131m at, \u0259g\u0259r bu olsa, Avrasiya \u0130ttifaq\u0131na \u00fczvl\u00fck m\u0259s\u0259l\u0259si d\u0259 m\u00fczakir\u0259 oluna bil\u0259r\"","og_url":"https:\/\/www.meydan.tv\/az\/article\/resmi-baki-moskvaya-jest-edir\/","og_site_name":"MEYDAN.TV","article_published_time":"2015-05-26T00:20:31+00:00","og_image":[{"width":535,"height":400,"url":"https:\/\/www.meydan.tv\/wp-content\/uploads\/9194.jpg","type":"image\/jpeg"}],"twitter_card":"summary_large_image","schema":{"@context":"https:\/\/schema.org","@graph":[{"@type":"Article","@id":"https:\/\/www.meydan.tv\/az\/article\/resmi-baki-moskvaya-jest-edir\/#article","isPartOf":{"@id":"https:\/\/www.meydan.tv\/az\/article\/resmi-baki-moskvaya-jest-edir\/"},"author":{"name":"user-manager","@id":"https:\/\/www.meydan.tv\/az\/#\/schema\/person\/10d11eccf6da3662cf5fdab9806ea91a"},"headline":"&#8220;R\u0259smi Bak\u0131 Moskvaya jest edir&#8221;","datePublished":"2015-05-26T00:20:31+00:00","mainEntityOfPage":{"@id":"https:\/\/www.meydan.tv\/az\/article\/resmi-baki-moskvaya-jest-edir\/"},"wordCount":1160,"publisher":{"@id":"https:\/\/www.meydan.tv\/az\/#organization"},"image":{"@id":"https:\/\/www.meydan.tv\/az\/article\/resmi-baki-moskvaya-jest-edir\/#primaryimage"},"thumbnailUrl":"https:\/\/www.meydan.tv\/wp-content\/uploads\/9194.jpg","articleSection":["X\u0259b\u0259rl\u0259r"],"inLanguage":"az"},{"@type":"WebPage","@id":"https:\/\/www.meydan.tv\/az\/article\/resmi-baki-moskvaya-jest-edir\/","url":"https:\/\/www.meydan.tv\/az\/article\/resmi-baki-moskvaya-jest-edir\/","name":"\"R\u0259smi Bak\u0131 Moskvaya jest edir\" - MEYDAN.TV","isPartOf":{"@id":"https:\/\/www.meydan.tv\/az\/#website"},"primaryImageOfPage":{"@id":"https:\/\/www.meydan.tv\/az\/article\/resmi-baki-moskvaya-jest-edir\/#primaryimage"},"image":{"@id":"https:\/\/www.meydan.tv\/az\/article\/resmi-baki-moskvaya-jest-edir\/#primaryimage"},"thumbnailUrl":"https:\/\/www.meydan.tv\/wp-content\/uploads\/9194.jpg","datePublished":"2015-05-26T00:20:31+00:00","breadcrumb":{"@id":"https:\/\/www.meydan.tv\/az\/article\/resmi-baki-moskvaya-jest-edir\/#breadcrumb"},"inLanguage":"az","potentialAction":[{"@type":"ReadAction","target":["https:\/\/www.meydan.tv\/az\/article\/resmi-baki-moskvaya-jest-edir\/"]}]},{"@type":"ImageObject","inLanguage":"az","@id":"https:\/\/www.meydan.tv\/az\/article\/resmi-baki-moskvaya-jest-edir\/#primaryimage","url":"https:\/\/www.meydan.tv\/wp-content\/uploads\/9194.jpg","contentUrl":"https:\/\/www.meydan.tv\/wp-content\/uploads\/9194.jpg","width":535,"height":400,"caption":"Source:"},{"@type":"BreadcrumbList","@id":"https:\/\/www.meydan.tv\/az\/article\/resmi-baki-moskvaya-jest-edir\/#breadcrumb","itemListElement":[{"@type":"ListItem","position":1,"name":"Ana s\u0259hif\u0259","item":"https:\/\/www.meydan.tv\/az\/"},{"@type":"ListItem","position":2,"name":"X\u0259b\u0259rl\u0259r","item":"https:\/\/www.meydan.tv\/az\/section\/xeberler\/"},{"@type":"ListItem","position":3,"name":"&#8220;R\u0259smi Bak\u0131 Moskvaya jest edir&#8221;"}]},{"@type":"WebSite","@id":"https:\/\/www.meydan.tv\/az\/#website","url":"https:\/\/www.meydan.tv\/az\/","name":"MEYDAN.TV","description":"Meydan TV Az\u0259rbaycan\u0131n media m\u0259kan\u0131ndak\u0131 alternativ s\u0259sidir","publisher":{"@id":"https:\/\/www.meydan.tv\/az\/#organization"},"potentialAction":[{"@type":"SearchAction","target":{"@type":"EntryPoint","urlTemplate":"https:\/\/www.meydan.tv\/az\/?s={search_term_string}"},"query-input":{"@type":"PropertyValueSpecification","valueRequired":true,"valueName":"search_term_string"}}],"inLanguage":"az"},{"@type":"Organization","@id":"https:\/\/www.meydan.tv\/az\/#organization","name":"Meydan TV","url":"https:\/\/www.meydan.tv\/az\/","logo":{"@type":"ImageObject","inLanguage":"az","@id":"https:\/\/www.meydan.tv\/az\/#\/schema\/logo\/image\/","url":"https:\/\/www.meydan.tv\/wp-content\/uploads\/2021\/07\/meydan-logo.svg","contentUrl":"https:\/\/www.meydan.tv\/wp-content\/uploads\/2021\/07\/meydan-logo.svg","width":195,"height":46,"caption":"Meydan TV"},"image":{"@id":"https:\/\/www.meydan.tv\/az\/#\/schema\/logo\/image\/"}},{"@type":"Person","@id":"https:\/\/www.meydan.tv\/az\/#\/schema\/person\/10d11eccf6da3662cf5fdab9806ea91a","name":"user-manager"}]}},"_links":{"self":[{"href":"https:\/\/www.meydan.tv\/az\/wp-json\/wp\/v2\/posts\/168066","targetHints":{"allow":["GET"]}}],"collection":[{"href":"https:\/\/www.meydan.tv\/az\/wp-json\/wp\/v2\/posts"}],"about":[{"href":"https:\/\/www.meydan.tv\/az\/wp-json\/wp\/v2\/types\/post"}],"author":[{"embeddable":true,"href":"https:\/\/www.meydan.tv\/az\/wp-json\/wp\/v2\/users\/11"}],"replies":[{"embeddable":true,"href":"https:\/\/www.meydan.tv\/az\/wp-json\/wp\/v2\/comments?post=168066"}],"version-history":[{"count":0,"href":"https:\/\/www.meydan.tv\/az\/wp-json\/wp\/v2\/posts\/168066\/revisions"}],"wp:featuredmedia":[{"embeddable":true,"href":"https:\/\/www.meydan.tv\/az\/wp-json\/wp\/v2\/media\/25147"}],"wp:attachment":[{"href":"https:\/\/www.meydan.tv\/az\/wp-json\/wp\/v2\/media?parent=168066"}],"wp:term":[{"taxonomy":"category","embeddable":true,"href":"https:\/\/www.meydan.tv\/az\/wp-json\/wp\/v2\/categories?post=168066"},{"taxonomy":"post_tag","embeddable":true,"href":"https:\/\/www.meydan.tv\/az\/wp-json\/wp\/v2\/tags?post=168066"}],"curies":[{"name":"wp","href":"https:\/\/api.w.org\/{rel}","templated":true}]}}