{"id":168063,"date":"2015-05-25T20:50:32","date_gmt":"2015-05-25T20:50:32","guid":{"rendered":"https:\/\/www.meydan.tv\/article\/mehkeme-eldeniz-quliyevin-1000-manat-odemesini-teleb-edir\/"},"modified":"2015-05-25T20:50:32","modified_gmt":"2015-05-25T20:50:32","slug":"mehkeme-eldeniz-quliyevin-1000-manat-odemesini-teleb-edir","status":"publish","type":"post","link":"https:\/\/www.meydan.tv\/az\/article\/mehkeme-eldeniz-quliyevin-1000-manat-odemesini-teleb-edir\/","title":{"rendered":"M\u0259hk\u0259m\u0259 Eld\u0259niz Quliyevin 1000 manat \u00f6d\u0259m\u0259sini t\u0259l\u0259b edir"},"content":{"rendered":"<figure class=\"wp-block-image size-large\">\n  <img decoding=\"async\" src=\"https:\/\/www.meydan.tv\/az\/25144\/\" alt=\"\" class=\"wp-image-25144\"\/><figcaption><\/figcaption><\/figure>\n<figure class=\"wp-block-image size-large\">\n  <img decoding=\"async\" src=\"https:\/\/www.meydan.tv\/az\/25144\/\" alt=\"\" class=\"wp-image-25144\"\/><figcaption><\/figcaption><\/figure>\n<p>\n  <i><br \/>\n    Rejissorun c\u0259za olaraq N\u0259simi rayon 14 sayl\u0131 M\u0259nzil-\u0130stismar Sah\u0259sind\u0259 ictimai i\u015f\u0259 c\u0259lb olunmas\u0131 bar\u0259d\u0259 q\u0259rar ver\u0131lib<br \/>\n  <\/i>\n<\/p>\n<p>\n  N\u0259simi Rayon M\u0259hk\u0259m\u0259sinin icra\u00e7\u0131lar\u0131 D\u0130N r\u0259hb\u0259ri Ramil Usubovun iddias\u0131na \u0259sas\u0259n kinorejissor Eld\u0259niz Quliyevin 1000 manat \u00f6d\u0259m\u0259sini t\u0259l\u0259b edirl\u0259r.\n<\/p>\n<p>\n  Bundan \u0259lav\u0259, E.Quliyev c\u0259za olaraq N\u0259simi rayon 14 sayl\u0131 M\u0259nzil-\u0130stismar Sah\u0259sind\u0259 ictimai i\u015f\u0259 c\u0259lb olunmas\u0131 bar\u0259d\u0259 q\u0259rar ver\u0131lib.\n<\/p>\n<p>\n  Kinorejissor bu c\u0259zan\u0131 qanunsuz hesab edir. 47.4.4-c\u00fc madd\u0259y\u0259 \u0259sas\u0259n bu c\u0259za pensiya ya\u015f\u0131nda olan \u015f\u0259xsl\u0259r\u0259 t\u0259yin edil\u0259 bilm\u0259z. Bu bar\u0259d\u0259 &#8220;Turan \u0130A&#8221;-a E.Quliyev \u00f6z\u00fc bildirib.\n<\/p>\n<p>\n  E.Quliyevin s\u00f6zl\u0259rin\u0259 g\u00f6r\u0259, onun daimi i\u015fi yoxdur v\u0259 ona sifari\u015f verilmir. Odur ki, c\u0259rim\u0259nin hiss\u0259-hiss\u0259 \u00f6d\u0259nilm\u0259sini xahi\u015f edib, lakin bundan imtina edilib.\n<\/p>\n<p>\n  E.Quliyev bununla, h\u0259m\u00e7inin \u00f6lk\u0259d\u0259n \u00e7\u0131x\u0131\u015f\u0131na qada\u011fa qoyulmas\u0131 il\u0259 ba\u011fl\u0131 m\u0259hk\u0259m\u0259y\u0259 m\u00fcraci\u0259t edib. \u00a0E.Quliyev h\u0259mcinin ictimai i\u015f\u0259 c\u0259lb olunma bar\u0259d\u0259 c\u0259zan\u0131n l\u0259\u011fvini ist\u0259yir.\n<\/p>\n<p>\n  \u0130\u015f\u0259 iyunun 1-d\u0259 N\u0259simi m\u0259hk\u0259m\u0259sind\u0259 bax\u0131lacaq.\n<\/p>\n<p>\n  2014-c\u00fc il avqustun 20-d\u0259 E.Quliyev Facebook s\u0259hif\u0259sind\u0259 yol polisinin h\u0259r\u0259k\u0259tini t\u0259nqid edib. D\u0130N r\u0259hb\u0259ri bunu polis \u00fc\u00e7\u00fcn t\u0259hqir v\u0259 b\u00f6htan say\u0131b, \u015f\u0259r\u0259f v\u0259 l\u0259yaq\u0259tin qorunmas\u0131 il\u0259 ba\u011fl\u0131 iddia qald\u0131raraq E.Quliyevin m\u0259suliyy\u0259t\u0259 c\u0259lb olunmas\u0131n\u0131 t\u0259l\u0259b edib.\n<\/p>\n<p>\n  Oktyabr\u0131n 30-da m\u0259hk\u0259m\u0259 E.Quliyevi 1000 manat c\u0259rim\u0259 edib v\u0259 480 saat ictimai i\u015f\u0259 c\u0259lb edib. Aprelin 2-d\u0259 Bak\u0131 Apellyasiya M\u0259hk\u0259m\u0259si q\u0259rar\u0131 q\u00fcvv\u0259d\u0259 saxlay\u0131b.\n<\/p>\n<p>\n  E.Quliyev Demokratik Q\u00fcvv\u0259l\u0259rin Milli \u015euras\u0131n\u0131n \u00fczv\u00fc v\u0259 Ziyal\u0131lar Birliyinin r\u0259hb\u0259ridir.<\/p>\n","protected":false},"excerpt":{"rendered":"<p>Rejissorun c\u0259za olaraq N\u0259simi rayon 14 sayl\u0131 M\u0259nzil-\u0130stismar Sah\u0259sind\u0259 ictimai i\u015f\u0259 c\u0259lb olunmas\u0131 bar\u0259d\u0259 q\u0259rar ver\u0131lib<\/p>\n","protected":false},"author":11,"featured_media":25144,"comment_status":"closed","ping_status":"open","sticky":false,"template":"","format":"standard","meta":{"_acf_changed":false,"_sitemap_exclude":false,"_sitemap_priority":"","_sitemap_frequency":"","footnotes":""},"categories":[56],"tags":[],"class_list":["post-168063","post","type-post","status-publish","format-standard","has-post-thumbnail","hentry","category-xeberler","infinite-scroll-item","generate-columns","tablet-grid-50","mobile-grid-100","grid-parent","grid-33","no-featured-image-padding"],"acf":[],"yoast_head":"<!-- This site is optimized with the Yoast SEO plugin v28.4 - https:\/\/yoast.com\/product\/yoast-seo-wordpress\/ -->\n<title>M\u0259hk\u0259m\u0259 Eld\u0259niz Quliyevin 1000 manat \u00f6d\u0259m\u0259sini t\u0259l\u0259b edir - MEYDAN.TV<\/title>\n<meta name=\"robots\" content=\"index, follow, max-snippet:-1, max-image-preview:large, max-video-preview:-1\" \/>\n<link rel=\"canonical\" href=\"https:\/\/www.meydan.tv\/az\/article\/mehkeme-eldeniz-quliyevin-1000-manat-odemesini-teleb-edir\/\" \/>\n<meta property=\"og:locale\" content=\"az_AZ\" \/>\n<meta property=\"og:type\" content=\"article\" \/>\n<meta property=\"og:title\" content=\"M\u0259hk\u0259m\u0259 Eld\u0259niz Quliyevin 1000 manat \u00f6d\u0259m\u0259sini t\u0259l\u0259b edir - MEYDAN.TV\" \/>\n<meta property=\"og:description\" content=\"Rejissorun c\u0259za olaraq N\u0259simi rayon 14 sayl\u0131 M\u0259nzil-\u0130stismar Sah\u0259sind\u0259 ictimai i\u015f\u0259 c\u0259lb olunmas\u0131 bar\u0259d\u0259 q\u0259rar ver\u0131lib\" \/>\n<meta property=\"og:url\" content=\"https:\/\/www.meydan.tv\/az\/article\/mehkeme-eldeniz-quliyevin-1000-manat-odemesini-teleb-edir\/\" \/>\n<meta property=\"og:site_name\" content=\"MEYDAN.TV\" \/>\n<meta property=\"article:published_time\" content=\"2015-05-25T20:50:32+00:00\" \/>\n<meta property=\"og:image\" content=\"https:\/\/www.meydan.tv\/wp-content\/uploads\/9192.jpg\" \/>\n\t<meta property=\"og:image:width\" content=\"384\" \/>\n\t<meta property=\"og:image:height\" content=\"295\" \/>\n\t<meta property=\"og:image:type\" content=\"image\/jpeg\" \/>\n<meta name=\"twitter:card\" content=\"summary_large_image\" \/>\n<!-- \/ Yoast SEO plugin. -->","yoast_head_json":{"title":"M\u0259hk\u0259m\u0259 Eld\u0259niz Quliyevin 1000 manat \u00f6d\u0259m\u0259sini t\u0259l\u0259b edir - MEYDAN.TV","robots":{"index":"index","follow":"follow","max-snippet":"max-snippet:-1","max-image-preview":"max-image-preview:large","max-video-preview":"max-video-preview:-1"},"canonical":"https:\/\/www.meydan.tv\/az\/article\/mehkeme-eldeniz-quliyevin-1000-manat-odemesini-teleb-edir\/","og_locale":"az_AZ","og_type":"article","og_title":"M\u0259hk\u0259m\u0259 Eld\u0259niz Quliyevin 1000 manat \u00f6d\u0259m\u0259sini t\u0259l\u0259b edir - MEYDAN.TV","og_description":"Rejissorun c\u0259za olaraq N\u0259simi rayon 14 sayl\u0131 M\u0259nzil-\u0130stismar Sah\u0259sind\u0259 ictimai i\u015f\u0259 c\u0259lb olunmas\u0131 bar\u0259d\u0259 q\u0259rar ver\u0131lib","og_url":"https:\/\/www.meydan.tv\/az\/article\/mehkeme-eldeniz-quliyevin-1000-manat-odemesini-teleb-edir\/","og_site_name":"MEYDAN.TV","article_published_time":"2015-05-25T20:50:32+00:00","og_image":[{"width":384,"height":295,"url":"https:\/\/www.meydan.tv\/wp-content\/uploads\/9192.jpg","type":"image\/jpeg"}],"twitter_card":"summary_large_image","schema":{"@context":"https:\/\/schema.org","@graph":[{"@type":"Article","@id":"https:\/\/www.meydan.tv\/az\/article\/mehkeme-eldeniz-quliyevin-1000-manat-odemesini-teleb-edir\/#article","isPartOf":{"@id":"https:\/\/www.meydan.tv\/az\/article\/mehkeme-eldeniz-quliyevin-1000-manat-odemesini-teleb-edir\/"},"author":{"name":"user-manager","@id":"https:\/\/www.meydan.tv\/az\/#\/schema\/person\/10d11eccf6da3662cf5fdab9806ea91a"},"headline":"M\u0259hk\u0259m\u0259 Eld\u0259niz Quliyevin 1000 manat \u00f6d\u0259m\u0259sini t\u0259l\u0259b edir","datePublished":"2015-05-25T20:50:32+00:00","mainEntityOfPage":{"@id":"https:\/\/www.meydan.tv\/az\/article\/mehkeme-eldeniz-quliyevin-1000-manat-odemesini-teleb-edir\/"},"wordCount":332,"publisher":{"@id":"https:\/\/www.meydan.tv\/az\/#organization"},"image":{"@id":"https:\/\/www.meydan.tv\/az\/article\/mehkeme-eldeniz-quliyevin-1000-manat-odemesini-teleb-edir\/#primaryimage"},"thumbnailUrl":"https:\/\/www.meydan.tv\/wp-content\/uploads\/9192.jpg","articleSection":["X\u0259b\u0259rl\u0259r"],"inLanguage":"az"},{"@type":"WebPage","@id":"https:\/\/www.meydan.tv\/az\/article\/mehkeme-eldeniz-quliyevin-1000-manat-odemesini-teleb-edir\/","url":"https:\/\/www.meydan.tv\/az\/article\/mehkeme-eldeniz-quliyevin-1000-manat-odemesini-teleb-edir\/","name":"M\u0259hk\u0259m\u0259 Eld\u0259niz Quliyevin 1000 manat \u00f6d\u0259m\u0259sini t\u0259l\u0259b edir - MEYDAN.TV","isPartOf":{"@id":"https:\/\/www.meydan.tv\/az\/#website"},"primaryImageOfPage":{"@id":"https:\/\/www.meydan.tv\/az\/article\/mehkeme-eldeniz-quliyevin-1000-manat-odemesini-teleb-edir\/#primaryimage"},"image":{"@id":"https:\/\/www.meydan.tv\/az\/article\/mehkeme-eldeniz-quliyevin-1000-manat-odemesini-teleb-edir\/#primaryimage"},"thumbnailUrl":"https:\/\/www.meydan.tv\/wp-content\/uploads\/9192.jpg","datePublished":"2015-05-25T20:50:32+00:00","breadcrumb":{"@id":"https:\/\/www.meydan.tv\/az\/article\/mehkeme-eldeniz-quliyevin-1000-manat-odemesini-teleb-edir\/#breadcrumb"},"inLanguage":"az","potentialAction":[{"@type":"ReadAction","target":["https:\/\/www.meydan.tv\/az\/article\/mehkeme-eldeniz-quliyevin-1000-manat-odemesini-teleb-edir\/"]}]},{"@type":"ImageObject","inLanguage":"az","@id":"https:\/\/www.meydan.tv\/az\/article\/mehkeme-eldeniz-quliyevin-1000-manat-odemesini-teleb-edir\/#primaryimage","url":"https:\/\/www.meydan.tv\/wp-content\/uploads\/9192.jpg","contentUrl":"https:\/\/www.meydan.tv\/wp-content\/uploads\/9192.jpg","width":384,"height":295,"caption":"Source:"},{"@type":"BreadcrumbList","@id":"https:\/\/www.meydan.tv\/az\/article\/mehkeme-eldeniz-quliyevin-1000-manat-odemesini-teleb-edir\/#breadcrumb","itemListElement":[{"@type":"ListItem","position":1,"name":"Ana s\u0259hif\u0259","item":"https:\/\/www.meydan.tv\/az\/"},{"@type":"ListItem","position":2,"name":"X\u0259b\u0259rl\u0259r","item":"https:\/\/www.meydan.tv\/az\/section\/xeberler\/"},{"@type":"ListItem","position":3,"name":"M\u0259hk\u0259m\u0259 Eld\u0259niz Quliyevin 1000 manat \u00f6d\u0259m\u0259sini t\u0259l\u0259b edir"}]},{"@type":"WebSite","@id":"https:\/\/www.meydan.tv\/az\/#website","url":"https:\/\/www.meydan.tv\/az\/","name":"MEYDAN.TV","description":"Meydan TV Az\u0259rbaycan\u0131n media m\u0259kan\u0131ndak\u0131 alternativ s\u0259sidir","publisher":{"@id":"https:\/\/www.meydan.tv\/az\/#organization"},"potentialAction":[{"@type":"SearchAction","target":{"@type":"EntryPoint","urlTemplate":"https:\/\/www.meydan.tv\/az\/?s={search_term_string}"},"query-input":{"@type":"PropertyValueSpecification","valueRequired":true,"valueName":"search_term_string"}}],"inLanguage":"az"},{"@type":"Organization","@id":"https:\/\/www.meydan.tv\/az\/#organization","name":"Meydan TV","url":"https:\/\/www.meydan.tv\/az\/","logo":{"@type":"ImageObject","inLanguage":"az","@id":"https:\/\/www.meydan.tv\/az\/#\/schema\/logo\/image\/","url":"https:\/\/www.meydan.tv\/wp-content\/uploads\/2021\/07\/meydan-logo.svg","contentUrl":"https:\/\/www.meydan.tv\/wp-content\/uploads\/2021\/07\/meydan-logo.svg","width":195,"height":46,"caption":"Meydan TV"},"image":{"@id":"https:\/\/www.meydan.tv\/az\/#\/schema\/logo\/image\/"}},{"@type":"Person","@id":"https:\/\/www.meydan.tv\/az\/#\/schema\/person\/10d11eccf6da3662cf5fdab9806ea91a","name":"user-manager"}]}},"_links":{"self":[{"href":"https:\/\/www.meydan.tv\/az\/wp-json\/wp\/v2\/posts\/168063","targetHints":{"allow":["GET"]}}],"collection":[{"href":"https:\/\/www.meydan.tv\/az\/wp-json\/wp\/v2\/posts"}],"about":[{"href":"https:\/\/www.meydan.tv\/az\/wp-json\/wp\/v2\/types\/post"}],"author":[{"embeddable":true,"href":"https:\/\/www.meydan.tv\/az\/wp-json\/wp\/v2\/users\/11"}],"replies":[{"embeddable":true,"href":"https:\/\/www.meydan.tv\/az\/wp-json\/wp\/v2\/comments?post=168063"}],"version-history":[{"count":0,"href":"https:\/\/www.meydan.tv\/az\/wp-json\/wp\/v2\/posts\/168063\/revisions"}],"wp:featuredmedia":[{"embeddable":true,"href":"https:\/\/www.meydan.tv\/az\/wp-json\/wp\/v2\/media\/25144"}],"wp:attachment":[{"href":"https:\/\/www.meydan.tv\/az\/wp-json\/wp\/v2\/media?parent=168063"}],"wp:term":[{"taxonomy":"category","embeddable":true,"href":"https:\/\/www.meydan.tv\/az\/wp-json\/wp\/v2\/categories?post=168063"},{"taxonomy":"post_tag","embeddable":true,"href":"https:\/\/www.meydan.tv\/az\/wp-json\/wp\/v2\/tags?post=168063"}],"curies":[{"name":"wp","href":"https:\/\/api.w.org\/{rel}","templated":true}]}}