{"id":168061,"date":"2015-05-25T19:00:31","date_gmt":"2015-05-25T19:00:31","guid":{"rendered":"https:\/\/www.meydan.tv\/article\/elmar-memmedyarovla-sergey-lavrov-qarabag-meselesini-muzakire-edibler\/"},"modified":"2015-05-25T19:00:31","modified_gmt":"2015-05-25T19:00:31","slug":"elmar-memmedyarovla-sergey-lavrov-qarabag-meselesini-muzakire-edibler","status":"publish","type":"post","link":"https:\/\/www.meydan.tv\/az\/article\/elmar-memmedyarovla-sergey-lavrov-qarabag-meselesini-muzakire-edibler\/","title":{"rendered":"Elmar M\u0259mm\u0259dyarovla Sergey Lavrov Qaraba\u011f m\u0259s\u0259l\u0259sini m\u00fczakir\u0259 edibl\u0259r"},"content":{"rendered":"<figure class=\"wp-block-image size-large\">\n  <img decoding=\"async\" src=\"https:\/\/www.meydan.tv\/az\/25135\/\" alt=\"\" class=\"wp-image-25135\"\/><figcaption><\/figcaption><\/figure>\n<figure class=\"wp-block-image size-large\">\n  <img decoding=\"async\" src=\"https:\/\/www.meydan.tv\/az\/25135\/\" alt=\"\" class=\"wp-image-25135\"\/><figcaption><\/figcaption><\/figure>\n<p>\n  <i><br \/>\n    Sergey Lavrov: \u201cRaz\u0131l\u0131q \u0259ld\u0259 etm\u0259k \u00fc\u00e7\u00fcn real baza var, ham\u0131 bununla raz\u0131d\u0131r. \u00a0Haz\u0131rda laz\u0131md\u0131r ki, bu anla\u015fma konkret sazi\u015f dilin\u0259 k\u00f6\u00e7\u00fcr\u00fcls\u00fcn\u201d<br \/>\n  <\/i>\n<\/p>\n<p>\n  Moskva dan\u0131\u015f\u0131qlar\u0131nda Da\u011fl\u0131q Qaraba\u011f m\u0259s\u0259l\u0259si f\u0259al m\u00fczakir\u0259 olunub, m\u0259s\u0259l\u0259 yeti\u015fib v\u0259 onu h\u0259ll etm\u0259k laz\u0131md\u0131r. TASS bildirir ki, bunu Az\u0259rbaycan X\u0130N r\u0259hb\u0259ri Elmar M\u0259mm\u0259dyarov RF xarici i\u015fl\u0259r naziri Sergey Lavrov il\u0259 g\u00f6r\u00fc\u015f\u00fcn\u00fcn yekunlar\u0131 il\u0259 ba\u011fl\u0131 deyib.\n<\/p>\n<p>\n  \u201cDa\u011fl\u0131q Qaraba\u011f m\u00fcnaqi\u015f\u0259si il\u0259 ba\u011fl\u0131 nikbinlik notlar\u0131n\u0131 m\u0259n d\u0259 b\u00f6l\u00fc\u015f\u00fcr\u0259m. M\u00f6vzu var, problem var, onu h\u0259ll etm\u0259k laz\u0131md\u0131r. O art\u0131q yeti\u015fib\u201d, &#8211; TASS E.M\u0259mm\u0259dyaroun s\u00f6zl\u0259rind\u0259n sitat g\u0259tirib.\n<\/p>\n<p>\n  \u00d6z n\u00f6vb\u0259sind\u0259 S.Lavrov qeyd edib ki, Rusiya Da\u011fl\u0131q Qaraba\u011f m\u0259s\u0259l\u0259sinin h\u0259llin\u0259 \u00f6z\u00fcn\u00fcn xarici siyasi prioritetl\u0259ri s\u0131ras\u0131nda bax\u0131r.\n<\/p>\n<p>\n  \u201cBiz m\u00fcnaqi\u015f\u0259 t\u0259r\u0259fl\u0259ri aras\u0131nda raz\u0131la\u015fmaya nail olunmas\u0131na yardm g\u00f6st\u0259rilm\u0259sin\u0259 \u00f6z xarici siyasi prioritetl\u0259rimizin biri kimi bax\u0131r\u0131q\u201d, &#8211; S.Lavrov qeyd edib. Qar\u015f\u0131l\u0131ql\u0131 m\u0259qbul raz\u0131la\u015fman\u0131n axtar\u0131lmas\u0131na yard\u0131m g\u00f6st\u0259rilm\u0259sini davam etdir\u0259c\u0259yik\u201d, &#8211; o vur\u011fulay\u0131b.\n<\/p>\n<p>\n  \u201cM\u00fcnaqi\u015f\u0259nin \u00e7ox uzanmas\u0131n\u0131 he\u00e7 kim inkar etmir\u201d, &#8211; o bildirib. \u201cRaz\u0131l\u0131q \u0259ld\u0259 etm\u0259k \u00fc\u00e7\u00fcn real baza var, ham\u0131 bununla raz\u0131d\u0131r.\u00a0 Haz\u0131rda laz\u0131md\u0131r ki, bu anla\u015fma konkret sazi\u015f dilin\u0259 k\u00f6\u00e7\u00fcr\u00fcls\u00fcn\u201d, &#8211; o vur\u011fulay\u0131b.<\/p>\n","protected":false},"excerpt":{"rendered":"<p>Sergey Lavrov: \u201cRaz\u0131l\u0131q \u0259ld\u0259 etm\u0259k \u00fc\u00e7\u00fcn real baza var, ham\u0131 bununla raz\u0131d\u0131r.  Haz\u0131rda laz\u0131md\u0131r ki, bu anla\u015fma konkret sazi\u015f dilin\u0259 k\u00f6\u00e7\u00fcr\u00fcls\u00fcn\u201d<\/p>\n","protected":false},"author":11,"featured_media":25135,"comment_status":"closed","ping_status":"open","sticky":false,"template":"","format":"standard","meta":{"_acf_changed":false,"_sitemap_exclude":false,"_sitemap_priority":"","_sitemap_frequency":"","footnotes":""},"categories":[56],"tags":[],"class_list":["post-168061","post","type-post","status-publish","format-standard","has-post-thumbnail","hentry","category-xeberler","infinite-scroll-item","generate-columns","tablet-grid-50","mobile-grid-100","grid-parent","grid-33","no-featured-image-padding"],"acf":[],"yoast_head":"<!-- This site is optimized with the Yoast SEO plugin v28.4 - https:\/\/yoast.com\/product\/yoast-seo-wordpress\/ -->\n<title>Elmar M\u0259mm\u0259dyarovla Sergey Lavrov Qaraba\u011f m\u0259s\u0259l\u0259sini m\u00fczakir\u0259 edibl\u0259r - MEYDAN.TV<\/title>\n<meta name=\"robots\" content=\"index, follow, max-snippet:-1, max-image-preview:large, max-video-preview:-1\" \/>\n<link rel=\"canonical\" href=\"https:\/\/www.meydan.tv\/az\/article\/elmar-memmedyarovla-sergey-lavrov-qarabag-meselesini-muzakire-edibler\/\" \/>\n<meta property=\"og:locale\" content=\"az_AZ\" \/>\n<meta property=\"og:type\" content=\"article\" \/>\n<meta property=\"og:title\" content=\"Elmar M\u0259mm\u0259dyarovla Sergey Lavrov Qaraba\u011f m\u0259s\u0259l\u0259sini m\u00fczakir\u0259 edibl\u0259r - MEYDAN.TV\" \/>\n<meta property=\"og:description\" content=\"Sergey Lavrov: \u201cRaz\u0131l\u0131q \u0259ld\u0259 etm\u0259k \u00fc\u00e7\u00fcn real baza var, ham\u0131 bununla raz\u0131d\u0131r. Haz\u0131rda laz\u0131md\u0131r ki, bu anla\u015fma konkret sazi\u015f dilin\u0259 k\u00f6\u00e7\u00fcr\u00fcls\u00fcn\u201d\" \/>\n<meta property=\"og:url\" content=\"https:\/\/www.meydan.tv\/az\/article\/elmar-memmedyarovla-sergey-lavrov-qarabag-meselesini-muzakire-edibler\/\" \/>\n<meta property=\"og:site_name\" content=\"MEYDAN.TV\" \/>\n<meta property=\"article:published_time\" content=\"2015-05-25T19:00:31+00:00\" \/>\n<meta property=\"og:image\" content=\"https:\/\/www.meydan.tv\/wp-content\/uploads\/9189.jpg\" \/>\n\t<meta property=\"og:image:width\" content=\"610\" \/>\n\t<meta property=\"og:image:height\" content=\"380\" \/>\n\t<meta property=\"og:image:type\" content=\"image\/jpeg\" \/>\n<meta name=\"twitter:card\" content=\"summary_large_image\" \/>\n<!-- \/ Yoast SEO plugin. -->","yoast_head_json":{"title":"Elmar M\u0259mm\u0259dyarovla Sergey Lavrov Qaraba\u011f m\u0259s\u0259l\u0259sini m\u00fczakir\u0259 edibl\u0259r - MEYDAN.TV","robots":{"index":"index","follow":"follow","max-snippet":"max-snippet:-1","max-image-preview":"max-image-preview:large","max-video-preview":"max-video-preview:-1"},"canonical":"https:\/\/www.meydan.tv\/az\/article\/elmar-memmedyarovla-sergey-lavrov-qarabag-meselesini-muzakire-edibler\/","og_locale":"az_AZ","og_type":"article","og_title":"Elmar M\u0259mm\u0259dyarovla Sergey Lavrov Qaraba\u011f m\u0259s\u0259l\u0259sini m\u00fczakir\u0259 edibl\u0259r - MEYDAN.TV","og_description":"Sergey Lavrov: \u201cRaz\u0131l\u0131q \u0259ld\u0259 etm\u0259k \u00fc\u00e7\u00fcn real baza var, ham\u0131 bununla raz\u0131d\u0131r. Haz\u0131rda laz\u0131md\u0131r ki, bu anla\u015fma konkret sazi\u015f dilin\u0259 k\u00f6\u00e7\u00fcr\u00fcls\u00fcn\u201d","og_url":"https:\/\/www.meydan.tv\/az\/article\/elmar-memmedyarovla-sergey-lavrov-qarabag-meselesini-muzakire-edibler\/","og_site_name":"MEYDAN.TV","article_published_time":"2015-05-25T19:00:31+00:00","og_image":[{"width":610,"height":380,"url":"https:\/\/www.meydan.tv\/wp-content\/uploads\/9189.jpg","type":"image\/jpeg"}],"twitter_card":"summary_large_image","schema":{"@context":"https:\/\/schema.org","@graph":[{"@type":"Article","@id":"https:\/\/www.meydan.tv\/az\/article\/elmar-memmedyarovla-sergey-lavrov-qarabag-meselesini-muzakire-edibler\/#article","isPartOf":{"@id":"https:\/\/www.meydan.tv\/az\/article\/elmar-memmedyarovla-sergey-lavrov-qarabag-meselesini-muzakire-edibler\/"},"author":{"name":"user-manager","@id":"https:\/\/www.meydan.tv\/az\/#\/schema\/person\/10d11eccf6da3662cf5fdab9806ea91a"},"headline":"Elmar M\u0259mm\u0259dyarovla Sergey Lavrov Qaraba\u011f m\u0259s\u0259l\u0259sini m\u00fczakir\u0259 edibl\u0259r","datePublished":"2015-05-25T19:00:31+00:00","mainEntityOfPage":{"@id":"https:\/\/www.meydan.tv\/az\/article\/elmar-memmedyarovla-sergey-lavrov-qarabag-meselesini-muzakire-edibler\/"},"wordCount":306,"publisher":{"@id":"https:\/\/www.meydan.tv\/az\/#organization"},"image":{"@id":"https:\/\/www.meydan.tv\/az\/article\/elmar-memmedyarovla-sergey-lavrov-qarabag-meselesini-muzakire-edibler\/#primaryimage"},"thumbnailUrl":"https:\/\/www.meydan.tv\/wp-content\/uploads\/9189.jpg","articleSection":["X\u0259b\u0259rl\u0259r"],"inLanguage":"az"},{"@type":"WebPage","@id":"https:\/\/www.meydan.tv\/az\/article\/elmar-memmedyarovla-sergey-lavrov-qarabag-meselesini-muzakire-edibler\/","url":"https:\/\/www.meydan.tv\/az\/article\/elmar-memmedyarovla-sergey-lavrov-qarabag-meselesini-muzakire-edibler\/","name":"Elmar M\u0259mm\u0259dyarovla Sergey Lavrov Qaraba\u011f m\u0259s\u0259l\u0259sini m\u00fczakir\u0259 edibl\u0259r - MEYDAN.TV","isPartOf":{"@id":"https:\/\/www.meydan.tv\/az\/#website"},"primaryImageOfPage":{"@id":"https:\/\/www.meydan.tv\/az\/article\/elmar-memmedyarovla-sergey-lavrov-qarabag-meselesini-muzakire-edibler\/#primaryimage"},"image":{"@id":"https:\/\/www.meydan.tv\/az\/article\/elmar-memmedyarovla-sergey-lavrov-qarabag-meselesini-muzakire-edibler\/#primaryimage"},"thumbnailUrl":"https:\/\/www.meydan.tv\/wp-content\/uploads\/9189.jpg","datePublished":"2015-05-25T19:00:31+00:00","breadcrumb":{"@id":"https:\/\/www.meydan.tv\/az\/article\/elmar-memmedyarovla-sergey-lavrov-qarabag-meselesini-muzakire-edibler\/#breadcrumb"},"inLanguage":"az","potentialAction":[{"@type":"ReadAction","target":["https:\/\/www.meydan.tv\/az\/article\/elmar-memmedyarovla-sergey-lavrov-qarabag-meselesini-muzakire-edibler\/"]}]},{"@type":"ImageObject","inLanguage":"az","@id":"https:\/\/www.meydan.tv\/az\/article\/elmar-memmedyarovla-sergey-lavrov-qarabag-meselesini-muzakire-edibler\/#primaryimage","url":"https:\/\/www.meydan.tv\/wp-content\/uploads\/9189.jpg","contentUrl":"https:\/\/www.meydan.tv\/wp-content\/uploads\/9189.jpg","width":610,"height":380,"caption":"Source:"},{"@type":"BreadcrumbList","@id":"https:\/\/www.meydan.tv\/az\/article\/elmar-memmedyarovla-sergey-lavrov-qarabag-meselesini-muzakire-edibler\/#breadcrumb","itemListElement":[{"@type":"ListItem","position":1,"name":"Ana s\u0259hif\u0259","item":"https:\/\/www.meydan.tv\/az\/"},{"@type":"ListItem","position":2,"name":"X\u0259b\u0259rl\u0259r","item":"https:\/\/www.meydan.tv\/az\/section\/xeberler\/"},{"@type":"ListItem","position":3,"name":"Elmar M\u0259mm\u0259dyarovla Sergey Lavrov Qaraba\u011f m\u0259s\u0259l\u0259sini m\u00fczakir\u0259 edibl\u0259r"}]},{"@type":"WebSite","@id":"https:\/\/www.meydan.tv\/az\/#website","url":"https:\/\/www.meydan.tv\/az\/","name":"MEYDAN.TV","description":"Meydan TV Az\u0259rbaycan\u0131n media m\u0259kan\u0131ndak\u0131 alternativ s\u0259sidir","publisher":{"@id":"https:\/\/www.meydan.tv\/az\/#organization"},"potentialAction":[{"@type":"SearchAction","target":{"@type":"EntryPoint","urlTemplate":"https:\/\/www.meydan.tv\/az\/?s={search_term_string}"},"query-input":{"@type":"PropertyValueSpecification","valueRequired":true,"valueName":"search_term_string"}}],"inLanguage":"az"},{"@type":"Organization","@id":"https:\/\/www.meydan.tv\/az\/#organization","name":"Meydan TV","url":"https:\/\/www.meydan.tv\/az\/","logo":{"@type":"ImageObject","inLanguage":"az","@id":"https:\/\/www.meydan.tv\/az\/#\/schema\/logo\/image\/","url":"https:\/\/www.meydan.tv\/wp-content\/uploads\/2021\/07\/meydan-logo.svg","contentUrl":"https:\/\/www.meydan.tv\/wp-content\/uploads\/2021\/07\/meydan-logo.svg","width":195,"height":46,"caption":"Meydan TV"},"image":{"@id":"https:\/\/www.meydan.tv\/az\/#\/schema\/logo\/image\/"}},{"@type":"Person","@id":"https:\/\/www.meydan.tv\/az\/#\/schema\/person\/10d11eccf6da3662cf5fdab9806ea91a","name":"user-manager"}]}},"_links":{"self":[{"href":"https:\/\/www.meydan.tv\/az\/wp-json\/wp\/v2\/posts\/168061","targetHints":{"allow":["GET"]}}],"collection":[{"href":"https:\/\/www.meydan.tv\/az\/wp-json\/wp\/v2\/posts"}],"about":[{"href":"https:\/\/www.meydan.tv\/az\/wp-json\/wp\/v2\/types\/post"}],"author":[{"embeddable":true,"href":"https:\/\/www.meydan.tv\/az\/wp-json\/wp\/v2\/users\/11"}],"replies":[{"embeddable":true,"href":"https:\/\/www.meydan.tv\/az\/wp-json\/wp\/v2\/comments?post=168061"}],"version-history":[{"count":0,"href":"https:\/\/www.meydan.tv\/az\/wp-json\/wp\/v2\/posts\/168061\/revisions"}],"wp:featuredmedia":[{"embeddable":true,"href":"https:\/\/www.meydan.tv\/az\/wp-json\/wp\/v2\/media\/25135"}],"wp:attachment":[{"href":"https:\/\/www.meydan.tv\/az\/wp-json\/wp\/v2\/media?parent=168061"}],"wp:term":[{"taxonomy":"category","embeddable":true,"href":"https:\/\/www.meydan.tv\/az\/wp-json\/wp\/v2\/categories?post=168061"},{"taxonomy":"post_tag","embeddable":true,"href":"https:\/\/www.meydan.tv\/az\/wp-json\/wp\/v2\/tags?post=168061"}],"curies":[{"name":"wp","href":"https:\/\/api.w.org\/{rel}","templated":true}]}}