{"id":168060,"date":"2015-05-25T18:56:34","date_gmt":"2015-05-25T18:56:34","guid":{"rendered":"https:\/\/www.meydan.tv\/article\/azadliq-radiosu-azerbaycanda-huquqlarini-qorumaq-ucun-herekete-kecir\/"},"modified":"2015-05-25T18:56:34","modified_gmt":"2015-05-25T18:56:34","slug":"azadliq-radiosu-azerbaycanda-huquqlarini-qorumaq-ucun-herekete-kecir","status":"publish","type":"post","link":"https:\/\/www.meydan.tv\/az\/article\/azadliq-radiosu-azerbaycanda-huquqlarini-qorumaq-ucun-herekete-kecir\/","title":{"rendered":"Azadl\u0131q Radiosu Az\u0259rbaycanda h\u00fcquqlar\u0131n\u0131 qorumaq \u00fc\u00e7\u00fcn h\u0259r\u0259k\u0259t\u0259 ke\u00e7ir"},"content":{"rendered":"<figure class=\"wp-block-image size-large\">\n  <img decoding=\"async\" src=\"https:\/\/www.meydan.tv\/az\/25132\/\" alt=\"\" class=\"wp-image-25132\"\/><figcaption><\/figcaption><\/figure>\n<figure class=\"wp-block-image size-large\">\n  <img decoding=\"async\" src=\"https:\/\/www.meydan.tv\/az\/25132\/\" alt=\"\" class=\"wp-image-25132\"\/><figcaption><\/figcaption><\/figure>\n<p>\n  <i><br \/>\n    &#8220;Az\u0259rbaycan h\u00f6kum\u0259tini t\u0259m\u0259l haqlara v\u0259 azadl\u0131qlara olan \u00f6hd\u0259likl\u0259rini yerin\u0259 yetirm\u0259y\u0259, \u00f6z v\u0259t\u0259nda\u015flar\u0131n\u0131 incid\u0259n v\u0259 \u00f6lk\u0259nin g\u0259l\u0259c\u0259yini \u015fik\u0259st ed\u0259n repressiya kampaniyas\u0131na son qoyma\u011fa \u00e7a\u011f\u0131r\u0131r\u0131q&#8221;<br \/>\n  <\/i>\n<\/p>\n<p>\n  Azadl\u0131q Radiosu Bak\u0131dak\u0131 b\u00fcrosunu, \u00f6t\u0259n ilin dekabr\u0131nda, Az\u0259rbaycan h\u00f6kum\u0259tinin xarici t\u0259\u015fkilatlara qar\u015f\u0131 kampaniyas\u0131n\u0131n gedi\u015find\u0259 radionun ofisini m\u00f6h\u00fcrl\u0259y\u0259nd\u0259n sonra dayand\u0131r\u0131b.\n<\/p>\n<p>\n  &#8220;Az\u0259rbaycan hakimiyy\u0259ti qanunsuz v\u0259 \u0259sass\u0131z h\u0259r\u0259k\u0259t ed\u0259r\u0259k bizim i\u015f\u00e7i hey\u0259timiz v\u0259 onlar\u0131n ail\u0259 \u00fczvl\u0259ri \u00fc\u00e7\u00fcn d\u0259rin v\u0259 bir \u00e7ox hallarda silinm\u0259z iztirab v\u0259 k\u00f6\u00e7k\u00fcnl\u00fck yarad\u0131b&#8221; \u2013 deyib Azadl\u0131q Radiosu-nun ba\u015f redaktoru Nenad Pejic. Pejic h\u0259m\u00e7inin bildirib ki, \u015firk\u0259t \u00f6z\u00fcn\u00fcn v\u0259 i\u015f\u00e7i hey\u0259tinin h\u00f6kum\u0259tin h\u0259r\u0259k\u0259tl\u0259ri qar\u015f\u0131s\u0131nda h\u00fcquq v\u0259 maraqlar\u0131n\u0131 m\u00fcdafi\u0259 etm\u0259k \u00fc\u00e7\u00fcn b\u00fct\u00fcn add\u0131mlar\u0131 atma\u011fa haz\u0131rd\u0131r.\n<\/p>\n<p>\n  H\u00f6kum\u0259tin bu h\u0259r\u0259k\u0259tl\u0259rin\u0259 Azadl\u0131qRadiosu-nun Bak\u0131 b\u00fcrosuna reyd ke\u00e7irilm\u0259si v\u0259 bu zaman \u015firk\u0259tin s\u0259n\u0259dl\u0259rinin, m\u00f6h\u00fcr v\u0259 avadanl\u0131\u011f\u0131n\u0131n qanuni prosedurlara \u0259m\u0259l edilm\u0259d\u0259n m\u00fcsadir\u0259 olunmas\u0131, Bak\u0131 b\u00fcrosu i\u015f\u00e7il\u0259rinin h\u00fcquqi t\u0259msil\u00e7iliyinin t\u0259min edilm\u0259d\u0259n dindirilm\u0259si v\u0259 saxlanmas\u0131, b\u00fcronun h\u00fcquq n\u00fcmay\u0259nd\u0259sinin m\u0259hk\u0259m\u0259 prosesind\u0259n \u00e7\u0131xar\u0131lmas\u0131, hey\u0259t \u00fczvl\u0259rinin qohumlar\u0131n\u0131n t\u0259hdid edilm\u0259si, b\u0259zi i\u015f\u00e7il\u0259r\u0259 qanunsuz s\u0259f\u0259r m\u0259hdudiyy\u0259tl\u0259rinin qoyulmas\u0131 daxildir.\n<\/p>\n<p>\n  Azadl\u0131q Radiosu h\u0259m\u00e7inin radionun \u0259m\u0259kda\u015f\u0131, beyn\u0259lxalq miqyasda t\u0259hqiqat jurnalisti kimi tan\u0131nm\u0131\u015f X\u0259dic\u0259 \u0130smay\u0131lovan\u0131n \u0259leyhin\u0259 h\u00f6kum\u0259t ittihamlar\u0131na qar\u015f\u0131 \u00e7\u0131x\u0131r. X\u0259dic\u0259 \u0130smay\u0131lova dekabr\u0131n 5-d\u0259 h\u0259bs olunub v\u0259 ona qar\u015f\u0131 Azadl\u0131qRadiosu-nun \u0259leyhin\u0259 y\u00f6n\u0259ldil\u0259n iddialardan do\u011fan ittihamlar \u0259sas\u0131nda h\u0259l\u0259 d\u0259 h\u0259bsxanada saxlan\u0131r.\n<\/p>\n<p>\n  Az\u0259rbaycanda Azadl\u0131q Radiosu kimi tan\u0131nan Azad Avropa\/Azadl\u0131qRadiosunun Az\u0259rbaycan xidm\u0259ti, \u00f6z b\u00fcrosunun ba\u011flanmas\u0131na baxmayaraq Az\u0259rbaycanda \u00f6z\u00fcn\u00fcn x\u0259b\u0259r toplamaq v\u0259 reportajlar verm\u0259k funksiyalar\u0131n\u0131 yerin\u0259 yetirm\u0259kd\u0259 davam edir v\u0259 h\u0259l\u0259 d\u0259 r\u0259q\u0259mli v\u0259 peyk yay\u0131n \u00fcsullar\u0131 il\u0259 f\u0259aliyy\u0259t g\u00f6st\u0259rir.\n<\/p>\n<p>\n  Pejic deyib: &#8220;Biz \u00f6z missiyam\u0131z\u0131 icra etm\u0259k m\u0259qs\u0259dil\u0259, bundan \u0259vv\u0259l 60 ild\u0259n \u00e7ox m\u00fcdd\u0259td\u0259 oldu\u011fu kimi i\u015fimizi dava etdir\u0259c\u0259yik. Biz Azadl\u0131q Radiosu-na v\u0259 onun i\u015f\u00e7i hey\u0259tin\u0259 qar\u015f\u0131 Az\u0259rbaycan h\u00f6kum\u0259tinin son bir ne\u00e7\u0259 ayda t\u00f6r\u0259tdiyi h\u0259r\u0259k\u0259tl\u0259rd\u0259n t\u0259\u0259ss\u00fcf hissi duyuruq. Biz Az\u0259rbaycan h\u00f6kum\u0259tini t\u0259m\u0259l haqlara v\u0259 azadl\u0131qlara olan \u00f6hd\u0259likl\u0259rini yerin\u0259 yetirm\u0259y\u0259, \u00f6z v\u0259t\u0259nda\u015flar\u0131n\u0131 incid\u0259n v\u0259 \u00f6lk\u0259nin g\u0259l\u0259c\u0259yini \u015fik\u0259st ed\u0259n repressiya kampaniyas\u0131na son qoyma\u011fa \u00e7a\u011f\u0131r\u0131r\u0131q&#8221;.\n<\/p>\n<p>\n  Azadl\u0131qRadiosu \u00f6z\u0259l, m\u00fcst\u0259qil beyn\u0259lxalq x\u0259b\u0259r t\u0259\u015fkilat\u0131d\u0131r v\u0259 radio, internet, televiziya v\u0259 mobil rabit\u0259 vasit\u0259sil\u0259 Rusiya, Ukrayna, \u0130ran, \u0130raq, \u018ffqan\u0131stan, Pakistan, M\u0259rk\u0259zi Asiya v\u0259 Qafqaz \u00f6lk\u0259l\u0259ri d\u0259 daxil 21 \u00f6lk\u0259d\u0259ki m\u00f6t\u0259b\u0259r auditoriyalara proqramlar yay\u0131r.\n<\/p>\n<p>\n  Radio, Yay\u0131n Hamil\u0259ri \u015euras\u0131 (BBG) vasit\u0259sil\u0259 AB\u015e Konqresi t\u0259r\u0259find\u0259n maliyy\u0259l\u0259\u015fdirilir.\n<\/p><\/p>\n","protected":false},"excerpt":{"rendered":"<p>&#8220;Az\u0259rbaycan h\u00f6kum\u0259tini t\u0259m\u0259l haqlara v\u0259 azadl\u0131qlara olan \u00f6hd\u0259likl\u0259rini yerin\u0259 yetirm\u0259y\u0259, \u00f6z v\u0259t\u0259nda\u015flar\u0131n\u0131 incid\u0259n v\u0259 \u00f6lk\u0259nin g\u0259l\u0259c\u0259yini \u015fik\u0259st ed\u0259n repressiya kampaniyas\u0131na son qoyma\u011fa \u00e7a\u011f\u0131r\u0131r\u0131q&#8221;<\/p>\n","protected":false},"author":11,"featured_media":25132,"comment_status":"closed","ping_status":"open","sticky":false,"template":"","format":"standard","meta":{"_acf_changed":false,"_sitemap_exclude":false,"_sitemap_priority":"","_sitemap_frequency":"","footnotes":""},"categories":[56],"tags":[],"class_list":["post-168060","post","type-post","status-publish","format-standard","has-post-thumbnail","hentry","category-xeberler","infinite-scroll-item","generate-columns","tablet-grid-50","mobile-grid-100","grid-parent","grid-33","no-featured-image-padding"],"acf":[],"yoast_head":"<!-- This site is optimized with the Yoast SEO plugin v28.4 - https:\/\/yoast.com\/product\/yoast-seo-wordpress\/ -->\n<title>Azadl\u0131q Radiosu Az\u0259rbaycanda h\u00fcquqlar\u0131n\u0131 qorumaq \u00fc\u00e7\u00fcn h\u0259r\u0259k\u0259t\u0259 ke\u00e7ir - MEYDAN.TV<\/title>\n<meta name=\"robots\" content=\"index, follow, max-snippet:-1, max-image-preview:large, max-video-preview:-1\" \/>\n<link rel=\"canonical\" href=\"https:\/\/www.meydan.tv\/az\/article\/azadliq-radiosu-azerbaycanda-huquqlarini-qorumaq-ucun-herekete-kecir\/\" \/>\n<meta property=\"og:locale\" content=\"az_AZ\" \/>\n<meta property=\"og:type\" content=\"article\" \/>\n<meta property=\"og:title\" content=\"Azadl\u0131q Radiosu Az\u0259rbaycanda h\u00fcquqlar\u0131n\u0131 qorumaq \u00fc\u00e7\u00fcn h\u0259r\u0259k\u0259t\u0259 ke\u00e7ir - MEYDAN.TV\" \/>\n<meta property=\"og:description\" content=\"&quot;Az\u0259rbaycan h\u00f6kum\u0259tini t\u0259m\u0259l haqlara v\u0259 azadl\u0131qlara olan \u00f6hd\u0259likl\u0259rini yerin\u0259 yetirm\u0259y\u0259, \u00f6z v\u0259t\u0259nda\u015flar\u0131n\u0131 incid\u0259n v\u0259 \u00f6lk\u0259nin g\u0259l\u0259c\u0259yini \u015fik\u0259st ed\u0259n repressiya kampaniyas\u0131na son qoyma\u011fa \u00e7a\u011f\u0131r\u0131r\u0131q&quot;\" \/>\n<meta property=\"og:url\" content=\"https:\/\/www.meydan.tv\/az\/article\/azadliq-radiosu-azerbaycanda-huquqlarini-qorumaq-ucun-herekete-kecir\/\" \/>\n<meta property=\"og:site_name\" content=\"MEYDAN.TV\" \/>\n<meta property=\"article:published_time\" content=\"2015-05-25T18:56:34+00:00\" \/>\n<meta property=\"og:image\" content=\"https:\/\/www.meydan.tv\/wp-content\/uploads\/9188.jpg\" \/>\n\t<meta property=\"og:image:width\" content=\"400\" \/>\n\t<meta property=\"og:image:height\" content=\"400\" \/>\n\t<meta property=\"og:image:type\" content=\"image\/jpeg\" \/>\n<meta name=\"twitter:card\" content=\"summary_large_image\" \/>\n<!-- \/ Yoast SEO plugin. -->","yoast_head_json":{"title":"Azadl\u0131q Radiosu Az\u0259rbaycanda h\u00fcquqlar\u0131n\u0131 qorumaq \u00fc\u00e7\u00fcn h\u0259r\u0259k\u0259t\u0259 ke\u00e7ir - MEYDAN.TV","robots":{"index":"index","follow":"follow","max-snippet":"max-snippet:-1","max-image-preview":"max-image-preview:large","max-video-preview":"max-video-preview:-1"},"canonical":"https:\/\/www.meydan.tv\/az\/article\/azadliq-radiosu-azerbaycanda-huquqlarini-qorumaq-ucun-herekete-kecir\/","og_locale":"az_AZ","og_type":"article","og_title":"Azadl\u0131q Radiosu Az\u0259rbaycanda h\u00fcquqlar\u0131n\u0131 qorumaq \u00fc\u00e7\u00fcn h\u0259r\u0259k\u0259t\u0259 ke\u00e7ir - MEYDAN.TV","og_description":"\"Az\u0259rbaycan h\u00f6kum\u0259tini t\u0259m\u0259l haqlara v\u0259 azadl\u0131qlara olan \u00f6hd\u0259likl\u0259rini yerin\u0259 yetirm\u0259y\u0259, \u00f6z v\u0259t\u0259nda\u015flar\u0131n\u0131 incid\u0259n v\u0259 \u00f6lk\u0259nin g\u0259l\u0259c\u0259yini \u015fik\u0259st ed\u0259n repressiya kampaniyas\u0131na son qoyma\u011fa \u00e7a\u011f\u0131r\u0131r\u0131q\"","og_url":"https:\/\/www.meydan.tv\/az\/article\/azadliq-radiosu-azerbaycanda-huquqlarini-qorumaq-ucun-herekete-kecir\/","og_site_name":"MEYDAN.TV","article_published_time":"2015-05-25T18:56:34+00:00","og_image":[{"width":400,"height":400,"url":"https:\/\/www.meydan.tv\/wp-content\/uploads\/9188.jpg","type":"image\/jpeg"}],"twitter_card":"summary_large_image","schema":{"@context":"https:\/\/schema.org","@graph":[{"@type":"Article","@id":"https:\/\/www.meydan.tv\/az\/article\/azadliq-radiosu-azerbaycanda-huquqlarini-qorumaq-ucun-herekete-kecir\/#article","isPartOf":{"@id":"https:\/\/www.meydan.tv\/az\/article\/azadliq-radiosu-azerbaycanda-huquqlarini-qorumaq-ucun-herekete-kecir\/"},"author":{"name":"user-manager","@id":"https:\/\/www.meydan.tv\/az\/#\/schema\/person\/10d11eccf6da3662cf5fdab9806ea91a"},"headline":"Azadl\u0131q Radiosu Az\u0259rbaycanda h\u00fcquqlar\u0131n\u0131 qorumaq \u00fc\u00e7\u00fcn h\u0259r\u0259k\u0259t\u0259 ke\u00e7ir","datePublished":"2015-05-25T18:56:34+00:00","mainEntityOfPage":{"@id":"https:\/\/www.meydan.tv\/az\/article\/azadliq-radiosu-azerbaycanda-huquqlarini-qorumaq-ucun-herekete-kecir\/"},"wordCount":617,"publisher":{"@id":"https:\/\/www.meydan.tv\/az\/#organization"},"image":{"@id":"https:\/\/www.meydan.tv\/az\/article\/azadliq-radiosu-azerbaycanda-huquqlarini-qorumaq-ucun-herekete-kecir\/#primaryimage"},"thumbnailUrl":"https:\/\/www.meydan.tv\/wp-content\/uploads\/9188.jpg","articleSection":["X\u0259b\u0259rl\u0259r"],"inLanguage":"az"},{"@type":"WebPage","@id":"https:\/\/www.meydan.tv\/az\/article\/azadliq-radiosu-azerbaycanda-huquqlarini-qorumaq-ucun-herekete-kecir\/","url":"https:\/\/www.meydan.tv\/az\/article\/azadliq-radiosu-azerbaycanda-huquqlarini-qorumaq-ucun-herekete-kecir\/","name":"Azadl\u0131q Radiosu Az\u0259rbaycanda h\u00fcquqlar\u0131n\u0131 qorumaq \u00fc\u00e7\u00fcn h\u0259r\u0259k\u0259t\u0259 ke\u00e7ir - MEYDAN.TV","isPartOf":{"@id":"https:\/\/www.meydan.tv\/az\/#website"},"primaryImageOfPage":{"@id":"https:\/\/www.meydan.tv\/az\/article\/azadliq-radiosu-azerbaycanda-huquqlarini-qorumaq-ucun-herekete-kecir\/#primaryimage"},"image":{"@id":"https:\/\/www.meydan.tv\/az\/article\/azadliq-radiosu-azerbaycanda-huquqlarini-qorumaq-ucun-herekete-kecir\/#primaryimage"},"thumbnailUrl":"https:\/\/www.meydan.tv\/wp-content\/uploads\/9188.jpg","datePublished":"2015-05-25T18:56:34+00:00","breadcrumb":{"@id":"https:\/\/www.meydan.tv\/az\/article\/azadliq-radiosu-azerbaycanda-huquqlarini-qorumaq-ucun-herekete-kecir\/#breadcrumb"},"inLanguage":"az","potentialAction":[{"@type":"ReadAction","target":["https:\/\/www.meydan.tv\/az\/article\/azadliq-radiosu-azerbaycanda-huquqlarini-qorumaq-ucun-herekete-kecir\/"]}]},{"@type":"ImageObject","inLanguage":"az","@id":"https:\/\/www.meydan.tv\/az\/article\/azadliq-radiosu-azerbaycanda-huquqlarini-qorumaq-ucun-herekete-kecir\/#primaryimage","url":"https:\/\/www.meydan.tv\/wp-content\/uploads\/9188.jpg","contentUrl":"https:\/\/www.meydan.tv\/wp-content\/uploads\/9188.jpg","width":400,"height":400,"caption":"Source:"},{"@type":"BreadcrumbList","@id":"https:\/\/www.meydan.tv\/az\/article\/azadliq-radiosu-azerbaycanda-huquqlarini-qorumaq-ucun-herekete-kecir\/#breadcrumb","itemListElement":[{"@type":"ListItem","position":1,"name":"Ana s\u0259hif\u0259","item":"https:\/\/www.meydan.tv\/az\/"},{"@type":"ListItem","position":2,"name":"X\u0259b\u0259rl\u0259r","item":"https:\/\/www.meydan.tv\/az\/section\/xeberler\/"},{"@type":"ListItem","position":3,"name":"Azadl\u0131q Radiosu Az\u0259rbaycanda h\u00fcquqlar\u0131n\u0131 qorumaq \u00fc\u00e7\u00fcn h\u0259r\u0259k\u0259t\u0259 ke\u00e7ir"}]},{"@type":"WebSite","@id":"https:\/\/www.meydan.tv\/az\/#website","url":"https:\/\/www.meydan.tv\/az\/","name":"MEYDAN.TV","description":"Meydan TV Az\u0259rbaycan\u0131n media m\u0259kan\u0131ndak\u0131 alternativ s\u0259sidir","publisher":{"@id":"https:\/\/www.meydan.tv\/az\/#organization"},"potentialAction":[{"@type":"SearchAction","target":{"@type":"EntryPoint","urlTemplate":"https:\/\/www.meydan.tv\/az\/?s={search_term_string}"},"query-input":{"@type":"PropertyValueSpecification","valueRequired":true,"valueName":"search_term_string"}}],"inLanguage":"az"},{"@type":"Organization","@id":"https:\/\/www.meydan.tv\/az\/#organization","name":"Meydan TV","url":"https:\/\/www.meydan.tv\/az\/","logo":{"@type":"ImageObject","inLanguage":"az","@id":"https:\/\/www.meydan.tv\/az\/#\/schema\/logo\/image\/","url":"https:\/\/www.meydan.tv\/wp-content\/uploads\/2021\/07\/meydan-logo.svg","contentUrl":"https:\/\/www.meydan.tv\/wp-content\/uploads\/2021\/07\/meydan-logo.svg","width":195,"height":46,"caption":"Meydan TV"},"image":{"@id":"https:\/\/www.meydan.tv\/az\/#\/schema\/logo\/image\/"}},{"@type":"Person","@id":"https:\/\/www.meydan.tv\/az\/#\/schema\/person\/10d11eccf6da3662cf5fdab9806ea91a","name":"user-manager"}]}},"_links":{"self":[{"href":"https:\/\/www.meydan.tv\/az\/wp-json\/wp\/v2\/posts\/168060","targetHints":{"allow":["GET"]}}],"collection":[{"href":"https:\/\/www.meydan.tv\/az\/wp-json\/wp\/v2\/posts"}],"about":[{"href":"https:\/\/www.meydan.tv\/az\/wp-json\/wp\/v2\/types\/post"}],"author":[{"embeddable":true,"href":"https:\/\/www.meydan.tv\/az\/wp-json\/wp\/v2\/users\/11"}],"replies":[{"embeddable":true,"href":"https:\/\/www.meydan.tv\/az\/wp-json\/wp\/v2\/comments?post=168060"}],"version-history":[{"count":0,"href":"https:\/\/www.meydan.tv\/az\/wp-json\/wp\/v2\/posts\/168060\/revisions"}],"wp:featuredmedia":[{"embeddable":true,"href":"https:\/\/www.meydan.tv\/az\/wp-json\/wp\/v2\/media\/25132"}],"wp:attachment":[{"href":"https:\/\/www.meydan.tv\/az\/wp-json\/wp\/v2\/media?parent=168060"}],"wp:term":[{"taxonomy":"category","embeddable":true,"href":"https:\/\/www.meydan.tv\/az\/wp-json\/wp\/v2\/categories?post=168060"},{"taxonomy":"post_tag","embeddable":true,"href":"https:\/\/www.meydan.tv\/az\/wp-json\/wp\/v2\/tags?post=168060"}],"curies":[{"name":"wp","href":"https:\/\/api.w.org\/{rel}","templated":true}]}}