{"id":168059,"date":"2015-05-25T16:06:17","date_gmt":"2015-05-25T16:06:17","guid":{"rendered":"https:\/\/www.meydan.tv\/article\/gunortadan-sonra-esas-yollar-baglanacaq\/"},"modified":"2015-05-25T16:06:17","modified_gmt":"2015-05-25T16:06:17","slug":"gunortadan-sonra-esas-yollar-baglanacaq","status":"publish","type":"post","link":"https:\/\/www.meydan.tv\/az\/article\/gunortadan-sonra-esas-yollar-baglanacaq\/","title":{"rendered":"G\u00fcnortadan sonra \u0259sas yollar ba\u011flanacaq"},"content":{"rendered":"<figure class=\"wp-block-image size-large\">\n  <img decoding=\"async\" src=\"https:\/\/www.meydan.tv\/az\/25129\/\" alt=\"\" class=\"wp-image-25129\"\/><figcaption><\/figcaption><\/figure>\n<figure class=\"wp-block-image size-large\">\n  <img decoding=\"async\" src=\"https:\/\/www.meydan.tv\/az\/25129\/\" alt=\"\" class=\"wp-image-25129\"\/><figcaption><\/figcaption><\/figure>\n<p>\n  <i><br \/>\n    S\u00fcr\u00fcc\u00fcl\u0259r\u0259 alternativ yollardan (H\u00f6vsan yolundan, L\u00f6kbatan dair\u0259sind\u0259n K\u0259nar Dair\u0259vi Yola, 20-ci sah\u0259d\u0259n Badamdar q\u0259s\u0259b\u0259sin\u0259) istifad\u0259 etm\u0259k t\u0259klif olunur<br \/>\n  <\/i>\n<\/p>\n<p>\n  Bak\u0131 \u015f\u0259h\u0259r DYP\u0130-nin bildirib ki, \u00a0Bak\u0131da ke\u00e7iril\u0259c\u0259k \u0130lk Avropa Oyunlar\u0131n\u0131n t\u0259krar t\u0259lim m\u0259\u015fql\u0259ri il\u0259 \u0259laq\u0259dar olaraq may\u0131n 25-d\u0259, saat 16:30-dan ba\u015flayaraq gec\u0259 saat 12-d\u0259k paytaxt\u0131n \u0259sas k\u00fc\u00e7\u0259 v\u0259 prospektl\u0259rind\u0259 n\u0259qliyyat\u0131n h\u0259r\u0259k\u0259tin\u0259 m\u0259hdudiyy\u0259t qoyulacaq.\n<\/p>\n<p>\n  Bel\u0259 ki, Neft\u00e7il\u0259r prospekti il\u0259 k\u0259si\u015f\u0259n b\u00fct\u00fcn k\u00fc\u00e7\u0259 v\u0259 prospektl\u0259rd\u0259, Heyd\u0259r \u018fliyev prospektind\u0259 Sabun\u00e7u k\u00f6rp\u00fcs\u00fcn\u0259d\u0259k, Salyan yolu \u015fosesinin 14-c\u00fc km-d\u0259n \u015f\u0259h\u0259rin m\u0259rk\u0259zin\u0259 do\u011fru, Mikay\u0131l-M\u00fc\u015ffiq k\u00fc\u00e7\u0259si-Parlament prospekti dair\u0259sind\u0259n m\u0259rk\u0259z\u0259 do\u011fru, Yusif S\u0259f\u0259rov, \u00dczeyir Hac\u0131b\u0259yov, Z\u0259rif\u0259 \u018fliyeva, Niyazi, Mehdi H\u00fcseyn, Lermontov k\u00fc\u00e7\u0259l\u0259rind\u0259, Azadl\u0131q prospektind\u0259, habel\u0259 Avropa Oyunlar\u0131n\u0131n ke\u00e7iril\u0259c\u0259yi inzibati \u0259razil\u0259r\u0259 biti\u015fik k\u00fc\u00e7\u0259 v\u0259 prospektl\u0259rd\u0259 avtomobill\u0259rin h\u0259r\u0259k\u0259tin\u0259 m\u0259hdudiyy\u0259t qoyulacaq v\u0259 istiqam\u0259t d\u0259yi\u015fdiril\u0259c\u0259k.\n<\/p>\n<p>\n  S\u00fcr\u00fcc\u00fcl\u0259r\u0259 alternativ yollardan (H\u00f6vsan yolundan, L\u00f6kbatan dair\u0259sind\u0259n K\u0259nar Dair\u0259vi Yola, 20-ci sah\u0259d\u0259n Badamdar q\u0259s\u0259b\u0259sin\u0259) istifad\u0259 etm\u0259k t\u0259klif olunur.<\/p>\n","protected":false},"excerpt":{"rendered":"<p>S\u00fcr\u00fcc\u00fcl\u0259r\u0259 alternativ yollardan (H\u00f6vsan yolundan, L\u00f6kbatan dair\u0259sind\u0259n K\u0259nar Dair\u0259vi Yola, 20-ci sah\u0259d\u0259n Badamdar q\u0259s\u0259b\u0259sin\u0259) istifad\u0259 etm\u0259k t\u0259klif olunur<\/p>\n","protected":false},"author":11,"featured_media":25129,"comment_status":"closed","ping_status":"open","sticky":false,"template":"","format":"standard","meta":{"_acf_changed":false,"_sitemap_exclude":false,"_sitemap_priority":"","_sitemap_frequency":"","footnotes":""},"categories":[56],"tags":[],"class_list":["post-168059","post","type-post","status-publish","format-standard","has-post-thumbnail","hentry","category-xeberler","infinite-scroll-item","generate-columns","tablet-grid-50","mobile-grid-100","grid-parent","grid-33","no-featured-image-padding"],"acf":[],"yoast_head":"<!-- This site is optimized with the Yoast SEO plugin v28.4 - https:\/\/yoast.com\/product\/yoast-seo-wordpress\/ -->\n<title>G\u00fcnortadan sonra \u0259sas yollar ba\u011flanacaq - MEYDAN.TV<\/title>\n<meta name=\"robots\" content=\"index, follow, max-snippet:-1, max-image-preview:large, max-video-preview:-1\" \/>\n<link rel=\"canonical\" href=\"https:\/\/www.meydan.tv\/az\/article\/gunortadan-sonra-esas-yollar-baglanacaq\/\" \/>\n<meta property=\"og:locale\" content=\"az_AZ\" \/>\n<meta property=\"og:type\" content=\"article\" \/>\n<meta property=\"og:title\" content=\"G\u00fcnortadan sonra \u0259sas yollar ba\u011flanacaq - MEYDAN.TV\" \/>\n<meta property=\"og:description\" content=\"S\u00fcr\u00fcc\u00fcl\u0259r\u0259 alternativ yollardan (H\u00f6vsan yolundan, L\u00f6kbatan dair\u0259sind\u0259n K\u0259nar Dair\u0259vi Yola, 20-ci sah\u0259d\u0259n Badamdar q\u0259s\u0259b\u0259sin\u0259) istifad\u0259 etm\u0259k t\u0259klif olunur\" \/>\n<meta property=\"og:url\" content=\"https:\/\/www.meydan.tv\/az\/article\/gunortadan-sonra-esas-yollar-baglanacaq\/\" \/>\n<meta property=\"og:site_name\" content=\"MEYDAN.TV\" \/>\n<meta property=\"article:published_time\" content=\"2015-05-25T16:06:17+00:00\" \/>\n<meta property=\"og:image\" content=\"https:\/\/www.meydan.tv\/wp-content\/uploads\/9187.jpg\" \/>\n\t<meta property=\"og:image:width\" content=\"545\" \/>\n\t<meta property=\"og:image:height\" content=\"300\" \/>\n\t<meta property=\"og:image:type\" content=\"image\/jpeg\" \/>\n<meta name=\"twitter:card\" content=\"summary_large_image\" \/>\n<!-- \/ Yoast SEO plugin. -->","yoast_head_json":{"title":"G\u00fcnortadan sonra \u0259sas yollar ba\u011flanacaq - MEYDAN.TV","robots":{"index":"index","follow":"follow","max-snippet":"max-snippet:-1","max-image-preview":"max-image-preview:large","max-video-preview":"max-video-preview:-1"},"canonical":"https:\/\/www.meydan.tv\/az\/article\/gunortadan-sonra-esas-yollar-baglanacaq\/","og_locale":"az_AZ","og_type":"article","og_title":"G\u00fcnortadan sonra \u0259sas yollar ba\u011flanacaq - MEYDAN.TV","og_description":"S\u00fcr\u00fcc\u00fcl\u0259r\u0259 alternativ yollardan (H\u00f6vsan yolundan, L\u00f6kbatan dair\u0259sind\u0259n K\u0259nar Dair\u0259vi Yola, 20-ci sah\u0259d\u0259n Badamdar q\u0259s\u0259b\u0259sin\u0259) istifad\u0259 etm\u0259k t\u0259klif olunur","og_url":"https:\/\/www.meydan.tv\/az\/article\/gunortadan-sonra-esas-yollar-baglanacaq\/","og_site_name":"MEYDAN.TV","article_published_time":"2015-05-25T16:06:17+00:00","og_image":[{"width":545,"height":300,"url":"https:\/\/www.meydan.tv\/wp-content\/uploads\/9187.jpg","type":"image\/jpeg"}],"twitter_card":"summary_large_image","schema":{"@context":"https:\/\/schema.org","@graph":[{"@type":"Article","@id":"https:\/\/www.meydan.tv\/az\/article\/gunortadan-sonra-esas-yollar-baglanacaq\/#article","isPartOf":{"@id":"https:\/\/www.meydan.tv\/az\/article\/gunortadan-sonra-esas-yollar-baglanacaq\/"},"author":{"name":"user-manager","@id":"https:\/\/www.meydan.tv\/az\/#\/schema\/person\/10d11eccf6da3662cf5fdab9806ea91a"},"headline":"G\u00fcnortadan sonra \u0259sas yollar ba\u011flanacaq","datePublished":"2015-05-25T16:06:17+00:00","mainEntityOfPage":{"@id":"https:\/\/www.meydan.tv\/az\/article\/gunortadan-sonra-esas-yollar-baglanacaq\/"},"wordCount":249,"publisher":{"@id":"https:\/\/www.meydan.tv\/az\/#organization"},"image":{"@id":"https:\/\/www.meydan.tv\/az\/article\/gunortadan-sonra-esas-yollar-baglanacaq\/#primaryimage"},"thumbnailUrl":"https:\/\/www.meydan.tv\/wp-content\/uploads\/9187.jpg","articleSection":["X\u0259b\u0259rl\u0259r"],"inLanguage":"az"},{"@type":"WebPage","@id":"https:\/\/www.meydan.tv\/az\/article\/gunortadan-sonra-esas-yollar-baglanacaq\/","url":"https:\/\/www.meydan.tv\/az\/article\/gunortadan-sonra-esas-yollar-baglanacaq\/","name":"G\u00fcnortadan sonra \u0259sas yollar ba\u011flanacaq - MEYDAN.TV","isPartOf":{"@id":"https:\/\/www.meydan.tv\/az\/#website"},"primaryImageOfPage":{"@id":"https:\/\/www.meydan.tv\/az\/article\/gunortadan-sonra-esas-yollar-baglanacaq\/#primaryimage"},"image":{"@id":"https:\/\/www.meydan.tv\/az\/article\/gunortadan-sonra-esas-yollar-baglanacaq\/#primaryimage"},"thumbnailUrl":"https:\/\/www.meydan.tv\/wp-content\/uploads\/9187.jpg","datePublished":"2015-05-25T16:06:17+00:00","breadcrumb":{"@id":"https:\/\/www.meydan.tv\/az\/article\/gunortadan-sonra-esas-yollar-baglanacaq\/#breadcrumb"},"inLanguage":"az","potentialAction":[{"@type":"ReadAction","target":["https:\/\/www.meydan.tv\/az\/article\/gunortadan-sonra-esas-yollar-baglanacaq\/"]}]},{"@type":"ImageObject","inLanguage":"az","@id":"https:\/\/www.meydan.tv\/az\/article\/gunortadan-sonra-esas-yollar-baglanacaq\/#primaryimage","url":"https:\/\/www.meydan.tv\/wp-content\/uploads\/9187.jpg","contentUrl":"https:\/\/www.meydan.tv\/wp-content\/uploads\/9187.jpg","width":545,"height":300,"caption":"Source:"},{"@type":"BreadcrumbList","@id":"https:\/\/www.meydan.tv\/az\/article\/gunortadan-sonra-esas-yollar-baglanacaq\/#breadcrumb","itemListElement":[{"@type":"ListItem","position":1,"name":"Ana s\u0259hif\u0259","item":"https:\/\/www.meydan.tv\/az\/"},{"@type":"ListItem","position":2,"name":"X\u0259b\u0259rl\u0259r","item":"https:\/\/www.meydan.tv\/az\/section\/xeberler\/"},{"@type":"ListItem","position":3,"name":"G\u00fcnortadan sonra \u0259sas yollar ba\u011flanacaq"}]},{"@type":"WebSite","@id":"https:\/\/www.meydan.tv\/az\/#website","url":"https:\/\/www.meydan.tv\/az\/","name":"MEYDAN.TV","description":"Meydan TV Az\u0259rbaycan\u0131n media m\u0259kan\u0131ndak\u0131 alternativ s\u0259sidir","publisher":{"@id":"https:\/\/www.meydan.tv\/az\/#organization"},"potentialAction":[{"@type":"SearchAction","target":{"@type":"EntryPoint","urlTemplate":"https:\/\/www.meydan.tv\/az\/?s={search_term_string}"},"query-input":{"@type":"PropertyValueSpecification","valueRequired":true,"valueName":"search_term_string"}}],"inLanguage":"az"},{"@type":"Organization","@id":"https:\/\/www.meydan.tv\/az\/#organization","name":"Meydan TV","url":"https:\/\/www.meydan.tv\/az\/","logo":{"@type":"ImageObject","inLanguage":"az","@id":"https:\/\/www.meydan.tv\/az\/#\/schema\/logo\/image\/","url":"https:\/\/www.meydan.tv\/wp-content\/uploads\/2021\/07\/meydan-logo.svg","contentUrl":"https:\/\/www.meydan.tv\/wp-content\/uploads\/2021\/07\/meydan-logo.svg","width":195,"height":46,"caption":"Meydan TV"},"image":{"@id":"https:\/\/www.meydan.tv\/az\/#\/schema\/logo\/image\/"}},{"@type":"Person","@id":"https:\/\/www.meydan.tv\/az\/#\/schema\/person\/10d11eccf6da3662cf5fdab9806ea91a","name":"user-manager"}]}},"_links":{"self":[{"href":"https:\/\/www.meydan.tv\/az\/wp-json\/wp\/v2\/posts\/168059","targetHints":{"allow":["GET"]}}],"collection":[{"href":"https:\/\/www.meydan.tv\/az\/wp-json\/wp\/v2\/posts"}],"about":[{"href":"https:\/\/www.meydan.tv\/az\/wp-json\/wp\/v2\/types\/post"}],"author":[{"embeddable":true,"href":"https:\/\/www.meydan.tv\/az\/wp-json\/wp\/v2\/users\/11"}],"replies":[{"embeddable":true,"href":"https:\/\/www.meydan.tv\/az\/wp-json\/wp\/v2\/comments?post=168059"}],"version-history":[{"count":0,"href":"https:\/\/www.meydan.tv\/az\/wp-json\/wp\/v2\/posts\/168059\/revisions"}],"wp:featuredmedia":[{"embeddable":true,"href":"https:\/\/www.meydan.tv\/az\/wp-json\/wp\/v2\/media\/25129"}],"wp:attachment":[{"href":"https:\/\/www.meydan.tv\/az\/wp-json\/wp\/v2\/media?parent=168059"}],"wp:term":[{"taxonomy":"category","embeddable":true,"href":"https:\/\/www.meydan.tv\/az\/wp-json\/wp\/v2\/categories?post=168059"},{"taxonomy":"post_tag","embeddable":true,"href":"https:\/\/www.meydan.tv\/az\/wp-json\/wp\/v2\/tags?post=168059"}],"curies":[{"name":"wp","href":"https:\/\/api.w.org\/{rel}","templated":true}]}}