{"id":168057,"date":"2015-05-25T13:37:40","date_gmt":"2015-05-25T13:37:40","guid":{"rendered":"https:\/\/www.meydan.tv\/article\/haci-ibrahimin-tecridxanada-oldugu-iddia-edilir\/"},"modified":"2015-05-25T13:37:40","modified_gmt":"2015-05-25T13:37:40","slug":"haci-ibrahimin-tecridxanada-oldugu-iddia-edilir","status":"publish","type":"post","link":"https:\/\/www.meydan.tv\/az\/article\/haci-ibrahimin-tecridxanada-oldugu-iddia-edilir\/","title":{"rendered":"Hac\u0131 \u0130brahimin t\u0259cridxanada oldu\u011fu iddia edilir"},"content":{"rendered":"<figure class=\"wp-block-image size-large\">\n  <img decoding=\"async\" src=\"https:\/\/www.meydan.tv\/az\/25120\/\" alt=\"\" class=\"wp-image-25120\"\/><figcaption><\/figcaption><\/figure>\n<figure class=\"wp-block-image size-large\">\n  <img decoding=\"async\" src=\"https:\/\/www.meydan.tv\/az\/25120\/\" alt=\"\" class=\"wp-image-25120\"\/><figcaption><\/figcaption><\/figure>\n<div>\n<div>\n<div>\n<div>\n<div>\n<div>\n<div>\n<div>\n<div>\n<div>\n<div>\n<div>\n<div>\n<div>\n<div>\n<div>\n<blockquote>\n<div>\n<p>\n                                        <i><br \/>\n                                          &#8220;M\u0259n bilmir\u0259m Hac\u0131ya kim z\u0259ng vurub v\u0259 onunla telefonla dan\u0131\u015f\u0131b, bunu is\u0259 d\u0259qiq bilir\u0259m ki, Hac\u0131 \u0130brahim art\u0131q h\u0259bsd\u0259dir&#8221;<br \/>\n                                        <\/i>\n                                      <\/p>\n<p>\n                                        <br \/>\n                                        Az\u0259rbaycanl\u0131 biznesmen Hac\u0131 \u0130brahim Nehr\u0259mli may\u0131n 12-si saat 13:00-dan etibar\u0259n D\u0130N M\u00fct\u0259\u015f\u0259kkil Cinay\u0259tkarl\u0131\u011fa Qar\u015f\u0131 M\u00fcbariz\u0259 \u0130dar\u0259sinin m\u00fcv\u0259qq\u0259ti saxlanma t\u0259cridxanas\u0131nda saxlan\u0131l\u0131r.\n                                      <\/p>\n<p>\n                                        Bunu virtualaz.org sayt\u0131na Hac\u0131 \u0130brahimin h\u0259yata ke\u00e7irdiyi \u201cKhazar \u0130slands\u201d layih\u0259sinin r\u0259hb\u0259ri Qurban \u018fhm\u0259dov deyib.\n                                      <\/p>\n<p>\n                                        Q.\u018fhm\u0259dovun s\u00f6zl\u0259rin\u0259 g\u00f6r\u0259, biznesmenin azad olunmas\u0131 bar\u0259d\u0259 yay\u0131lan m\u0259lumatlar h\u0259qiq\u0259ti \u0259ks etdirmir.\n                                      <\/p>\n<p>\n                                        \u201cM\u0259n bilmir\u0259m Hac\u0131ya kim z\u0259ng vurub v\u0259 onunla telefonla dan\u0131\u015f\u0131b, bunu is\u0259 d\u0259qiq bilir\u0259m ki, Hac\u0131 \u0130brahim art\u0131q 12-ci g\u00fcnd\u00fcr ki, h\u0259bsd\u0259dir\u201d &#8211; dey\u0259 Qurban \u018fhm\u0259dov bildirib.\n                                      <\/p>\n<p>\n                                        Q.\u018fhm\u0259dovun s\u00f6zl\u0259rin\u0259 g\u00f6r\u0259, ona qar\u015f\u0131 h\u0259bs-q\u0259timkan t\u0259dbiri se\u00e7ilib, amma h\u0259l\u0259 d\u0259 r\u0259smi ittiham ir\u0259li s\u00fcr\u00fclm\u0259yib.\n                                      <\/p>\n<p>\n                                        Bununla bel\u0259, Q.\u018fhm\u0259dovun s\u00f6zl\u0259rin\u0259 g\u00f6r\u0259, s\u00f6hb\u0259t Beyn\u0259lxalq Banka olan kreditl\u0259rin vaxt\u0131ndan \u0259vv\u0259l qaytar\u0131lmas\u0131ndan gedir. Bu kreditl\u0259rin h\u0259cmi is\u0259 57 milyon dollar t\u0259\u015fkil edir.\n                                      <\/p>\n<p>\n                                        Bu kreditl\u0259rin \u00f6d\u0259nm\u0259 vaxt\u0131 2019-cu ild\u0259 ba\u015fa \u00e7at\u0131r. Amma biznesmend\u0259n borclar\u0131n\u0131 d\u0259rhal \u00f6d\u0259m\u0259yi t\u0259l\u0259b edirl\u0259r\u201d &#8211; dey\u0259 Q.\u018fhm\u0259dov bildirib.\n                                      <\/p>\n<p>\n                                        \u201cKhazar \u0130slands\u201d layyih\u0259sinin r\u0259hb\u0259ri virtualaz.org sayt\u0131na a\u00e7\u0131qlamas\u0131nda Hac\u0131 \u0130brahimin \u00f6lk\u0259d\u0259n qa\u00e7ma\u011fa c\u0259hd g\u00f6st\u0259rm\u0259si bar\u0259d\u0259 yay\u0131lan m\u0259lumatlara da m\u00fcnasib\u0259t bildirib v\u0259 bu x\u0259b\u0259rl\u0259ri t\u0259kzib edib. Deyib ki, Hac\u0131 \u0130brahimin qa\u00e7d\u0131\u011f\u0131 deyil\u0259n vaxtda o, h\u0259bsd\u0259 olub.\n                                      <\/p>\n<p>\n                                        Q.\u018fhm\u0259dovun s\u00f6zl\u0259rin\u0259 g\u00f6r\u0259, Hac\u0131 \u0130brahim kredit \u00fczr\u0259 faiz borclar\u0131n\u0131 da vaxt\u0131nda \u00f6d\u0259yirdi. O, h\u0259bsind\u0259n qabaq Beyn\u0259lxalq Banka faiz kimi 1,5 milyon manat \u00f6d\u0259yibmi\u015f.\n                                      <\/p>\n<p>\n                                        APA informasiya agentliyi bir ne\u00e7\u0259 g\u00fcn bundan \u0259vv\u0259l Hac\u0131 \u0130brahim Nehr\u0259mlinin h\u0259bsd\u0259n azad olmas\u0131 bar\u0259d\u0259 x\u0259b\u0259r yaym\u0131\u015fd\u0131.\n                                      <\/p>\n<\/p><\/div>\n<\/blockquote><\/div>\n<\/p><\/div>\n<\/p><\/div>\n<\/p><\/div>\n<\/p><\/div>\n<\/p><\/div>\n<\/p><\/div>\n<\/p><\/div>\n<\/p><\/div>\n<\/p><\/div>\n<\/p><\/div>\n<\/p><\/div>\n<\/p><\/div>\n<\/p><\/div>\n<\/p><\/div>\n<\/p><\/div><\/p>\n","protected":false},"excerpt":{"rendered":"<p>&#8220;M\u0259n bilmir\u0259m Hac\u0131ya kim z\u0259ng vurub v\u0259 onunla telefonla dan\u0131\u015f\u0131b, bunu is\u0259 d\u0259qiq bilir\u0259m ki, Hac\u0131 \u0130brahim art\u0131q h\u0259bsd\u0259dir&#8221;<\/p>\n","protected":false},"author":11,"featured_media":25120,"comment_status":"closed","ping_status":"open","sticky":false,"template":"","format":"standard","meta":{"_acf_changed":false,"_sitemap_exclude":false,"_sitemap_priority":"","_sitemap_frequency":"","footnotes":""},"categories":[56],"tags":[],"class_list":["post-168057","post","type-post","status-publish","format-standard","has-post-thumbnail","hentry","category-xeberler","infinite-scroll-item","generate-columns","tablet-grid-50","mobile-grid-100","grid-parent","grid-33","no-featured-image-padding"],"acf":[],"yoast_head":"<!-- This site is optimized with the Yoast SEO plugin v28.4 - https:\/\/yoast.com\/product\/yoast-seo-wordpress\/ -->\n<title>Hac\u0131 \u0130brahimin t\u0259cridxanada oldu\u011fu iddia edilir - MEYDAN.TV<\/title>\n<meta name=\"robots\" content=\"index, follow, max-snippet:-1, max-image-preview:large, max-video-preview:-1\" \/>\n<link rel=\"canonical\" href=\"https:\/\/www.meydan.tv\/az\/article\/haci-ibrahimin-tecridxanada-oldugu-iddia-edilir\/\" \/>\n<meta property=\"og:locale\" content=\"az_AZ\" \/>\n<meta property=\"og:type\" content=\"article\" \/>\n<meta property=\"og:title\" content=\"Hac\u0131 \u0130brahimin t\u0259cridxanada oldu\u011fu iddia edilir - MEYDAN.TV\" \/>\n<meta property=\"og:description\" content=\"&quot;M\u0259n bilmir\u0259m Hac\u0131ya kim z\u0259ng vurub v\u0259 onunla telefonla dan\u0131\u015f\u0131b, bunu is\u0259 d\u0259qiq bilir\u0259m ki, Hac\u0131 \u0130brahim art\u0131q h\u0259bsd\u0259dir&quot;\" \/>\n<meta property=\"og:url\" content=\"https:\/\/www.meydan.tv\/az\/article\/haci-ibrahimin-tecridxanada-oldugu-iddia-edilir\/\" \/>\n<meta property=\"og:site_name\" content=\"MEYDAN.TV\" \/>\n<meta property=\"article:published_time\" content=\"2015-05-25T13:37:40+00:00\" \/>\n<meta property=\"og:image\" content=\"https:\/\/www.meydan.tv\/wp-content\/uploads\/9181.jpg\" \/>\n\t<meta property=\"og:image:width\" content=\"440\" \/>\n\t<meta property=\"og:image:height\" content=\"330\" \/>\n\t<meta property=\"og:image:type\" content=\"image\/jpeg\" \/>\n<meta name=\"twitter:card\" content=\"summary_large_image\" \/>\n<!-- \/ Yoast SEO plugin. -->","yoast_head_json":{"title":"Hac\u0131 \u0130brahimin t\u0259cridxanada oldu\u011fu iddia edilir - MEYDAN.TV","robots":{"index":"index","follow":"follow","max-snippet":"max-snippet:-1","max-image-preview":"max-image-preview:large","max-video-preview":"max-video-preview:-1"},"canonical":"https:\/\/www.meydan.tv\/az\/article\/haci-ibrahimin-tecridxanada-oldugu-iddia-edilir\/","og_locale":"az_AZ","og_type":"article","og_title":"Hac\u0131 \u0130brahimin t\u0259cridxanada oldu\u011fu iddia edilir - MEYDAN.TV","og_description":"\"M\u0259n bilmir\u0259m Hac\u0131ya kim z\u0259ng vurub v\u0259 onunla telefonla dan\u0131\u015f\u0131b, bunu is\u0259 d\u0259qiq bilir\u0259m ki, Hac\u0131 \u0130brahim art\u0131q h\u0259bsd\u0259dir\"","og_url":"https:\/\/www.meydan.tv\/az\/article\/haci-ibrahimin-tecridxanada-oldugu-iddia-edilir\/","og_site_name":"MEYDAN.TV","article_published_time":"2015-05-25T13:37:40+00:00","og_image":[{"width":440,"height":330,"url":"https:\/\/www.meydan.tv\/wp-content\/uploads\/9181.jpg","type":"image\/jpeg"}],"twitter_card":"summary_large_image","schema":{"@context":"https:\/\/schema.org","@graph":[{"@type":"Article","@id":"https:\/\/www.meydan.tv\/az\/article\/haci-ibrahimin-tecridxanada-oldugu-iddia-edilir\/#article","isPartOf":{"@id":"https:\/\/www.meydan.tv\/az\/article\/haci-ibrahimin-tecridxanada-oldugu-iddia-edilir\/"},"author":{"name":"user-manager","@id":"https:\/\/www.meydan.tv\/az\/#\/schema\/person\/10d11eccf6da3662cf5fdab9806ea91a"},"headline":"Hac\u0131 \u0130brahimin t\u0259cridxanada oldu\u011fu iddia edilir","datePublished":"2015-05-25T13:37:40+00:00","mainEntityOfPage":{"@id":"https:\/\/www.meydan.tv\/az\/article\/haci-ibrahimin-tecridxanada-oldugu-iddia-edilir\/"},"wordCount":381,"publisher":{"@id":"https:\/\/www.meydan.tv\/az\/#organization"},"image":{"@id":"https:\/\/www.meydan.tv\/az\/article\/haci-ibrahimin-tecridxanada-oldugu-iddia-edilir\/#primaryimage"},"thumbnailUrl":"https:\/\/www.meydan.tv\/wp-content\/uploads\/9181.jpg","articleSection":["X\u0259b\u0259rl\u0259r"],"inLanguage":"az"},{"@type":"WebPage","@id":"https:\/\/www.meydan.tv\/az\/article\/haci-ibrahimin-tecridxanada-oldugu-iddia-edilir\/","url":"https:\/\/www.meydan.tv\/az\/article\/haci-ibrahimin-tecridxanada-oldugu-iddia-edilir\/","name":"Hac\u0131 \u0130brahimin t\u0259cridxanada oldu\u011fu iddia edilir - MEYDAN.TV","isPartOf":{"@id":"https:\/\/www.meydan.tv\/az\/#website"},"primaryImageOfPage":{"@id":"https:\/\/www.meydan.tv\/az\/article\/haci-ibrahimin-tecridxanada-oldugu-iddia-edilir\/#primaryimage"},"image":{"@id":"https:\/\/www.meydan.tv\/az\/article\/haci-ibrahimin-tecridxanada-oldugu-iddia-edilir\/#primaryimage"},"thumbnailUrl":"https:\/\/www.meydan.tv\/wp-content\/uploads\/9181.jpg","datePublished":"2015-05-25T13:37:40+00:00","breadcrumb":{"@id":"https:\/\/www.meydan.tv\/az\/article\/haci-ibrahimin-tecridxanada-oldugu-iddia-edilir\/#breadcrumb"},"inLanguage":"az","potentialAction":[{"@type":"ReadAction","target":["https:\/\/www.meydan.tv\/az\/article\/haci-ibrahimin-tecridxanada-oldugu-iddia-edilir\/"]}]},{"@type":"ImageObject","inLanguage":"az","@id":"https:\/\/www.meydan.tv\/az\/article\/haci-ibrahimin-tecridxanada-oldugu-iddia-edilir\/#primaryimage","url":"https:\/\/www.meydan.tv\/wp-content\/uploads\/9181.jpg","contentUrl":"https:\/\/www.meydan.tv\/wp-content\/uploads\/9181.jpg","width":440,"height":330,"caption":"Source:"},{"@type":"BreadcrumbList","@id":"https:\/\/www.meydan.tv\/az\/article\/haci-ibrahimin-tecridxanada-oldugu-iddia-edilir\/#breadcrumb","itemListElement":[{"@type":"ListItem","position":1,"name":"Ana s\u0259hif\u0259","item":"https:\/\/www.meydan.tv\/az\/"},{"@type":"ListItem","position":2,"name":"X\u0259b\u0259rl\u0259r","item":"https:\/\/www.meydan.tv\/az\/section\/xeberler\/"},{"@type":"ListItem","position":3,"name":"Hac\u0131 \u0130brahimin t\u0259cridxanada oldu\u011fu iddia edilir"}]},{"@type":"WebSite","@id":"https:\/\/www.meydan.tv\/az\/#website","url":"https:\/\/www.meydan.tv\/az\/","name":"MEYDAN.TV","description":"Meydan TV Az\u0259rbaycan\u0131n media m\u0259kan\u0131ndak\u0131 alternativ s\u0259sidir","publisher":{"@id":"https:\/\/www.meydan.tv\/az\/#organization"},"potentialAction":[{"@type":"SearchAction","target":{"@type":"EntryPoint","urlTemplate":"https:\/\/www.meydan.tv\/az\/?s={search_term_string}"},"query-input":{"@type":"PropertyValueSpecification","valueRequired":true,"valueName":"search_term_string"}}],"inLanguage":"az"},{"@type":"Organization","@id":"https:\/\/www.meydan.tv\/az\/#organization","name":"Meydan TV","url":"https:\/\/www.meydan.tv\/az\/","logo":{"@type":"ImageObject","inLanguage":"az","@id":"https:\/\/www.meydan.tv\/az\/#\/schema\/logo\/image\/","url":"https:\/\/www.meydan.tv\/wp-content\/uploads\/2021\/07\/meydan-logo.svg","contentUrl":"https:\/\/www.meydan.tv\/wp-content\/uploads\/2021\/07\/meydan-logo.svg","width":195,"height":46,"caption":"Meydan TV"},"image":{"@id":"https:\/\/www.meydan.tv\/az\/#\/schema\/logo\/image\/"}},{"@type":"Person","@id":"https:\/\/www.meydan.tv\/az\/#\/schema\/person\/10d11eccf6da3662cf5fdab9806ea91a","name":"user-manager"}]}},"_links":{"self":[{"href":"https:\/\/www.meydan.tv\/az\/wp-json\/wp\/v2\/posts\/168057","targetHints":{"allow":["GET"]}}],"collection":[{"href":"https:\/\/www.meydan.tv\/az\/wp-json\/wp\/v2\/posts"}],"about":[{"href":"https:\/\/www.meydan.tv\/az\/wp-json\/wp\/v2\/types\/post"}],"author":[{"embeddable":true,"href":"https:\/\/www.meydan.tv\/az\/wp-json\/wp\/v2\/users\/11"}],"replies":[{"embeddable":true,"href":"https:\/\/www.meydan.tv\/az\/wp-json\/wp\/v2\/comments?post=168057"}],"version-history":[{"count":0,"href":"https:\/\/www.meydan.tv\/az\/wp-json\/wp\/v2\/posts\/168057\/revisions"}],"wp:featuredmedia":[{"embeddable":true,"href":"https:\/\/www.meydan.tv\/az\/wp-json\/wp\/v2\/media\/25120"}],"wp:attachment":[{"href":"https:\/\/www.meydan.tv\/az\/wp-json\/wp\/v2\/media?parent=168057"}],"wp:term":[{"taxonomy":"category","embeddable":true,"href":"https:\/\/www.meydan.tv\/az\/wp-json\/wp\/v2\/categories?post=168057"},{"taxonomy":"post_tag","embeddable":true,"href":"https:\/\/www.meydan.tv\/az\/wp-json\/wp\/v2\/tags?post=168057"}],"curies":[{"name":"wp","href":"https:\/\/api.w.org\/{rel}","templated":true}]}}