{"id":168054,"date":"2015-05-25T02:30:20","date_gmt":"2015-05-25T02:30:20","guid":{"rendered":"https:\/\/www.meydan.tv\/article\/adi-nergiz-olacaq\/"},"modified":"2015-05-25T02:30:20","modified_gmt":"2015-05-25T02:30:20","slug":"adi-nergiz-olacaq","status":"publish","type":"post","link":"https:\/\/www.meydan.tv\/az\/article\/adi-nergiz-olacaq\/","title":{"rendered":"Ad\u0131 N\u0259rgiz olacaq!"},"content":{"rendered":"<figure class=\"wp-block-image size-large\">\n  <img decoding=\"async\" src=\"https:\/\/www.meydan.tv\/az\/25051\/\" alt=\"\" class=\"wp-image-25051\"\/><figcaption><\/figcaption><\/figure>\n<figure class=\"wp-block-image size-large\">\n  <img decoding=\"async\" src=\"https:\/\/www.meydan.tv\/az\/25060\/\" alt=\"\" class=\"wp-image-25060\"\/><figcaption><\/figcaption><\/figure>\n<p>\n  N\u0259rgizin bizi t\u0259rk etm\u0259sind\u0259n 1 ay ke\u00e7di.\n<\/p>\n<p>\n  Bu bir ayda N\u0259rgizl\u0259 ba\u011fl\u0131 m\u00fcxt\u0259lif fikirl\u0259rimi, d\u00fc\u015f\u00fcnc\u0259l\u0259rimi b\u00f6l\u00fc\u015fm\u0259k ist\u0259dim, amma m\u00fcmk\u00fcn olmurdu. H\u0259r g\u00fcn getdiyim uzun yol boyu g\u00f6z\u0259l dostumu d\u00fc\u015f\u00fcn\u00fcr, h\u0259r d\u0259f\u0259 ev\u0259 \u00e7at\u0131b d\u00fc\u015f\u00fcnc\u0259l\u0259rimi yazaca\u011f\u0131m\u0131 q\u0259til\u0259\u015fdirirdim, he\u00e7 c\u00fcr\u0259 m\u00fcmk\u00fcn olmurdu. Bu d\u0259f\u0259 m\u00fcmk\u00fcn olub-olmayaca\u011f\u0131n\u0131 da bilmir\u0259m&#8230;\n<\/p>\n<p>\n  He\u00e7 el\u0259 olmad\u0131 ki, N\u0259rgizi d\u00fc\u015f\u00fcn\u0259rk\u0259n Nigar\u0131, Maya xan\u0131m\u0131 d\u00fc\u015f\u00fcnm\u0259yim. Yaza bilm\u0259m\u0259yim\u0259 s\u0259b\u0259bl\u0259rd\u0259n biri el\u0259 Nigar oldu. H\u0259r d\u0259f\u0259 yazmaq ist\u0259y\u0259nd\u0259, d\u0259fn g\u00fcn\u00fc Nigar\u0131n nal\u0259sini e\u015fitdim, h\u0259min AN g\u00f6z\u00fcm\u00fcn qar\u015f\u0131s\u0131na g\u0259ldi, b\u00fct\u00fcn d\u00fc\u015f\u00fcnd\u00fckl\u0259rimi alt-\u00fcst etdi, yaza bilmirdim. \u0130ndi d\u0259, h\u0259min s\u0259si e\u015fidir\u0259m, h\u0259min d\u0259h\u015f\u0259tli s\u0259hn\u0259 g\u00f6z\u00fcm\u00fcn qar\u015f\u0131s\u0131ndan getmir. Y\u0259qin he\u00e7 zaman da getm\u0259y\u0259c\u0259k!\n<\/p>\n<p>\n  Bu bir ayda N\u0259rgiz haqq\u0131nda dostlarla s\u00f6hb\u0259t etm\u0259k m\u00fcmk\u00fcn olmad\u0131, el\u0259 bil, h\u0259r k\u0259s bu m\u00f6vzuda dan\u0131\u015fmaqdan qorxurdu, he\u00e7 kim N\u0259rgizin yoxlu\u011fu haqq\u0131nda dan\u0131\u015fma\u011f\u0131 bacarm\u0131rd\u0131. El\u0259 m\u0259n d\u0259. \u0130ki g\u00fcn \u00f6nc\u0259 M\u00fcsavat Partiyas\u0131 N\u0259rgizl\u0259 ba\u011fl\u0131 an\u0131m t\u0259dbiri ke\u00e7irdi, ail\u0259, dostlar, qohumlar, m\u00fcsavat\u00e7\u0131lar birlikd\u0259 N\u0259rgiz haqq\u0131nda dan\u0131\u015fd\u0131q. H\u0259min t\u0259dbird\u0259 N\u0259rgiz haqq\u0131nda dan\u0131\u015fma\u011f\u0131n v\u0259 yazma\u011f\u0131n vacibliyini ayd\u0131n \u015f\u0259kild\u0259 hiss etdim, yazmamaq, dan\u0131\u015fmamaq daha \u00e7\u0259tindir.\n<\/p>\n<p>\n  Xatir\u0259 gec\u0259sind\u0259 zaman s\u00f6z dem\u0259k ist\u0259dim, Meydan tv-nin \u0259m\u0259kda\u015flar\u0131 haz\u0131rlad\u0131\u011f\u0131 N\u0259rgiz haqq\u0131nda filmd\u0259 Nigarla ba\u011fl\u0131, yuxar\u0131da qeyd etdiyim h\u0259min AN-a da yer vermi\u015fdil\u0259r. Dan\u0131\u015fmaq ist\u0259dikl\u0259rim, xatir\u0259l\u0259rim, ham\u0131s\u0131 alt-\u00fcst oldu \u00fcmumiyy\u0259tl\u0259 dan\u0131\u015fa bilm\u0259dim, n\u0259l\u0259rs\u0259 dedim, amma \u00e7ox qar\u0131\u015f\u0131q, uzun, anla\u015f\u0131lmaz al\u0131nd\u0131. Xatir\u0259 t\u0259dbiri d\u0259 h\u0259min film d\u0259 \u00e7ox a\u011f\u0131r oldu,\n<\/p>\n<p>\n  Nigar\u0131n zalda olmas\u0131, bir ayd\u0131r \u00fcz-\u00fcz\u0259 g\u0259lm\u0259kd\u0259n \u00e7\u0259kindiyim, he\u00e7 c\u00fcr\u0259 t\u0259s\u0259lli ver\u0259 bilm\u0259diyim, bilm\u0259y\u0259c\u0259yim Maya xan\u0131m\u0131 bu faci\u0259d\u0259n sonra ilk d\u0259f\u0259 idi, g\u00f6r\u00fcrd\u00fcm. A\u011f\u0131r oldu. N\u0259rgizin faci\u0259si kimi xatir\u0259l\u0259ri haqq\u0131nda dan\u0131\u015fmaq da \u00e7ox a\u011f\u0131rd\u0131r. Biz dostlar bundan sonra N\u0259rgizsiz neyl\u0259y\u0259c\u0259yik v\u0259 neyl\u0259m\u0259liyik dey\u0259 d\u00fc\u015f\u00fcnd\u00fcm&#8230; Q\u0259ti \u0259min oldum ki, Nigarla, dostlarla, qohumlarla, m\u00fcsavat\u00e7\u0131larla, demokratlarla, \u0259n \u0259sas\u0131 ail\u0259si il\u0259 birlikd\u0259 O-nu ya\u015fatmal\u0131y\u0131q, ya\u015fadacay\u0131q da!\n<\/p>\n<p>\n  N\u0259rgiz h\u0259yatda oldu\u011fu zaman yaln\u0131z demokratik m\u00fcbariz\u0259 aparm\u0131rd\u0131, N\u0259rgiz m\u0259d\u0259ni davran\u0131\u015flar\u0131 t\u0259bli\u011f edirdi. Dostlardan kims\u0259 N\u0259rgizin yan\u0131nda adi ka\u011f\u0131z par\u00e7as\u0131n\u0131, siqaret k\u00f6t\u00fcy\u00fcn\u00fc yer\u0259 ata bilmirdi, N\u0259rgiz h\u0259yatdan k\u00f6\u00e7\u00fcb bizi t\u0259k qoyub getdikd\u0259n sonra is\u0259 onu h\u0259r zaman yan\u0131m\u0131zda hiss edirik, yax\u0131n dostlar\u0131m\u0131z\u0131n he\u00e7 biri yer\u0259 adic\u0259 bir \u00e7\u00f6p bel\u0259 atm\u0131r! Biz yaln\u0131z m\u00fcbariz\u0259mizl\u0259 deyil, h\u0259m d\u0259 bu kimi davran\u0131\u015flar\u0131m\u0131zla N\u0259rgizi ya\u015fadaca\u011f\u0131q!\n<\/p>\n<p>\n  N\u0259rgizi ya\u015fatmaqda k\u0259d\u0259rl\u0259nm\u0259kl\u0259, a\u011flamaqla, g\u00f6z ya\u015flar\u0131 il\u0259, m\u0259zar\u0131n\u0131 ziyar\u0259t etm\u0259kl\u0259 kifay\u0259tl\u0259nm\u0259y\u0259c\u0259yik. N\u0259rgizin arzular\u0131n\u0131n, d\u00fc\u015f\u00fcnc\u0259l\u0259rinin, m\u00fcbariz\u0259sinin davam etm\u0259sin\u0259 \u00e7al\u0131\u015faca\u011f\u0131q. Sevimli dostumuzun arzular\u0131n\u0131n ger\u00e7\u0259kl\u0259\u015fm\u0259si, yax\u0131nlar\u0131na, Nigara, h\u0259yat yolda\u015f\u0131na, Maya xan\u0131ma. h\u0259m d\u0259 biz dostlara \u0259man\u0259t qoyub getdiyi k\u00f6rp\u0259sinin xo\u015fb\u0259xt g\u0259l\u0259c\u0259yi \u00fc\u00e7\u00fcn \u0259limizd\u0259n g\u0259l\u0259ni ed\u0259c\u0259yik. \u0130ndi tanr\u0131dan ist\u0259yimiz k\u00f6rp\u0259nin sa\u011flam b\u00f6y\u00fcm\u0259si, N\u0259rgizin ruhunun rahat v\u0259 \u015fad olmas\u0131d\u0131r. Ya\u015fatmaq \u00fc\u00e7\u00fcn ya\u015fayaca\u011f\u0131q.\n<\/p>\n<p>\n  Biz insanlar\u0131 sev\u0259c\u0259yik, h\u0259min sevginin ad\u0131 N\u0259rgiz olacaq!\n<\/p>\n<p>\n  Biz g\u00f6z\u0259llikl\u0259ri t\u0259bli\u011f ed\u0259c\u0259yik, bu g\u00f6z\u0259lliyin ad\u0131 N\u0259rgiz olacaq!\n<\/p>\n<p>\n  B\u0259li, biz g\u00fcl\u0259c\u0259yik d\u0259 h\u0259min g\u00fcl\u00fc\u015f\u00fcn d\u0259 ad\u0131 N\u0259rgiz olacaq.\n<\/p>\n<p>\n  Biz musiqi d\u0259 dinl\u0259y\u0259c\u0259yik, h\u0259min musiqinin ad\u0131 N\u0259rgiz olacaq.\n<\/p>\n<p>\n  Bizim solmayan g\u00fcl\u00fcm\u00fcz olacaq, h\u0259min g\u00fcl\u00fcn ad\u0131 N\u0259rgiz olacaq!\n<\/p>\n<p>\n  Onun apard\u0131\u011f\u0131 m\u00fcbariz\u0259ni davam etdir\u0259c\u0259yik, m\u00fcbariz\u0259mizin ad\u0131 N\u0259rgiz olacaq!\n<\/p>\n<p>\n  Sonda q\u0259l\u0259b\u0259 qazanacay\u0131q, o q\u0259l\u0259b\u0259nin ad\u0131 N\u0259rgiz olacaq!\n<\/p>\n<figure class=\"wp-block-image size-large\">\n  <img decoding=\"async\" src=\"https:\/\/www.meydan.tv\/az\/25054\/\" alt=\"\" class=\"wp-image-25054\"\/><figcaption><\/figcaption><\/figure>\n","protected":false},"excerpt":{"rendered":"<p>Biz onsuz neyl\u0259y\u0259c\u0259yik v\u0259 n\u0259 etm\u0259liyik?<\/p>\n","protected":false},"author":11,"featured_media":25051,"comment_status":"closed","ping_status":"open","sticky":false,"template":"","format":"standard","meta":{"_acf_changed":false,"_sitemap_exclude":false,"_sitemap_priority":"","_sitemap_frequency":"","footnotes":""},"categories":[57],"tags":[],"class_list":["post-168054","post","type-post","status-publish","format-standard","has-post-thumbnail","hentry","category-menim-fikrimce","infinite-scroll-item","generate-columns","tablet-grid-50","mobile-grid-100","grid-parent","grid-33","no-featured-image-padding"],"acf":[],"yoast_head":"<!-- This site is optimized with the Yoast SEO plugin v27.5 - https:\/\/yoast.com\/product\/yoast-seo-wordpress\/ -->\n<title>Ad\u0131 N\u0259rgiz olacaq! - MEYDAN.TV<\/title>\n<meta name=\"robots\" content=\"index, follow, max-snippet:-1, max-image-preview:large, max-video-preview:-1\" \/>\n<link rel=\"canonical\" href=\"https:\/\/www.meydan.tv\/az\/article\/adi-nergiz-olacaq\/\" \/>\n<meta property=\"og:locale\" content=\"az_AZ\" \/>\n<meta property=\"og:type\" content=\"article\" \/>\n<meta property=\"og:title\" content=\"Ad\u0131 N\u0259rgiz olacaq! - MEYDAN.TV\" \/>\n<meta property=\"og:description\" content=\"Biz onsuz neyl\u0259y\u0259c\u0259yik v\u0259 n\u0259 etm\u0259liyik?\" \/>\n<meta property=\"og:url\" content=\"https:\/\/www.meydan.tv\/az\/article\/adi-nergiz-olacaq\/\" \/>\n<meta property=\"og:site_name\" content=\"MEYDAN.TV\" \/>\n<meta property=\"article:published_time\" content=\"2015-05-25T02:30:20+00:00\" \/>\n<meta property=\"og:image\" content=\"https:\/\/www.meydan.tv\/wp-content\/uploads\/9174.jpg\" \/>\n\t<meta property=\"og:image:width\" content=\"500\" \/>\n\t<meta property=\"og:image:height\" content=\"500\" \/>\n\t<meta property=\"og:image:type\" content=\"image\/jpeg\" \/>\n<meta name=\"author\" content=\"user-manager\" \/>\n<meta name=\"twitter:card\" content=\"summary_large_image\" \/>\n<script type=\"application\/ld+json\" class=\"yoast-schema-graph\">{\"@context\":\"https:\\\/\\\/schema.org\",\"@graph\":[{\"@type\":\"Article\",\"@id\":\"https:\\\/\\\/www.meydan.tv\\\/az\\\/article\\\/adi-nergiz-olacaq\\\/#article\",\"isPartOf\":{\"@id\":\"https:\\\/\\\/www.meydan.tv\\\/az\\\/article\\\/adi-nergiz-olacaq\\\/\"},\"author\":{\"name\":\"user-manager\",\"@id\":\"https:\\\/\\\/www.meydan.tv\\\/az\\\/#\\\/schema\\\/person\\\/10d11eccf6da3662cf5fdab9806ea91a\"},\"headline\":\"Ad\u0131 N\u0259rgiz olacaq!\",\"datePublished\":\"2015-05-25T02:30:20+00:00\",\"mainEntityOfPage\":{\"@id\":\"https:\\\/\\\/www.meydan.tv\\\/az\\\/article\\\/adi-nergiz-olacaq\\\/\"},\"wordCount\":822,\"publisher\":{\"@id\":\"https:\\\/\\\/www.meydan.tv\\\/az\\\/#organization\"},\"image\":{\"@id\":\"https:\\\/\\\/www.meydan.tv\\\/az\\\/article\\\/adi-nergiz-olacaq\\\/#primaryimage\"},\"thumbnailUrl\":\"https:\\\/\\\/www.meydan.tv\\\/wp-content\\\/uploads\\\/9174.jpg\",\"articleSection\":[\"M\u0259nim Fikrimc\u0259\"],\"inLanguage\":\"az\"},{\"@type\":\"WebPage\",\"@id\":\"https:\\\/\\\/www.meydan.tv\\\/az\\\/article\\\/adi-nergiz-olacaq\\\/\",\"url\":\"https:\\\/\\\/www.meydan.tv\\\/az\\\/article\\\/adi-nergiz-olacaq\\\/\",\"name\":\"Ad\u0131 N\u0259rgiz olacaq! - MEYDAN.TV\",\"isPartOf\":{\"@id\":\"https:\\\/\\\/www.meydan.tv\\\/az\\\/#website\"},\"primaryImageOfPage\":{\"@id\":\"https:\\\/\\\/www.meydan.tv\\\/az\\\/article\\\/adi-nergiz-olacaq\\\/#primaryimage\"},\"image\":{\"@id\":\"https:\\\/\\\/www.meydan.tv\\\/az\\\/article\\\/adi-nergiz-olacaq\\\/#primaryimage\"},\"thumbnailUrl\":\"https:\\\/\\\/www.meydan.tv\\\/wp-content\\\/uploads\\\/9174.jpg\",\"datePublished\":\"2015-05-25T02:30:20+00:00\",\"breadcrumb\":{\"@id\":\"https:\\\/\\\/www.meydan.tv\\\/az\\\/article\\\/adi-nergiz-olacaq\\\/#breadcrumb\"},\"inLanguage\":\"az\",\"potentialAction\":[{\"@type\":\"ReadAction\",\"target\":[\"https:\\\/\\\/www.meydan.tv\\\/az\\\/article\\\/adi-nergiz-olacaq\\\/\"]}]},{\"@type\":\"ImageObject\",\"inLanguage\":\"az\",\"@id\":\"https:\\\/\\\/www.meydan.tv\\\/az\\\/article\\\/adi-nergiz-olacaq\\\/#primaryimage\",\"url\":\"https:\\\/\\\/www.meydan.tv\\\/wp-content\\\/uploads\\\/9174.jpg\",\"contentUrl\":\"https:\\\/\\\/www.meydan.tv\\\/wp-content\\\/uploads\\\/9174.jpg\",\"width\":500,\"height\":500,\"caption\":\"Source:\"},{\"@type\":\"BreadcrumbList\",\"@id\":\"https:\\\/\\\/www.meydan.tv\\\/az\\\/article\\\/adi-nergiz-olacaq\\\/#breadcrumb\",\"itemListElement\":[{\"@type\":\"ListItem\",\"position\":1,\"name\":\"Ana s\u0259hif\u0259\",\"item\":\"https:\\\/\\\/www.meydan.tv\\\/az\\\/\"},{\"@type\":\"ListItem\",\"position\":2,\"name\":\"M\u0259nim Fikrimc\u0259\",\"item\":\"https:\\\/\\\/www.meydan.tv\\\/az\\\/section\\\/menim-fikrimce\\\/\"},{\"@type\":\"ListItem\",\"position\":3,\"name\":\"Ad\u0131 N\u0259rgiz olacaq!\"}]},{\"@type\":\"WebSite\",\"@id\":\"https:\\\/\\\/www.meydan.tv\\\/az\\\/#website\",\"url\":\"https:\\\/\\\/www.meydan.tv\\\/az\\\/\",\"name\":\"MEYDAN.TV\",\"description\":\"Meydan TV Az\u0259rbaycan\u0131n media m\u0259kan\u0131ndak\u0131 alternativ s\u0259sidir\",\"publisher\":{\"@id\":\"https:\\\/\\\/www.meydan.tv\\\/az\\\/#organization\"},\"potentialAction\":[{\"@type\":\"SearchAction\",\"target\":{\"@type\":\"EntryPoint\",\"urlTemplate\":\"https:\\\/\\\/www.meydan.tv\\\/az\\\/?s={search_term_string}\"},\"query-input\":{\"@type\":\"PropertyValueSpecification\",\"valueRequired\":true,\"valueName\":\"search_term_string\"}}],\"inLanguage\":\"az\"},{\"@type\":\"Organization\",\"@id\":\"https:\\\/\\\/www.meydan.tv\\\/az\\\/#organization\",\"name\":\"Meydan TV\",\"url\":\"https:\\\/\\\/www.meydan.tv\\\/az\\\/\",\"logo\":{\"@type\":\"ImageObject\",\"inLanguage\":\"az\",\"@id\":\"https:\\\/\\\/www.meydan.tv\\\/az\\\/#\\\/schema\\\/logo\\\/image\\\/\",\"url\":\"https:\\\/\\\/www.meydan.tv\\\/wp-content\\\/uploads\\\/2021\\\/07\\\/meydan-logo.svg\",\"contentUrl\":\"https:\\\/\\\/www.meydan.tv\\\/wp-content\\\/uploads\\\/2021\\\/07\\\/meydan-logo.svg\",\"width\":195,\"height\":46,\"caption\":\"Meydan TV\"},\"image\":{\"@id\":\"https:\\\/\\\/www.meydan.tv\\\/az\\\/#\\\/schema\\\/logo\\\/image\\\/\"}},{\"@type\":\"Person\",\"@id\":\"https:\\\/\\\/www.meydan.tv\\\/az\\\/#\\\/schema\\\/person\\\/10d11eccf6da3662cf5fdab9806ea91a\",\"name\":\"user-manager\"}]}<\/script>\n<!-- \/ Yoast SEO plugin. -->","yoast_head_json":{"title":"Ad\u0131 N\u0259rgiz olacaq! - MEYDAN.TV","robots":{"index":"index","follow":"follow","max-snippet":"max-snippet:-1","max-image-preview":"max-image-preview:large","max-video-preview":"max-video-preview:-1"},"canonical":"https:\/\/www.meydan.tv\/az\/article\/adi-nergiz-olacaq\/","og_locale":"az_AZ","og_type":"article","og_title":"Ad\u0131 N\u0259rgiz olacaq! - MEYDAN.TV","og_description":"Biz onsuz neyl\u0259y\u0259c\u0259yik v\u0259 n\u0259 etm\u0259liyik?","og_url":"https:\/\/www.meydan.tv\/az\/article\/adi-nergiz-olacaq\/","og_site_name":"MEYDAN.TV","article_published_time":"2015-05-25T02:30:20+00:00","og_image":[{"width":500,"height":500,"url":"https:\/\/www.meydan.tv\/wp-content\/uploads\/9174.jpg","type":"image\/jpeg"}],"author":"user-manager","twitter_card":"summary_large_image","schema":{"@context":"https:\/\/schema.org","@graph":[{"@type":"Article","@id":"https:\/\/www.meydan.tv\/az\/article\/adi-nergiz-olacaq\/#article","isPartOf":{"@id":"https:\/\/www.meydan.tv\/az\/article\/adi-nergiz-olacaq\/"},"author":{"name":"user-manager","@id":"https:\/\/www.meydan.tv\/az\/#\/schema\/person\/10d11eccf6da3662cf5fdab9806ea91a"},"headline":"Ad\u0131 N\u0259rgiz olacaq!","datePublished":"2015-05-25T02:30:20+00:00","mainEntityOfPage":{"@id":"https:\/\/www.meydan.tv\/az\/article\/adi-nergiz-olacaq\/"},"wordCount":822,"publisher":{"@id":"https:\/\/www.meydan.tv\/az\/#organization"},"image":{"@id":"https:\/\/www.meydan.tv\/az\/article\/adi-nergiz-olacaq\/#primaryimage"},"thumbnailUrl":"https:\/\/www.meydan.tv\/wp-content\/uploads\/9174.jpg","articleSection":["M\u0259nim Fikrimc\u0259"],"inLanguage":"az"},{"@type":"WebPage","@id":"https:\/\/www.meydan.tv\/az\/article\/adi-nergiz-olacaq\/","url":"https:\/\/www.meydan.tv\/az\/article\/adi-nergiz-olacaq\/","name":"Ad\u0131 N\u0259rgiz olacaq! - MEYDAN.TV","isPartOf":{"@id":"https:\/\/www.meydan.tv\/az\/#website"},"primaryImageOfPage":{"@id":"https:\/\/www.meydan.tv\/az\/article\/adi-nergiz-olacaq\/#primaryimage"},"image":{"@id":"https:\/\/www.meydan.tv\/az\/article\/adi-nergiz-olacaq\/#primaryimage"},"thumbnailUrl":"https:\/\/www.meydan.tv\/wp-content\/uploads\/9174.jpg","datePublished":"2015-05-25T02:30:20+00:00","breadcrumb":{"@id":"https:\/\/www.meydan.tv\/az\/article\/adi-nergiz-olacaq\/#breadcrumb"},"inLanguage":"az","potentialAction":[{"@type":"ReadAction","target":["https:\/\/www.meydan.tv\/az\/article\/adi-nergiz-olacaq\/"]}]},{"@type":"ImageObject","inLanguage":"az","@id":"https:\/\/www.meydan.tv\/az\/article\/adi-nergiz-olacaq\/#primaryimage","url":"https:\/\/www.meydan.tv\/wp-content\/uploads\/9174.jpg","contentUrl":"https:\/\/www.meydan.tv\/wp-content\/uploads\/9174.jpg","width":500,"height":500,"caption":"Source:"},{"@type":"BreadcrumbList","@id":"https:\/\/www.meydan.tv\/az\/article\/adi-nergiz-olacaq\/#breadcrumb","itemListElement":[{"@type":"ListItem","position":1,"name":"Ana s\u0259hif\u0259","item":"https:\/\/www.meydan.tv\/az\/"},{"@type":"ListItem","position":2,"name":"M\u0259nim Fikrimc\u0259","item":"https:\/\/www.meydan.tv\/az\/section\/menim-fikrimce\/"},{"@type":"ListItem","position":3,"name":"Ad\u0131 N\u0259rgiz olacaq!"}]},{"@type":"WebSite","@id":"https:\/\/www.meydan.tv\/az\/#website","url":"https:\/\/www.meydan.tv\/az\/","name":"MEYDAN.TV","description":"Meydan TV Az\u0259rbaycan\u0131n media m\u0259kan\u0131ndak\u0131 alternativ s\u0259sidir","publisher":{"@id":"https:\/\/www.meydan.tv\/az\/#organization"},"potentialAction":[{"@type":"SearchAction","target":{"@type":"EntryPoint","urlTemplate":"https:\/\/www.meydan.tv\/az\/?s={search_term_string}"},"query-input":{"@type":"PropertyValueSpecification","valueRequired":true,"valueName":"search_term_string"}}],"inLanguage":"az"},{"@type":"Organization","@id":"https:\/\/www.meydan.tv\/az\/#organization","name":"Meydan TV","url":"https:\/\/www.meydan.tv\/az\/","logo":{"@type":"ImageObject","inLanguage":"az","@id":"https:\/\/www.meydan.tv\/az\/#\/schema\/logo\/image\/","url":"https:\/\/www.meydan.tv\/wp-content\/uploads\/2021\/07\/meydan-logo.svg","contentUrl":"https:\/\/www.meydan.tv\/wp-content\/uploads\/2021\/07\/meydan-logo.svg","width":195,"height":46,"caption":"Meydan TV"},"image":{"@id":"https:\/\/www.meydan.tv\/az\/#\/schema\/logo\/image\/"}},{"@type":"Person","@id":"https:\/\/www.meydan.tv\/az\/#\/schema\/person\/10d11eccf6da3662cf5fdab9806ea91a","name":"user-manager"}]}},"_links":{"self":[{"href":"https:\/\/www.meydan.tv\/az\/wp-json\/wp\/v2\/posts\/168054","targetHints":{"allow":["GET"]}}],"collection":[{"href":"https:\/\/www.meydan.tv\/az\/wp-json\/wp\/v2\/posts"}],"about":[{"href":"https:\/\/www.meydan.tv\/az\/wp-json\/wp\/v2\/types\/post"}],"author":[{"embeddable":true,"href":"https:\/\/www.meydan.tv\/az\/wp-json\/wp\/v2\/users\/11"}],"replies":[{"embeddable":true,"href":"https:\/\/www.meydan.tv\/az\/wp-json\/wp\/v2\/comments?post=168054"}],"version-history":[{"count":0,"href":"https:\/\/www.meydan.tv\/az\/wp-json\/wp\/v2\/posts\/168054\/revisions"}],"wp:featuredmedia":[{"embeddable":true,"href":"https:\/\/www.meydan.tv\/az\/wp-json\/wp\/v2\/media\/25051"}],"wp:attachment":[{"href":"https:\/\/www.meydan.tv\/az\/wp-json\/wp\/v2\/media?parent=168054"}],"wp:term":[{"taxonomy":"category","embeddable":true,"href":"https:\/\/www.meydan.tv\/az\/wp-json\/wp\/v2\/categories?post=168054"},{"taxonomy":"post_tag","embeddable":true,"href":"https:\/\/www.meydan.tv\/az\/wp-json\/wp\/v2\/tags?post=168054"}],"curies":[{"name":"wp","href":"https:\/\/api.w.org\/{rel}","templated":true}]}}