{"id":168051,"date":"2015-05-24T16:33:02","date_gmt":"2015-05-24T16:33:02","guid":{"rendered":"https:\/\/www.meydan.tv\/article\/seymur-hezinin-yazilarina-qadaga-qoyulub\/"},"modified":"2015-05-24T16:33:02","modified_gmt":"2015-05-24T16:33:02","slug":"seymur-hezinin-yazilarina-qadaga-qoyulub","status":"publish","type":"post","link":"https:\/\/www.meydan.tv\/az\/article\/seymur-hezinin-yazilarina-qadaga-qoyulub\/","title":{"rendered":"Seymur H\u0259zinin yaz\u0131lar\u0131na qada\u011fa qoyulub"},"content":{"rendered":"<figure class=\"wp-block-image size-large\">\n  <img decoding=\"async\" src=\"https:\/\/www.meydan.tv\/az\/25099\/\" alt=\"\" class=\"wp-image-25099\"\/><figcaption><\/figcaption><\/figure>\n<figure class=\"wp-block-image size-large\">\n  <img decoding=\"async\" src=\"https:\/\/www.meydan.tv\/az\/25099\/\" alt=\"\" class=\"wp-image-25099\"\/><figcaption><\/figcaption><\/figure>\n<p>\n  <b><br \/>\n    T\u0259cridxana r\u0259isi jurnalistin yaz\u0131lar\u0131n\u0131n t\u0259cridxanadan k\u0259nara \u00e7\u0131xmas\u0131na icaz\u0259 vermir<br \/>\n  <\/b>\n<\/p>\n<p>\n  &#8220;Azadl\u0131q&#8221; q\u0259zetinin siyas\u0259t \u015f\u00f6b\u0259sinin m\u00fcdiri Seymur H\u0259zi saxlan\u0131ld\u0131\u011f\u0131 \u015e\u00fcv\u0259lan t\u0259cridxanas\u0131ndan q\u0259zet\u0259 yaz\u0131 g\u00f6nd\u0259r\u0259 bilmir. O, r\u0259isin g\u00f6st\u0259ri\u015fi il\u0259 t\u0259cridxana \u0259m\u0259kda\u015flar\u0131n\u0131n yaz\u0131lar\u0131n\u0131 q\u0259zet\u0259 g\u00f6nd\u0259rm\u0259sin\u0259 mane\u0259 olduqlar\u0131n\u0131 deyir. Bu bar\u0259d\u0259 M\u00fcsavat partiyas\u0131n\u0131n \u00fczv\u00fc Nigar Yaqublu Facebook hesab\u0131nda m\u0259lumat yay\u0131b. O, 24 mayda jurnalistl\u0259 telefon vasit\u0259sil\u0259 dan\u0131\u015fd\u0131\u011f\u0131n\u0131 v\u0259 onun k\u00f6\u015f\u0259 yaz\u0131lar\u0131na t\u0259cridxana r\u0259isinin qada\u011fa qoydu\u011funu \u00e7atd\u0131r\u0131b.\n<\/p>\n<p>\n  \u201cAz\u0259rbaycan saat\u0131\u201d televiziya proqram\u0131n\u0131n redaktoru, apar\u0131c\u0131s\u0131 Seymur H\u0259zi avqustun 29-da tutulub. Jurnalist Cinay\u0259t M\u0259c\u0259ll\u0259sinin 221.3-c\u00fc (Silah qismind\u0259 istifad\u0259 edil\u0259n \u0259\u015fyalar\u0131 t\u0259tbiq etm\u0259kl\u0259 xuliqanl\u0131q) madd\u0259si il\u0259 ittiham olunaraq 5 il m\u00fcdd\u0259tin\u0259 azadl\u0131qdan m\u0259hrum edilib.<\/p>\n","protected":false},"excerpt":{"rendered":"<p>T\u0259cridxana r\u0259isi jurnalistin yaz\u0131lar\u0131n\u0131n t\u0259cridxanadan k\u0259nara \u00e7\u0131xmas\u0131na icaz\u0259 vermir<\/p>\n","protected":false},"author":11,"featured_media":25099,"comment_status":"closed","ping_status":"open","sticky":false,"template":"","format":"standard","meta":{"_acf_changed":false,"_sitemap_exclude":false,"_sitemap_priority":"","_sitemap_frequency":"","footnotes":""},"categories":[56],"tags":[],"class_list":["post-168051","post","type-post","status-publish","format-standard","has-post-thumbnail","hentry","category-xeberler","infinite-scroll-item","generate-columns","tablet-grid-50","mobile-grid-100","grid-parent","grid-33","no-featured-image-padding"],"acf":[],"yoast_head":"<!-- This site is optimized with the Yoast SEO plugin v28.4 - https:\/\/yoast.com\/product\/yoast-seo-wordpress\/ -->\n<title>Seymur H\u0259zinin yaz\u0131lar\u0131na qada\u011fa qoyulub - MEYDAN.TV<\/title>\n<meta name=\"robots\" content=\"index, follow, max-snippet:-1, max-image-preview:large, max-video-preview:-1\" \/>\n<link rel=\"canonical\" href=\"https:\/\/www.meydan.tv\/az\/article\/seymur-hezinin-yazilarina-qadaga-qoyulub\/\" \/>\n<meta property=\"og:locale\" content=\"az_AZ\" \/>\n<meta property=\"og:type\" content=\"article\" \/>\n<meta property=\"og:title\" content=\"Seymur H\u0259zinin yaz\u0131lar\u0131na qada\u011fa qoyulub - MEYDAN.TV\" \/>\n<meta property=\"og:description\" content=\"T\u0259cridxana r\u0259isi jurnalistin yaz\u0131lar\u0131n\u0131n t\u0259cridxanadan k\u0259nara \u00e7\u0131xmas\u0131na icaz\u0259 vermir\" \/>\n<meta property=\"og:url\" content=\"https:\/\/www.meydan.tv\/az\/article\/seymur-hezinin-yazilarina-qadaga-qoyulub\/\" \/>\n<meta property=\"og:site_name\" content=\"MEYDAN.TV\" \/>\n<meta property=\"article:published_time\" content=\"2015-05-24T16:33:02+00:00\" \/>\n<meta property=\"og:image\" content=\"https:\/\/www.meydan.tv\/wp-content\/uploads\/9169.jpg\" \/>\n\t<meta property=\"og:image:width\" content=\"440\" \/>\n\t<meta property=\"og:image:height\" content=\"330\" \/>\n\t<meta property=\"og:image:type\" content=\"image\/jpeg\" \/>\n<meta name=\"twitter:card\" content=\"summary_large_image\" \/>\n<!-- \/ Yoast SEO plugin. -->","yoast_head_json":{"title":"Seymur H\u0259zinin yaz\u0131lar\u0131na qada\u011fa qoyulub - MEYDAN.TV","robots":{"index":"index","follow":"follow","max-snippet":"max-snippet:-1","max-image-preview":"max-image-preview:large","max-video-preview":"max-video-preview:-1"},"canonical":"https:\/\/www.meydan.tv\/az\/article\/seymur-hezinin-yazilarina-qadaga-qoyulub\/","og_locale":"az_AZ","og_type":"article","og_title":"Seymur H\u0259zinin yaz\u0131lar\u0131na qada\u011fa qoyulub - MEYDAN.TV","og_description":"T\u0259cridxana r\u0259isi jurnalistin yaz\u0131lar\u0131n\u0131n t\u0259cridxanadan k\u0259nara \u00e7\u0131xmas\u0131na icaz\u0259 vermir","og_url":"https:\/\/www.meydan.tv\/az\/article\/seymur-hezinin-yazilarina-qadaga-qoyulub\/","og_site_name":"MEYDAN.TV","article_published_time":"2015-05-24T16:33:02+00:00","og_image":[{"width":440,"height":330,"url":"https:\/\/www.meydan.tv\/wp-content\/uploads\/9169.jpg","type":"image\/jpeg"}],"twitter_card":"summary_large_image","schema":{"@context":"https:\/\/schema.org","@graph":[{"@type":"Article","@id":"https:\/\/www.meydan.tv\/az\/article\/seymur-hezinin-yazilarina-qadaga-qoyulub\/#article","isPartOf":{"@id":"https:\/\/www.meydan.tv\/az\/article\/seymur-hezinin-yazilarina-qadaga-qoyulub\/"},"author":{"name":"user-manager","@id":"https:\/\/www.meydan.tv\/az\/#\/schema\/person\/10d11eccf6da3662cf5fdab9806ea91a"},"headline":"Seymur H\u0259zinin yaz\u0131lar\u0131na qada\u011fa qoyulub","datePublished":"2015-05-24T16:33:02+00:00","mainEntityOfPage":{"@id":"https:\/\/www.meydan.tv\/az\/article\/seymur-hezinin-yazilarina-qadaga-qoyulub\/"},"wordCount":176,"publisher":{"@id":"https:\/\/www.meydan.tv\/az\/#organization"},"image":{"@id":"https:\/\/www.meydan.tv\/az\/article\/seymur-hezinin-yazilarina-qadaga-qoyulub\/#primaryimage"},"thumbnailUrl":"https:\/\/www.meydan.tv\/wp-content\/uploads\/9169.jpg","articleSection":["X\u0259b\u0259rl\u0259r"],"inLanguage":"az"},{"@type":"WebPage","@id":"https:\/\/www.meydan.tv\/az\/article\/seymur-hezinin-yazilarina-qadaga-qoyulub\/","url":"https:\/\/www.meydan.tv\/az\/article\/seymur-hezinin-yazilarina-qadaga-qoyulub\/","name":"Seymur H\u0259zinin yaz\u0131lar\u0131na qada\u011fa qoyulub - MEYDAN.TV","isPartOf":{"@id":"https:\/\/www.meydan.tv\/az\/#website"},"primaryImageOfPage":{"@id":"https:\/\/www.meydan.tv\/az\/article\/seymur-hezinin-yazilarina-qadaga-qoyulub\/#primaryimage"},"image":{"@id":"https:\/\/www.meydan.tv\/az\/article\/seymur-hezinin-yazilarina-qadaga-qoyulub\/#primaryimage"},"thumbnailUrl":"https:\/\/www.meydan.tv\/wp-content\/uploads\/9169.jpg","datePublished":"2015-05-24T16:33:02+00:00","breadcrumb":{"@id":"https:\/\/www.meydan.tv\/az\/article\/seymur-hezinin-yazilarina-qadaga-qoyulub\/#breadcrumb"},"inLanguage":"az","potentialAction":[{"@type":"ReadAction","target":["https:\/\/www.meydan.tv\/az\/article\/seymur-hezinin-yazilarina-qadaga-qoyulub\/"]}]},{"@type":"ImageObject","inLanguage":"az","@id":"https:\/\/www.meydan.tv\/az\/article\/seymur-hezinin-yazilarina-qadaga-qoyulub\/#primaryimage","url":"https:\/\/www.meydan.tv\/wp-content\/uploads\/9169.jpg","contentUrl":"https:\/\/www.meydan.tv\/wp-content\/uploads\/9169.jpg","width":440,"height":330,"caption":"Source:"},{"@type":"BreadcrumbList","@id":"https:\/\/www.meydan.tv\/az\/article\/seymur-hezinin-yazilarina-qadaga-qoyulub\/#breadcrumb","itemListElement":[{"@type":"ListItem","position":1,"name":"Ana s\u0259hif\u0259","item":"https:\/\/www.meydan.tv\/az\/"},{"@type":"ListItem","position":2,"name":"X\u0259b\u0259rl\u0259r","item":"https:\/\/www.meydan.tv\/az\/section\/xeberler\/"},{"@type":"ListItem","position":3,"name":"Seymur H\u0259zinin yaz\u0131lar\u0131na qada\u011fa qoyulub"}]},{"@type":"WebSite","@id":"https:\/\/www.meydan.tv\/az\/#website","url":"https:\/\/www.meydan.tv\/az\/","name":"MEYDAN.TV","description":"Meydan TV Az\u0259rbaycan\u0131n media m\u0259kan\u0131ndak\u0131 alternativ s\u0259sidir","publisher":{"@id":"https:\/\/www.meydan.tv\/az\/#organization"},"potentialAction":[{"@type":"SearchAction","target":{"@type":"EntryPoint","urlTemplate":"https:\/\/www.meydan.tv\/az\/?s={search_term_string}"},"query-input":{"@type":"PropertyValueSpecification","valueRequired":true,"valueName":"search_term_string"}}],"inLanguage":"az"},{"@type":"Organization","@id":"https:\/\/www.meydan.tv\/az\/#organization","name":"Meydan TV","url":"https:\/\/www.meydan.tv\/az\/","logo":{"@type":"ImageObject","inLanguage":"az","@id":"https:\/\/www.meydan.tv\/az\/#\/schema\/logo\/image\/","url":"https:\/\/www.meydan.tv\/wp-content\/uploads\/2021\/07\/meydan-logo.svg","contentUrl":"https:\/\/www.meydan.tv\/wp-content\/uploads\/2021\/07\/meydan-logo.svg","width":195,"height":46,"caption":"Meydan TV"},"image":{"@id":"https:\/\/www.meydan.tv\/az\/#\/schema\/logo\/image\/"}},{"@type":"Person","@id":"https:\/\/www.meydan.tv\/az\/#\/schema\/person\/10d11eccf6da3662cf5fdab9806ea91a","name":"user-manager"}]}},"_links":{"self":[{"href":"https:\/\/www.meydan.tv\/az\/wp-json\/wp\/v2\/posts\/168051","targetHints":{"allow":["GET"]}}],"collection":[{"href":"https:\/\/www.meydan.tv\/az\/wp-json\/wp\/v2\/posts"}],"about":[{"href":"https:\/\/www.meydan.tv\/az\/wp-json\/wp\/v2\/types\/post"}],"author":[{"embeddable":true,"href":"https:\/\/www.meydan.tv\/az\/wp-json\/wp\/v2\/users\/11"}],"replies":[{"embeddable":true,"href":"https:\/\/www.meydan.tv\/az\/wp-json\/wp\/v2\/comments?post=168051"}],"version-history":[{"count":0,"href":"https:\/\/www.meydan.tv\/az\/wp-json\/wp\/v2\/posts\/168051\/revisions"}],"wp:featuredmedia":[{"embeddable":true,"href":"https:\/\/www.meydan.tv\/az\/wp-json\/wp\/v2\/media\/25099"}],"wp:attachment":[{"href":"https:\/\/www.meydan.tv\/az\/wp-json\/wp\/v2\/media?parent=168051"}],"wp:term":[{"taxonomy":"category","embeddable":true,"href":"https:\/\/www.meydan.tv\/az\/wp-json\/wp\/v2\/categories?post=168051"},{"taxonomy":"post_tag","embeddable":true,"href":"https:\/\/www.meydan.tv\/az\/wp-json\/wp\/v2\/tags?post=168051"}],"curies":[{"name":"wp","href":"https:\/\/api.w.org\/{rel}","templated":true}]}}