{"id":168049,"date":"2015-05-24T12:03:30","date_gmt":"2015-05-24T12:03:30","guid":{"rendered":"https:\/\/www.meydan.tv\/article\/bakinin-riqa-yanlisi\/"},"modified":"2015-05-24T12:03:30","modified_gmt":"2015-05-24T12:03:30","slug":"bakinin-riqa-yanlisi","status":"publish","type":"post","link":"https:\/\/www.meydan.tv\/az\/article\/bakinin-riqa-yanlisi\/","title":{"rendered":"Bak\u0131n\u0131n \u201cRiqa yanl\u0131\u015f\u0131\u201d"},"content":{"rendered":"<figure class=\"wp-block-image size-large\">\n  <img decoding=\"async\" src=\"https:\/\/www.meydan.tv\/az\/25075\/\" alt=\"\" class=\"wp-image-25075\"\/><figcaption><\/figcaption><\/figure>\n<figure class=\"wp-block-image size-large\">\n  <img decoding=\"async\" src=\"https:\/\/www.meydan.tv\/az\/25078\/\" alt=\"\" class=\"wp-image-25078\"\/><figcaption><\/figcaption><\/figure>\n<p><div>\n    <i><br \/>\n      v\u0259 \u00a0yaxud Br\u00fcssel\u0259 Moskvadan ke\u00e7\u0259n yolun sonu<br \/>\n    <\/i>\n  <\/div>\n<\/p>\n<p><div><\/div>\n<\/p>\n<p><div>\n    Az\u0259rbayan prezidenti \u00a0\u0130lham \u018fliyev Avropa \u0130ttifaq\u0131n\u0131n \u201c\u015e\u0259rq t\u0259r\u0259fda\u015fl\u0131\u011f\u0131\u201dn\u0131n Riqa sammitind\u0259 i\u015ftirak etm\u0259di. D\u00fcnyan\u0131n n\u0259z\u0259ri \u00a0\u0130lham \u018fliyevin ataca\u011f\u0131 add\u0131mda idi. Lakin prezident Riqaya getm\u0259di v\u0259 d\u00f6vl\u0259t ba\u015f\u00e7\u0131s\u0131n\u0131n bu add\u0131m\u0131 Avropa \u0130ttifaq\u0131n\u0131n konkret m\u00f6vqe s\u0259rgil\u0259m\u0259si il\u0259 ba\u015fa \u00e7atd\u0131.\n  <\/div>\n<\/p>\n<p><div><\/div>\n<\/p>\n<p><div>\n    M\u0259lum oldu\u011fu kimi, \u201c\u015e\u0259rq t\u0259r\u0259fda\u015fl\u0131\u011f\u0131\u201d Avropa Birliyinin Az\u0259rbaycan, Erm\u0259nistan, G\u00fcrc\u00fcstan, Belarus, Ukrayna v\u0259 Moldovan\u0131n Rusiyan\u0131n t\u0259sir dair\u0259sind\u0259n qurtar\u0131lmas\u0131 istiqam\u0259tind\u0259 \u0259n \u00f6n\u0259mli proqramlardan hesab edilirdi.\n  <\/div>\n<\/p>\n<p><div><\/div>\n<\/p>\n<p><div>\n    Proqram\u0131n \u0259sasi 2009-cu ild\u0259 Praqada qoyulub. Bak\u0131 \u00fc\u00e7\u00fcn bu layih\u0259 h\u0259mi\u015f\u0259 \u0259h\u0259miyy\u0259tli olub. \u00a0Rusiyan\u0131n ekspansiya siyas\u0259tind\u0259n qorunmaq \u00fc\u00e7\u00fcn Az\u0259rbaycan \u201c\u015e\u0259rq t\u0259r\u0259fda\u015fl\u0131\u011f\u0131\u201dndan b\u0259hr\u0259l\u0259nm\u0259yi d\u00fc\u015f\u00fcn\u00fcrd\u00fc v\u0259 xeyli m\u00fcdd\u0259t \u0259rzind\u0259 bu taktikadan u\u011furla yararlana bilmi\u015fdi d\u0259. Lakin bu m\u0259s\u0259l\u0259d\u0259 d\u0259 Az\u0259rbaycan diplomatiyas\u0131 qeyri-ard\u0131c\u0131ll\u0131\u011f\u0131 il\u0259 f\u0259rql\u0259ndi.\n  <\/div>\n<\/p>\n<p><div><\/div>\n<\/p>\n<p><div>\n    Bir aya\u011f\u0131 \u201c\u015e\u0259rq t\u0259r\u0259fda\u015fl\u0131\u011f\u0131\u201dnda olan r\u0259smi Bak\u0131n\u0131n dig\u0259r aya\u011f\u0131 Moskvada oldu. Avropa \u0130ttifaq\u0131nda Bak\u0131n\u0131n \u015f\u0131ltaql\u0131\u011f\u0131na d\u00f6zm\u0259kd\u0259n yorulublar. Bu s\u0259bats\u0131z diplomatiyan\u0131n \u0259vv\u0259l-ax\u0131r sonu olmal\u0131 idi.\n  <\/div>\n<\/p>\n<p><div><\/div>\n<\/p>\n<p><div>\n    Riqa sammitind\u0259n d\u0259rhal sonra veril\u0259n bir s\u0131ra b\u0259yanatlarda v\u0259 toplant\u0131n\u0131n yekun s\u0259n\u0259dind\u0259 qeyd edil\u0259n m\u00fcdd\u0259alarda Bak\u0131ya qar\u015f\u0131 s\u0259rt m\u00f6vqe s\u0259rgil\u0259ndi.\n  <\/div>\n<\/p>\n<p><div><\/div>\n<\/p>\n<p><div>\n    Avropa Parlamentinin s\u0259dri Martin \u015eults b\u0259yan etdi ki, Avropa \u0130ttifaq\u0131nda \u201c\u015e\u0259rq T\u0259r\u0259fda\u015fl\u0131\u011f\u0131\u201d proqram\u0131n\u0131n g\u0259l\u0259c\u0259k taleyi haqq\u0131nda vahid fikir yoxdur: \u201cRusiyaya m\u00fcnasib\u0259td\u0259 biz vahid m\u00f6vqe tuturuq, amma bizim \u201c\u015e\u0259rq T\u0259r\u0259fda\u015fl\u0131\u011f\u0131\u201dna vahid yana\u015fmam\u0131z yoxdur.\n  <\/div>\n<\/p>\n<p><div>\n    Az\u0259rbaycan v\u0259 Belarusun \u201c\u015e\u0259rq T\u0259r\u0259fda\u015fl\u0131\u011f\u0131\u201dnda i\u015ftirak\u0131 proqram\u0131 m\u0259hdudla\u015fd\u0131r\u0131r, bel\u0259 ki, bu \u00f6lk\u0259l\u0259rin daxili qurulu\u015fu Avropa d\u0259y\u0259rl\u0259rin\u0259 ziddir. Bu m\u0259nada haz\u0131rki sammit aral\u0131q add\u0131m ola bil\u0259r. \u201c\u015e\u0259rq T\u0259r\u0259fda\u015fl\u0131\u011f\u0131\u201d daxili qurulu\u015flar\u0131 A\u0130 v\u0259 bizim t\u0259m\u0259l d\u0259y\u0259rl\u0259rimizl\u0259 bir araya s\u0131\u011fmayan Az\u0259rbaycan v\u0259 Belarus kimi \u00f6lk\u0259l\u0259rl\u0259 ba\u011fl\u0131 sammiti \u00e7\u0259tinl\u0259\u015fdirir\u201d.\n  <\/div>\n<\/p>\n<p><div><\/div>\n<\/p>\n<p><div>\n    M. \u015eultsun bu a\u00e7\u0131qlam\u0131s\u0131n\u0131 Bak\u0131ya vurulan sill\u0259 kimi d\u0259 d\u0259y\u0259rl\u0259ndirm\u0259k m\u00fcmk\u00fcnd\u00fcr. \u00a0Bu, el\u0259 bel\u0259 d\u0259 olmal\u0131 idi. Bak\u0131 son ill\u0259r apard\u0131\u011f\u0131 s\u00fcr\u00fc\u015fk\u0259n diplomatiya il\u0259 bel\u0259 n\u0259tic\u0259y\u0259 nail olmal\u0131 idi v\u0259 oldu da.\n  <\/div>\n<\/p>\n<p><div><\/div>\n<\/p>\n<div>\n<div>\n      Bel\u0259likl\u0259, Bak\u0131n\u0131n bu q\u0259d\u0259r q\u00fcrr\u0259l\u0259ndiyi \u201cbalasla\u015fd\u0131r\u0131lm\u0131\u015f siyas\u0259tin\u201d sonu g\u0259lm\u0259k \u00fczr\u0259dir. Riqada Avropa \u0130ttifaq\u0131 v\u0259 Bak\u0131 aras\u0131nda \u0259m\u0259kda\u015fl\u0131\u011f\u0131n dayand\u0131r\u0131la bil\u0259c\u0259yi fikri a\u00e7\u0131q \u015f\u0259kild\u0259 ortaya qoyuldu. Ac\u0131nacaql\u0131 hald\u0131r. Lakin Bak\u0131 ona ayr\u0131lan etimad limitind\u0259n istifad\u0259 ed\u0259 bilm\u0259di.\n    <\/div>\n<div><\/div>\n<div>\n      Riqa sammitin\u0259 qat\u0131lmayan Az\u0259rbaycan AB\u015e v\u0259 Avropan\u0131n timsal\u0131nda ciddi r\u0259qibl\u0259r qazand\u0131. Onsuz da Az\u0259rbaycan\u0131n Q\u0259rbl\u0259 m\u00fcnasib\u0259tl\u0259rind\u0259 ciddi b\u00f6hran ya\u015fan\u0131rd\u0131. T\u0259sad\u00fcf\u00fc deyil ki, AB\u015e d\u00f6vl\u0259t katibinin insan h\u00fcquqlar\u0131 \u00fczr\u0259 k\u00f6m\u0259k\u00e7isi Tom Malinovskinin v\u0259t\u0259nda\u015f c\u0259miyy\u0259ti v\u0259 q\u0259rb institutlar\u0131na t\u0259zyiql\u0259rinin m\u00fczakir\u0259 olunaca\u011f\u0131 Bak\u0131 s\u0259f\u0259ri d\u0259 l\u0259\u011fv edilib. Bu, o anlama g\u0259l\u0259 bil\u0259r ki, art\u0131q Va\u015finqton Bak\u0131 il\u0259 insan haqlar\u0131 bar\u0259d\u0259 dan\u0131\u015fma\u011f\u0131 m\u0259nas\u0131z say\u0131r. M\u0259s\u0259l\u0259 ondad\u0131r ki, son 20 ild\u0259 Bak\u0131 daima Q\u0259rbi co\u011frafi m\u00f6vqeyi il\u0259 \u015fantaj edirdi. Lakin art\u0131q \u00f6t\u0259n \u0259srin 90-c\u0131 ill\u0259ri deyil v\u0259 Az\u0259rbaycan da Q\u0259rb \u00fc\u00e7\u00fcn daha \u0259vv\u0259lki \u00f6n\u0259m\u0259 malik deyil.\n    <\/div>\n<div><\/div>\n<div>\n      Q\u0259rbin t\u0259zyiql\u0259rinin artd\u0131\u011f\u0131 zamanlarda Bak\u0131 Rusiyaya do\u011fru reverans ed\u0259c\u0259yini n\u00fcmayi\u015f etdirirdi. Bel\u0259 davran\u0131\u015f strateji d\u00fc\u015f\u00fcnc\u0259nin yoxlu\u011fundan ir\u0259li g\u0259lirdi. N\u0259hay\u0259t ki, Bak\u0131n\u0131n kaprizl\u0259rind\u0259n bezdil\u0259r v\u0259 ona strateji bax\u0131mdan \u00f6n\u0259msiz oldu\u011funu anladaraq, \u201cdiplomatiya se\u00e7imind\u0259 s\u0259rb\u0259st oldu\u011funu\u201d ba\u015fa sald\u0131lar.\n    <\/div>\n<div><\/div>\n<div>\n      Veril\u0259n mesaj\u0131 t\u0259xmin\u0259n bel\u0259 formul\u0259 etm\u0259k olar- Rusiya il\u0259 \u0259m\u0259kda\u015fl\u0131q etm\u0259k ist\u0259y\u0259n Az\u0259rbaycan\u0131n yolu a\u00e7\u0131qd\u0131r.\n    <\/div>\n<div><\/div>\n<div>\n      Lakin bir detal\u0131 da n\u0259z\u0259rd\u0259n qa\u00e7\u0131rmaq olmaz. Q\u0259rb bel\u0259 nadincliyi ba\u011f\u0131\u015flam\u0131r. Odur ki, proqnozla\u015fd\u0131rmaq olar ki, art\u0131q Q\u0259rb Az\u0259rbaycana qar\u015f\u0131 \u201cyum\u015faq g\u00fcc\u201d t\u0259tbiq etm\u0259k fikrind\u0259 deyil. T\u0259zyiql\u0259r arta v\u0259 daha ciddi forma ala bil\u0259r. Daha bir vacib m\u0259qam ondan ibar\u0259tdir ki, indiy\u0259n\u0259 q\u0259d\u0259r Va\u015finqton Bak\u0131 il\u0259 m\u00fcnasib\u0259tl\u0259rind\u0259 enerji da\u015f\u0131y\u0131c\u0131lar\u0131n\u0131 \u0259sas g\u00f6t\u00fcr\u00fcrd\u00fc, demokratiya t\u0259l\u0259bi is\u0259 arxa plana ke\u00e7irdi. Art\u0131q AB\u015e \u0130ranla yax\u0131nla\u015fa bil\u0259c\u0259yini n\u00fcmayi\u015f etdirir.\n    <\/div>\n<\/p><\/div>\n<\/p>\n<p><div><\/div>\n<\/p>\n<div>\n<div>\n      \u018fn az\u0131ndan Tehran\u0131n enerji da\u015f\u0131y\u0131c\u0131lar\u0131n\u0131n sat\u0131\u015f\u0131na qoyulan sanksiyalar\u0131n yax\u0131n g\u0259l\u0259c\u0259kd\u0259 g\u00f6t\u00fcr\u00fcl\u0259c\u0259yi g\u00f6zl\u0259nilir. \u0130ran\u0131n d\u00fcnya bazar\u0131na \u00e7\u0131x\u0131\u015f\u0131 onsuz da h\u0259cm bax\u0131m\u0131ndan al\u0131c\u0131lar \u00fc\u00e7\u00fcn o q\u0259d\u0259r d\u0259 c\u0259lbedici g\u00f6r\u00fcnm\u0259y\u0259n Az\u0259rbaycan neft v\u0259 qaz\u0131n\u0131n bazar\u0131n\u0131 daha da darald\u0131r. \u0130stisna deyil ki, \u0130ran nefti v\u0259 qaz\u0131 T\u00fcrkiy\u0259 vasit\u0259sil\u0259 Avropaya n\u0259ql edil\u0259 bil\u0259r. \u00a0H\u0259tta T\u00fcrkm\u0259nistan qaz\u0131 da bu mar\u015frutla n\u0259ql oluna bilm\u0259k ehtimal\u0131na malikdir.\n    <\/div>\n<div><\/div>\n<div>\n      Bu mar\u015frut Az\u0259rbaycandan yan ke\u00e7\u0259rs\u0259, Bak\u0131n\u0131n v\u0259ziyy\u0259ti o q\u0259d\u0259r d\u0259 \u00fcr\u0259ka\u00e7an olmayacaq.\n    <\/div>\n<div><\/div>\n<div>\n      Art\u0131q AB\u015e-\u0131n soyuq sintez \u00fcsulu il\u0259 yeni enerji istehsal\u0131na ba\u015flamas\u0131ndan da s\u00f6hb\u0259tl\u0259r realla\u015fmaq \u00fczr\u0259dir. \u0130qtisadi pradiqmalar\u0131n d\u0259yi\u015fm\u0259si yeni eran\u0131n ba\u015flanmas\u0131ndan x\u0259b\u0259r verir, art\u0131q neft v\u0259 qaz d\u00f6vr\u00fc bitir. \u00a0\u00d6z \u0259h\u0259miyy\u0259tini itir\u0259n bu faktor gesiyasi hesabla\u015fmalarda daha ciddi arqument kimi n\u0259z\u0259r\u0259 al\u0131nmaya bil\u0259r v\u0259 regional enerji t\u0259hcizat\u00e7\u0131lar\u0131 oyundan k\u0259nar v\u0259ziyy\u0259t\u0259 d\u00fc\u015f\u0259c\u0259kl\u0259r.\n    <\/div>\n<div><\/div>\n<div>\n      Dig\u0259r t\u0259r\u0259fd\u0259n, AB\u015e-\u0131n \u018ffqan\u0131standa h\u0259rbi rolu z\u0259ifl\u0259dikc\u0259, Az\u0259rbaycan\u0131n tranzit \u00f6lk\u0259 kimi strateji \u0259h\u0259miyy\u0259ti v\u0259 geosiyasi \u00f6n\u0259mi d\u0259 azal\u0131r.\n    <\/div>\n<div><\/div>\n<div>\n      Eyni zamanda, enerji maraqlar\u0131 azald\u0131qca, demokratiya t\u0259l\u0259bl\u0259ri d\u0259 \u00f6n plana ke\u00e7ir. Maraql\u0131d\u0131r ki, \u201c\u015e\u0259rq t\u0259r\u0259fda\u015fl\u0131\u011f\u0131\u201dn\u0131n yekun s\u0259n\u0259dind\u0259 bildirilir ki, Belorusda 4, Erm\u0259nistanda 7 siyasi m\u0259hbus var. Az\u0259rbaycan is\u0259 siyasi m\u0259hbuslar\u0131n say\u0131na g\u00f6r\u0259 lider elan edilir. Bu da Bak\u0131ya vurulan n\u00f6vb\u0259ti sill\u0259 oldu.\n    <\/div>\n<div><\/div>\n<div>\n      Bir m\u0259qama da diqq\u0259t ed\u0259k. Riqa sammitinin yekun b\u0259yannam\u0259sind\u0259 Ukrayna v\u0259 G\u00fcrc\u00fcstan\u0131n \u0259razi b\u00fct\u00f6vl\u00fcy\u00fc tan\u0131nd\u0131. Qaraba\u011fla ba\u011fl\u0131 m\u0259s\u0259l\u0259 is\u0259 s\u0259n\u0259dd\u0259 \u00f6z \u0259ksini tapmad\u0131. BMT T\u015e \u2013nin Qaraba\u011fla ba\u011fl\u0131 4 m\u0259lum q\u0259tnam\u0259sini d\u0259 yada salan olmad\u0131. K\u0259nardan g\u00f6r\u00fcn\u0259n budur ki, Q\u0259rb Az\u0259rbaycandan \u0259lini \u00fcz\u00fcr. Bak\u0131 faktiki olaraq Rusiya il\u0259 \u00fczb\u0259\u00fcz qoyulur. Az\u0259rbaycan hakimiyy\u0259ti \u00fc\u00e7\u00fcn \u0259n pis variant da el\u0259 budur. Bel\u0259 ki, Bak\u0131 Kreml il\u0259 meydanda t\u0259k, Q\u0259rbin k\u00f6m\u0259yi olmadan qalma\u011fa haz\u0131r deyil. Bel\u0259 gedi\u015fat Az\u0259rbaycan hakimiyy\u0259tinin \u201cev tap\u015f\u0131r\u0131\u011f\u0131nda\u201d yol verdiyi ciddi n\u00f6qsanlara g\u00f6r\u0259 ba\u015f verir. Faktlara diqq\u0259t yetir\u0259k; Tom Malinovski Bak\u0131ya s\u0259f\u0259rini t\u0259xir\u0259 sal\u0131r. Bir q\u0259d\u0259r \u0259vv\u0259l is\u0259 Rusiya T\u0259hl\u00fck\u0259sizlik \u015euras\u0131n\u0131n katibi, ordu general\u0131 Nikolay Patru\u015fev Az\u0259rbaycana s\u0259f\u0259r edib. N. Patru\u015fevin s\u0259f\u0259ri zaman\u0131 \u0259sas m\u00fczakir\u0259 predmetl\u0259rind\u0259n biri Avropa Oyunlar\u0131n\u0131n ke\u00e7irilm\u0259si v\u0259 Qaraba\u011fda at\u0259\u015fk\u0259sin pozulmas\u0131 hallar\u0131n\u0131n m\u00fczakir\u0259 edildiyi bildirilir. Sanki\n    <\/div>\n<div>\n      Rusiya beyn\u0259lxalq idman yar\u0131\u015fmas\u0131n\u0131n t\u0259hl\u00fck\u0259sizliyinin v\u0259 Qaraba\u011fda at\u0259\u015fk\u0259sin pozulmas\u0131n\u0131n Kremlin \u0259lind\u0259 oldu\u011funu n\u00fcmayi\u015f etdirm\u0259kl\u0259, Bak\u0131n\u0131 \u015fantaj edir. Rusiya yar\u0131 yolda dayanmaq fikrind\u0259 deyil. Tezlikl\u0259 RF prezidenti Vladimir Putinin Bak\u0131ya s\u0259f\u0259ri n\u0259z\u0259rd\u0259 tutulub. Qar\u015f\u0131dan is\u0259 parlament se\u00e7kil\u0259ri g\u0259lir. Kremlin sahibi indid\u0259n z\u0259man\u0259t almaq ist\u0259yir.\n    <\/div>\n<div><\/div>\n<div>\n      \u018fks t\u0259qdird\u0259, Az\u0259rbaycan\u0131n t\u0259hl\u00fck\u0259sizlik m\u0259s\u0259l\u0259si bir daha, amma art\u0131q bir q\u0259d\u0259r d\u0259 ciddi formada g\u00fcnd\u0259m\u0259 g\u0259l\u0259 bil\u0259r&#8230;\n    <\/div>\n<div><\/div>\n<\/p><\/div><\/p>\n","protected":false},"excerpt":{"rendered":"<p>v\u0259  yaxud Br\u00fcssel\u0259 Moskvadan ke\u00e7\u0259n yolun sonu<\/p>\n","protected":false},"author":11,"featured_media":25075,"comment_status":"closed","ping_status":"open","sticky":false,"template":"","format":"standard","meta":{"_acf_changed":false,"_sitemap_exclude":false,"_sitemap_priority":"","_sitemap_frequency":"","footnotes":""},"categories":[56],"tags":[],"class_list":["post-168049","post","type-post","status-publish","format-standard","has-post-thumbnail","hentry","category-xeberler","infinite-scroll-item","generate-columns","tablet-grid-50","mobile-grid-100","grid-parent","grid-33","no-featured-image-padding"],"acf":[],"yoast_head":"<!-- This site is optimized with the Yoast SEO plugin v28.4 - https:\/\/yoast.com\/product\/yoast-seo-wordpress\/ -->\n<title>Bak\u0131n\u0131n \u201cRiqa yanl\u0131\u015f\u0131\u201d - MEYDAN.TV<\/title>\n<meta name=\"robots\" content=\"index, follow, max-snippet:-1, max-image-preview:large, max-video-preview:-1\" \/>\n<link rel=\"canonical\" href=\"https:\/\/www.meydan.tv\/az\/article\/bakinin-riqa-yanlisi\/\" \/>\n<meta property=\"og:locale\" content=\"az_AZ\" \/>\n<meta property=\"og:type\" content=\"article\" \/>\n<meta property=\"og:title\" content=\"Bak\u0131n\u0131n \u201cRiqa yanl\u0131\u015f\u0131\u201d - MEYDAN.TV\" \/>\n<meta property=\"og:description\" content=\"v\u0259 yaxud Br\u00fcssel\u0259 Moskvadan ke\u00e7\u0259n yolun sonu\" \/>\n<meta property=\"og:url\" content=\"https:\/\/www.meydan.tv\/az\/article\/bakinin-riqa-yanlisi\/\" \/>\n<meta property=\"og:site_name\" content=\"MEYDAN.TV\" \/>\n<meta property=\"article:published_time\" content=\"2015-05-24T12:03:30+00:00\" \/>\n<meta property=\"og:image\" content=\"https:\/\/www.meydan.tv\/wp-content\/uploads\/9162.jpg\" \/>\n\t<meta property=\"og:image:width\" content=\"500\" \/>\n\t<meta property=\"og:image:height\" content=\"304\" \/>\n\t<meta property=\"og:image:type\" content=\"image\/jpeg\" \/>\n<meta name=\"twitter:card\" content=\"summary_large_image\" \/>\n<!-- \/ Yoast SEO plugin. -->","yoast_head_json":{"title":"Bak\u0131n\u0131n \u201cRiqa yanl\u0131\u015f\u0131\u201d - MEYDAN.TV","robots":{"index":"index","follow":"follow","max-snippet":"max-snippet:-1","max-image-preview":"max-image-preview:large","max-video-preview":"max-video-preview:-1"},"canonical":"https:\/\/www.meydan.tv\/az\/article\/bakinin-riqa-yanlisi\/","og_locale":"az_AZ","og_type":"article","og_title":"Bak\u0131n\u0131n \u201cRiqa yanl\u0131\u015f\u0131\u201d - MEYDAN.TV","og_description":"v\u0259 yaxud Br\u00fcssel\u0259 Moskvadan ke\u00e7\u0259n yolun sonu","og_url":"https:\/\/www.meydan.tv\/az\/article\/bakinin-riqa-yanlisi\/","og_site_name":"MEYDAN.TV","article_published_time":"2015-05-24T12:03:30+00:00","og_image":[{"width":500,"height":304,"url":"https:\/\/www.meydan.tv\/wp-content\/uploads\/9162.jpg","type":"image\/jpeg"}],"twitter_card":"summary_large_image","schema":{"@context":"https:\/\/schema.org","@graph":[{"@type":"Article","@id":"https:\/\/www.meydan.tv\/az\/article\/bakinin-riqa-yanlisi\/#article","isPartOf":{"@id":"https:\/\/www.meydan.tv\/az\/article\/bakinin-riqa-yanlisi\/"},"author":{"name":"user-manager","@id":"https:\/\/www.meydan.tv\/az\/#\/schema\/person\/10d11eccf6da3662cf5fdab9806ea91a"},"headline":"Bak\u0131n\u0131n \u201cRiqa yanl\u0131\u015f\u0131\u201d","datePublished":"2015-05-24T12:03:30+00:00","mainEntityOfPage":{"@id":"https:\/\/www.meydan.tv\/az\/article\/bakinin-riqa-yanlisi\/"},"wordCount":1501,"publisher":{"@id":"https:\/\/www.meydan.tv\/az\/#organization"},"image":{"@id":"https:\/\/www.meydan.tv\/az\/article\/bakinin-riqa-yanlisi\/#primaryimage"},"thumbnailUrl":"https:\/\/www.meydan.tv\/wp-content\/uploads\/9162.jpg","articleSection":["X\u0259b\u0259rl\u0259r"],"inLanguage":"az"},{"@type":"WebPage","@id":"https:\/\/www.meydan.tv\/az\/article\/bakinin-riqa-yanlisi\/","url":"https:\/\/www.meydan.tv\/az\/article\/bakinin-riqa-yanlisi\/","name":"Bak\u0131n\u0131n \u201cRiqa yanl\u0131\u015f\u0131\u201d - MEYDAN.TV","isPartOf":{"@id":"https:\/\/www.meydan.tv\/az\/#website"},"primaryImageOfPage":{"@id":"https:\/\/www.meydan.tv\/az\/article\/bakinin-riqa-yanlisi\/#primaryimage"},"image":{"@id":"https:\/\/www.meydan.tv\/az\/article\/bakinin-riqa-yanlisi\/#primaryimage"},"thumbnailUrl":"https:\/\/www.meydan.tv\/wp-content\/uploads\/9162.jpg","datePublished":"2015-05-24T12:03:30+00:00","breadcrumb":{"@id":"https:\/\/www.meydan.tv\/az\/article\/bakinin-riqa-yanlisi\/#breadcrumb"},"inLanguage":"az","potentialAction":[{"@type":"ReadAction","target":["https:\/\/www.meydan.tv\/az\/article\/bakinin-riqa-yanlisi\/"]}]},{"@type":"ImageObject","inLanguage":"az","@id":"https:\/\/www.meydan.tv\/az\/article\/bakinin-riqa-yanlisi\/#primaryimage","url":"https:\/\/www.meydan.tv\/wp-content\/uploads\/9162.jpg","contentUrl":"https:\/\/www.meydan.tv\/wp-content\/uploads\/9162.jpg","width":500,"height":304,"caption":"Source:"},{"@type":"BreadcrumbList","@id":"https:\/\/www.meydan.tv\/az\/article\/bakinin-riqa-yanlisi\/#breadcrumb","itemListElement":[{"@type":"ListItem","position":1,"name":"Ana s\u0259hif\u0259","item":"https:\/\/www.meydan.tv\/az\/"},{"@type":"ListItem","position":2,"name":"X\u0259b\u0259rl\u0259r","item":"https:\/\/www.meydan.tv\/az\/section\/xeberler\/"},{"@type":"ListItem","position":3,"name":"Bak\u0131n\u0131n \u201cRiqa yanl\u0131\u015f\u0131\u201d"}]},{"@type":"WebSite","@id":"https:\/\/www.meydan.tv\/az\/#website","url":"https:\/\/www.meydan.tv\/az\/","name":"MEYDAN.TV","description":"Meydan TV Az\u0259rbaycan\u0131n media m\u0259kan\u0131ndak\u0131 alternativ s\u0259sidir","publisher":{"@id":"https:\/\/www.meydan.tv\/az\/#organization"},"potentialAction":[{"@type":"SearchAction","target":{"@type":"EntryPoint","urlTemplate":"https:\/\/www.meydan.tv\/az\/?s={search_term_string}"},"query-input":{"@type":"PropertyValueSpecification","valueRequired":true,"valueName":"search_term_string"}}],"inLanguage":"az"},{"@type":"Organization","@id":"https:\/\/www.meydan.tv\/az\/#organization","name":"Meydan TV","url":"https:\/\/www.meydan.tv\/az\/","logo":{"@type":"ImageObject","inLanguage":"az","@id":"https:\/\/www.meydan.tv\/az\/#\/schema\/logo\/image\/","url":"https:\/\/www.meydan.tv\/wp-content\/uploads\/2021\/07\/meydan-logo.svg","contentUrl":"https:\/\/www.meydan.tv\/wp-content\/uploads\/2021\/07\/meydan-logo.svg","width":195,"height":46,"caption":"Meydan TV"},"image":{"@id":"https:\/\/www.meydan.tv\/az\/#\/schema\/logo\/image\/"}},{"@type":"Person","@id":"https:\/\/www.meydan.tv\/az\/#\/schema\/person\/10d11eccf6da3662cf5fdab9806ea91a","name":"user-manager"}]}},"_links":{"self":[{"href":"https:\/\/www.meydan.tv\/az\/wp-json\/wp\/v2\/posts\/168049","targetHints":{"allow":["GET"]}}],"collection":[{"href":"https:\/\/www.meydan.tv\/az\/wp-json\/wp\/v2\/posts"}],"about":[{"href":"https:\/\/www.meydan.tv\/az\/wp-json\/wp\/v2\/types\/post"}],"author":[{"embeddable":true,"href":"https:\/\/www.meydan.tv\/az\/wp-json\/wp\/v2\/users\/11"}],"replies":[{"embeddable":true,"href":"https:\/\/www.meydan.tv\/az\/wp-json\/wp\/v2\/comments?post=168049"}],"version-history":[{"count":0,"href":"https:\/\/www.meydan.tv\/az\/wp-json\/wp\/v2\/posts\/168049\/revisions"}],"wp:featuredmedia":[{"embeddable":true,"href":"https:\/\/www.meydan.tv\/az\/wp-json\/wp\/v2\/media\/25075"}],"wp:attachment":[{"href":"https:\/\/www.meydan.tv\/az\/wp-json\/wp\/v2\/media?parent=168049"}],"wp:term":[{"taxonomy":"category","embeddable":true,"href":"https:\/\/www.meydan.tv\/az\/wp-json\/wp\/v2\/categories?post=168049"},{"taxonomy":"post_tag","embeddable":true,"href":"https:\/\/www.meydan.tv\/az\/wp-json\/wp\/v2\/tags?post=168049"}],"curies":[{"name":"wp","href":"https:\/\/api.w.org\/{rel}","templated":true}]}}