{"id":168048,"date":"2015-05-24T11:48:10","date_gmt":"2015-05-24T11:48:10","guid":{"rendered":"https:\/\/www.meydan.tv\/article\/eurovision-2015-qalibi-isvec-temsilcisi-mons-selmerlev-olub\/"},"modified":"2015-05-24T11:48:10","modified_gmt":"2015-05-24T11:48:10","slug":"eurovision-2015-qalibi-isvec-temsilcisi-mons-selmerlev-olub","status":"publish","type":"post","link":"https:\/\/www.meydan.tv\/az\/article\/eurovision-2015-qalibi-isvec-temsilcisi-mons-selmerlev-olub\/","title":{"rendered":"\u201cEurovision 2015\u201d qalibi \u0130sve\u00e7 t\u0259msil\u00e7isi Mons Selmerlev olub"},"content":{"rendered":"<figure class=\"wp-block-image size-large\">\n  <img decoding=\"async\" src=\"https:\/\/www.meydan.tv\/az\/25057\/\" alt=\"\" class=\"wp-image-25057\"\/><figcaption><\/figcaption><\/figure>\n<p>\n  <i><br \/>\n    49 xal toplayan Az\u0259rbaycan t\u0259msil\u00e7isi Elnur H\u00fcseynov m\u00fcsabiq\u0259d\u0259 12 yeri tutub<br \/>\n  <\/i>\n<\/p>\n<p>\n  May\u0131n 23-d\u0259 Avstriyan\u0131n Vyana \u015f\u0259h\u0259rind\u0259 &#8220;Wiener Stadthalle&#8221; arenada \u201cEurovision 2015\u201d mahn\u0131 m\u00fcsabiq\u0259sinin final \u015fousu ke\u00e7irilib.\n<\/p>\n<p>\n  <a href=\"https:\/\/apa.az\"><br \/>\n    APA<br \/>\n  <\/a><br \/>\n  -n\u0131n m\u0259lumat\u0131na g\u00f6r\u0259,\u00a0final m\u0259rh\u0259l\u0259sind\u0259 27 \u00f6lk\u0259 t\u0259msil\u00e7isi \u00f6z s\u0259hn\u0259 perfomanslar\u0131n\u0131 n\u00fcmayi\u015f etdiribl\u0259r.\n<\/p>\n<p>\n  Az\u0259rbaycan t\u0259msil\u00e7isi Elnur H\u00fcseynov s\u0259hn\u0259y\u0259 24-c\u00fc \u00e7\u0131xaraq \u201cHour of the Wolf\u201d mahn\u0131s\u0131n\u0131 s\u0259sl\u0259ndirib.\n<\/p>\n<p>\n  \u0130\u015ftirak\u00e7\u0131lar\u0131n s\u0259hn\u0259y\u0259 a\u015fa\u011f\u0131dak\u0131 ard\u0131c\u0131ll\u0131qla \u00e7\u0131xaraq mahn\u0131lar\u0131n\u0131 ifa edibl\u0259r:\n<\/p>\n<p>\n  1. Sloveniya, 2. Fransa, 3. \u0130srail, 4. Estoniya, 5. B\u00f6y\u00fck Britaniya, 6. Erm\u0259nistan, 7. Litva, 8. Serbiya, 9. Norve\u00e7, 10. \u0130sve\u00e7, 11. Kipr, 12. Avstraliya, 13. Bel\u00e7ika, 14. Avstriya, 15. Yunan\u0131stan, 16. Monteneqro, 17. Almaniya, 18. Pol\u015fa, 19. Latviya, 20. Rum\u0131niya, 21. \u0130spaniya, 22. Macar\u0131stan, 23. G\u00fcrc\u00fcstan, 24. Az\u0259rbaycan, 25. Rusiya, 26. Albaniya, 27. \u0130taliya.\n<\/p>\n<figure class=\"wp-block-image size-large\">\n  <img decoding=\"async\" src=\"https:\/\/www.meydan.tv\/az\/25063\/\" alt=\"\" class=\"wp-image-25063\"\/><figcaption><\/figcaption><\/figure>\n<p>\n  Avstriya, Almaniya, Fransa, B\u00f6y\u00fck Britaniya, \u0130spaniya, \u0130taliya v\u0259 Avstraliya\u00a0 finalda birba\u015fa i\u015ftirak etm\u0259k h\u00fcququ qazanan \u00f6lk\u0259l\u0259rdir (Avstraliya t\u0259msil\u00e7isi \u201cEurovision\u201d mahn\u0131 m\u00fcsabiq\u0259sinin 60 illik yubileyi m\u00fcnasib\u0259ti il\u0259 f\u0259xri qonaq qismind\u0259 \u00e7\u0131x\u0131\u015f edib).\n<\/p>\n<p>\n  Final \u015fousunda h\u0259m\u00e7inin \u00f6t\u0259n il Danimarkan\u0131n paytaxt\u0131 Kopenhagend\u0259 ke\u00e7iril\u0259n \u201cEurovision-2014\u201d mahn\u0131 m\u00fcsabiq\u0259sininin avstriyal\u0131 qalib\u00e7isi Kon\u00e7ita Vurst \u201cRise Like a Phoenix\u201d mahn\u0131s\u0131n\u0131 t\u0259qdim edib.\n<\/p>\n<p>\n  \u201cEurovision 2015\u201d mahn\u0131 m\u00fcsabiq\u0259sinin birincisi bu ilki t\u0259msil\u00e7il\u0259r aras\u0131nda, proqnozlara uy\u011fun olaraq, \u0130sve\u00e7 t\u0259msil\u00e7isi Mons Selmerlev olub. O, 365 xalla birincilik \u0259ld\u0259 edib v\u0259 \u00f6lk\u0259l\u0259rin \u00e7oxundan 12 xal al\u0131b. 49 xal toplayan Az\u0259rbaycan t\u0259msil\u00e7isi Elnur H\u00fcseynov m\u00fcsabiq\u0259d\u0259 12 yeri tutub.\n<\/p>\n<p>\n  Yar\u0131\u015fmada \u00c7exiya Az\u0259rbaycana 12, G\u00fcrc\u00fcstan \u00f6lk\u0259miz\u0259 10, Monteneqro, Malta 8, Litva \u2013 2, Rum\u0131niya, Moldiva v\u0259 Rusiya is\u0259 h\u0259r\u0259si 3 xal verib.\n<\/p>\n<p>\n  Az\u0259rbaycan is\u0259 8 bal\u0131 \u0130taliyaya, 10 bal\u0131 G\u00fcrcstana, 12 bal\u0131 is\u0259 Rusiyaya verib.\n<\/p>\n<p>\n  \u0130sve\u00e7 365, Rusiya 303, \u0130taliya 292 xalla \u201cEurovision 2015\u201d mahn\u0131 m\u00fcsabiq\u0259nin ilk \u00fc\u00e7l\u00fcy\u00fcnd\u0259 yer al\u0131blar. Qeyd ed\u0259k ki, bu \u0130sve\u00e7in \u201cEurovision&#8221; m\u00fcsabiq\u0259sind\u0259 alt\u0131nc\u0131 q\u0259l\u0259b\u0259sidir.\n<\/p>\n<p>\n  Bel\u0259likl\u0259, \u201cEruovision 2016\u201d yar\u0131\u015fmas\u0131 \u0130sve\u00e7d\u0259 ba\u015f tutacaq.\n<\/p>\n<figure class=\"wp-block-image size-large\">\n  <img decoding=\"async\" src=\"https:\/\/www.meydan.tv\/az\/25066\/\" alt=\"\" class=\"wp-image-25066\"\/><figcaption><\/figcaption><\/figure><\/p>\n","protected":false},"excerpt":{"rendered":"<p>49 xal toplayan Az\u0259rbaycan t\u0259msil\u00e7isi Elnur H\u00fcseynov m\u00fcsabiq\u0259d\u0259 12 yeri tutub<\/p>\n","protected":false},"author":11,"featured_media":25057,"comment_status":"closed","ping_status":"open","sticky":false,"template":"","format":"standard","meta":{"_acf_changed":false,"_sitemap_exclude":false,"_sitemap_priority":"","_sitemap_frequency":"","footnotes":""},"categories":[56],"tags":[],"class_list":["post-168048","post","type-post","status-publish","format-standard","has-post-thumbnail","hentry","category-xeberler","infinite-scroll-item","generate-columns","tablet-grid-50","mobile-grid-100","grid-parent","grid-33","no-featured-image-padding"],"acf":[],"yoast_head":"<!-- This site is optimized with the Yoast SEO plugin v28.4 - https:\/\/yoast.com\/product\/yoast-seo-wordpress\/ -->\n<title>\u201cEurovision 2015\u201d qalibi \u0130sve\u00e7 t\u0259msil\u00e7isi Mons Selmerlev olub - MEYDAN.TV<\/title>\n<meta name=\"robots\" content=\"index, follow, max-snippet:-1, max-image-preview:large, max-video-preview:-1\" \/>\n<link rel=\"canonical\" href=\"https:\/\/www.meydan.tv\/az\/article\/eurovision-2015-qalibi-isvec-temsilcisi-mons-selmerlev-olub\/\" \/>\n<meta property=\"og:locale\" content=\"az_AZ\" \/>\n<meta property=\"og:type\" content=\"article\" \/>\n<meta property=\"og:title\" content=\"\u201cEurovision 2015\u201d qalibi \u0130sve\u00e7 t\u0259msil\u00e7isi Mons Selmerlev olub - MEYDAN.TV\" \/>\n<meta property=\"og:description\" content=\"49 xal toplayan Az\u0259rbaycan t\u0259msil\u00e7isi Elnur H\u00fcseynov m\u00fcsabiq\u0259d\u0259 12 yeri tutub\" \/>\n<meta property=\"og:url\" content=\"https:\/\/www.meydan.tv\/az\/article\/eurovision-2015-qalibi-isvec-temsilcisi-mons-selmerlev-olub\/\" \/>\n<meta property=\"og:site_name\" content=\"MEYDAN.TV\" \/>\n<meta property=\"article:published_time\" content=\"2015-05-24T11:48:10+00:00\" \/>\n<meta property=\"og:image\" content=\"https:\/\/www.meydan.tv\/wp-content\/uploads\/9159.jpg\" \/>\n\t<meta property=\"og:image:width\" content=\"752\" \/>\n\t<meta property=\"og:image:height\" content=\"500\" \/>\n\t<meta property=\"og:image:type\" content=\"image\/jpeg\" \/>\n<meta name=\"twitter:card\" content=\"summary_large_image\" \/>\n<!-- \/ Yoast SEO plugin. -->","yoast_head_json":{"title":"\u201cEurovision 2015\u201d qalibi \u0130sve\u00e7 t\u0259msil\u00e7isi Mons Selmerlev olub - MEYDAN.TV","robots":{"index":"index","follow":"follow","max-snippet":"max-snippet:-1","max-image-preview":"max-image-preview:large","max-video-preview":"max-video-preview:-1"},"canonical":"https:\/\/www.meydan.tv\/az\/article\/eurovision-2015-qalibi-isvec-temsilcisi-mons-selmerlev-olub\/","og_locale":"az_AZ","og_type":"article","og_title":"\u201cEurovision 2015\u201d qalibi \u0130sve\u00e7 t\u0259msil\u00e7isi Mons Selmerlev olub - MEYDAN.TV","og_description":"49 xal toplayan Az\u0259rbaycan t\u0259msil\u00e7isi Elnur H\u00fcseynov m\u00fcsabiq\u0259d\u0259 12 yeri tutub","og_url":"https:\/\/www.meydan.tv\/az\/article\/eurovision-2015-qalibi-isvec-temsilcisi-mons-selmerlev-olub\/","og_site_name":"MEYDAN.TV","article_published_time":"2015-05-24T11:48:10+00:00","og_image":[{"width":752,"height":500,"url":"https:\/\/www.meydan.tv\/wp-content\/uploads\/9159.jpg","type":"image\/jpeg"}],"twitter_card":"summary_large_image","schema":{"@context":"https:\/\/schema.org","@graph":[{"@type":"Article","@id":"https:\/\/www.meydan.tv\/az\/article\/eurovision-2015-qalibi-isvec-temsilcisi-mons-selmerlev-olub\/#article","isPartOf":{"@id":"https:\/\/www.meydan.tv\/az\/article\/eurovision-2015-qalibi-isvec-temsilcisi-mons-selmerlev-olub\/"},"author":{"name":"user-manager","@id":"https:\/\/www.meydan.tv\/az\/#\/schema\/person\/10d11eccf6da3662cf5fdab9806ea91a"},"headline":"\u201cEurovision 2015\u201d qalibi \u0130sve\u00e7 t\u0259msil\u00e7isi Mons Selmerlev olub","datePublished":"2015-05-24T11:48:10+00:00","mainEntityOfPage":{"@id":"https:\/\/www.meydan.tv\/az\/article\/eurovision-2015-qalibi-isvec-temsilcisi-mons-selmerlev-olub\/"},"wordCount":364,"publisher":{"@id":"https:\/\/www.meydan.tv\/az\/#organization"},"image":{"@id":"https:\/\/www.meydan.tv\/az\/article\/eurovision-2015-qalibi-isvec-temsilcisi-mons-selmerlev-olub\/#primaryimage"},"thumbnailUrl":"https:\/\/www.meydan.tv\/wp-content\/uploads\/9159.jpg","articleSection":["X\u0259b\u0259rl\u0259r"],"inLanguage":"az"},{"@type":"WebPage","@id":"https:\/\/www.meydan.tv\/az\/article\/eurovision-2015-qalibi-isvec-temsilcisi-mons-selmerlev-olub\/","url":"https:\/\/www.meydan.tv\/az\/article\/eurovision-2015-qalibi-isvec-temsilcisi-mons-selmerlev-olub\/","name":"\u201cEurovision 2015\u201d qalibi \u0130sve\u00e7 t\u0259msil\u00e7isi Mons Selmerlev olub - MEYDAN.TV","isPartOf":{"@id":"https:\/\/www.meydan.tv\/az\/#website"},"primaryImageOfPage":{"@id":"https:\/\/www.meydan.tv\/az\/article\/eurovision-2015-qalibi-isvec-temsilcisi-mons-selmerlev-olub\/#primaryimage"},"image":{"@id":"https:\/\/www.meydan.tv\/az\/article\/eurovision-2015-qalibi-isvec-temsilcisi-mons-selmerlev-olub\/#primaryimage"},"thumbnailUrl":"https:\/\/www.meydan.tv\/wp-content\/uploads\/9159.jpg","datePublished":"2015-05-24T11:48:10+00:00","breadcrumb":{"@id":"https:\/\/www.meydan.tv\/az\/article\/eurovision-2015-qalibi-isvec-temsilcisi-mons-selmerlev-olub\/#breadcrumb"},"inLanguage":"az","potentialAction":[{"@type":"ReadAction","target":["https:\/\/www.meydan.tv\/az\/article\/eurovision-2015-qalibi-isvec-temsilcisi-mons-selmerlev-olub\/"]}]},{"@type":"ImageObject","inLanguage":"az","@id":"https:\/\/www.meydan.tv\/az\/article\/eurovision-2015-qalibi-isvec-temsilcisi-mons-selmerlev-olub\/#primaryimage","url":"https:\/\/www.meydan.tv\/wp-content\/uploads\/9159.jpg","contentUrl":"https:\/\/www.meydan.tv\/wp-content\/uploads\/9159.jpg","width":752,"height":500,"caption":"Source:"},{"@type":"BreadcrumbList","@id":"https:\/\/www.meydan.tv\/az\/article\/eurovision-2015-qalibi-isvec-temsilcisi-mons-selmerlev-olub\/#breadcrumb","itemListElement":[{"@type":"ListItem","position":1,"name":"Ana s\u0259hif\u0259","item":"https:\/\/www.meydan.tv\/az\/"},{"@type":"ListItem","position":2,"name":"X\u0259b\u0259rl\u0259r","item":"https:\/\/www.meydan.tv\/az\/section\/xeberler\/"},{"@type":"ListItem","position":3,"name":"\u201cEurovision 2015\u201d qalibi \u0130sve\u00e7 t\u0259msil\u00e7isi Mons Selmerlev olub"}]},{"@type":"WebSite","@id":"https:\/\/www.meydan.tv\/az\/#website","url":"https:\/\/www.meydan.tv\/az\/","name":"MEYDAN.TV","description":"Meydan TV Az\u0259rbaycan\u0131n media m\u0259kan\u0131ndak\u0131 alternativ s\u0259sidir","publisher":{"@id":"https:\/\/www.meydan.tv\/az\/#organization"},"potentialAction":[{"@type":"SearchAction","target":{"@type":"EntryPoint","urlTemplate":"https:\/\/www.meydan.tv\/az\/?s={search_term_string}"},"query-input":{"@type":"PropertyValueSpecification","valueRequired":true,"valueName":"search_term_string"}}],"inLanguage":"az"},{"@type":"Organization","@id":"https:\/\/www.meydan.tv\/az\/#organization","name":"Meydan TV","url":"https:\/\/www.meydan.tv\/az\/","logo":{"@type":"ImageObject","inLanguage":"az","@id":"https:\/\/www.meydan.tv\/az\/#\/schema\/logo\/image\/","url":"https:\/\/www.meydan.tv\/wp-content\/uploads\/2021\/07\/meydan-logo.svg","contentUrl":"https:\/\/www.meydan.tv\/wp-content\/uploads\/2021\/07\/meydan-logo.svg","width":195,"height":46,"caption":"Meydan TV"},"image":{"@id":"https:\/\/www.meydan.tv\/az\/#\/schema\/logo\/image\/"}},{"@type":"Person","@id":"https:\/\/www.meydan.tv\/az\/#\/schema\/person\/10d11eccf6da3662cf5fdab9806ea91a","name":"user-manager"}]}},"_links":{"self":[{"href":"https:\/\/www.meydan.tv\/az\/wp-json\/wp\/v2\/posts\/168048","targetHints":{"allow":["GET"]}}],"collection":[{"href":"https:\/\/www.meydan.tv\/az\/wp-json\/wp\/v2\/posts"}],"about":[{"href":"https:\/\/www.meydan.tv\/az\/wp-json\/wp\/v2\/types\/post"}],"author":[{"embeddable":true,"href":"https:\/\/www.meydan.tv\/az\/wp-json\/wp\/v2\/users\/11"}],"replies":[{"embeddable":true,"href":"https:\/\/www.meydan.tv\/az\/wp-json\/wp\/v2\/comments?post=168048"}],"version-history":[{"count":0,"href":"https:\/\/www.meydan.tv\/az\/wp-json\/wp\/v2\/posts\/168048\/revisions"}],"wp:featuredmedia":[{"embeddable":true,"href":"https:\/\/www.meydan.tv\/az\/wp-json\/wp\/v2\/media\/25057"}],"wp:attachment":[{"href":"https:\/\/www.meydan.tv\/az\/wp-json\/wp\/v2\/media?parent=168048"}],"wp:term":[{"taxonomy":"category","embeddable":true,"href":"https:\/\/www.meydan.tv\/az\/wp-json\/wp\/v2\/categories?post=168048"},{"taxonomy":"post_tag","embeddable":true,"href":"https:\/\/www.meydan.tv\/az\/wp-json\/wp\/v2\/tags?post=168048"}],"curies":[{"name":"wp","href":"https:\/\/api.w.org\/{rel}","templated":true}]}}