{"id":168047,"date":"2015-05-24T01:12:02","date_gmt":"2015-05-24T01:12:02","guid":{"rendered":"https:\/\/www.meydan.tv\/article\/azerbaycanda-kutlevi-islamcilasmadan-sonra-ikinci-sosial-deb\/"},"modified":"2015-05-24T01:12:02","modified_gmt":"2015-05-24T01:12:02","slug":"azerbaycanda-kutlevi-islamcilasmadan-sonra-ikinci-sosial-deb","status":"publish","type":"post","link":"https:\/\/www.meydan.tv\/az\/article\/azerbaycanda-kutlevi-islamcilasmadan-sonra-ikinci-sosial-deb\/","title":{"rendered":"Az\u0259rbaycanda k\u00fctl\u0259vi islam\u00e7\u0131la\u015fmadan sonra ikinci sosial d\u0259b"},"content":{"rendered":"<figure class=\"wp-block-image size-large\">\n  <img decoding=\"async\" src=\"https:\/\/www.meydan.tv\/az\/25069\/\" alt=\"\" class=\"wp-image-25069\"\/><figcaption><\/figcaption><\/figure>\n<\/p>\n<figure class=\"wp-block-image size-large\">\n  <img decoding=\"async\" src=\"https:\/\/www.meydan.tv\/az\/25072\/\" alt=\"\" class=\"wp-image-25072\"\/><figcaption><\/figcaption><\/figure>\n<p>\n  Az\u0259rbaycanda t\u00fcrkiy\u0259c\u0259 heyranl\u0131\u011f\u0131 \u2013 k\u00fctl\u0259vi islam\u00e7\u0131la\u015fmadan sonra son onillikl\u0259rin ikinci sosial d\u0259bidir.\n<\/p>\n<p>\n  <b><br \/>\n    1.<br \/>\n  <\/b><br \/>\n  <br \/>\n  Bu yaz\u0131m son ill\u0259r Az\u0259rbaycan dilinin t\u00fcrkiy\u0259c\u0259nin t\u0259siri alt\u0131na d\u00fc\u015fm\u0259si haqq\u0131nda yazd\u0131\u011f\u0131m \u00fc\u00e7\u00fcnc\u00fc yaz\u0131md\u0131r. Problem budur ki, bu yaz\u0131lar\u0131ma etiraz bildir\u0259nl\u0259rin \u00e7oxusu \u00f6m\u00fcrl\u0259rind\u0259 birc\u0259 d\u0259f\u0259 d\u0259 olsun n\u0259 filoloji, n\u0259 linqvistik kitab demir\u0259m, he\u00e7 m\u0259qal\u0259 d\u0259 oxumad\u0131qlar\u0131 \u00fc\u00e7\u00fcn, \u0259ski t\u00fcrkc\u0259nin tarixind\u0259n, yaz\u0131l\u0131 abid\u0259l\u0259rind\u0259n, t\u00fcrk dill\u0259ri ail\u0259si atlas\u0131ndan, ayr\u0131-ayr\u0131 s\u00f6zl\u0259rimizin etimologiyas\u0131ndan, dilin f\u0259ls\u0259f\u0259sind\u0259n, bir s\u00f6z\u00fcn az\u0259rbaycanca (t\u00fcrkc\u0259) olmas\u0131 \u00fc\u00e7\u00fcn g\u0259r\u0259k\u0259n z\u0259ruri filoloji \u015f\u0259rtl\u0259rd\u0259n, t\u00fcrk dill\u0259rin\u0259, bu s\u0131rada Az\u0259rbaycan dilin\u0259 xas metateze, haplologiya, rotasizm kimi qanunlardan, Az\u0259rbaycan dili haqq\u0131nda M.Kaz\u0131mb\u0259y, B.\u00c7obanzad\u0259, \u018f.D\u0259mir\u00e7izad\u0259, M.\u015eir\u0259liyev v\u0259 b. kimi g\u00f6rk\u0259mli dil\u00e7il\u0259rimizin cildl\u0259rl\u0259 \u0259s\u0259rl\u0259rind\u0259n, Az\u0259rbaycan dilinin XIII-XIV y\u00fczillikl\u0259rd\u0259 yaz\u0131lm\u0131\u015f l\u00fc\u011f\u0259tl\u0259rind\u0259n (m\u0259s\u0259l\u0259n, F.Hindu\u015fah Nax\u00e7\u0131vani-nin \u201c\u018fs-Sihah \u0259l-\u0259c\u0259miyy\u0259\u201d l\u00fc\u011f\u0259tind\u0259n), Az\u0259rbaycan dilinin d\u00f6rdcildlik tarixind\u0259n, 27 minlik dialekt s\u00f6zl\u0259rimizin l\u00fc\u011f\u0259tind\u0259n, G\u00fcney Az\u0259rbaycan dialektinin y\u00fcz ill\u0259rdir ara\u015fd\u0131r\u0131lmadan qalm\u0131\u015f, tutumu on minl\u0259rl\u0259 \u00f6l\u00e7\u00fcl\u0259n anadilli l\u00fc\u011f\u0259t fondundan v\u0259 s. v\u0259 i. x\u0259b\u0259rsiz olduqlar\u0131 \u00fc\u00e7\u00fcn v\u0259 \u00fcst\u0259lik bu x\u0259b\u0259rsizlikl\u0259rind\u0259n d\u0259 x\u0259b\u0259rsiz olduqlar\u0131 \u00fc\u00e7\u00fcn, durum-murum s\u00f6zl\u0259riyl\u0259 dan\u0131\u015fma\u011fa ba\u015flam\u0131\u015f bu bisavad adamlara dilin f\u0259ls\u0259fi m\u0259nada n\u0259 oldu\u011funu, ana dilimizi n\u0259 \u00fc\u00e7\u00fcn qorumal\u0131 oldu\u011fumuzu, t\u00fcrkiy\u0259c\u0259nin nec\u0259 bir \u201cdil\u201d oldu\u011funu ayd\u0131nla\u015fd\u0131rmaq m\u0259n\u0259 olduqca \u00e7\u0259tindir.\n<\/p>\n<p>\n  <b><br \/>\n    2.<br \/>\n  <\/b><br \/>\n  <br \/>\n  \u018fslind\u0259 m\u0259n onlar\u0131 yax\u015f\u0131 ba\u015fa d\u00fc\u015f\u00fcr\u0259m, yaz\u0131lar\u0131nda t\u00fcrkiy\u0259c\u0259 bildikl\u0259ri be\u015f-alt\u0131 s\u00f6z i\u015fl\u0259tm\u0259kl\u0259 d\u00fc\u015f\u00fcnc\u0259l\u0259rinin dayazl\u0131\u011f\u0131n\u0131 v\u0259 adiliyini \u00f6rt-basd\u0131r etm\u0259y\u0259 \u00e7al\u0131\u015f\u0131rlar. \u00d6zl\u0259ri d\u0259 duyurlar ki, c\u0131zma-qaralar\u0131 qoca n\u0259n\u0259l\u0259rinin s\u00f6zl\u0259rind\u0259n m\u0259zmunca \u00e7ox da f\u0259rqli deyil. Buna g\u00f6r\u0259 d\u0259 t\u00fcrkiy\u0259c\u0259 s\u00f6zl\u0259r onlar \u00fc\u00e7\u00fcn ba\u015fqalar\u0131ndan se\u00e7ilm\u0259k, m\u00fcasir v\u0259 yeni g\u00f6r\u00fcnm\u0259k arzusu v\u0259 \u00e7ar\u0259sidir. T\u0259hsilsizliyin son ucu bel\u0259 d\u0259 olmal\u0131yd\u0131. Bir s\u00f6zl\u0259, Az\u0259rbaycan kulturas\u0131nda \u0259n\u0259n\u0259vi terminbazl\u0131q x\u0259st\u0259liyi, tarixi \u201c\u018fr\u0259bc\u0259 de, \u015feyx, \u0259r\u0259bc\u0259!\u201d (M.C\u0259lil) fenomenidir indi t\u0259krarlanan. Ancaq t\u00fcrkiy\u0259c\u0259 heyranl\u0131\u011f\u0131n\u0131n s\u0259b\u0259bi t\u0259kc\u0259 bu da deyil; \u00f6z\u00fcnd\u0259niyr\u0259nm\u0259, \u00f6zg\u0259y\u0259 yalmanma, v\u00fcqars\u0131zl\u0131q, s\u0131nm\u0131\u015fl\u0131q, n\u00f6k\u0259r\u00e7ilik, qul \u015f\u00fcuru, qoltuqalt\u0131l\u0131q da ba\u015fl\u0131ca rol oynay\u0131r.\n<\/p>\n<p>\n  \u0130caz\u0259 verin, u\u015faql\u0131\u011f\u0131mdan bir xatir\u0259mi burada sizinl\u0259 b\u00f6l\u00fc\u015f\u00fcm. Anam h\u0259y\u0259timizd\u0259 toyuq-c\u00fcc\u0259 saxlayard\u0131. Toyuqlar\u0131n i\u00e7ind\u0259 bir d\u0259n\u0259sinin xoruza m\u00fcnasib\u0259ti o biri toyuqlardan ba\u015fqa c\u00fcr\u0259 idi: Xoruz bird\u0259n ba\u015f\u0131n\u0131 qald\u0131r\u0131b ac\u0131ql\u0131 s\u0259sl\u0259 qiyy\u0259 \u00e7\u0259k\u0259n kimi, bu toyuq 15-20 metr m\u0259saf\u0259d\u0259n \u00f6z e\u015f\u0259l\u0259nm\u0259sini dayand\u0131r\u0131b, yer\u0259 yataraq, \u201chaz\u0131r\u201d v\u0259ziyy\u0259t alard\u0131&#8230; O biri toyuqlar xoruz onlar\u0131n \u00fcst\u00fcn\u0259 h\u0259tta c\u00fcmsa bel\u0259, bir az o yan-bu yana qa\u00e7ar, asanl\u0131qla \u0259l verm\u0259zdil\u0259r&#8230; Ancaq bu toyuq xoruzun uzaqdan adi bir \u00e7\u0131\u011f\u0131rt\u0131s\u0131 qar\u015f\u0131s\u0131nda art\u0131q dombalm\u0131\u015f olard\u0131. Evimizd\u0259 b\u00f6y\u00fckl\u0259rin bu toyu\u011fa ayama da verdikl\u0259rini bilirdim, e\u015fitmi\u015fdim, burda yazmaq olmaz. Bir \u00e7ox az\u0259rbaycanl\u0131n\u0131n t\u00fcrkiy\u0259c\u0259 qar\u015f\u0131s\u0131nda davran\u0131\u015f\u0131 m\u0259n\u0259 h\u0259min o toyu\u011fumuzu xat\u0131rlad\u0131r indi.\n<\/p>\n<p>\n  M\u0259s\u0259l\u0259n, bir q\u0259zetin \u201cbo\u015f reaktor\u201du sosial \u015f\u0259b\u0259k\u0259d\u0259 klaviaturas\u0131n\u0131 t\u0259xmin\u0259n bel\u0259 d\u00f6y\u0259cl\u0259yibmi\u015f: \u201cBiz \u201cq\u0259rb\u201d \u0259v\u0259zin\u0259 \u201cbat\u0131\u201d deyirik, \u201c\u015f\u0259rq\u201d \u0259v\u0259zin\u0259 d\u0259 \u201cdo\u011fu\u201d, bel\u0259 d\u0259 dey\u0259c\u0259yik, \u0259c\u0259b eliyirik, \u201cnervil\u0259nm\u0259yin\u201d!\u201d\n<\/p>\n<p>\n  \u018fd\u0259biyyat tariximizd\u0259 v\u0259 \u0259d\u0259bi dilimizd\u0259 \u00f6z\u00fcm\u00fcz\u00fcn \u201cbatar\u0131\u201d (\u018f.M\u0259mm\u0259dxanl\u0131, \u201cBab\u0259k\u201d roman\u0131), \u201cg\u00fcnbatan\u201d s\u00f6zl\u0259rimiz vark\u0259n, n\u0259 \u00fc\u00e7\u00fcn \u201cbat\u0131\u201d deyirsiniz? \u201cDo\u011far\u0131\u201d (yen\u0259 orada), \u201cg\u00fcndo\u011fan\u201d, \u201cg\u00fcn\u00e7\u0131xan\u201d s\u00f6zl\u0259rimiz vark\u0259n, niy\u0259 \u201cdo\u011fu\u201d deyirsiniz? Dilimizd\u0259 sumerlil\u0259rin dili il\u0259 ortaq olan -ar\u0131, -\u0259ri sonluqlar\u0131 y\u00f6n bildirirl\u0259r (d\u0131\u015far\u0131, i\u00e7\u0259ri v\u0259 s.); bizim batar\u0131 v\u0259 do\u011far\u0131 s\u00f6zl\u0259rimiz b\u00f6y\u00fck filoloji ustal\u0131qla qurulmu\u015fdur. B\u0259s, siz niy\u0259 bat\u0131-mat\u0131 deyirsiniz? M\u0259n deyim niy\u0259.\n<\/p>\n<p>\n  \u00d6z dilinizi ancaq nitq s\u0259viyy\u0259sind\u0259 bildiyiniz \u00fc\u00e7\u00fcn! \u00d6z \u0259d\u0259biyyat\u0131n\u0131z\u0131 oxumad\u0131\u011f\u0131n\u0131z \u00fc\u00e7\u00fcn! H\u0259mi\u015f\u0259 g\u00fccl\u00fcn\u00fc, k\u00fctl\u0259viliyi, d\u0259bi do\u011fru yol sayd\u0131\u011f\u0131n\u0131z \u00fc\u00e7\u00fcn! Qul \u015f\u00fcurunda s\u00fcr\u00fcnd\u00fcy\u00fcn\u00fcz \u00fc\u00e7\u00fcn! \u00d6z\u00fcn\u00fcz\u00fc ancaq q\u0131ll\u0131 qoltuq alt\u0131nda rahat hiss etdiyiniz \u00fc\u00e7\u00fcn! \u0130ntellektual \u0259m\u0259yi sevm\u0259diyiniz, k\u0259s\u0259 yoldan soxulub, ba\u015fqalar\u0131n\u0131n \u0259m\u0259yin\u0259 ortaq olmaq ist\u0259diyiniz \u00fc\u00e7\u00fcn! D\u00fc\u015f\u00fcnm\u0259k t\u0259k qalmaq v\u0259 orijinal olmaqd\u0131r; d\u00fc\u015f\u00fcn\u0259, t\u0259k qala, orijinal ola bilm\u0259diyiniz \u00fc\u00e7\u00fcn! \u018fzb\u0259r\u00e7i oldu\u011funuz \u00fc\u00e7\u00fcn!\n<\/p>\n<p>\n  \u201cBiz t\u00fcrk\u00e7\u00fcy\u00fck\u201d deyib, \u00f6z savads\u0131zl\u0131\u011f\u0131n\u0131za v\u0259 n\u00f6k\u0259r\u00e7iliyiniz\u0259 t\u00fcrk\u00e7\u00fcl\u00fck donu geyindirm\u0259yin. M\u0259n bundan qabaqk\u0131 m\u0259qal\u0259l\u0259rimd\u0259 d\u0259 \u00e7oxlu s\u00f6zl\u0259rimizi misallar g\u00f6st\u0259r\u0259r\u0259k s\u00fcbut etdim ki, siz \u00f6z\u00fcm\u00fcz\u00fcn y\u00fczill\u0259rl\u0259 ya\u015f\u0131 olan t\u00fcrkc\u0259 s\u00f6zl\u0259rimizi t\u00fcp\u00fcr\u00fcb, \u201ckabinetd\u0259qayr\u0131lma\u201d t\u00fcrkiy\u0259c\u0259 s\u00f6zl\u0259ri a\u011fz\u0131n\u0131za t\u0259pi\u015fdirirsiniz. G\u00f6rm\u0259mi\u015fliyinizin ad\u0131n\u0131 heyranqulu qoymay\u0131n, sizinki n\u0259 t\u00fcrk\u00e7\u00fcl\u00fckd\u00fcr, n\u0259 d\u0259 dili t\u00fcrkc\u0259l\u0259\u015fdirm\u0259k.\n<\/p>\n<p>\n  <b><br \/>\n    3.<br \/>\n  <\/b><br \/>\n  <br \/>\n  Ba\u015fqa bir n\u0259f\u0259r is\u0259 sosial \u015f\u0259b\u0259k\u0259d\u0259 klaviatura d\u00fcym\u0259\u00e7\u0259l\u0259rini bel\u0259 t\u0131qq\u0131ldad\u0131b: \u201cBiz balaca \u00f6lk\u0259 olaraq n\u0259 b\u00f6y\u00fck dil yarada bil\u0259rik, n\u0259 d\u0259 farsca, rusca, ingilisc\u0259 qar\u015f\u0131s\u0131nda \u00f6z\u00fcm\u00fcz\u00fc qoruya bil\u0259rik. T\u00fcrkiy\u0259 t\u00fcrkc\u0259sini dinm\u0259zc\u0259, quzu balas\u0131 kimi q\u0259bul etm\u0259liyik, bu, bizim xilas yolumuzdur.\u201d (yaz\u0131qla\u015fmaya diqq\u0259t! \u2013 A.Q.)\n<\/p>\n<p>\n  \u00d6z\u00fcn\u00fc yaz\u0131\u00e7\u0131 sanasan, ya\u015f\u0131n 50-ni \u00f6ts\u00fcn, \u00f6z dilinin imkanlar\u0131n\u0131 bilm\u0259d\u0259n, yoxlamadan, he\u00e7 bir ara\u015fd\u0131rma aparmadan, utanmazcas\u0131na, bel\u0259 m\u0259suliyy\u0259tsiz, bel\u0259 r\u00fcsvay\u00e7\u0131 s\u00f6zl\u0259r b\u0259yan ed\u0259s\u0259n. Dilimizi Orta \u018fsrl\u0259rd\u0259 farsca v\u0259 \u0259r\u0259bc\u0259 il\u0259 kirl\u0259ndir\u0259nl\u0259r d\u0259 eynil\u0259 bu c\u00fcr d\u00fc\u015f\u00fcn\u00fcr, eyni arqument\u0259 s\u00f6yk\u0259nirdil\u0259r: \u201c&#8230;quzu balas\u0131 kimi q\u0259bul etm\u0259liyik, bu, xilas yolumuzdur.\u201d H\u0259min babalar\u0131n s\u0131nm\u0131\u015f m\u0259n\u0259vi n\u0259v\u0259l\u0259ri bu d\u0259f\u0259 dili guya \u0259r\u0259bc\u0259 v\u0259 farscadan ar\u0131nd\u0131rmaq v\u0259 qorumaq \u00f6rt\u00fcs\u00fc alt\u0131nda eyni d\u00fc\u015f\u00fcnc\u0259 s\u0259pkisini davam etdirirl\u0259r. Bir dilin yiy\u0259si \u2013 o dilin \u015fairl\u0259ri, yaz\u0131\u00e7\u0131lar\u0131, dramaturqlar\u0131d\u0131r, elm adamlar\u0131, dil\u00e7il\u0259ri, filosoflar\u0131d\u0131r, \u0259n birinci d\u0259 o xalq\u0131n \u00f6z\u00fcd\u00fcr, k\u0259ndlisidir. Bizd\u0259 is\u0259 dil\u0259 yiy\u0259 \u00e7\u0131xmal\u0131 olan adamlar\u0131n \u00e7oxunun buna n\u0259 bilikl\u0259ri \u00e7at\u0131r, n\u0259 d\u0259 t\u0259p\u0259rl\u0259ri.\n<\/p>\n<p>\n  Az\u0259rbaycan dili t\u00fcrkiy\u0259c\u0259 qar\u015f\u0131s\u0131nda art\u0131q \u201ck\u0259nd\u00e7i dili\u201d statusuna d\u00fc\u015fm\u0259k \u00fczr\u0259dir, ancaq dill\u0259n\u0259n yoxdur, biab\u0131r\u00e7\u0131l\u0131qd\u0131r.\n<\/p>\n<p>\n  <b><br \/>\n    4.<br \/>\n  <\/b><br \/>\n  <br \/>\n  Az\u0259rbaycanl\u0131lar\u0131n aldan\u0131\u015flar\u0131ndan biri \u201ct\u00fcrk dizi\u201dl\u0259rind\u0259n e\u015fitdikl\u0259ri s\u00f6zl\u0259ri \u201cAnadolu t\u00fcrkc\u0259si\u201d saymaqlar\u0131d\u0131r. Ba\u015fa d\u00fc\u015f\u00fcn, Anadolu k\u0259ndlisinin dan\u0131\u015fd\u0131\u011f\u0131 dil \u2013 XI y\u00fcz illikd\u0259n etibar\u0259n o\u011fuzca il\u0259 q\u0131p\u00e7aqcan\u0131n qovu\u015fmas\u0131ndan formala\u015fma\u011fa ba\u015flayan Anadolu t\u00fcrkc\u0259si \u2013 bizim d\u0259 ana dilimiz say\u0131l\u0131r, ba\u015fqa s\u00f6zl\u0259rl\u0259 des\u0259k, Anadolu t\u00fcrkc\u0259si bizim do\u011fma dilimizdir.\n<\/p>\n<p>\n  M\u0259n is\u0259 siz\u0259 1930-cu ill\u0259rd\u0259, T\u00fcrkiy\u0259 dil idar\u0259si kabinetl\u0259rind\u0259, bir ne\u00e7\u0259 dilettant i\u015f\u00e7i t\u0259r\u0259find\u0259n, t\u0259l\u0259m-t\u0259l\u0259sik yarad\u0131lm\u0131\u015f onminl\u0259rl\u0259 k\u00f6ks\u00fcz, yanl\u0131\u015f, laboratorial-eksperimental i\u015far\u0259l\u0259r toplusundan \u2013 t\u00fcrkiy\u0259c\u0259d\u0259n dan\u0131\u015f\u0131ram. (M\u0259s\u0259l\u0259n, \u201cu\u00e7ak\u201d s\u00f6z\u00fc 1935-ci ild\u0259 d\u00fcz\u0259ldil\u0259r\u0259k \u0259slind\u0259 \u201caeroport\u201d \u00fc\u00e7\u00fcn t\u0259klif edilib, amma camaat bu s\u00f6z\u00fc \u201ct\u0259yyar\u0259\u201d m\u0259nas\u0131nda ba\u015fa d\u00fc\u015f\u00fcb, n\u0259tic\u0259d\u0259 dil idar\u0259si 1944-c\u00fc ild\u0259 u\u00e7ak s\u00f6z\u00fcn\u00fc t\u0259yyar\u0259 m\u0259nas\u0131 \u00fc\u00e7\u00fcn r\u0259smil\u0259\u015fdirm\u0259y\u0259 m\u0259cbur qal\u0131b, bel\u0259c\u0259, u\u00e7ak olub t\u0259yyar\u0259. Bir s\u00f6zl\u0259, tam t\u0259sad\u00fcf; \u00f6z aram\u0131zd\u0131r, u\u00e7ak t\u00fcrk xalq\u0131 t\u0259r\u0259find\u0259n, t\u0259sad\u00fcf\u0259n, tualet m\u0259nas\u0131nda da ba\u015fa d\u00fc\u015f\u00fcl\u0259 bil\u0259rdi, onda az\u0259rbaycanl\u0131lar indi tualet\u0259 u\u00e7aq dey\u0259c\u0259kdil\u0259r). El\u0259 buna g\u00f6r\u0259 d\u0259 T\u00fcrkiy\u0259 dil\u00e7il\u0259ri Anadolu t\u00fcrkc\u0259sin\u0259 \u201cAnadolu a\u011fz\u0131\u201d, sizin t\u00fcrk teleseriallar\u0131na baxa-baxa \u00f6yr\u0259ndiyiniz qurama dil\u0259 is\u0259 \u201cYeni t\u00fcrkc\u0259\u201d ad\u0131 verirl\u0259r. Bax, bu \u201cyeni t\u00fcrkc\u0259\u201dy\u0259 m\u0259n t\u00fcrkiy\u0259c\u0259 deyir\u0259m.\n<\/p>\n<p>\n  T\u00fcrkiy\u0259c\u0259 n\u0259inki Anadolu t\u00fcrkc\u0259si deyildir, m\u0259n\u0259 qalsa, he\u00e7 dil deyildir, sad\u0259c\u0259 d\u00f6vl\u0259tin inzibati g\u00fcc\u00fcyl\u0259 xalqa yeridilmi\u015f s\u0259sli i\u015far\u0259l\u0259r toplusudur.\n<\/p>\n<p>\n  G\u0259lin, bel\u0259 bir x\u0259yal quraq: Sabahdan Az\u0259rbaycan d\u00f6vl\u0259t ba\u015f\u00e7\u0131s\u0131 f\u0259rman imzalay\u0131r, siyasi r\u0259hb\u0259rliyin b\u00fct\u00fcn inzibati resurslar\u0131 i\u015f\u0259 d\u00fc\u015f\u00fcr, dili t\u00fcrkc\u0259l\u0259\u015fdirm\u0259k ad\u0131 il\u0259, ayr\u0131-ayr\u0131 s\u00f6z v\u0259 terminl\u0259ri d\u0259yi\u015fdirm\u0259y\u0259 ba\u015flay\u0131rlar, m\u0259s\u0259l\u0259n, siyas\u0259t\u0259 \u201csamansu\u201d, h\u0259qiq\u0259t\u0259 \u201cd\u00fczged\u0259r\u201d, s\u0259hiyy\u0259y\u0259 \u201csa\u011flamlama\u201d dem\u0259y\u0259 q\u0259rar verirl\u0259r; \u201cqapal\u0131lamaq\u201d, \u201cd\u00fczg\u00fcnc\u201d, \u201cgenqol\u201d, \u201c\u00f6zq\u0131\u00e7\u201d, \u201cd\u0131\u015farmaq\u201d kimi s\u00f6zl\u0259r qura\u015fd\u0131r\u0131l\u0131r, habel\u0259, f\u0131\u015f, ju, bom, z\u00fcy dey\u0259 \u00e7oxlu sonluqlar da uydurulur, isim k\u00f6k\u00fc, feil k\u00f6k\u00fc f\u0259rqi qoyulmadan, k\u00f6k v\u0259 sonluqlar\u0131n etimoloji m\u0259nas\u0131 n\u0259z\u0259r\u0259 al\u0131nmadan, ixtiyari v\u0259 t\u0259sad\u00fcfi formada minbir s\u00f6z yarad\u0131l\u0131r, h\u0259r\u0259si \u00fc\u00e7\u00fcn d\u0259 \u0259v\u0259zl\u0259m\u0259y\u0259 \u0259r\u0259bc\u0259, farsca qar\u015f\u0131l\u0131qlar tap\u0131l\u0131r, bu yeni l\u00fc\u011f\u0259t fondu r\u0259smi d\u00f6vl\u0259t dili elan edilir, yeni s\u00f6zl\u0259r l\u00fc\u011f\u0259ti xalqa havay\u0131 paylan\u0131r, d\u0259rslikl\u0259r bu s\u00f6zl\u0259rl\u0259 yaz\u0131l\u0131r, r\u0259smi x\u0259b\u0259rl\u0259r bu s\u00f6zl\u0259rl\u0259 oxunur, d\u00f6vl\u0259tin v\u0259t\u0259nda\u015fla yaz\u0131\u015fmalar\u0131 bu s\u00f6zl\u0259rl\u0259 apar\u0131l\u0131r, \u0259m\u0259l etm\u0259y\u0259nl\u0259r\u0259 c\u0259zalar n\u0259z\u0259rd\u0259 tutulur, t\u0259rc\u00fcm\u0259l\u0259ri bu s\u00f6zl\u0259rl\u0259 ed\u0259nl\u0259r\u0259 d\u00f6vl\u0259t m\u00fckafatlar\u0131 verilir v\u0259 s. Heyran oldu\u011funuz t\u00fcrkiy\u0259c\u0259 bel\u0259 yaranm\u0131\u015fd\u0131r.\n<\/p>\n<p>\n  Do\u011fulan yeni n\u0259sill\u0259rin bir dili t\u00fcrkc\u0259 saymaqlar\u0131yla o dil d\u00f6n\u00fcb t\u00fcrkc\u0259 olmaz. H\u0259r bir dilin konvensional-texniki yol-n\u0259qliyyat ni\u015fanlar\u0131 kimi i\u015far\u0259l\u0259r toplusundan prinsipial f\u0259rqi vard\u0131r. Ayr\u0131-ayr\u0131 n\u0259sn\u0259l\u0259rin ad\u0131n\u0131 \u00f6z itin\u0259 ixtiyari ad se\u00e7\u0259rc\u0259sin\u0259 t\u0259sad\u00fcfi qura\u015fd\u0131rmaq, sonra da xalq\u0131 bu qurama dild\u0259 dan\u0131\u015fd\u0131rmaq olar; o dil asan v\u0259 rahat ola bil\u0259r, ancaq he\u00e7 vaxt do\u011fru\u00e7u m\u0259nada dil ola bilm\u0259z.\n<\/p>\n<p>\n  T\u00fcrkiy\u0259lil\u0259r biziml\u0259 eyni soydan ola, Az\u0259rbaycan d\u00f6vl\u0259tinin siyasi m\u00f6vqeyini orda-burda s\u0259sl\u0259ndir\u0259 bil\u0259rl\u0259r, az-\u00e7ox siyasi-h\u0259rbi m\u00fctt\u0259fiqlik d\u0259 ed\u0259 bil\u0259rik, T\u00fcrkiy\u0259d\u0259 m\u0259nim kimi ill\u0259rl\u0259 t\u0259hsil alm\u0131\u015f, dissertasiya yazm\u0131\u015f, bu dili h\u0259tta terminoloji s\u0259viyy\u0259d\u0259 \u00f6yr\u0259nmi\u015f d\u0259 ola bil\u0259rik, t\u00fcrkiy\u0259li \u00e7oxlu dostlar\u0131m\u0131z, ortaqlar\u0131m\u0131z da ola bil\u0259r, bildiyimiz yegan\u0259 xarici dil t\u00fcrkiy\u0259c\u0259 ola bil\u0259r, h\u0259tta t\u00fcrkiy\u0259c\u0259ni \u00e7ox sev\u0259 d\u0259 bil\u0259rik v\u0259 s. Ancaq b\u00fct\u00fcn bunlar Az\u0259rbaycan t\u00fcrkc\u0259sini t\u00fcrkiy\u0259c\u0259nin ayaqlar\u0131 alt\u0131na atmaq dem\u0259k olmamal\u0131d\u0131r.\n<\/p>\n<p>\n  <b><br \/>\n    5.<br \/>\n  <\/b><br \/>\n  <br \/>\n  Oxuma\u011f\u0131m \u00fc\u00e7\u00fcn m\u0259n\u0259 kitab adlar\u0131 sadalama\u011f\u0131ndan, bilik s\u0259viyy\u0259sind\u0259n v\u0259 yaz\u0131 s\u0259pkisind\u0259n yeniyetm\u0259 ya\u015flar\u0131nda oldu\u011funu duydu\u011fum bir n\u0259f\u0259r g\u00fcneyli dostumuz m\u0259n\u0259 cavab verm\u0259k \u00fc\u00e7\u00fcn bir m\u0259qal\u0259 yazm\u0131\u015fd\u0131r. G\u0259lin, onun dedikl\u0259rind\u0259n indilik ancaq birin\u0259 baxaq:\n<\/p>\n<p>\n  \u201cDo\u011fa s\u00f6z\u00fc h\u0259r \u015feyd\u0259n \u0259vv\u0259l, T\u00fcrk Dili Kurumu adlanan t\u0259\u015fkilat\u0131n uydurdu\u011fu s\u00f6z deyil\u201d deyir. Bu c\u00fcml\u0259d\u0259n sonra m\u00fc\u0259llifd\u0259n g\u00f6zl\u0259nil\u0259n \u201cdo\u011fa\u201d s\u00f6z\u00fcn\u00fcn i\u015fl\u0259nildiyi h\u0259min \u0259ski qaynaq(lar)\u0131n ad\u0131n\u0131 \u00e7\u0259km\u0259si idi. Ancaq o, bu s\u00f6z\u00fc hans\u0131 \u0259ski t\u00fcrkdilli qaynaqda g\u00f6rd\u00fcy\u00fcn\u00fc yazm\u0131r, yaza da bilm\u0259z, \u00e7\u00fcnki \u201cdo\u011fa\u201d s\u00f6z\u00fc \u0259ski t\u00fcrk dilinin he\u00e7 bir yaz\u0131l\u0131 qayna\u011f\u0131nda yoxdur! Sad\u0259c\u0259 olaraq, o, m\u0259lumats\u0131z oxucunu s\u00f6z duman\u0131 yaratmaq taktikas\u0131 il\u0259 aldatma\u011fa \u00e7al\u0131\u015f\u0131r. T\u00fcrkiy\u0259c\u0259nin apologetl\u0259rind\u0259n dil\u00e7i professor T.G\u00fclensoy yaz\u0131b: \u201cdo\u011fa\u201d s\u00f6z\u00fc T\u00fcrkiy\u0259 dil idar\u0259si t\u0259r\u0259find\u0259n 1935-ci ild\u0259 \u201cm\u0259zac\u201d (xarakter) m\u0259nas\u0131nda, 1942-ci ild\u0259 d\u0259 \u201ct\u0259bi\u0259t\u201d m\u0259nas\u0131nda t\u0259klif edilmi\u015fdir (Bax.: T\u00fcrkiye T\u00fcrk\u00e7esindeki T\u00fcrk\u00e7e S\u00f6zc\u00fcklerin K\u00f6ken Bilgisi, s\u0259h. 292. Ankara, 2007).\n<\/p>\n<p>\n  Do\u011f- (\u0259ski qaynaqlarda to\u011f-, tu\u011f- kimi formalarda) feil k\u00f6k\u00fc dilimizd\u0259 \u0259lb\u0259tt\u0259 vard\u0131r; feil k\u00f6k\u00fcnd\u0259n adlar d\u00fcz\u0259ld\u0259n -a, -\u0259 sonluqlar\u0131 dilimizd\u0259 \u0259lb\u0259tt\u0259 vard\u0131r, yara, \u00f6t\u0259 kimi s\u00f6zl\u0259r bu sonluqlarla yaran\u0131blar. M\u0259n bunlar\u0131 bilmir\u0259mmi?!\n<\/p>\n<p>\n  M\u0259n do\u011fa s\u00f6z\u00fcn\u00fcn semantik bax\u0131mdan yanl\u0131\u015fl\u0131\u011f\u0131n\u0131 iddia etmi\u015f\u0259m; do\u011fa s\u00f6z\u00fc n\u0259sn\u0259sin\u0259 (t\u0259bi\u0259t\u0259) adekvat deyildir, t\u0259bi\u0259td\u0259 h\u0259r \u015fey do\u011fmaz demi\u015f\u0259m; \u00fcst\u0259lik, do\u011fa s\u00f6z\u00fcn\u00fc yaradanlar t\u0259bi\u0259t s\u00f6z\u00fc qar\u015f\u0131l\u0131\u011f\u0131nda \u0259ski t\u00fcrkdilli qaynaqlarda tez-tez qar\u015f\u0131m\u0131za \u00e7\u0131xan s\u00f6z\u0259 bamba\u015fqa m\u0259na verm\u0259kl\u0259 ortal\u0131\u011fa bat\u0131r\u0131blar, demi\u015f\u0259m. \u00dcmumiyy\u0259tl\u0259, \u201ct\u0259bi\u0259t\u201d qar\u015f\u0131l\u0131\u011f\u0131nda yeni bir s\u00f6z\u00fcn yarad\u0131lmas\u0131 yanl\u0131\u015f olmu\u015fdur, demi\u015f\u0259m. \u00c7\u00fcnki nec\u0259 ola bil\u0259rdi ki, az qala b\u00fct\u00fcnl\u00fckl\u0259 \u201ct\u0259bi\u0259tsiz\u201d \u015f\u0259raitd\u0259 ya\u015fayan \u0259r\u0259b xalq\u0131 t\u0259bi\u0259t s\u00f6z\u00fcn\u00fc yarada bildi, ancaq y\u00fcz ill\u0259rl\u0259 Avrasiyan\u0131n \u0259n dol\u011fun t\u0259bi\u0259tind\u0259 ya\u015fam\u0131\u015f \u0259ski t\u00fcrkl\u0259r t\u0259bi\u0259t\u0259 ad qoya bilm\u0259dil\u0259r?!\n<\/p>\n<p>\n  Yeri g\u0259lmi\u015fk\u0259n, do\u011fa s\u00f6z\u00fc yanl\u0131\u015f oldu\u011fu \u00fc\u00e7\u00fcn, do\u011fal s\u00f6z\u00fc d\u0259 yanl\u0131\u015fd\u0131r.\n<\/p>\n<p>\n  (Ard\u0131 olacaq)\n<\/p>\n<p>\n  <b><br \/>\n    Yaz\u0131dak\u0131 fikirl\u0259r m\u00fc\u0259llif\u0259 m\u0259xsusdur v\u0259 onlara g\u00f6r\u0259 Meydan TV m\u0259suliyy\u0259t da\u015f\u0131m\u0131r.<br \/>\n  <\/b><\/p>\n","protected":false},"excerpt":{"rendered":"<p>Qul \u015f\u00fcurunda s\u00fcr\u00fcnd\u00fcy\u00fcn\u00fcz \u00fc\u00e7\u00fcn!<\/p>\n","protected":false},"author":11,"featured_media":25069,"comment_status":"closed","ping_status":"open","sticky":false,"template":"","format":"standard","meta":{"_acf_changed":false,"_sitemap_exclude":false,"_sitemap_priority":"","_sitemap_frequency":"","footnotes":""},"categories":[57],"tags":[],"class_list":["post-168047","post","type-post","status-publish","format-standard","has-post-thumbnail","hentry","category-menim-fikrimce","infinite-scroll-item","generate-columns","tablet-grid-50","mobile-grid-100","grid-parent","grid-33","no-featured-image-padding"],"acf":[],"yoast_head":"<!-- This site is optimized with the Yoast SEO plugin v27.5 - https:\/\/yoast.com\/product\/yoast-seo-wordpress\/ -->\n<title>Az\u0259rbaycanda k\u00fctl\u0259vi islam\u00e7\u0131la\u015fmadan sonra ikinci sosial d\u0259b - MEYDAN.TV<\/title>\n<meta name=\"robots\" content=\"index, follow, max-snippet:-1, max-image-preview:large, max-video-preview:-1\" \/>\n<link rel=\"canonical\" href=\"https:\/\/www.meydan.tv\/az\/article\/azerbaycanda-kutlevi-islamcilasmadan-sonra-ikinci-sosial-deb\/\" \/>\n<meta property=\"og:locale\" content=\"az_AZ\" \/>\n<meta property=\"og:type\" content=\"article\" \/>\n<meta property=\"og:title\" content=\"Az\u0259rbaycanda k\u00fctl\u0259vi islam\u00e7\u0131la\u015fmadan sonra ikinci sosial d\u0259b - MEYDAN.TV\" \/>\n<meta property=\"og:description\" content=\"Qul \u015f\u00fcurunda s\u00fcr\u00fcnd\u00fcy\u00fcn\u00fcz \u00fc\u00e7\u00fcn!\" \/>\n<meta property=\"og:url\" content=\"https:\/\/www.meydan.tv\/az\/article\/azerbaycanda-kutlevi-islamcilasmadan-sonra-ikinci-sosial-deb\/\" \/>\n<meta property=\"og:site_name\" content=\"MEYDAN.TV\" \/>\n<meta property=\"article:published_time\" content=\"2015-05-24T01:12:02+00:00\" \/>\n<meta property=\"og:image\" content=\"https:\/\/www.meydan.tv\/wp-content\/uploads\/9156.png\" \/>\n\t<meta property=\"og:image:width\" content=\"500\" \/>\n\t<meta property=\"og:image:height\" content=\"500\" \/>\n\t<meta property=\"og:image:type\" content=\"image\/png\" \/>\n<meta name=\"author\" content=\"user-manager\" \/>\n<meta name=\"twitter:card\" content=\"summary_large_image\" \/>\n<script type=\"application\/ld+json\" class=\"yoast-schema-graph\">{\"@context\":\"https:\\\/\\\/schema.org\",\"@graph\":[{\"@type\":\"Article\",\"@id\":\"https:\\\/\\\/www.meydan.tv\\\/az\\\/article\\\/azerbaycanda-kutlevi-islamcilasmadan-sonra-ikinci-sosial-deb\\\/#article\",\"isPartOf\":{\"@id\":\"https:\\\/\\\/www.meydan.tv\\\/az\\\/article\\\/azerbaycanda-kutlevi-islamcilasmadan-sonra-ikinci-sosial-deb\\\/\"},\"author\":{\"name\":\"user-manager\",\"@id\":\"https:\\\/\\\/www.meydan.tv\\\/az\\\/#\\\/schema\\\/person\\\/10d11eccf6da3662cf5fdab9806ea91a\"},\"headline\":\"Az\u0259rbaycanda k\u00fctl\u0259vi islam\u00e7\u0131la\u015fmadan sonra ikinci sosial d\u0259b\",\"datePublished\":\"2015-05-24T01:12:02+00:00\",\"mainEntityOfPage\":{\"@id\":\"https:\\\/\\\/www.meydan.tv\\\/az\\\/article\\\/azerbaycanda-kutlevi-islamcilasmadan-sonra-ikinci-sosial-deb\\\/\"},\"wordCount\":2584,\"publisher\":{\"@id\":\"https:\\\/\\\/www.meydan.tv\\\/az\\\/#organization\"},\"image\":{\"@id\":\"https:\\\/\\\/www.meydan.tv\\\/az\\\/article\\\/azerbaycanda-kutlevi-islamcilasmadan-sonra-ikinci-sosial-deb\\\/#primaryimage\"},\"thumbnailUrl\":\"https:\\\/\\\/www.meydan.tv\\\/wp-content\\\/uploads\\\/9156.png\",\"articleSection\":[\"M\u0259nim Fikrimc\u0259\"],\"inLanguage\":\"az\"},{\"@type\":\"WebPage\",\"@id\":\"https:\\\/\\\/www.meydan.tv\\\/az\\\/article\\\/azerbaycanda-kutlevi-islamcilasmadan-sonra-ikinci-sosial-deb\\\/\",\"url\":\"https:\\\/\\\/www.meydan.tv\\\/az\\\/article\\\/azerbaycanda-kutlevi-islamcilasmadan-sonra-ikinci-sosial-deb\\\/\",\"name\":\"Az\u0259rbaycanda k\u00fctl\u0259vi islam\u00e7\u0131la\u015fmadan sonra ikinci sosial d\u0259b - MEYDAN.TV\",\"isPartOf\":{\"@id\":\"https:\\\/\\\/www.meydan.tv\\\/az\\\/#website\"},\"primaryImageOfPage\":{\"@id\":\"https:\\\/\\\/www.meydan.tv\\\/az\\\/article\\\/azerbaycanda-kutlevi-islamcilasmadan-sonra-ikinci-sosial-deb\\\/#primaryimage\"},\"image\":{\"@id\":\"https:\\\/\\\/www.meydan.tv\\\/az\\\/article\\\/azerbaycanda-kutlevi-islamcilasmadan-sonra-ikinci-sosial-deb\\\/#primaryimage\"},\"thumbnailUrl\":\"https:\\\/\\\/www.meydan.tv\\\/wp-content\\\/uploads\\\/9156.png\",\"datePublished\":\"2015-05-24T01:12:02+00:00\",\"breadcrumb\":{\"@id\":\"https:\\\/\\\/www.meydan.tv\\\/az\\\/article\\\/azerbaycanda-kutlevi-islamcilasmadan-sonra-ikinci-sosial-deb\\\/#breadcrumb\"},\"inLanguage\":\"az\",\"potentialAction\":[{\"@type\":\"ReadAction\",\"target\":[\"https:\\\/\\\/www.meydan.tv\\\/az\\\/article\\\/azerbaycanda-kutlevi-islamcilasmadan-sonra-ikinci-sosial-deb\\\/\"]}]},{\"@type\":\"ImageObject\",\"inLanguage\":\"az\",\"@id\":\"https:\\\/\\\/www.meydan.tv\\\/az\\\/article\\\/azerbaycanda-kutlevi-islamcilasmadan-sonra-ikinci-sosial-deb\\\/#primaryimage\",\"url\":\"https:\\\/\\\/www.meydan.tv\\\/wp-content\\\/uploads\\\/9156.png\",\"contentUrl\":\"https:\\\/\\\/www.meydan.tv\\\/wp-content\\\/uploads\\\/9156.png\",\"width\":500,\"height\":500,\"caption\":\"Source:\"},{\"@type\":\"BreadcrumbList\",\"@id\":\"https:\\\/\\\/www.meydan.tv\\\/az\\\/article\\\/azerbaycanda-kutlevi-islamcilasmadan-sonra-ikinci-sosial-deb\\\/#breadcrumb\",\"itemListElement\":[{\"@type\":\"ListItem\",\"position\":1,\"name\":\"Ana s\u0259hif\u0259\",\"item\":\"https:\\\/\\\/www.meydan.tv\\\/az\\\/\"},{\"@type\":\"ListItem\",\"position\":2,\"name\":\"M\u0259nim Fikrimc\u0259\",\"item\":\"https:\\\/\\\/www.meydan.tv\\\/az\\\/section\\\/menim-fikrimce\\\/\"},{\"@type\":\"ListItem\",\"position\":3,\"name\":\"Az\u0259rbaycanda k\u00fctl\u0259vi islam\u00e7\u0131la\u015fmadan sonra ikinci sosial d\u0259b\"}]},{\"@type\":\"WebSite\",\"@id\":\"https:\\\/\\\/www.meydan.tv\\\/az\\\/#website\",\"url\":\"https:\\\/\\\/www.meydan.tv\\\/az\\\/\",\"name\":\"MEYDAN.TV\",\"description\":\"Meydan TV Az\u0259rbaycan\u0131n media m\u0259kan\u0131ndak\u0131 alternativ s\u0259sidir\",\"publisher\":{\"@id\":\"https:\\\/\\\/www.meydan.tv\\\/az\\\/#organization\"},\"potentialAction\":[{\"@type\":\"SearchAction\",\"target\":{\"@type\":\"EntryPoint\",\"urlTemplate\":\"https:\\\/\\\/www.meydan.tv\\\/az\\\/?s={search_term_string}\"},\"query-input\":{\"@type\":\"PropertyValueSpecification\",\"valueRequired\":true,\"valueName\":\"search_term_string\"}}],\"inLanguage\":\"az\"},{\"@type\":\"Organization\",\"@id\":\"https:\\\/\\\/www.meydan.tv\\\/az\\\/#organization\",\"name\":\"Meydan TV\",\"url\":\"https:\\\/\\\/www.meydan.tv\\\/az\\\/\",\"logo\":{\"@type\":\"ImageObject\",\"inLanguage\":\"az\",\"@id\":\"https:\\\/\\\/www.meydan.tv\\\/az\\\/#\\\/schema\\\/logo\\\/image\\\/\",\"url\":\"https:\\\/\\\/www.meydan.tv\\\/wp-content\\\/uploads\\\/2021\\\/07\\\/meydan-logo.svg\",\"contentUrl\":\"https:\\\/\\\/www.meydan.tv\\\/wp-content\\\/uploads\\\/2021\\\/07\\\/meydan-logo.svg\",\"width\":195,\"height\":46,\"caption\":\"Meydan TV\"},\"image\":{\"@id\":\"https:\\\/\\\/www.meydan.tv\\\/az\\\/#\\\/schema\\\/logo\\\/image\\\/\"}},{\"@type\":\"Person\",\"@id\":\"https:\\\/\\\/www.meydan.tv\\\/az\\\/#\\\/schema\\\/person\\\/10d11eccf6da3662cf5fdab9806ea91a\",\"name\":\"user-manager\"}]}<\/script>\n<!-- \/ Yoast SEO plugin. -->","yoast_head_json":{"title":"Az\u0259rbaycanda k\u00fctl\u0259vi islam\u00e7\u0131la\u015fmadan sonra ikinci sosial d\u0259b - MEYDAN.TV","robots":{"index":"index","follow":"follow","max-snippet":"max-snippet:-1","max-image-preview":"max-image-preview:large","max-video-preview":"max-video-preview:-1"},"canonical":"https:\/\/www.meydan.tv\/az\/article\/azerbaycanda-kutlevi-islamcilasmadan-sonra-ikinci-sosial-deb\/","og_locale":"az_AZ","og_type":"article","og_title":"Az\u0259rbaycanda k\u00fctl\u0259vi islam\u00e7\u0131la\u015fmadan sonra ikinci sosial d\u0259b - MEYDAN.TV","og_description":"Qul \u015f\u00fcurunda s\u00fcr\u00fcnd\u00fcy\u00fcn\u00fcz \u00fc\u00e7\u00fcn!","og_url":"https:\/\/www.meydan.tv\/az\/article\/azerbaycanda-kutlevi-islamcilasmadan-sonra-ikinci-sosial-deb\/","og_site_name":"MEYDAN.TV","article_published_time":"2015-05-24T01:12:02+00:00","og_image":[{"width":500,"height":500,"url":"https:\/\/www.meydan.tv\/wp-content\/uploads\/9156.png","type":"image\/png"}],"author":"user-manager","twitter_card":"summary_large_image","schema":{"@context":"https:\/\/schema.org","@graph":[{"@type":"Article","@id":"https:\/\/www.meydan.tv\/az\/article\/azerbaycanda-kutlevi-islamcilasmadan-sonra-ikinci-sosial-deb\/#article","isPartOf":{"@id":"https:\/\/www.meydan.tv\/az\/article\/azerbaycanda-kutlevi-islamcilasmadan-sonra-ikinci-sosial-deb\/"},"author":{"name":"user-manager","@id":"https:\/\/www.meydan.tv\/az\/#\/schema\/person\/10d11eccf6da3662cf5fdab9806ea91a"},"headline":"Az\u0259rbaycanda k\u00fctl\u0259vi islam\u00e7\u0131la\u015fmadan sonra ikinci sosial d\u0259b","datePublished":"2015-05-24T01:12:02+00:00","mainEntityOfPage":{"@id":"https:\/\/www.meydan.tv\/az\/article\/azerbaycanda-kutlevi-islamcilasmadan-sonra-ikinci-sosial-deb\/"},"wordCount":2584,"publisher":{"@id":"https:\/\/www.meydan.tv\/az\/#organization"},"image":{"@id":"https:\/\/www.meydan.tv\/az\/article\/azerbaycanda-kutlevi-islamcilasmadan-sonra-ikinci-sosial-deb\/#primaryimage"},"thumbnailUrl":"https:\/\/www.meydan.tv\/wp-content\/uploads\/9156.png","articleSection":["M\u0259nim Fikrimc\u0259"],"inLanguage":"az"},{"@type":"WebPage","@id":"https:\/\/www.meydan.tv\/az\/article\/azerbaycanda-kutlevi-islamcilasmadan-sonra-ikinci-sosial-deb\/","url":"https:\/\/www.meydan.tv\/az\/article\/azerbaycanda-kutlevi-islamcilasmadan-sonra-ikinci-sosial-deb\/","name":"Az\u0259rbaycanda k\u00fctl\u0259vi islam\u00e7\u0131la\u015fmadan sonra ikinci sosial d\u0259b - MEYDAN.TV","isPartOf":{"@id":"https:\/\/www.meydan.tv\/az\/#website"},"primaryImageOfPage":{"@id":"https:\/\/www.meydan.tv\/az\/article\/azerbaycanda-kutlevi-islamcilasmadan-sonra-ikinci-sosial-deb\/#primaryimage"},"image":{"@id":"https:\/\/www.meydan.tv\/az\/article\/azerbaycanda-kutlevi-islamcilasmadan-sonra-ikinci-sosial-deb\/#primaryimage"},"thumbnailUrl":"https:\/\/www.meydan.tv\/wp-content\/uploads\/9156.png","datePublished":"2015-05-24T01:12:02+00:00","breadcrumb":{"@id":"https:\/\/www.meydan.tv\/az\/article\/azerbaycanda-kutlevi-islamcilasmadan-sonra-ikinci-sosial-deb\/#breadcrumb"},"inLanguage":"az","potentialAction":[{"@type":"ReadAction","target":["https:\/\/www.meydan.tv\/az\/article\/azerbaycanda-kutlevi-islamcilasmadan-sonra-ikinci-sosial-deb\/"]}]},{"@type":"ImageObject","inLanguage":"az","@id":"https:\/\/www.meydan.tv\/az\/article\/azerbaycanda-kutlevi-islamcilasmadan-sonra-ikinci-sosial-deb\/#primaryimage","url":"https:\/\/www.meydan.tv\/wp-content\/uploads\/9156.png","contentUrl":"https:\/\/www.meydan.tv\/wp-content\/uploads\/9156.png","width":500,"height":500,"caption":"Source:"},{"@type":"BreadcrumbList","@id":"https:\/\/www.meydan.tv\/az\/article\/azerbaycanda-kutlevi-islamcilasmadan-sonra-ikinci-sosial-deb\/#breadcrumb","itemListElement":[{"@type":"ListItem","position":1,"name":"Ana s\u0259hif\u0259","item":"https:\/\/www.meydan.tv\/az\/"},{"@type":"ListItem","position":2,"name":"M\u0259nim Fikrimc\u0259","item":"https:\/\/www.meydan.tv\/az\/section\/menim-fikrimce\/"},{"@type":"ListItem","position":3,"name":"Az\u0259rbaycanda k\u00fctl\u0259vi islam\u00e7\u0131la\u015fmadan sonra ikinci sosial d\u0259b"}]},{"@type":"WebSite","@id":"https:\/\/www.meydan.tv\/az\/#website","url":"https:\/\/www.meydan.tv\/az\/","name":"MEYDAN.TV","description":"Meydan TV Az\u0259rbaycan\u0131n media m\u0259kan\u0131ndak\u0131 alternativ s\u0259sidir","publisher":{"@id":"https:\/\/www.meydan.tv\/az\/#organization"},"potentialAction":[{"@type":"SearchAction","target":{"@type":"EntryPoint","urlTemplate":"https:\/\/www.meydan.tv\/az\/?s={search_term_string}"},"query-input":{"@type":"PropertyValueSpecification","valueRequired":true,"valueName":"search_term_string"}}],"inLanguage":"az"},{"@type":"Organization","@id":"https:\/\/www.meydan.tv\/az\/#organization","name":"Meydan TV","url":"https:\/\/www.meydan.tv\/az\/","logo":{"@type":"ImageObject","inLanguage":"az","@id":"https:\/\/www.meydan.tv\/az\/#\/schema\/logo\/image\/","url":"https:\/\/www.meydan.tv\/wp-content\/uploads\/2021\/07\/meydan-logo.svg","contentUrl":"https:\/\/www.meydan.tv\/wp-content\/uploads\/2021\/07\/meydan-logo.svg","width":195,"height":46,"caption":"Meydan TV"},"image":{"@id":"https:\/\/www.meydan.tv\/az\/#\/schema\/logo\/image\/"}},{"@type":"Person","@id":"https:\/\/www.meydan.tv\/az\/#\/schema\/person\/10d11eccf6da3662cf5fdab9806ea91a","name":"user-manager"}]}},"_links":{"self":[{"href":"https:\/\/www.meydan.tv\/az\/wp-json\/wp\/v2\/posts\/168047","targetHints":{"allow":["GET"]}}],"collection":[{"href":"https:\/\/www.meydan.tv\/az\/wp-json\/wp\/v2\/posts"}],"about":[{"href":"https:\/\/www.meydan.tv\/az\/wp-json\/wp\/v2\/types\/post"}],"author":[{"embeddable":true,"href":"https:\/\/www.meydan.tv\/az\/wp-json\/wp\/v2\/users\/11"}],"replies":[{"embeddable":true,"href":"https:\/\/www.meydan.tv\/az\/wp-json\/wp\/v2\/comments?post=168047"}],"version-history":[{"count":0,"href":"https:\/\/www.meydan.tv\/az\/wp-json\/wp\/v2\/posts\/168047\/revisions"}],"wp:featuredmedia":[{"embeddable":true,"href":"https:\/\/www.meydan.tv\/az\/wp-json\/wp\/v2\/media\/25069"}],"wp:attachment":[{"href":"https:\/\/www.meydan.tv\/az\/wp-json\/wp\/v2\/media?parent=168047"}],"wp:term":[{"taxonomy":"category","embeddable":true,"href":"https:\/\/www.meydan.tv\/az\/wp-json\/wp\/v2\/categories?post=168047"},{"taxonomy":"post_tag","embeddable":true,"href":"https:\/\/www.meydan.tv\/az\/wp-json\/wp\/v2\/tags?post=168047"}],"curies":[{"name":"wp","href":"https:\/\/api.w.org\/{rel}","templated":true}]}}