{"id":168045,"date":"2015-05-23T23:25:42","date_gmt":"2015-05-23T23:25:42","guid":{"rendered":"https:\/\/www.meydan.tv\/article\/natiq-ceferli-bmm-hetta-milli-suraya-yer-verir-bize-yox\/"},"modified":"2015-05-23T23:25:42","modified_gmt":"2015-05-23T23:25:42","slug":"natiq-ceferli-bmm-hetta-milli-suraya-yer-verir-bize-yox","status":"publish","type":"post","link":"https:\/\/www.meydan.tv\/az\/article\/natiq-ceferli-bmm-hetta-milli-suraya-yer-verir-bize-yox\/","title":{"rendered":"Natiq C\u0259f\u0259rli: &#8220;BMM h\u0259tta Milli \u015euraya yer verir, biz\u0259 yox&#8221;"},"content":{"rendered":"<figure class=\"wp-block-image size-large\">\n  <img decoding=\"async\" src=\"https:\/\/www.meydan.tv\/az\/25048\/\" alt=\"\" class=\"wp-image-25048\"\/><figcaption><\/figcaption><\/figure>\n<figure class=\"wp-block-image size-large\">\n  <img decoding=\"async\" src=\"https:\/\/www.meydan.tv\/az\/25048\/\" alt=\"\" class=\"wp-image-25048\"\/><figcaption><\/figcaption><\/figure>\n<blockquote><p>\n  \u201cG\u00f6r\u0259s\u0259n prezidentin x\u0259b\u0259ri var ki, komandas\u0131n\u0131n \u00fczvl\u0259ri bir-birini t\u0259kzib etm\u0259kl\u0259 m\u0259\u015f\u011fuldurlar?!\u201d\u201cAz\u0259rbaycanda idar\u0259etm\u0259 modelinin nec\u0259 zay olmas\u0131, art\u0131q he\u00e7 kim\u0259 sirr deyil. \u0130nki\u015faf modell\u0259ri, sistem probleml\u0259ri haqq\u0131nda ill\u0259rdir \u0259n \u00e7ox dan\u0131\u015fan, yazan t\u0259\u015fkilat REAL H\u0259r\u0259kat\u0131d\u0131r. Ad\u0131m\u0131z\u0131 \u00e7\u0259km\u0259s\u0259l\u0259r d\u0259, son zamanlar hakimiyy\u0259t v\u0259 h\u00f6kum\u0259t n\u00fcmay\u0259nd\u0259l\u0259ri tez-tez bizim m\u00f6vzulara cavab verm\u0259y\u0259 \u00e7al\u0131\u015f\u0131rlar. Lak\u0131n o q\u0259d\u0259r savad sar\u0131dan probleml\u0259ri var ki, bir-birl\u0259rini t\u0259kzib edirl\u0259r\u201d.Bu fikirl\u0259r REAL \u0130dar\u0259 Hey\u0259tinin \u00fczv\u00fc, iqtisad\u00e7\u0131 Natiq C\u0259f\u0259rliy\u0259 m\u0259xsusdur.O, Facebook s\u0259hif\u0259sind\u0259 maliyy\u0259 naziri Samir \u015e\u0259rifovun may\u0131n 3-d\u0259 verdiyi \u201cAz\u0259rbaycan yeni ink\u015faf modell\u0259rini axtar\u0131r\u201d (http:\/\/arxiv.az\/az\/az.trend.az\/45342042Samir+Sherifov:+Azerbaycan+10+il+erzinde+iqtisadi+inkshafin+modelini+deyishdirmeyi+planlashdirir) fikrini xat\u0131rladaraq, 19 g\u00fcn sonra, may\u0131n 22-d\u0259 prezidentin ictimai-siyasi m\u0259s\u0259l\u0259l\u0259r \u00fczr\u0259 k\u00f6m\u0259k\u00e7isi \u018fli H\u0259s\u0259novun \u201cAz\u0259rbaycan \u00f6z\u00fcn\u00fcn yeni inki\u015faf modelini yarad\u0131b v\u0259 rasional t\u0259cr\u00fcb\u0259 kimi onu b\u00fct\u00fcn d\u00fcnyaya t\u0259qdim edib\u201d (http:\/\/news.lent.az\/news\/203569) a\u00e7\u0131qlamas\u0131n\u0131 yada sal\u0131b: \u201cMaliyy\u0259 Nazirini prezidentin k\u00f6m\u0259k\u00e7isi t\u0259kzib edir, dem\u0259li, \u201cPenoplast v\u0259 M\u0259rm\u0259r S\u0259ki\u201d modelin\u0259 davam etm\u0259k ist\u0259yirl\u0259r. Daha n\u0259 q\u0259d\u0259r faci\u0259l\u0259r, iqtisadi t\u0259lat\u00fcml\u0259r ba\u015f verm\u0259lidir ki, hakimiyy\u0259t s\u0259mimi \u015f\u0259kild\u0259 \u00e7\u0131x\u0131b: \u201cBiz b\u00f6y\u00fck s\u0259hvl\u0259r etdik, bizi ba\u011f\u0131\u015flay\u0131n, biz\u0259 k\u00f6m\u0259k edin, v\u0259t\u0259nimizi g\u0259l\u0259c\u0259k faci\u0259l\u0259rd\u0259n, iqtisadi \u00e7\u00f6k\u00fc\u015fd\u0259n xilas ed\u0259k\u201d, desin?! G\u00f6r\u0259s\u0259n prezidentin x\u0259b\u0259ri var ki, komandas\u0131n\u0131n \u00fczvl\u0259ri bir-birini t\u0259kzib etm\u0259kl\u0259 m\u0259\u015f\u011fuldurlar?!\u201dNatiq C\u0259f\u0259rli REAL H\u0259r\u0259kat\u0131n\u0131n son 1 ayda BMM-\u0259, 5 otel\u0259 t\u0259dbir ke\u00e7irm\u0259k \u00fc\u00e7\u00fcn m\u00fcraci\u0259t etdiyini, lakin r\u0259dd cavab\u0131 ald\u0131qlar\u0131n\u0131 qeyd edib: \u201cBMM-\u0259\u00a0dedik ki, g\u00fcn\u00fc d\u0259, saat\u0131 da siz t\u0259yin edin, siz\u0259 hans\u0131 zaman uy\u011fundur deyin, t\u0259dbirimizi ke\u00e7ir\u0259k, imtina etdil\u0259r.\u00a0H\u0259tta Milli \u015euraya bu ay 2 d\u0259f\u0259 yer verdil\u0259r, biz\u0259 yox. Sizc\u0259, niy\u0259?! D\u00fc\u015f\u00fcn\u0259k, bu sual\u0131n da cavab\u0131n\u0131 birlikd\u0259 tapma\u011fa \u00e7al\u0131\u015faq&#8230;\u201d.\n<\/p><\/blockquote>\n","protected":false},"excerpt":{"rendered":"<p>\u201cG\u00f6r\u0259s\u0259n prezidentin x\u0259b\u0259ri var ki, komandas\u0131n\u0131n \u00fczvl\u0259ri bir-birini t\u0259kzib etm\u0259kl\u0259 m\u0259\u015f\u011fuldurlar?!\u201d<\/p>\n","protected":false},"author":11,"featured_media":25048,"comment_status":"closed","ping_status":"open","sticky":false,"template":"","format":"standard","meta":{"_acf_changed":false,"_sitemap_exclude":false,"_sitemap_priority":"","_sitemap_frequency":"","footnotes":""},"categories":[56],"tags":[],"class_list":["post-168045","post","type-post","status-publish","format-standard","has-post-thumbnail","hentry","category-xeberler","infinite-scroll-item","generate-columns","tablet-grid-50","mobile-grid-100","grid-parent","grid-33","no-featured-image-padding"],"acf":[],"yoast_head":"<!-- This site is optimized with the Yoast SEO plugin v28.4 - https:\/\/yoast.com\/product\/yoast-seo-wordpress\/ -->\n<title>Natiq C\u0259f\u0259rli: &quot;BMM h\u0259tta Milli \u015euraya yer verir, biz\u0259 yox&quot; - MEYDAN.TV<\/title>\n<meta name=\"robots\" content=\"index, follow, max-snippet:-1, max-image-preview:large, max-video-preview:-1\" \/>\n<link rel=\"canonical\" href=\"https:\/\/www.meydan.tv\/az\/article\/natiq-ceferli-bmm-hetta-milli-suraya-yer-verir-bize-yox\/\" \/>\n<meta property=\"og:locale\" content=\"az_AZ\" \/>\n<meta property=\"og:type\" content=\"article\" \/>\n<meta property=\"og:title\" content=\"Natiq C\u0259f\u0259rli: &quot;BMM h\u0259tta Milli \u015euraya yer verir, biz\u0259 yox&quot; - MEYDAN.TV\" \/>\n<meta property=\"og:description\" content=\"\u201cG\u00f6r\u0259s\u0259n prezidentin x\u0259b\u0259ri var ki, komandas\u0131n\u0131n \u00fczvl\u0259ri bir-birini t\u0259kzib etm\u0259kl\u0259 m\u0259\u015f\u011fuldurlar?!\u201d\" \/>\n<meta property=\"og:url\" content=\"https:\/\/www.meydan.tv\/az\/article\/natiq-ceferli-bmm-hetta-milli-suraya-yer-verir-bize-yox\/\" \/>\n<meta property=\"og:site_name\" content=\"MEYDAN.TV\" \/>\n<meta property=\"article:published_time\" content=\"2015-05-23T23:25:42+00:00\" \/>\n<meta property=\"og:image\" content=\"https:\/\/www.meydan.tv\/wp-content\/uploads\/9155.jpg\" \/>\n\t<meta property=\"og:image:width\" content=\"389\" \/>\n\t<meta property=\"og:image:height\" content=\"300\" \/>\n\t<meta property=\"og:image:type\" content=\"image\/jpeg\" \/>\n<meta name=\"twitter:card\" content=\"summary_large_image\" \/>\n<!-- \/ Yoast SEO plugin. -->","yoast_head_json":{"title":"Natiq C\u0259f\u0259rli: \"BMM h\u0259tta Milli \u015euraya yer verir, biz\u0259 yox\" - MEYDAN.TV","robots":{"index":"index","follow":"follow","max-snippet":"max-snippet:-1","max-image-preview":"max-image-preview:large","max-video-preview":"max-video-preview:-1"},"canonical":"https:\/\/www.meydan.tv\/az\/article\/natiq-ceferli-bmm-hetta-milli-suraya-yer-verir-bize-yox\/","og_locale":"az_AZ","og_type":"article","og_title":"Natiq C\u0259f\u0259rli: \"BMM h\u0259tta Milli \u015euraya yer verir, biz\u0259 yox\" - MEYDAN.TV","og_description":"\u201cG\u00f6r\u0259s\u0259n prezidentin x\u0259b\u0259ri var ki, komandas\u0131n\u0131n \u00fczvl\u0259ri bir-birini t\u0259kzib etm\u0259kl\u0259 m\u0259\u015f\u011fuldurlar?!\u201d","og_url":"https:\/\/www.meydan.tv\/az\/article\/natiq-ceferli-bmm-hetta-milli-suraya-yer-verir-bize-yox\/","og_site_name":"MEYDAN.TV","article_published_time":"2015-05-23T23:25:42+00:00","og_image":[{"width":389,"height":300,"url":"https:\/\/www.meydan.tv\/wp-content\/uploads\/9155.jpg","type":"image\/jpeg"}],"twitter_card":"summary_large_image","schema":{"@context":"https:\/\/schema.org","@graph":[{"@type":"Article","@id":"https:\/\/www.meydan.tv\/az\/article\/natiq-ceferli-bmm-hetta-milli-suraya-yer-verir-bize-yox\/#article","isPartOf":{"@id":"https:\/\/www.meydan.tv\/az\/article\/natiq-ceferli-bmm-hetta-milli-suraya-yer-verir-bize-yox\/"},"author":{"name":"user-manager","@id":"https:\/\/www.meydan.tv\/az\/#\/schema\/person\/10d11eccf6da3662cf5fdab9806ea91a"},"headline":"Natiq C\u0259f\u0259rli: &#8220;BMM h\u0259tta Milli \u015euraya yer verir, biz\u0259 yox&#8221;","datePublished":"2015-05-23T23:25:42+00:00","mainEntityOfPage":{"@id":"https:\/\/www.meydan.tv\/az\/article\/natiq-ceferli-bmm-hetta-milli-suraya-yer-verir-bize-yox\/"},"wordCount":434,"publisher":{"@id":"https:\/\/www.meydan.tv\/az\/#organization"},"image":{"@id":"https:\/\/www.meydan.tv\/az\/article\/natiq-ceferli-bmm-hetta-milli-suraya-yer-verir-bize-yox\/#primaryimage"},"thumbnailUrl":"https:\/\/www.meydan.tv\/wp-content\/uploads\/9155.jpg","articleSection":["X\u0259b\u0259rl\u0259r"],"inLanguage":"az"},{"@type":"WebPage","@id":"https:\/\/www.meydan.tv\/az\/article\/natiq-ceferli-bmm-hetta-milli-suraya-yer-verir-bize-yox\/","url":"https:\/\/www.meydan.tv\/az\/article\/natiq-ceferli-bmm-hetta-milli-suraya-yer-verir-bize-yox\/","name":"Natiq C\u0259f\u0259rli: \"BMM h\u0259tta Milli \u015euraya yer verir, biz\u0259 yox\" - MEYDAN.TV","isPartOf":{"@id":"https:\/\/www.meydan.tv\/az\/#website"},"primaryImageOfPage":{"@id":"https:\/\/www.meydan.tv\/az\/article\/natiq-ceferli-bmm-hetta-milli-suraya-yer-verir-bize-yox\/#primaryimage"},"image":{"@id":"https:\/\/www.meydan.tv\/az\/article\/natiq-ceferli-bmm-hetta-milli-suraya-yer-verir-bize-yox\/#primaryimage"},"thumbnailUrl":"https:\/\/www.meydan.tv\/wp-content\/uploads\/9155.jpg","datePublished":"2015-05-23T23:25:42+00:00","breadcrumb":{"@id":"https:\/\/www.meydan.tv\/az\/article\/natiq-ceferli-bmm-hetta-milli-suraya-yer-verir-bize-yox\/#breadcrumb"},"inLanguage":"az","potentialAction":[{"@type":"ReadAction","target":["https:\/\/www.meydan.tv\/az\/article\/natiq-ceferli-bmm-hetta-milli-suraya-yer-verir-bize-yox\/"]}]},{"@type":"ImageObject","inLanguage":"az","@id":"https:\/\/www.meydan.tv\/az\/article\/natiq-ceferli-bmm-hetta-milli-suraya-yer-verir-bize-yox\/#primaryimage","url":"https:\/\/www.meydan.tv\/wp-content\/uploads\/9155.jpg","contentUrl":"https:\/\/www.meydan.tv\/wp-content\/uploads\/9155.jpg","width":389,"height":300,"caption":"Source:"},{"@type":"BreadcrumbList","@id":"https:\/\/www.meydan.tv\/az\/article\/natiq-ceferli-bmm-hetta-milli-suraya-yer-verir-bize-yox\/#breadcrumb","itemListElement":[{"@type":"ListItem","position":1,"name":"Ana s\u0259hif\u0259","item":"https:\/\/www.meydan.tv\/az\/"},{"@type":"ListItem","position":2,"name":"X\u0259b\u0259rl\u0259r","item":"https:\/\/www.meydan.tv\/az\/section\/xeberler\/"},{"@type":"ListItem","position":3,"name":"Natiq C\u0259f\u0259rli: &#8220;BMM h\u0259tta Milli \u015euraya yer verir, biz\u0259 yox&#8221;"}]},{"@type":"WebSite","@id":"https:\/\/www.meydan.tv\/az\/#website","url":"https:\/\/www.meydan.tv\/az\/","name":"MEYDAN.TV","description":"Meydan TV Az\u0259rbaycan\u0131n media m\u0259kan\u0131ndak\u0131 alternativ s\u0259sidir","publisher":{"@id":"https:\/\/www.meydan.tv\/az\/#organization"},"potentialAction":[{"@type":"SearchAction","target":{"@type":"EntryPoint","urlTemplate":"https:\/\/www.meydan.tv\/az\/?s={search_term_string}"},"query-input":{"@type":"PropertyValueSpecification","valueRequired":true,"valueName":"search_term_string"}}],"inLanguage":"az"},{"@type":"Organization","@id":"https:\/\/www.meydan.tv\/az\/#organization","name":"Meydan TV","url":"https:\/\/www.meydan.tv\/az\/","logo":{"@type":"ImageObject","inLanguage":"az","@id":"https:\/\/www.meydan.tv\/az\/#\/schema\/logo\/image\/","url":"https:\/\/www.meydan.tv\/wp-content\/uploads\/2021\/07\/meydan-logo.svg","contentUrl":"https:\/\/www.meydan.tv\/wp-content\/uploads\/2021\/07\/meydan-logo.svg","width":195,"height":46,"caption":"Meydan TV"},"image":{"@id":"https:\/\/www.meydan.tv\/az\/#\/schema\/logo\/image\/"}},{"@type":"Person","@id":"https:\/\/www.meydan.tv\/az\/#\/schema\/person\/10d11eccf6da3662cf5fdab9806ea91a","name":"user-manager"}]}},"_links":{"self":[{"href":"https:\/\/www.meydan.tv\/az\/wp-json\/wp\/v2\/posts\/168045","targetHints":{"allow":["GET"]}}],"collection":[{"href":"https:\/\/www.meydan.tv\/az\/wp-json\/wp\/v2\/posts"}],"about":[{"href":"https:\/\/www.meydan.tv\/az\/wp-json\/wp\/v2\/types\/post"}],"author":[{"embeddable":true,"href":"https:\/\/www.meydan.tv\/az\/wp-json\/wp\/v2\/users\/11"}],"replies":[{"embeddable":true,"href":"https:\/\/www.meydan.tv\/az\/wp-json\/wp\/v2\/comments?post=168045"}],"version-history":[{"count":0,"href":"https:\/\/www.meydan.tv\/az\/wp-json\/wp\/v2\/posts\/168045\/revisions"}],"wp:featuredmedia":[{"embeddable":true,"href":"https:\/\/www.meydan.tv\/az\/wp-json\/wp\/v2\/media\/25048"}],"wp:attachment":[{"href":"https:\/\/www.meydan.tv\/az\/wp-json\/wp\/v2\/media?parent=168045"}],"wp:term":[{"taxonomy":"category","embeddable":true,"href":"https:\/\/www.meydan.tv\/az\/wp-json\/wp\/v2\/categories?post=168045"},{"taxonomy":"post_tag","embeddable":true,"href":"https:\/\/www.meydan.tv\/az\/wp-json\/wp\/v2\/tags?post=168045"}],"curies":[{"name":"wp","href":"https:\/\/api.w.org\/{rel}","templated":true}]}}