{"id":168044,"date":"2015-05-23T21:47:19","date_gmt":"2015-05-23T21:47:19","guid":{"rendered":"https:\/\/www.meydan.tv\/article\/damy-i-gospoda-my-gorim\/"},"modified":"2015-05-23T21:47:19","modified_gmt":"2015-05-23T21:47:19","slug":"damy-i-gospoda-my-gorim","status":"publish","type":"post","link":"https:\/\/www.meydan.tv\/az\/article\/damy-i-gospoda-my-gorim\/","title":{"rendered":"\u0414\u0430\u043c\u044b \u0438 \u0433\u043e\u0441\u043f\u043e\u0434\u0430, \u043c\u044b \u0433\u043e\u0440\u0438\u043c!"},"content":{"rendered":"<figure class=\"wp-block-image size-large\">\n  <img decoding=\"async\" src=\"https:\/\/www.meydan.tv\/az\/24990\/\" alt=\"\" class=\"wp-image-24990\"\/><figcaption><\/figcaption><\/figure>\n<p>\n  D\u0259h\u015f\u0259tin 3-c\u00fc g\u00fcn\u00fcn\u00fc d\u0259 ya\u015fad\u0131q. B\u00fct\u00fcn bu g\u00fcnl\u0259rd\u0259 beynimd\u0259 Mozart\u2019\u0131n \u00f6l\u00fcm\u00fcnd\u0259n bir q\u0259d\u0259r \u00f6nc\u0259 q\u0259l\u0259m\u0259 ald\u0131\u011f\u0131 Requiem\u2019d\u0259, c\u0259h\u0259nn\u0259min sanki allegorik ifad\u0259si olan d\u0259h\u015f\u0259tli 3-c\u00fc hiss\u0259sinin 5-ci b\u00f6l\u00fcm\u00fc \u2013<br \/>\n  <i><br \/>\n    Confutatis maledictis flammis acribus addictis<br \/>\n  <\/i><br \/>\n  (\u201cS\u0259rh\u0259ddsiz odlara m\u0259hkum edilmi\u015fl\u0259r\u201d) xoru s\u0259sl\u0259nirdi&#8230;\n<\/p>\n<p>\n  Bak\u0131n\u0131n otras\u0131ndak\u0131 bu \u0259n b\u00f6y\u00fck v\u0259 faic\u0259li m\u0259\u015f\u0259lin simvolik m\u0259nas\u0131 \u00e7ox d\u0259rindir, bu haqda G\u00fcnel art\u0131q<br \/>\n  <i><br \/>\n    <b><br \/>\n      <a href=\"\/az\/article\/xalqin-balasini-niye-yandirirsiniz\/\"><br \/>\n        yazm\u0131\u015fd\u0131<br \/>\n      <\/a><br \/>\n      .<br \/>\n    <\/b><br \/>\n  <\/i><br \/>\n  Bu faci\u0259li m\u0259\u015f\u0259lin i\u015f\u0131\u011f\u0131nda, hans\u0131 qurbanlar bahas\u0131na kiml\u0259rin sif\u0259tl\u0259ri nec\u0259 i\u015f\u0131qland\u0131, nec\u0259 yand\u0131, nec\u0259 k\u00fcl\u0259 d\u00f6nd\u00fc, hans\u0131 qaranl\u0131qlar i\u015f\u0131qland\u0131, sanki lap m\u0259\u015fhur misralarda deyildiyi kimi:<br \/>\n  <i><br \/>\n    \u201cQ\u0259fil g\u00fcn do\u011fsa bir gec\u0259, d\u00fcnya d\u00fcm a\u011f i\u015f\u0131qlansa&#8230;<br \/>\n  <\/i><br \/>\n  <i><br \/>\n    Min-min gizli g\u00fcnah g\u00f6rs\u0259k, \u00fcst\u00fcn\u00fc \u00f6rt\u0259 bilm\u0259s\u0259, bu d\u00fcnyan\u0131 \u00e7\u0131lpaq g\u00f6rs\u0259k, ba\u015f\u0131m\u0131za hava g\u0259l\u0259r, a\u011fl\u0131m\u0131z \u00e7a\u015far b\u0259lk\u0259 d\u0259.\u201d<br \/>\n  <\/i>\n<\/p>\n<p>\n  G\u00f6r\u0259s\u0259n bundan sonra da kiml\u0259r\u0259s\u0259, n\u0259l\u0259ris\u0259 s\u00fcbut etm\u0259k laz\u0131md\u0131rm\u0131? \u018fg\u0259r laz\u0131md\u0131rsa, g\u00f6r\u0259s\u0259n daha nec\u0259 v\u0259 ne\u00e7\u0259 m\u0259\u015f\u0259ll\u0259rin yanmas\u0131, ne\u00e7\u0259 v\u0259 nec\u0259 qurbanlar\u0131n verilm\u0259si laz\u0131md\u0131r b\u00fct\u00fcn qaranl\u0131qlar\u0131n ayd\u0131nl\u0131qlara \u00e7\u0131xmas\u0131 \u00fc\u00e7\u00fcn?..\n<\/p>\n<p>\n  Bu misilsiz faic\u0259 fonunda, g\u00f6zl\u0259rimiz \u00f6n\u00fcnd\u0259 ba\u015f ver\u0259n ictimai m\u0259zh\u0259k\u0259l\u0259ri g\u00f6r\u0259nd\u0259 xatirim\u0259 ist\u0259r-ist\u0259m\u0259z 2009-cu ilin dekabr\u0131nda Rusiyada, Perm \u015f\u0259h\u0259rind\u0259ki \u201c\u0425\u0440\u043e\u043c\u0430\u044f \u043b\u043e\u0448\u0430\u0434\u044c\u201d (\u201cAxsaq at\u201d) klubundak\u0131 yan\u011f\u0131n g\u0259lir. O zaman bu d\u0259h\u015f\u0259tli faci\u0259d\u0259 156 insan m\u0259hv olmu\u015f, 234 n\u0259f\u0259r a\u011f\u0131r x\u0259sar\u0259t alm\u0131\u015fd\u0131. Qurbanlar\u0131n bu q\u0259d\u0259r \u00e7ox olmas\u0131 klubdak\u0131 evakuasiya problemi il\u0259 ba\u011fl\u0131 olmu\u015fdu. M\u0259s\u0259l\u0259 buras\u0131nda idi ki, orada yan\u011f\u0131n ba\u015flayanda, klubun apar\u0131c\u0131s\u0131, yerli ulduz olan m\u0259zh\u0259k\u0259\u00e7i-\u015foumen d\u0259h\u015f\u0259t i\u00e7ind\u0259 \u201c\u0414\u0430\u043c\u044b \u0438 \u0433\u043e\u0441\u043f\u043e\u0434\u0430, \u043c\u044b \u0433\u043e\u0440\u0438\u043c!\u201d (\u201cXan\u0131mlar v\u0259 c\u0259nablar, biz yan\u0131r\u0131q!\u201d) q\u0131\u015fq\u0131randa bunu i\u00e7\u0259rid\u0259 \u0259yl\u0259n\u0259n v\u0259 q\u0259rs ed\u0259n k\u00fctl\u0259 onun n\u00f6vb\u0259ti zarafat\u0131 kimi q\u0259bul ed\u0259r\u0259k g\u00fcl\u00fc\u015f v\u0259 fit s\u0259sl\u0259ri il\u0259 m\u00fc\u015faiy\u0259t etmi\u015fdi, bu s\u00f6zl\u0259rin h\u0259qiqiliyi is\u0259 bir kims\u0259nin a\u011fl\u0131na g\u0259lm\u0259diyind\u0259n sonrak\u0131 \u00e7axna\u015fmada b\u00f6y\u00fck insan t\u0259lafat\u0131 ba\u015f vermi\u015fdi.\n<\/p>\n<p>\n  O zaman bu ifad\u0259 sanki alleqorik bir obraz kimi xatir\u0259md\u0259 qald\u0131 \u2013 \u201c\u0414\u0430\u043c\u044b \u0438 \u0433\u043e\u0441\u043f\u043e\u0434\u0430, \u043c\u044b \u0433\u043e\u0440\u0438\u043c!\u201d\n<\/p>\n<p>\n  D\u00fcn\u0259n d\u0259 ba\u015fqa bir x\u0259b\u0259r g\u0259ldi ki, bunlar (ba\u015f ver\u0259n iclaslar-m\u00fc\u015favir\u0259l\u0259r) he\u00e7 d\u0259 bo\u015funa deyilmi\u015f, sonunda \u00e7ox b\u00f6y\u00fck n\u0259tic\u0259 hasil olunub, n\u0259hay\u0259t ki, \u0259dal\u0259t z\u0259f\u0259r \u00e7al\u0131b \u2013 72 sayl\u0131 m\u0259nzil-kommunal istismar sah\u0259sinin r\u0259isi Nizami Orucov bar\u0259sind\u0259\u00a0 4 ay m\u00fcdd\u0259tin\u0259 h\u0259bs q\u0259timkan t\u0259dbiri se\u00e7ilib. Sosial \u015f\u0259b\u0259k\u0259l\u0259rd\u0259 bunu m\u00fczakir\u0259 ed\u0259n insanlarsa bilmir g\u00fcls\u00fcn, yoxsa a\u011flas\u0131n.\n<\/p>\n<figure class=\"wp-block-embed is-type-video is-provider-youtube wp-block-embed-youtube wp-embed-aspect-16-9 wp-has-aspect-ratio\">\n<div class=\"wp-block-embed__wrapper\">\n    <iframe\ttitle=\"\" width=\"1200\" height=\"675\" data-src=\"https:\/\/www.youtube.com\/embed\/watch?v=bz0po_-0Zig\"\tframeborder=\"0\"\tallow=\"accelerometer; autoplay; clipboard-write; encrypted-media; gyroscope; picture-in-picture\" allowfullscreen src=\"data:image\/svg+xml;base64,PHN2ZyB3aWR0aD0iMSIgaGVpZ2h0PSIxIiB4bWxucz0iaHR0cDovL3d3dy53My5vcmcvMjAwMC9zdmciPjwvc3ZnPg==\" class=\"lazyload\" data-load-mode=\"1\"><\/iframe>\n  <\/div><figcaption><\/figcaption><\/figure>\n<p>\n  Amma \u0259slin\u0259 qalsa, b\u00fct\u00fcn ba\u015f ver\u0259n iclaslar, m\u00fc\u015favir\u0259l\u0259r, \u201crazborkalar\u201d n\u0259tic\u0259sind\u0259 h\u0259bs edil\u0259n jek m\u00fcdiri m\u0259s\u0259l\u0259sin\u0259 \u00e7ox da istehza il\u0259 yana\u015fmaq \u0259b\u0259sdir. \u201cJek m\u00fcdiri\u201d \u0259slind\u0259 bizim c\u0259miyy\u0259tin arxetipik \u00fcmumil\u0259\u015fdirilmi\u015f obraz\u0131d\u0131r. Bu \u00f6lk\u0259d\u0259 ist\u0259nil\u0259n sah\u0259d\u0259 \u00f6z\u00fcn\u00fcn \u201cjek m\u00fcdiri\u201d var. Az qala b\u00fct\u00fcn sosial liftl\u0259rin hermetik qapal\u0131l\u0131\u011f\u0131 \u015f\u0259raitind\u0259 k\u00fctl\u0259vi sur\u0259td\u0259 bo\u011fulma simptomlar\u0131 ke\u00e7ir\u0259n c\u0259miyy\u0259tin b\u00fct\u00fcn t\u0259b\u0259q\u0259l\u0259rinin n\u00fcmay\u0259nd\u0259l\u0259rinin ekzistansial v\u0259 yegan\u0259 \u00e7\u0131x\u0131\u015f yolunu m\u0259mur olmaqda g\u00f6rm\u0259si \u0259sla t\u0259\u0259cc\u00fcbl\u00fc deyil. El\u0259 bu s\u0259b\u0259bd\u0259n d\u0259 bu toplumun b\u00fct\u00fcn m\u0259rt\u0259b\u0259l\u0259ri v\u0259 ist\u0259nil\u0259n sah\u0259si oran\u0131n \u00f6z \u201cjek m\u00fcdirl\u0259ri\u201d il\u0259 doludur. Ba\u015f ver\u0259n faci\u0259nin miqyas\u0131 v\u0259 onun qar\u015f\u0131lanmas\u0131 da, \u0259n y\u00fcks\u0259k v\u0259zif\u0259l\u0259rd\u0259 oturanlardan \u00fcz\u00fc a\u015fa\u011f\u0131 az qala ham\u0131s\u0131n\u0131n sad\u0259c\u0259 bir \u201cjek m\u00fcdir\u201di s\u0259viyy\u0259sind\u0259 oldu\u011funun bariz s\u00fcbutu idi.\n<\/p>\n<p>\n  G\u00f6r\u0259s\u0259n bu \u201cjek m\u00fcdir\u201dl\u0259rinin \u00f6lk\u0259sind\u0259 daha n\u0259l\u0259rin ba\u015f verm\u0259sini g\u00f6zl\u0259m\u0259k laz\u0131md\u0131r, \u0130lahi?\n<\/p>\n<p>\n  \u201c\u0414\u0430\u043c\u044b \u0438 \u0433\u043e\u0441\u043f\u043e\u0434\u0430, \u043c\u044b \u0433\u043e\u0440\u0438\u043c!\u201d<\/p>\n","protected":false},"excerpt":{"rendered":"<p>Jek m\u00fcdiri simvol kimi&#8230;<\/p>\n","protected":false},"author":11,"featured_media":24990,"comment_status":"closed","ping_status":"open","sticky":false,"template":"","format":"standard","meta":{"_acf_changed":false,"_sitemap_exclude":false,"_sitemap_priority":"","_sitemap_frequency":"","footnotes":""},"categories":[57],"tags":[],"class_list":["post-168044","post","type-post","status-publish","format-standard","has-post-thumbnail","hentry","category-menim-fikrimce","infinite-scroll-item","generate-columns","tablet-grid-50","mobile-grid-100","grid-parent","grid-33","no-featured-image-padding"],"acf":[],"yoast_head":"<!-- This site is optimized with the Yoast SEO plugin v27.5 - https:\/\/yoast.com\/product\/yoast-seo-wordpress\/ -->\n<title>\u0414\u0430\u043c\u044b \u0438 \u0433\u043e\u0441\u043f\u043e\u0434\u0430, \u043c\u044b \u0433\u043e\u0440\u0438\u043c! - MEYDAN.TV<\/title>\n<meta name=\"robots\" content=\"index, follow, max-snippet:-1, max-image-preview:large, max-video-preview:-1\" \/>\n<link rel=\"canonical\" href=\"https:\/\/www.meydan.tv\/az\/article\/damy-i-gospoda-my-gorim\/\" \/>\n<meta property=\"og:locale\" content=\"az_AZ\" \/>\n<meta property=\"og:type\" content=\"article\" \/>\n<meta property=\"og:title\" content=\"\u0414\u0430\u043c\u044b \u0438 \u0433\u043e\u0441\u043f\u043e\u0434\u0430, \u043c\u044b \u0433\u043e\u0440\u0438\u043c! - MEYDAN.TV\" \/>\n<meta property=\"og:description\" content=\"Jek m\u00fcdiri simvol kimi...\" \/>\n<meta property=\"og:url\" content=\"https:\/\/www.meydan.tv\/az\/article\/damy-i-gospoda-my-gorim\/\" \/>\n<meta property=\"og:site_name\" content=\"MEYDAN.TV\" \/>\n<meta property=\"article:published_time\" content=\"2015-05-23T21:47:19+00:00\" \/>\n<meta property=\"og:image\" content=\"https:\/\/www.meydan.tv\/wp-content\/uploads\/9153.jpg\" \/>\n\t<meta property=\"og:image:width\" content=\"500\" \/>\n\t<meta property=\"og:image:height\" content=\"500\" \/>\n\t<meta property=\"og:image:type\" content=\"image\/jpeg\" \/>\n<meta name=\"author\" content=\"user-manager\" \/>\n<meta name=\"twitter:card\" content=\"summary_large_image\" \/>\n<script type=\"application\/ld+json\" class=\"yoast-schema-graph\">{\"@context\":\"https:\\\/\\\/schema.org\",\"@graph\":[{\"@type\":\"Article\",\"@id\":\"https:\\\/\\\/www.meydan.tv\\\/az\\\/article\\\/damy-i-gospoda-my-gorim\\\/#article\",\"isPartOf\":{\"@id\":\"https:\\\/\\\/www.meydan.tv\\\/az\\\/article\\\/damy-i-gospoda-my-gorim\\\/\"},\"author\":{\"name\":\"user-manager\",\"@id\":\"https:\\\/\\\/www.meydan.tv\\\/az\\\/#\\\/schema\\\/person\\\/10d11eccf6da3662cf5fdab9806ea91a\"},\"headline\":\"\u0414\u0430\u043c\u044b \u0438 \u0433\u043e\u0441\u043f\u043e\u0434\u0430, \u043c\u044b \u0433\u043e\u0440\u0438\u043c!\",\"datePublished\":\"2015-05-23T21:47:19+00:00\",\"mainEntityOfPage\":{\"@id\":\"https:\\\/\\\/www.meydan.tv\\\/az\\\/article\\\/damy-i-gospoda-my-gorim\\\/\"},\"wordCount\":929,\"publisher\":{\"@id\":\"https:\\\/\\\/www.meydan.tv\\\/az\\\/#organization\"},\"image\":{\"@id\":\"https:\\\/\\\/www.meydan.tv\\\/az\\\/article\\\/damy-i-gospoda-my-gorim\\\/#primaryimage\"},\"thumbnailUrl\":\"https:\\\/\\\/www.meydan.tv\\\/wp-content\\\/uploads\\\/9153.jpg\",\"articleSection\":[\"M\u0259nim Fikrimc\u0259\"],\"inLanguage\":\"az\"},{\"@type\":\"WebPage\",\"@id\":\"https:\\\/\\\/www.meydan.tv\\\/az\\\/article\\\/damy-i-gospoda-my-gorim\\\/\",\"url\":\"https:\\\/\\\/www.meydan.tv\\\/az\\\/article\\\/damy-i-gospoda-my-gorim\\\/\",\"name\":\"\u0414\u0430\u043c\u044b \u0438 \u0433\u043e\u0441\u043f\u043e\u0434\u0430, \u043c\u044b \u0433\u043e\u0440\u0438\u043c! - MEYDAN.TV\",\"isPartOf\":{\"@id\":\"https:\\\/\\\/www.meydan.tv\\\/az\\\/#website\"},\"primaryImageOfPage\":{\"@id\":\"https:\\\/\\\/www.meydan.tv\\\/az\\\/article\\\/damy-i-gospoda-my-gorim\\\/#primaryimage\"},\"image\":{\"@id\":\"https:\\\/\\\/www.meydan.tv\\\/az\\\/article\\\/damy-i-gospoda-my-gorim\\\/#primaryimage\"},\"thumbnailUrl\":\"https:\\\/\\\/www.meydan.tv\\\/wp-content\\\/uploads\\\/9153.jpg\",\"datePublished\":\"2015-05-23T21:47:19+00:00\",\"breadcrumb\":{\"@id\":\"https:\\\/\\\/www.meydan.tv\\\/az\\\/article\\\/damy-i-gospoda-my-gorim\\\/#breadcrumb\"},\"inLanguage\":\"az\",\"potentialAction\":[{\"@type\":\"ReadAction\",\"target\":[\"https:\\\/\\\/www.meydan.tv\\\/az\\\/article\\\/damy-i-gospoda-my-gorim\\\/\"]}]},{\"@type\":\"ImageObject\",\"inLanguage\":\"az\",\"@id\":\"https:\\\/\\\/www.meydan.tv\\\/az\\\/article\\\/damy-i-gospoda-my-gorim\\\/#primaryimage\",\"url\":\"https:\\\/\\\/www.meydan.tv\\\/wp-content\\\/uploads\\\/9153.jpg\",\"contentUrl\":\"https:\\\/\\\/www.meydan.tv\\\/wp-content\\\/uploads\\\/9153.jpg\",\"width\":500,\"height\":500,\"caption\":\"Source:\"},{\"@type\":\"BreadcrumbList\",\"@id\":\"https:\\\/\\\/www.meydan.tv\\\/az\\\/article\\\/damy-i-gospoda-my-gorim\\\/#breadcrumb\",\"itemListElement\":[{\"@type\":\"ListItem\",\"position\":1,\"name\":\"Ana s\u0259hif\u0259\",\"item\":\"https:\\\/\\\/www.meydan.tv\\\/az\\\/\"},{\"@type\":\"ListItem\",\"position\":2,\"name\":\"M\u0259nim Fikrimc\u0259\",\"item\":\"https:\\\/\\\/www.meydan.tv\\\/az\\\/section\\\/menim-fikrimce\\\/\"},{\"@type\":\"ListItem\",\"position\":3,\"name\":\"\u0414\u0430\u043c\u044b \u0438 \u0433\u043e\u0441\u043f\u043e\u0434\u0430, \u043c\u044b \u0433\u043e\u0440\u0438\u043c!\"}]},{\"@type\":\"WebSite\",\"@id\":\"https:\\\/\\\/www.meydan.tv\\\/az\\\/#website\",\"url\":\"https:\\\/\\\/www.meydan.tv\\\/az\\\/\",\"name\":\"MEYDAN.TV\",\"description\":\"Meydan TV Az\u0259rbaycan\u0131n media m\u0259kan\u0131ndak\u0131 alternativ s\u0259sidir\",\"publisher\":{\"@id\":\"https:\\\/\\\/www.meydan.tv\\\/az\\\/#organization\"},\"potentialAction\":[{\"@type\":\"SearchAction\",\"target\":{\"@type\":\"EntryPoint\",\"urlTemplate\":\"https:\\\/\\\/www.meydan.tv\\\/az\\\/?s={search_term_string}\"},\"query-input\":{\"@type\":\"PropertyValueSpecification\",\"valueRequired\":true,\"valueName\":\"search_term_string\"}}],\"inLanguage\":\"az\"},{\"@type\":\"Organization\",\"@id\":\"https:\\\/\\\/www.meydan.tv\\\/az\\\/#organization\",\"name\":\"Meydan TV\",\"url\":\"https:\\\/\\\/www.meydan.tv\\\/az\\\/\",\"logo\":{\"@type\":\"ImageObject\",\"inLanguage\":\"az\",\"@id\":\"https:\\\/\\\/www.meydan.tv\\\/az\\\/#\\\/schema\\\/logo\\\/image\\\/\",\"url\":\"https:\\\/\\\/www.meydan.tv\\\/wp-content\\\/uploads\\\/2021\\\/07\\\/meydan-logo.svg\",\"contentUrl\":\"https:\\\/\\\/www.meydan.tv\\\/wp-content\\\/uploads\\\/2021\\\/07\\\/meydan-logo.svg\",\"width\":195,\"height\":46,\"caption\":\"Meydan TV\"},\"image\":{\"@id\":\"https:\\\/\\\/www.meydan.tv\\\/az\\\/#\\\/schema\\\/logo\\\/image\\\/\"}},{\"@type\":\"Person\",\"@id\":\"https:\\\/\\\/www.meydan.tv\\\/az\\\/#\\\/schema\\\/person\\\/10d11eccf6da3662cf5fdab9806ea91a\",\"name\":\"user-manager\"}]}<\/script>\n<!-- \/ Yoast SEO plugin. -->","yoast_head_json":{"title":"\u0414\u0430\u043c\u044b \u0438 \u0433\u043e\u0441\u043f\u043e\u0434\u0430, \u043c\u044b \u0433\u043e\u0440\u0438\u043c! - MEYDAN.TV","robots":{"index":"index","follow":"follow","max-snippet":"max-snippet:-1","max-image-preview":"max-image-preview:large","max-video-preview":"max-video-preview:-1"},"canonical":"https:\/\/www.meydan.tv\/az\/article\/damy-i-gospoda-my-gorim\/","og_locale":"az_AZ","og_type":"article","og_title":"\u0414\u0430\u043c\u044b \u0438 \u0433\u043e\u0441\u043f\u043e\u0434\u0430, \u043c\u044b \u0433\u043e\u0440\u0438\u043c! - MEYDAN.TV","og_description":"Jek m\u00fcdiri simvol kimi...","og_url":"https:\/\/www.meydan.tv\/az\/article\/damy-i-gospoda-my-gorim\/","og_site_name":"MEYDAN.TV","article_published_time":"2015-05-23T21:47:19+00:00","og_image":[{"width":500,"height":500,"url":"https:\/\/www.meydan.tv\/wp-content\/uploads\/9153.jpg","type":"image\/jpeg"}],"author":"user-manager","twitter_card":"summary_large_image","schema":{"@context":"https:\/\/schema.org","@graph":[{"@type":"Article","@id":"https:\/\/www.meydan.tv\/az\/article\/damy-i-gospoda-my-gorim\/#article","isPartOf":{"@id":"https:\/\/www.meydan.tv\/az\/article\/damy-i-gospoda-my-gorim\/"},"author":{"name":"user-manager","@id":"https:\/\/www.meydan.tv\/az\/#\/schema\/person\/10d11eccf6da3662cf5fdab9806ea91a"},"headline":"\u0414\u0430\u043c\u044b \u0438 \u0433\u043e\u0441\u043f\u043e\u0434\u0430, \u043c\u044b \u0433\u043e\u0440\u0438\u043c!","datePublished":"2015-05-23T21:47:19+00:00","mainEntityOfPage":{"@id":"https:\/\/www.meydan.tv\/az\/article\/damy-i-gospoda-my-gorim\/"},"wordCount":929,"publisher":{"@id":"https:\/\/www.meydan.tv\/az\/#organization"},"image":{"@id":"https:\/\/www.meydan.tv\/az\/article\/damy-i-gospoda-my-gorim\/#primaryimage"},"thumbnailUrl":"https:\/\/www.meydan.tv\/wp-content\/uploads\/9153.jpg","articleSection":["M\u0259nim Fikrimc\u0259"],"inLanguage":"az"},{"@type":"WebPage","@id":"https:\/\/www.meydan.tv\/az\/article\/damy-i-gospoda-my-gorim\/","url":"https:\/\/www.meydan.tv\/az\/article\/damy-i-gospoda-my-gorim\/","name":"\u0414\u0430\u043c\u044b \u0438 \u0433\u043e\u0441\u043f\u043e\u0434\u0430, \u043c\u044b \u0433\u043e\u0440\u0438\u043c! - MEYDAN.TV","isPartOf":{"@id":"https:\/\/www.meydan.tv\/az\/#website"},"primaryImageOfPage":{"@id":"https:\/\/www.meydan.tv\/az\/article\/damy-i-gospoda-my-gorim\/#primaryimage"},"image":{"@id":"https:\/\/www.meydan.tv\/az\/article\/damy-i-gospoda-my-gorim\/#primaryimage"},"thumbnailUrl":"https:\/\/www.meydan.tv\/wp-content\/uploads\/9153.jpg","datePublished":"2015-05-23T21:47:19+00:00","breadcrumb":{"@id":"https:\/\/www.meydan.tv\/az\/article\/damy-i-gospoda-my-gorim\/#breadcrumb"},"inLanguage":"az","potentialAction":[{"@type":"ReadAction","target":["https:\/\/www.meydan.tv\/az\/article\/damy-i-gospoda-my-gorim\/"]}]},{"@type":"ImageObject","inLanguage":"az","@id":"https:\/\/www.meydan.tv\/az\/article\/damy-i-gospoda-my-gorim\/#primaryimage","url":"https:\/\/www.meydan.tv\/wp-content\/uploads\/9153.jpg","contentUrl":"https:\/\/www.meydan.tv\/wp-content\/uploads\/9153.jpg","width":500,"height":500,"caption":"Source:"},{"@type":"BreadcrumbList","@id":"https:\/\/www.meydan.tv\/az\/article\/damy-i-gospoda-my-gorim\/#breadcrumb","itemListElement":[{"@type":"ListItem","position":1,"name":"Ana s\u0259hif\u0259","item":"https:\/\/www.meydan.tv\/az\/"},{"@type":"ListItem","position":2,"name":"M\u0259nim Fikrimc\u0259","item":"https:\/\/www.meydan.tv\/az\/section\/menim-fikrimce\/"},{"@type":"ListItem","position":3,"name":"\u0414\u0430\u043c\u044b \u0438 \u0433\u043e\u0441\u043f\u043e\u0434\u0430, \u043c\u044b \u0433\u043e\u0440\u0438\u043c!"}]},{"@type":"WebSite","@id":"https:\/\/www.meydan.tv\/az\/#website","url":"https:\/\/www.meydan.tv\/az\/","name":"MEYDAN.TV","description":"Meydan TV Az\u0259rbaycan\u0131n media m\u0259kan\u0131ndak\u0131 alternativ s\u0259sidir","publisher":{"@id":"https:\/\/www.meydan.tv\/az\/#organization"},"potentialAction":[{"@type":"SearchAction","target":{"@type":"EntryPoint","urlTemplate":"https:\/\/www.meydan.tv\/az\/?s={search_term_string}"},"query-input":{"@type":"PropertyValueSpecification","valueRequired":true,"valueName":"search_term_string"}}],"inLanguage":"az"},{"@type":"Organization","@id":"https:\/\/www.meydan.tv\/az\/#organization","name":"Meydan TV","url":"https:\/\/www.meydan.tv\/az\/","logo":{"@type":"ImageObject","inLanguage":"az","@id":"https:\/\/www.meydan.tv\/az\/#\/schema\/logo\/image\/","url":"https:\/\/www.meydan.tv\/wp-content\/uploads\/2021\/07\/meydan-logo.svg","contentUrl":"https:\/\/www.meydan.tv\/wp-content\/uploads\/2021\/07\/meydan-logo.svg","width":195,"height":46,"caption":"Meydan TV"},"image":{"@id":"https:\/\/www.meydan.tv\/az\/#\/schema\/logo\/image\/"}},{"@type":"Person","@id":"https:\/\/www.meydan.tv\/az\/#\/schema\/person\/10d11eccf6da3662cf5fdab9806ea91a","name":"user-manager"}]}},"_links":{"self":[{"href":"https:\/\/www.meydan.tv\/az\/wp-json\/wp\/v2\/posts\/168044","targetHints":{"allow":["GET"]}}],"collection":[{"href":"https:\/\/www.meydan.tv\/az\/wp-json\/wp\/v2\/posts"}],"about":[{"href":"https:\/\/www.meydan.tv\/az\/wp-json\/wp\/v2\/types\/post"}],"author":[{"embeddable":true,"href":"https:\/\/www.meydan.tv\/az\/wp-json\/wp\/v2\/users\/11"}],"replies":[{"embeddable":true,"href":"https:\/\/www.meydan.tv\/az\/wp-json\/wp\/v2\/comments?post=168044"}],"version-history":[{"count":0,"href":"https:\/\/www.meydan.tv\/az\/wp-json\/wp\/v2\/posts\/168044\/revisions"}],"wp:featuredmedia":[{"embeddable":true,"href":"https:\/\/www.meydan.tv\/az\/wp-json\/wp\/v2\/media\/24990"}],"wp:attachment":[{"href":"https:\/\/www.meydan.tv\/az\/wp-json\/wp\/v2\/media?parent=168044"}],"wp:term":[{"taxonomy":"category","embeddable":true,"href":"https:\/\/www.meydan.tv\/az\/wp-json\/wp\/v2\/categories?post=168044"},{"taxonomy":"post_tag","embeddable":true,"href":"https:\/\/www.meydan.tv\/az\/wp-json\/wp\/v2\/tags?post=168044"}],"curies":[{"name":"wp","href":"https:\/\/api.w.org\/{rel}","templated":true}]}}