{"id":168041,"date":"2015-05-23T02:45:32","date_gmt":"2015-05-23T02:45:32","guid":{"rendered":"https:\/\/www.meydan.tv\/article\/yanginin-qurbanlari-anilir-video\/"},"modified":"2015-05-23T02:45:32","modified_gmt":"2015-05-23T02:45:32","slug":"yanginin-qurbanlari-anilir-video","status":"publish","type":"post","link":"https:\/\/www.meydan.tv\/az\/article\/yanginin-qurbanlari-anilir-video\/","title":{"rendered":"Yan\u011f\u0131n\u0131n qurbanlar\u0131 an\u0131l\u0131r (V\u0130DEO)"},"content":{"rendered":"<figure class=\"wp-block-embed is-type-video is-provider-youtube wp-block-embed-youtube wp-embed-aspect-16-9 wp-has-aspect-ratio\">\n<div class=\"wp-block-embed__wrapper\">\n    <iframe loading=\"lazy\"\ttitle=\"\" width=\"1200\" height=\"675\" src=\"https:\/\/www.youtube.com\/embed\/XPmxtFaESSM\"\tframeborder=\"0\"\tallow=\"accelerometer; autoplay; clipboard-write; encrypted-media; gyroscope; picture-in-picture\" allowfullscreen><\/iframe>\n  <\/div><figcaption><\/figcaption><\/figure>\n<p>\n  19 mayda Azadl\u0131q prospektind\u0259, 16 m\u0259rt\u0259bli binada ba\u015f ver\u0259n yan\u011f\u0131nda h\u0259lak olan \u015f\u0259xsl\u0259r an\u0131l\u0131r. V\u0259t\u0259nda\u015flar \u0259ll\u0259rind\u0259 q\u0259r\u0259nfill\u0259r, h\u0259lak olan u\u015faqlar \u00fc\u00e7\u00fcn binan\u0131n qar\u015f\u0131s\u0131na oyuncaqlar qoyub, \u015fam yand\u0131r\u0131rlar. R\u0259smi m\u0259lumata g\u00f6r\u0259 hadis\u0259d\u0259 15 n\u0259f\u0259r h\u0259lak olub.<\/p>\n","protected":false},"excerpt":{"rendered":"<p>19 mayda Azadl\u0131q prospektind\u0259, 16 m\u0259rt\u0259bli binada ba\u015f ver\u0259n yan\u011f\u0131nda h\u0259lak olan \u015f\u0259xsl\u0259r an\u0131l\u0131r. V\u0259t\u0259nda\u015flar \u0259ll\u0259rind\u0259 q\u0259r\u0259nfill\u0259r, h\u0259lak olan u\u015faqlar \u00fc\u00e7\u00fcn binan\u0131n qar\u015f\u0131s\u0131na oyuncaqlar qoyub, \u015fam yand\u0131r\u0131rlar.<\/p>\n","protected":false},"author":11,"featured_media":25036,"comment_status":"closed","ping_status":"open","sticky":false,"template":"","format":"standard","meta":{"_acf_changed":false,"_sitemap_exclude":false,"_sitemap_priority":"","_sitemap_frequency":"","footnotes":""},"categories":[63],"tags":[],"class_list":["post-168041","post","type-post","status-publish","format-standard","has-post-thumbnail","hentry","category-video-2","infinite-scroll-item","generate-columns","tablet-grid-50","mobile-grid-100","grid-parent","grid-33","no-featured-image-padding"],"acf":[],"yoast_head":"<!-- This site is optimized with the Yoast SEO plugin v28.3 - https:\/\/yoast.com\/product\/yoast-seo-wordpress\/ -->\n<title>Yan\u011f\u0131n\u0131n qurbanlar\u0131 an\u0131l\u0131r (V\u0130DEO) - MEYDAN.TV<\/title>\n<meta name=\"robots\" content=\"index, follow, max-snippet:-1, max-image-preview:large, max-video-preview:-1\" \/>\n<link rel=\"canonical\" href=\"https:\/\/www.meydan.tv\/az\/article\/yanginin-qurbanlari-anilir-video\/\" \/>\n<meta property=\"og:locale\" content=\"az_AZ\" \/>\n<meta property=\"og:type\" content=\"article\" \/>\n<meta property=\"og:title\" content=\"Yan\u011f\u0131n\u0131n qurbanlar\u0131 an\u0131l\u0131r (V\u0130DEO) - MEYDAN.TV\" \/>\n<meta property=\"og:description\" content=\"19 mayda Azadl\u0131q prospektind\u0259, 16 m\u0259rt\u0259bli binada ba\u015f ver\u0259n yan\u011f\u0131nda h\u0259lak olan \u015f\u0259xsl\u0259r an\u0131l\u0131r. V\u0259t\u0259nda\u015flar \u0259ll\u0259rind\u0259 q\u0259r\u0259nfill\u0259r, h\u0259lak olan u\u015faqlar \u00fc\u00e7\u00fcn binan\u0131n qar\u015f\u0131s\u0131na oyuncaqlar qoyub, \u015fam yand\u0131r\u0131rlar.\" \/>\n<meta property=\"og:url\" content=\"https:\/\/www.meydan.tv\/az\/article\/yanginin-qurbanlari-anilir-video\/\" \/>\n<meta property=\"og:site_name\" content=\"MEYDAN.TV\" \/>\n<meta property=\"article:published_time\" content=\"2015-05-23T02:45:32+00:00\" \/>\n<meta property=\"og:image\" content=\"https:\/\/www.meydan.tv\/wp-content\/uploads\/9144.jpg\" \/>\n\t<meta property=\"og:image:width\" content=\"852\" \/>\n\t<meta property=\"og:image:height\" content=\"471\" \/>\n\t<meta property=\"og:image:type\" content=\"image\/jpeg\" \/>\n<meta name=\"twitter:card\" content=\"summary_large_image\" \/>\n<!-- \/ Yoast SEO plugin. -->","yoast_head_json":{"title":"Yan\u011f\u0131n\u0131n qurbanlar\u0131 an\u0131l\u0131r (V\u0130DEO) - MEYDAN.TV","robots":{"index":"index","follow":"follow","max-snippet":"max-snippet:-1","max-image-preview":"max-image-preview:large","max-video-preview":"max-video-preview:-1"},"canonical":"https:\/\/www.meydan.tv\/az\/article\/yanginin-qurbanlari-anilir-video\/","og_locale":"az_AZ","og_type":"article","og_title":"Yan\u011f\u0131n\u0131n qurbanlar\u0131 an\u0131l\u0131r (V\u0130DEO) - MEYDAN.TV","og_description":"19 mayda Azadl\u0131q prospektind\u0259, 16 m\u0259rt\u0259bli binada ba\u015f ver\u0259n yan\u011f\u0131nda h\u0259lak olan \u015f\u0259xsl\u0259r an\u0131l\u0131r. V\u0259t\u0259nda\u015flar \u0259ll\u0259rind\u0259 q\u0259r\u0259nfill\u0259r, h\u0259lak olan u\u015faqlar \u00fc\u00e7\u00fcn binan\u0131n qar\u015f\u0131s\u0131na oyuncaqlar qoyub, \u015fam yand\u0131r\u0131rlar.","og_url":"https:\/\/www.meydan.tv\/az\/article\/yanginin-qurbanlari-anilir-video\/","og_site_name":"MEYDAN.TV","article_published_time":"2015-05-23T02:45:32+00:00","og_image":[{"width":852,"height":471,"url":"https:\/\/www.meydan.tv\/wp-content\/uploads\/9144.jpg","type":"image\/jpeg"}],"twitter_card":"summary_large_image","schema":{"@context":"https:\/\/schema.org","@graph":[{"@type":"Article","@id":"https:\/\/www.meydan.tv\/az\/article\/yanginin-qurbanlari-anilir-video\/#article","isPartOf":{"@id":"https:\/\/www.meydan.tv\/az\/article\/yanginin-qurbanlari-anilir-video\/"},"author":{"name":"user-manager","@id":"https:\/\/www.meydan.tv\/az\/#\/schema\/person\/10d11eccf6da3662cf5fdab9806ea91a"},"headline":"Yan\u011f\u0131n\u0131n qurbanlar\u0131 an\u0131l\u0131r (V\u0130DEO)","datePublished":"2015-05-23T02:45:32+00:00","mainEntityOfPage":{"@id":"https:\/\/www.meydan.tv\/az\/article\/yanginin-qurbanlari-anilir-video\/"},"wordCount":71,"publisher":{"@id":"https:\/\/www.meydan.tv\/az\/#organization"},"image":{"@id":"https:\/\/www.meydan.tv\/az\/article\/yanginin-qurbanlari-anilir-video\/#primaryimage"},"thumbnailUrl":"https:\/\/www.meydan.tv\/wp-content\/uploads\/9144.jpg","articleSection":["Video"],"inLanguage":"az"},{"@type":"WebPage","@id":"https:\/\/www.meydan.tv\/az\/article\/yanginin-qurbanlari-anilir-video\/","url":"https:\/\/www.meydan.tv\/az\/article\/yanginin-qurbanlari-anilir-video\/","name":"Yan\u011f\u0131n\u0131n qurbanlar\u0131 an\u0131l\u0131r (V\u0130DEO) - MEYDAN.TV","isPartOf":{"@id":"https:\/\/www.meydan.tv\/az\/#website"},"primaryImageOfPage":{"@id":"https:\/\/www.meydan.tv\/az\/article\/yanginin-qurbanlari-anilir-video\/#primaryimage"},"image":{"@id":"https:\/\/www.meydan.tv\/az\/article\/yanginin-qurbanlari-anilir-video\/#primaryimage"},"thumbnailUrl":"https:\/\/www.meydan.tv\/wp-content\/uploads\/9144.jpg","datePublished":"2015-05-23T02:45:32+00:00","breadcrumb":{"@id":"https:\/\/www.meydan.tv\/az\/article\/yanginin-qurbanlari-anilir-video\/#breadcrumb"},"inLanguage":"az","potentialAction":[{"@type":"ReadAction","target":["https:\/\/www.meydan.tv\/az\/article\/yanginin-qurbanlari-anilir-video\/"]}]},{"@type":"ImageObject","inLanguage":"az","@id":"https:\/\/www.meydan.tv\/az\/article\/yanginin-qurbanlari-anilir-video\/#primaryimage","url":"https:\/\/www.meydan.tv\/wp-content\/uploads\/9144.jpg","contentUrl":"https:\/\/www.meydan.tv\/wp-content\/uploads\/9144.jpg","width":852,"height":471,"caption":"Source:"},{"@type":"BreadcrumbList","@id":"https:\/\/www.meydan.tv\/az\/article\/yanginin-qurbanlari-anilir-video\/#breadcrumb","itemListElement":[{"@type":"ListItem","position":1,"name":"Ana s\u0259hif\u0259","item":"https:\/\/www.meydan.tv\/az\/"},{"@type":"ListItem","position":2,"name":"Video","item":"https:\/\/www.meydan.tv\/az\/section\/video-2\/"},{"@type":"ListItem","position":3,"name":"Yan\u011f\u0131n\u0131n qurbanlar\u0131 an\u0131l\u0131r (V\u0130DEO)"}]},{"@type":"WebSite","@id":"https:\/\/www.meydan.tv\/az\/#website","url":"https:\/\/www.meydan.tv\/az\/","name":"MEYDAN.TV","description":"Meydan TV Az\u0259rbaycan\u0131n media m\u0259kan\u0131ndak\u0131 alternativ s\u0259sidir","publisher":{"@id":"https:\/\/www.meydan.tv\/az\/#organization"},"potentialAction":[{"@type":"SearchAction","target":{"@type":"EntryPoint","urlTemplate":"https:\/\/www.meydan.tv\/az\/?s={search_term_string}"},"query-input":{"@type":"PropertyValueSpecification","valueRequired":true,"valueName":"search_term_string"}}],"inLanguage":"az"},{"@type":"Organization","@id":"https:\/\/www.meydan.tv\/az\/#organization","name":"Meydan TV","url":"https:\/\/www.meydan.tv\/az\/","logo":{"@type":"ImageObject","inLanguage":"az","@id":"https:\/\/www.meydan.tv\/az\/#\/schema\/logo\/image\/","url":"https:\/\/www.meydan.tv\/wp-content\/uploads\/2021\/07\/meydan-logo.svg","contentUrl":"https:\/\/www.meydan.tv\/wp-content\/uploads\/2021\/07\/meydan-logo.svg","width":195,"height":46,"caption":"Meydan TV"},"image":{"@id":"https:\/\/www.meydan.tv\/az\/#\/schema\/logo\/image\/"}},{"@type":"Person","@id":"https:\/\/www.meydan.tv\/az\/#\/schema\/person\/10d11eccf6da3662cf5fdab9806ea91a","name":"user-manager"}]}},"_links":{"self":[{"href":"https:\/\/www.meydan.tv\/az\/wp-json\/wp\/v2\/posts\/168041","targetHints":{"allow":["GET"]}}],"collection":[{"href":"https:\/\/www.meydan.tv\/az\/wp-json\/wp\/v2\/posts"}],"about":[{"href":"https:\/\/www.meydan.tv\/az\/wp-json\/wp\/v2\/types\/post"}],"author":[{"embeddable":true,"href":"https:\/\/www.meydan.tv\/az\/wp-json\/wp\/v2\/users\/11"}],"replies":[{"embeddable":true,"href":"https:\/\/www.meydan.tv\/az\/wp-json\/wp\/v2\/comments?post=168041"}],"version-history":[{"count":0,"href":"https:\/\/www.meydan.tv\/az\/wp-json\/wp\/v2\/posts\/168041\/revisions"}],"wp:featuredmedia":[{"embeddable":true,"href":"https:\/\/www.meydan.tv\/az\/wp-json\/wp\/v2\/media\/25036"}],"wp:attachment":[{"href":"https:\/\/www.meydan.tv\/az\/wp-json\/wp\/v2\/media?parent=168041"}],"wp:term":[{"taxonomy":"category","embeddable":true,"href":"https:\/\/www.meydan.tv\/az\/wp-json\/wp\/v2\/categories?post=168041"},{"taxonomy":"post_tag","embeddable":true,"href":"https:\/\/www.meydan.tv\/az\/wp-json\/wp\/v2\/tags?post=168041"}],"curies":[{"name":"wp","href":"https:\/\/api.w.org\/{rel}","templated":true}]}}