{"id":168037,"date":"2015-05-23T00:35:49","date_gmt":"2015-05-23T00:35:49","guid":{"rendered":"https:\/\/www.meydan.tv\/article\/qizim-zeng-eleyib-dedi-ki-ana-olurem-elvida-video\/"},"modified":"2015-05-23T00:35:49","modified_gmt":"2015-05-23T00:35:49","slug":"qizim-zeng-eleyib-dedi-ki-ana-olurem-elvida-video","status":"publish","type":"post","link":"https:\/\/www.meydan.tv\/az\/article\/qizim-zeng-eleyib-dedi-ki-ana-olurem-elvida-video\/","title":{"rendered":"Q\u0131z\u0131m z\u0259ng el\u0259yib dedi ki : Ana, \u00f6l\u00fcr\u0259m, \u0259lvida! (V\u0130DEO)"},"content":{"rendered":"<figure class=\"wp-block-embed is-type-video is-provider-youtube wp-block-embed-youtube wp-embed-aspect-16-9 wp-has-aspect-ratio\">\n<div class=\"wp-block-embed__wrapper\">\n    <iframe loading=\"lazy\"\ttitle=\"\" width=\"1200\" height=\"675\" src=\"https:\/\/www.youtube.com\/embed\/mCf5QBUNN_Y\"\tframeborder=\"0\"\tallow=\"accelerometer; autoplay; clipboard-write; encrypted-media; gyroscope; picture-in-picture\" allowfullscreen><\/iframe>\n  <\/div><figcaption><\/figcaption><\/figure>\n<p>\n  \u201c\u0130kinci q\u0131z\u0131m imtahana haz\u0131rla\u015f\u0131rd\u0131, otaqda t\u00fcst\u00fc hiss el\u0259yib, e\u015fidib ki, qon\u015fu q\u0131\u015fq\u0131r\u0131r, \u201c\u00e7\u0131x\u0131n \u00e7\u00f6l\u0259, yan\u011f\u0131n var\u201d. Onda bay\u0131ra \u00e7\u0131x\u0131b, \u00e7\u0131xanda qara his b\u00fcr\u00fcy\u00fcb bloku. Camaat deyib, a\u015fa\u011f\u0131da yan\u011f\u0131nd\u0131r, qa\u00e7\u0131n yuxar\u0131. Biz 13-c\u00fc m\u0259rt\u0259b\u0259d\u0259yik, qalx\u0131blar 15-\u0259. G\u00f6r\u00fcbl\u0259r 15-d\u0259 lift i\u015fl\u0259mir, d\u00fc\u015f\u00fcbl\u0259r 14-c\u00fc m\u0259rt\u0259b\u0259y\u0259. Q\u0131z\u0131m lifti bas\u0131b, dayan\u0131b bir qad\u0131nla 14-c\u00fc m\u0259rt\u0259b\u0259d\u0259. 14-c\u00fc m\u0259rt\u0259b\u0259d\u0259n a\u015fa\u011f\u0131 d\u00fc\u015f\u0259n qad\u0131n 4 ya\u015fl\u0131 u\u015fa\u011f\u0131 il\u0259 el\u0259 bizim qap\u0131m\u0131z\u0131n yan\u0131nda ke\u00e7inibmi\u015f. Bizim q\u0131z\u0131n b\u0259xti g\u0259tirib ki, lift onlar\u0131 a\u015fa\u011f\u0131 d\u00fc\u015f\u00fcr\u00fcb. D\u00fc\u015f\u00fcbl\u0259r birinci m\u0259rt\u0259b\u0259y\u0259, blokdan \u00e7\u0131x\u0131blar. Amma ne\u00e7\u0259nci m\u0259rt\u0259b\u0259d\u0259ndir bilmir\u0259m, 4 n\u0259f\u0259r 4-c\u00fc m\u0259rt\u0259b\u0259d\u0259 qal\u0131blar, onlar bo\u011fulublar liftd\u0259\u201d- \u0130lham\u0259 M\u0259mm\u0259dova Azadl\u0131q prospektind\u0259 16 m\u0259rt\u0259b\u0259li binada ba\u015f ver\u0259n yan\u011f\u0131nda q\u0131z\u0131n\u0131n ba\u015f\u0131na g\u0259l\u0259nl\u0259rd\u0259n dan\u0131\u015f\u0131r. O, h\u0259min g\u00fcn i\u015fd\u0259 olub, q\u0131z\u0131 evd\u0259 t\u0259k qal\u0131b. \u00d6vlad\u0131 yan\u011f\u0131ndan xilas ola bilib.<\/p>\n","protected":false},"excerpt":{"rendered":"<p>\u201c\u0130kinci q\u0131z\u0131m imtahana haz\u0131rla\u015f\u0131rd\u0131, otaqda t\u00fcst\u00fc hiss el\u0259yib, e\u015fidib ki, qon\u015fu q\u0131\u015fq\u0131r\u0131r, \u201c\u00e7\u0131x\u0131n \u00e7\u00f6l\u0259, yan\u011f\u0131n var\u201d. Onda bay\u0131ra \u00e7\u0131x\u0131b, \u00e7\u0131xanda qara his b\u00fcr\u00fcy\u00fcb bloku.<\/p>\n","protected":false},"author":11,"featured_media":25018,"comment_status":"closed","ping_status":"open","sticky":false,"template":"","format":"standard","meta":{"_acf_changed":false,"_sitemap_exclude":false,"_sitemap_priority":"","_sitemap_frequency":"","footnotes":""},"categories":[63],"tags":[],"class_list":["post-168037","post","type-post","status-publish","format-standard","has-post-thumbnail","hentry","category-video-2","infinite-scroll-item","generate-columns","tablet-grid-50","mobile-grid-100","grid-parent","grid-33","no-featured-image-padding"],"acf":[],"yoast_head":"<!-- This site is optimized with the Yoast SEO plugin v28.3 - https:\/\/yoast.com\/product\/yoast-seo-wordpress\/ -->\n<title>Q\u0131z\u0131m z\u0259ng el\u0259yib dedi ki : Ana, \u00f6l\u00fcr\u0259m, \u0259lvida! (V\u0130DEO) - MEYDAN.TV<\/title>\n<meta name=\"robots\" content=\"index, follow, max-snippet:-1, max-image-preview:large, max-video-preview:-1\" \/>\n<link rel=\"canonical\" href=\"https:\/\/www.meydan.tv\/az\/article\/qizim-zeng-eleyib-dedi-ki-ana-olurem-elvida-video\/\" \/>\n<meta property=\"og:locale\" content=\"az_AZ\" \/>\n<meta property=\"og:type\" content=\"article\" \/>\n<meta property=\"og:title\" content=\"Q\u0131z\u0131m z\u0259ng el\u0259yib dedi ki : Ana, \u00f6l\u00fcr\u0259m, \u0259lvida! (V\u0130DEO) - MEYDAN.TV\" \/>\n<meta property=\"og:description\" content=\"\u201c\u0130kinci q\u0131z\u0131m imtahana haz\u0131rla\u015f\u0131rd\u0131, otaqda t\u00fcst\u00fc hiss el\u0259yib, e\u015fidib ki, qon\u015fu q\u0131\u015fq\u0131r\u0131r, \u201c\u00e7\u0131x\u0131n \u00e7\u00f6l\u0259, yan\u011f\u0131n var\u201d. Onda bay\u0131ra \u00e7\u0131x\u0131b, \u00e7\u0131xanda qara his b\u00fcr\u00fcy\u00fcb bloku.\" \/>\n<meta property=\"og:url\" content=\"https:\/\/www.meydan.tv\/az\/article\/qizim-zeng-eleyib-dedi-ki-ana-olurem-elvida-video\/\" \/>\n<meta property=\"og:site_name\" content=\"MEYDAN.TV\" \/>\n<meta property=\"article:published_time\" content=\"2015-05-23T00:35:49+00:00\" \/>\n<meta property=\"og:image\" content=\"https:\/\/www.meydan.tv\/wp-content\/uploads\/9142.jpg\" \/>\n\t<meta property=\"og:image:width\" content=\"857\" \/>\n\t<meta property=\"og:image:height\" content=\"476\" \/>\n\t<meta property=\"og:image:type\" content=\"image\/jpeg\" \/>\n<meta name=\"twitter:card\" content=\"summary_large_image\" \/>\n<!-- \/ Yoast SEO plugin. -->","yoast_head_json":{"title":"Q\u0131z\u0131m z\u0259ng el\u0259yib dedi ki : Ana, \u00f6l\u00fcr\u0259m, \u0259lvida! (V\u0130DEO) - MEYDAN.TV","robots":{"index":"index","follow":"follow","max-snippet":"max-snippet:-1","max-image-preview":"max-image-preview:large","max-video-preview":"max-video-preview:-1"},"canonical":"https:\/\/www.meydan.tv\/az\/article\/qizim-zeng-eleyib-dedi-ki-ana-olurem-elvida-video\/","og_locale":"az_AZ","og_type":"article","og_title":"Q\u0131z\u0131m z\u0259ng el\u0259yib dedi ki : Ana, \u00f6l\u00fcr\u0259m, \u0259lvida! (V\u0130DEO) - MEYDAN.TV","og_description":"\u201c\u0130kinci q\u0131z\u0131m imtahana haz\u0131rla\u015f\u0131rd\u0131, otaqda t\u00fcst\u00fc hiss el\u0259yib, e\u015fidib ki, qon\u015fu q\u0131\u015fq\u0131r\u0131r, \u201c\u00e7\u0131x\u0131n \u00e7\u00f6l\u0259, yan\u011f\u0131n var\u201d. Onda bay\u0131ra \u00e7\u0131x\u0131b, \u00e7\u0131xanda qara his b\u00fcr\u00fcy\u00fcb bloku.","og_url":"https:\/\/www.meydan.tv\/az\/article\/qizim-zeng-eleyib-dedi-ki-ana-olurem-elvida-video\/","og_site_name":"MEYDAN.TV","article_published_time":"2015-05-23T00:35:49+00:00","og_image":[{"width":857,"height":476,"url":"https:\/\/www.meydan.tv\/wp-content\/uploads\/9142.jpg","type":"image\/jpeg"}],"twitter_card":"summary_large_image","schema":{"@context":"https:\/\/schema.org","@graph":[{"@type":"Article","@id":"https:\/\/www.meydan.tv\/az\/article\/qizim-zeng-eleyib-dedi-ki-ana-olurem-elvida-video\/#article","isPartOf":{"@id":"https:\/\/www.meydan.tv\/az\/article\/qizim-zeng-eleyib-dedi-ki-ana-olurem-elvida-video\/"},"author":{"name":"user-manager","@id":"https:\/\/www.meydan.tv\/az\/#\/schema\/person\/10d11eccf6da3662cf5fdab9806ea91a"},"headline":"Q\u0131z\u0131m z\u0259ng el\u0259yib dedi ki : Ana, \u00f6l\u00fcr\u0259m, \u0259lvida! (V\u0130DEO)","datePublished":"2015-05-23T00:35:49+00:00","mainEntityOfPage":{"@id":"https:\/\/www.meydan.tv\/az\/article\/qizim-zeng-eleyib-dedi-ki-ana-olurem-elvida-video\/"},"wordCount":242,"publisher":{"@id":"https:\/\/www.meydan.tv\/az\/#organization"},"image":{"@id":"https:\/\/www.meydan.tv\/az\/article\/qizim-zeng-eleyib-dedi-ki-ana-olurem-elvida-video\/#primaryimage"},"thumbnailUrl":"https:\/\/www.meydan.tv\/wp-content\/uploads\/9142.jpg","articleSection":["Video"],"inLanguage":"az"},{"@type":"WebPage","@id":"https:\/\/www.meydan.tv\/az\/article\/qizim-zeng-eleyib-dedi-ki-ana-olurem-elvida-video\/","url":"https:\/\/www.meydan.tv\/az\/article\/qizim-zeng-eleyib-dedi-ki-ana-olurem-elvida-video\/","name":"Q\u0131z\u0131m z\u0259ng el\u0259yib dedi ki : Ana, \u00f6l\u00fcr\u0259m, \u0259lvida! (V\u0130DEO) - MEYDAN.TV","isPartOf":{"@id":"https:\/\/www.meydan.tv\/az\/#website"},"primaryImageOfPage":{"@id":"https:\/\/www.meydan.tv\/az\/article\/qizim-zeng-eleyib-dedi-ki-ana-olurem-elvida-video\/#primaryimage"},"image":{"@id":"https:\/\/www.meydan.tv\/az\/article\/qizim-zeng-eleyib-dedi-ki-ana-olurem-elvida-video\/#primaryimage"},"thumbnailUrl":"https:\/\/www.meydan.tv\/wp-content\/uploads\/9142.jpg","datePublished":"2015-05-23T00:35:49+00:00","breadcrumb":{"@id":"https:\/\/www.meydan.tv\/az\/article\/qizim-zeng-eleyib-dedi-ki-ana-olurem-elvida-video\/#breadcrumb"},"inLanguage":"az","potentialAction":[{"@type":"ReadAction","target":["https:\/\/www.meydan.tv\/az\/article\/qizim-zeng-eleyib-dedi-ki-ana-olurem-elvida-video\/"]}]},{"@type":"ImageObject","inLanguage":"az","@id":"https:\/\/www.meydan.tv\/az\/article\/qizim-zeng-eleyib-dedi-ki-ana-olurem-elvida-video\/#primaryimage","url":"https:\/\/www.meydan.tv\/wp-content\/uploads\/9142.jpg","contentUrl":"https:\/\/www.meydan.tv\/wp-content\/uploads\/9142.jpg","width":857,"height":476,"caption":"Source:"},{"@type":"BreadcrumbList","@id":"https:\/\/www.meydan.tv\/az\/article\/qizim-zeng-eleyib-dedi-ki-ana-olurem-elvida-video\/#breadcrumb","itemListElement":[{"@type":"ListItem","position":1,"name":"Ana s\u0259hif\u0259","item":"https:\/\/www.meydan.tv\/az\/"},{"@type":"ListItem","position":2,"name":"Video","item":"https:\/\/www.meydan.tv\/az\/section\/video-2\/"},{"@type":"ListItem","position":3,"name":"Q\u0131z\u0131m z\u0259ng el\u0259yib dedi ki : Ana, \u00f6l\u00fcr\u0259m, \u0259lvida! (V\u0130DEO)"}]},{"@type":"WebSite","@id":"https:\/\/www.meydan.tv\/az\/#website","url":"https:\/\/www.meydan.tv\/az\/","name":"MEYDAN.TV","description":"Meydan TV Az\u0259rbaycan\u0131n media m\u0259kan\u0131ndak\u0131 alternativ s\u0259sidir","publisher":{"@id":"https:\/\/www.meydan.tv\/az\/#organization"},"potentialAction":[{"@type":"SearchAction","target":{"@type":"EntryPoint","urlTemplate":"https:\/\/www.meydan.tv\/az\/?s={search_term_string}"},"query-input":{"@type":"PropertyValueSpecification","valueRequired":true,"valueName":"search_term_string"}}],"inLanguage":"az"},{"@type":"Organization","@id":"https:\/\/www.meydan.tv\/az\/#organization","name":"Meydan TV","url":"https:\/\/www.meydan.tv\/az\/","logo":{"@type":"ImageObject","inLanguage":"az","@id":"https:\/\/www.meydan.tv\/az\/#\/schema\/logo\/image\/","url":"https:\/\/www.meydan.tv\/wp-content\/uploads\/2021\/07\/meydan-logo.svg","contentUrl":"https:\/\/www.meydan.tv\/wp-content\/uploads\/2021\/07\/meydan-logo.svg","width":195,"height":46,"caption":"Meydan TV"},"image":{"@id":"https:\/\/www.meydan.tv\/az\/#\/schema\/logo\/image\/"}},{"@type":"Person","@id":"https:\/\/www.meydan.tv\/az\/#\/schema\/person\/10d11eccf6da3662cf5fdab9806ea91a","name":"user-manager"}]}},"_links":{"self":[{"href":"https:\/\/www.meydan.tv\/az\/wp-json\/wp\/v2\/posts\/168037","targetHints":{"allow":["GET"]}}],"collection":[{"href":"https:\/\/www.meydan.tv\/az\/wp-json\/wp\/v2\/posts"}],"about":[{"href":"https:\/\/www.meydan.tv\/az\/wp-json\/wp\/v2\/types\/post"}],"author":[{"embeddable":true,"href":"https:\/\/www.meydan.tv\/az\/wp-json\/wp\/v2\/users\/11"}],"replies":[{"embeddable":true,"href":"https:\/\/www.meydan.tv\/az\/wp-json\/wp\/v2\/comments?post=168037"}],"version-history":[{"count":0,"href":"https:\/\/www.meydan.tv\/az\/wp-json\/wp\/v2\/posts\/168037\/revisions"}],"wp:featuredmedia":[{"embeddable":true,"href":"https:\/\/www.meydan.tv\/az\/wp-json\/wp\/v2\/media\/25018"}],"wp:attachment":[{"href":"https:\/\/www.meydan.tv\/az\/wp-json\/wp\/v2\/media?parent=168037"}],"wp:term":[{"taxonomy":"category","embeddable":true,"href":"https:\/\/www.meydan.tv\/az\/wp-json\/wp\/v2\/categories?post=168037"},{"taxonomy":"post_tag","embeddable":true,"href":"https:\/\/www.meydan.tv\/az\/wp-json\/wp\/v2\/tags?post=168037"}],"curies":[{"name":"wp","href":"https:\/\/api.w.org\/{rel}","templated":true}]}}