{"id":168036,"date":"2015-05-22T20:56:32","date_gmt":"2015-05-22T20:56:32","guid":{"rendered":"https:\/\/www.meydan.tv\/article\/yangin-hadiseleri-ile-bagli-daha-4-nefer-hebs-edilib\/"},"modified":"2015-05-22T20:56:32","modified_gmt":"2015-05-22T20:56:32","slug":"yangin-hadiseleri-ile-bagli-daha-4-nefer-hebs-edilib","status":"publish","type":"post","link":"https:\/\/www.meydan.tv\/az\/article\/yangin-hadiseleri-ile-bagli-daha-4-nefer-hebs-edilib\/","title":{"rendered":"Yan\u011f\u0131n hadis\u0259l\u0259ri il\u0259 ba\u011fl\u0131 daha 4 n\u0259f\u0259r h\u0259bs edilib"},"content":{"rendered":"<figure class=\"wp-block-image size-large\">\n  <img decoding=\"async\" src=\"https:\/\/www.meydan.tv\/az\/25019\/\" alt=\"\" class=\"wp-image-25019\"\/><figcaption><\/figcaption><\/figure>\n<figure class=\"wp-block-image size-large\">\n  <img decoding=\"async\" src=\"https:\/\/www.meydan.tv\/az\/25019\/\" alt=\"\" class=\"wp-image-25019\"\/><figcaption><\/figcaption><\/figure>\n<p>\n  <i><br \/>\n    2012-2013-c\u00fc ill\u0259rd\u0259 Bin\u0259q\u0259di rayon \u0130cra Hakimiyy\u0259ti ba\u015f\u00e7\u0131s\u0131n\u0131n birinci m\u00fcavini i\u015fl\u0259mi\u015f Q\u0259z\u0259nf\u0259r Novruzov bar\u0259sind\u0259 m\u0259hk\u0259m\u0259nin q\u0259rar\u0131 il\u0259 4 ay m\u00fcdd\u0259tin\u0259 h\u0259bs q\u0259timkan t\u0259dbiri se\u00e7ilib<br \/>\n  <\/i>\n<\/p>\n<p>\n  Bak\u0131n\u0131n Bin\u0259q\u0259di v\u0259 X\u0259tai rayonlar\u0131nda ya\u015fay\u0131\u015f binas\u0131nda ba\u015f ver\u0259n yan\u011f\u0131nlarla ba\u011fl\u0131 daha 4 n\u0259f\u0259r h\u0259bs edilib.\n<\/p>\n<p>\n  Ba\u015f Prokurorlu\u011fun m\u0259tbuat xidm\u0259tind\u0259n<br \/>\n  <a href=\"https:\/\/apa.az\/\"><br \/>\n    APA<br \/>\n  <\/a><br \/>\n  -ya veril\u0259n m\u0259lumatda qeyd olunur ki, 2015-ci il aprelin 10-da Bak\u0131 \u015f\u0259h\u0259ri, X\u0259tai rayonu, Z\u0131\u011f yolu k\u00fc\u00e7\u0259si 16 sayl\u0131 \u00fcnvanda \u201cTNH\u201d \u015firk\u0259ti t\u0259r\u0259find\u0259n fasad\u0131nda poliuretan materialla \u00fczl\u0259m\u0259 i\u015fl\u0259ri apar\u0131lan 9 m\u0259rt\u0259b\u0259li ya\u015fay\u0131\u015f binas\u0131nda a\u011f\u0131r n\u0259tic\u0259l\u0259r\u0259 s\u0259b\u0259b olan yan\u011f\u0131n\u0131n ba\u015f verm\u0259si fakt\u0131 \u00fczr\u0259<br \/>\n  <a href=\"http:\/\/az.apa.az\/tag\/F%C3%B6vq%C9%99lad%C9%99+Hallar+Nazirliyi\"><br \/>\n    F\u00f6vq\u0259lad\u0259 Hallar Nazirliyi<br \/>\n  <\/a><br \/>\n  nin \u018fm\u0259liyyat-\u0130stintaq \u0130dar\u0259sind\u0259 ba\u015flanm\u0131\u015f cinay\u0259t i\u015fi Bin\u0259q\u0259di rayonunda ya\u015fay\u0131\u015f binas\u0131nda ba\u015f vermi\u015f yan\u011f\u0131nla ba\u011fl\u0131 Ba\u015f Prokurorlu\u011fun A\u011f\u0131r cinay\u0259tl\u0259r\u0259 dair i\u015fl\u0259r \u00fczr\u0259 istintaq idar\u0259sind\u0259 Cinay\u0259t M\u0259c\u0259ll\u0259sinin m\u00fcvafiq madd\u0259l\u0259ri il\u0259 istintaq edil\u0259n cinay\u0259t i\u015fin\u0259 birl\u0259\u015fdirilm\u0259kl\u0259 vahid icraatda istintaq\u0131 davam etdirilir.\n<\/p>\n<p>\n  Cinay\u0259t i\u015fi \u00fczr\u0259 apar\u0131lan bax\u0131\u015f, axtar\u0131\u015f, g\u00f6t\u00fcrm\u0259 istintaq h\u0259r\u0259k\u0259tl\u0259ri il\u0259 \u201cTNH\u201d \u015firk\u0259tinin f\u0259aliyy\u0259tin\u0259, istehsal etdiyi poliuretan m\u0259mulat\u0131n\u0131n keyfiyy\u0259t v\u0259 istehsal texnologiyas\u0131na dair z\u0259ruri materiallar, h\u0259m\u00e7inin i\u015f \u00fc\u00e7\u00fcn \u0259h\u0259miyy\u0259t k\u0259sb ed\u0259n dig\u0259r s\u0259n\u0259dl\u0259r m\u00fcvafiq qaydada maddi s\u00fcbut kimi g\u00f6t\u00fcr\u00fcl\u00fcb.\n<\/p>\n<p>\n  A\u011f\u0131rla\u015fd\u0131r\u0131c\u0131 hallarda v\u0259zif\u0259 s\u0259lahiyy\u0259tl\u0259rind\u0259n sui-istifad\u0259 ed\u0259r\u0259k yan\u011f\u0131n t\u0259hl\u00fck\u0259sizliyi qaydalar\u0131n\u0131 kobud sur\u0259td\u0259 pozaraq X\u0259tai rayonu \u0259razisind\u0259 yerl\u0259\u015f\u0259n qeyd edil\u0259n ya\u015fay\u0131\u015f binas\u0131na v\u0259 bina sakinl\u0259rin\u0259 k\u00fclli miqdarda maddi ziyan vurulmas\u0131na s\u0259b\u0259b olan \u0259m\u0259ll\u0259rin\u0259 g\u00f6r\u0259 \u201cTNH\u201d \u015firk\u0259tinin f\u0259aliyy\u0259tin\u0259 v\u0259 g\u00f6r\u00fcl\u0259n i\u015fl\u0259r\u0259 faktiki r\u0259hb\u0259rliyi h\u0259yata ke\u00e7ir\u0259n F\u0259rid Sad\u0131qov, \u015firk\u0259tin direktoru Zaur \u018f\u015fr\u0259fov, \u015firk\u0259t direktorunun tikinti i\u015fl\u0259ri \u00fczr\u0259 m\u00fcavini N\u00fcsr\u0259t Muxtarov Cinay\u0259t M\u0259c\u0259ll\u0259sinin 225.2 (ehtiyats\u0131zl\u0131qdan z\u0259r\u0259r\u00e7\u0259kmi\u015f \u015f\u0259xsin \u00f6l\u00fcm\u00fcn\u0259 v\u0259 dig\u0259r a\u011f\u0131r n\u0259tic\u0259l\u0259r\u0259 s\u0259b\u0259b olan yan\u011f\u0131n t\u0259hl\u00fck\u0259sizliyi qaydalar\u0131n\u0131 pozma) v\u0259 308.2-ci (v\u0259zif\u0259 s\u0259lahiyy\u0259tl\u0259rind\u0259n sui-istifad\u0259 a\u011f\u0131r n\u0259tic\u0259l\u0259r\u0259 s\u0259b\u0259b olduqda) madd\u0259l\u0259ri il\u0259 t\u0259qsirl\u0259ndiril\u0259n \u015f\u0259xs qismind\u0259 c\u0259lb edil\u0259r\u0259k bar\u0259l\u0259rind\u0259 N\u0259simi Rayon M\u0259hk\u0259m\u0259sinin q\u0259rarlar\u0131 il\u0259 4 ay m\u00fcdd\u0259tin\u0259 h\u0259bs q\u0259timkan t\u0259dbiri se\u00e7ilib.\n<\/p>\n<p>\n  Cinay\u0259t i\u015fi \u00fczr\u0259 h\u0259m\u00e7inin, may\u0131n 19-da Bin\u0259q\u0259di rayonunda ya\u015fay\u0131\u015f binas\u0131nda ba\u015f vermi\u015f yan\u011f\u0131nla \u0259laq\u0259dar binan\u0131n poliuretan materialla \u00fczl\u0259nm\u0259si i\u015fl\u0259rin\u0259 n\u0259zar\u0259t funksiyalar\u0131n\u0131 h\u0259yata ke\u00e7irm\u0259li olan, 2012-2013-c\u00fc ill\u0259rd\u0259 Bin\u0259q\u0259di rayon \u0130cra Hakimiyy\u0259ti Ba\u015f\u00e7\u0131s\u0131n\u0131n birinci m\u00fcavini i\u015fl\u0259mi\u015f Q\u0259z\u0259nf\u0259r Novruzov Cinay\u0259t M\u0259c\u0259ll\u0259sinin qeyd edil\u0259n madd\u0259l\u0259ri il\u0259 t\u0259qsirl\u0259ndiril\u0259n \u015f\u0259xs qismind\u0259 c\u0259lb edil\u0259r\u0259k bar\u0259sind\u0259 m\u0259hk\u0259m\u0259nin q\u0259rar\u0131 il\u0259 4 ay m\u00fcdd\u0259tin\u0259 h\u0259bs q\u0259timkan t\u0259dbiri se\u00e7ilib.\n<\/p>\n<p>\n  Haz\u0131rda hadis\u0259nin ba\u015f verm\u0259sind\u0259 t\u0259qsiri olan \u015f\u0259xsl\u0259rin tam dair\u0259sinin m\u00fc\u0259yy\u0259nl\u0259\u015fdirilm\u0259kl\u0259 onlar\u0131n cinay\u0259t m\u0259suliyy\u0259tin\u0259 c\u0259lb edilm\u0259l\u0259ri istiqam\u0259tind\u0259 z\u0259ruri istintaq-\u0259m\u0259liyyat t\u0259dbirl\u0259ri davam etdirilir.\n<\/p>\n<p>\n  AzPolitika.info x\u0259b\u0259r verir ki,\u00a0Bin\u0259q\u0259di rayon \u0130cra Hakimiyy\u0259ti Ba\u015f\u00e7\u0131s\u0131n\u0131n birinci m\u00fcavini i\u015fl\u0259mi\u015f Q\u0259z\u0259nf\u0259r Novruzov Nax\u00e7\u0131van MR Daxili \u0130\u015fl\u0259r nazirinin m\u00fcavini, general-mayor S\u0259buhi Novruzovun qarda\u015f\u0131d\u0131r. S\u0259buhi Novruzov is\u0259 MR Ali M\u0259clisinin s\u0259dri Vasif Tal\u0131bovun bac\u0131s\u0131n\u0131n h\u0259yat yolda\u015f\u0131d\u0131r.<\/p>\n","protected":false},"excerpt":{"rendered":"<p>2012-2013-c\u00fc ill\u0259rd\u0259 Bin\u0259q\u0259di rayon \u0130cra Hakimiyy\u0259ti ba\u015f\u00e7\u0131s\u0131n\u0131n birinci m\u00fcavini i\u015fl\u0259mi\u015f Q\u0259z\u0259nf\u0259r Novruzov bar\u0259sind\u0259 m\u0259hk\u0259m\u0259nin q\u0259rar\u0131 il\u0259 4 ay m\u00fcdd\u0259tin\u0259 h\u0259bs q\u0259timkan t\u0259dbiri se\u00e7ilib<\/p>\n","protected":false},"author":11,"featured_media":25019,"comment_status":"closed","ping_status":"open","sticky":false,"template":"","format":"standard","meta":{"_acf_changed":false,"_sitemap_exclude":false,"_sitemap_priority":"","_sitemap_frequency":"","footnotes":""},"categories":[56],"tags":[],"class_list":["post-168036","post","type-post","status-publish","format-standard","has-post-thumbnail","hentry","category-xeberler","infinite-scroll-item","generate-columns","tablet-grid-50","mobile-grid-100","grid-parent","grid-33","no-featured-image-padding"],"acf":[],"yoast_head":"<!-- This site is optimized with the Yoast SEO plugin v28.4 - https:\/\/yoast.com\/product\/yoast-seo-wordpress\/ -->\n<title>Yan\u011f\u0131n hadis\u0259l\u0259ri il\u0259 ba\u011fl\u0131 daha 4 n\u0259f\u0259r h\u0259bs edilib - MEYDAN.TV<\/title>\n<meta name=\"robots\" content=\"index, follow, max-snippet:-1, max-image-preview:large, max-video-preview:-1\" \/>\n<link rel=\"canonical\" href=\"https:\/\/www.meydan.tv\/az\/article\/yangin-hadiseleri-ile-bagli-daha-4-nefer-hebs-edilib\/\" \/>\n<meta property=\"og:locale\" content=\"az_AZ\" \/>\n<meta property=\"og:type\" content=\"article\" \/>\n<meta property=\"og:title\" content=\"Yan\u011f\u0131n hadis\u0259l\u0259ri il\u0259 ba\u011fl\u0131 daha 4 n\u0259f\u0259r h\u0259bs edilib - MEYDAN.TV\" \/>\n<meta property=\"og:description\" content=\"2012-2013-c\u00fc ill\u0259rd\u0259 Bin\u0259q\u0259di rayon \u0130cra Hakimiyy\u0259ti ba\u015f\u00e7\u0131s\u0131n\u0131n birinci m\u00fcavini i\u015fl\u0259mi\u015f Q\u0259z\u0259nf\u0259r Novruzov bar\u0259sind\u0259 m\u0259hk\u0259m\u0259nin q\u0259rar\u0131 il\u0259 4 ay m\u00fcdd\u0259tin\u0259 h\u0259bs q\u0259timkan t\u0259dbiri se\u00e7ilib\" \/>\n<meta property=\"og:url\" content=\"https:\/\/www.meydan.tv\/az\/article\/yangin-hadiseleri-ile-bagli-daha-4-nefer-hebs-edilib\/\" \/>\n<meta property=\"og:site_name\" content=\"MEYDAN.TV\" \/>\n<meta property=\"article:published_time\" content=\"2015-05-22T20:56:32+00:00\" \/>\n<meta property=\"og:image\" content=\"https:\/\/www.meydan.tv\/wp-content\/uploads\/9139.jpg\" \/>\n\t<meta property=\"og:image:width\" content=\"749\" \/>\n\t<meta property=\"og:image:height\" content=\"500\" \/>\n\t<meta property=\"og:image:type\" content=\"image\/jpeg\" \/>\n<meta name=\"twitter:card\" content=\"summary_large_image\" \/>\n<!-- \/ Yoast SEO plugin. -->","yoast_head_json":{"title":"Yan\u011f\u0131n hadis\u0259l\u0259ri il\u0259 ba\u011fl\u0131 daha 4 n\u0259f\u0259r h\u0259bs edilib - MEYDAN.TV","robots":{"index":"index","follow":"follow","max-snippet":"max-snippet:-1","max-image-preview":"max-image-preview:large","max-video-preview":"max-video-preview:-1"},"canonical":"https:\/\/www.meydan.tv\/az\/article\/yangin-hadiseleri-ile-bagli-daha-4-nefer-hebs-edilib\/","og_locale":"az_AZ","og_type":"article","og_title":"Yan\u011f\u0131n hadis\u0259l\u0259ri il\u0259 ba\u011fl\u0131 daha 4 n\u0259f\u0259r h\u0259bs edilib - MEYDAN.TV","og_description":"2012-2013-c\u00fc ill\u0259rd\u0259 Bin\u0259q\u0259di rayon \u0130cra Hakimiyy\u0259ti ba\u015f\u00e7\u0131s\u0131n\u0131n birinci m\u00fcavini i\u015fl\u0259mi\u015f Q\u0259z\u0259nf\u0259r Novruzov bar\u0259sind\u0259 m\u0259hk\u0259m\u0259nin q\u0259rar\u0131 il\u0259 4 ay m\u00fcdd\u0259tin\u0259 h\u0259bs q\u0259timkan t\u0259dbiri se\u00e7ilib","og_url":"https:\/\/www.meydan.tv\/az\/article\/yangin-hadiseleri-ile-bagli-daha-4-nefer-hebs-edilib\/","og_site_name":"MEYDAN.TV","article_published_time":"2015-05-22T20:56:32+00:00","og_image":[{"width":749,"height":500,"url":"https:\/\/www.meydan.tv\/wp-content\/uploads\/9139.jpg","type":"image\/jpeg"}],"twitter_card":"summary_large_image","schema":{"@context":"https:\/\/schema.org","@graph":[{"@type":"Article","@id":"https:\/\/www.meydan.tv\/az\/article\/yangin-hadiseleri-ile-bagli-daha-4-nefer-hebs-edilib\/#article","isPartOf":{"@id":"https:\/\/www.meydan.tv\/az\/article\/yangin-hadiseleri-ile-bagli-daha-4-nefer-hebs-edilib\/"},"author":{"name":"user-manager","@id":"https:\/\/www.meydan.tv\/az\/#\/schema\/person\/10d11eccf6da3662cf5fdab9806ea91a"},"headline":"Yan\u011f\u0131n hadis\u0259l\u0259ri il\u0259 ba\u011fl\u0131 daha 4 n\u0259f\u0259r h\u0259bs edilib","datePublished":"2015-05-22T20:56:32+00:00","mainEntityOfPage":{"@id":"https:\/\/www.meydan.tv\/az\/article\/yangin-hadiseleri-ile-bagli-daha-4-nefer-hebs-edilib\/"},"wordCount":750,"publisher":{"@id":"https:\/\/www.meydan.tv\/az\/#organization"},"image":{"@id":"https:\/\/www.meydan.tv\/az\/article\/yangin-hadiseleri-ile-bagli-daha-4-nefer-hebs-edilib\/#primaryimage"},"thumbnailUrl":"https:\/\/www.meydan.tv\/wp-content\/uploads\/9139.jpg","articleSection":["X\u0259b\u0259rl\u0259r"],"inLanguage":"az"},{"@type":"WebPage","@id":"https:\/\/www.meydan.tv\/az\/article\/yangin-hadiseleri-ile-bagli-daha-4-nefer-hebs-edilib\/","url":"https:\/\/www.meydan.tv\/az\/article\/yangin-hadiseleri-ile-bagli-daha-4-nefer-hebs-edilib\/","name":"Yan\u011f\u0131n hadis\u0259l\u0259ri il\u0259 ba\u011fl\u0131 daha 4 n\u0259f\u0259r h\u0259bs edilib - MEYDAN.TV","isPartOf":{"@id":"https:\/\/www.meydan.tv\/az\/#website"},"primaryImageOfPage":{"@id":"https:\/\/www.meydan.tv\/az\/article\/yangin-hadiseleri-ile-bagli-daha-4-nefer-hebs-edilib\/#primaryimage"},"image":{"@id":"https:\/\/www.meydan.tv\/az\/article\/yangin-hadiseleri-ile-bagli-daha-4-nefer-hebs-edilib\/#primaryimage"},"thumbnailUrl":"https:\/\/www.meydan.tv\/wp-content\/uploads\/9139.jpg","datePublished":"2015-05-22T20:56:32+00:00","breadcrumb":{"@id":"https:\/\/www.meydan.tv\/az\/article\/yangin-hadiseleri-ile-bagli-daha-4-nefer-hebs-edilib\/#breadcrumb"},"inLanguage":"az","potentialAction":[{"@type":"ReadAction","target":["https:\/\/www.meydan.tv\/az\/article\/yangin-hadiseleri-ile-bagli-daha-4-nefer-hebs-edilib\/"]}]},{"@type":"ImageObject","inLanguage":"az","@id":"https:\/\/www.meydan.tv\/az\/article\/yangin-hadiseleri-ile-bagli-daha-4-nefer-hebs-edilib\/#primaryimage","url":"https:\/\/www.meydan.tv\/wp-content\/uploads\/9139.jpg","contentUrl":"https:\/\/www.meydan.tv\/wp-content\/uploads\/9139.jpg","width":749,"height":500,"caption":"Source:"},{"@type":"BreadcrumbList","@id":"https:\/\/www.meydan.tv\/az\/article\/yangin-hadiseleri-ile-bagli-daha-4-nefer-hebs-edilib\/#breadcrumb","itemListElement":[{"@type":"ListItem","position":1,"name":"Ana s\u0259hif\u0259","item":"https:\/\/www.meydan.tv\/az\/"},{"@type":"ListItem","position":2,"name":"X\u0259b\u0259rl\u0259r","item":"https:\/\/www.meydan.tv\/az\/section\/xeberler\/"},{"@type":"ListItem","position":3,"name":"Yan\u011f\u0131n hadis\u0259l\u0259ri il\u0259 ba\u011fl\u0131 daha 4 n\u0259f\u0259r h\u0259bs edilib"}]},{"@type":"WebSite","@id":"https:\/\/www.meydan.tv\/az\/#website","url":"https:\/\/www.meydan.tv\/az\/","name":"MEYDAN.TV","description":"Meydan TV Az\u0259rbaycan\u0131n media m\u0259kan\u0131ndak\u0131 alternativ s\u0259sidir","publisher":{"@id":"https:\/\/www.meydan.tv\/az\/#organization"},"potentialAction":[{"@type":"SearchAction","target":{"@type":"EntryPoint","urlTemplate":"https:\/\/www.meydan.tv\/az\/?s={search_term_string}"},"query-input":{"@type":"PropertyValueSpecification","valueRequired":true,"valueName":"search_term_string"}}],"inLanguage":"az"},{"@type":"Organization","@id":"https:\/\/www.meydan.tv\/az\/#organization","name":"Meydan TV","url":"https:\/\/www.meydan.tv\/az\/","logo":{"@type":"ImageObject","inLanguage":"az","@id":"https:\/\/www.meydan.tv\/az\/#\/schema\/logo\/image\/","url":"https:\/\/www.meydan.tv\/wp-content\/uploads\/2021\/07\/meydan-logo.svg","contentUrl":"https:\/\/www.meydan.tv\/wp-content\/uploads\/2021\/07\/meydan-logo.svg","width":195,"height":46,"caption":"Meydan TV"},"image":{"@id":"https:\/\/www.meydan.tv\/az\/#\/schema\/logo\/image\/"}},{"@type":"Person","@id":"https:\/\/www.meydan.tv\/az\/#\/schema\/person\/10d11eccf6da3662cf5fdab9806ea91a","name":"user-manager"}]}},"_links":{"self":[{"href":"https:\/\/www.meydan.tv\/az\/wp-json\/wp\/v2\/posts\/168036","targetHints":{"allow":["GET"]}}],"collection":[{"href":"https:\/\/www.meydan.tv\/az\/wp-json\/wp\/v2\/posts"}],"about":[{"href":"https:\/\/www.meydan.tv\/az\/wp-json\/wp\/v2\/types\/post"}],"author":[{"embeddable":true,"href":"https:\/\/www.meydan.tv\/az\/wp-json\/wp\/v2\/users\/11"}],"replies":[{"embeddable":true,"href":"https:\/\/www.meydan.tv\/az\/wp-json\/wp\/v2\/comments?post=168036"}],"version-history":[{"count":0,"href":"https:\/\/www.meydan.tv\/az\/wp-json\/wp\/v2\/posts\/168036\/revisions"}],"wp:featuredmedia":[{"embeddable":true,"href":"https:\/\/www.meydan.tv\/az\/wp-json\/wp\/v2\/media\/25019"}],"wp:attachment":[{"href":"https:\/\/www.meydan.tv\/az\/wp-json\/wp\/v2\/media?parent=168036"}],"wp:term":[{"taxonomy":"category","embeddable":true,"href":"https:\/\/www.meydan.tv\/az\/wp-json\/wp\/v2\/categories?post=168036"},{"taxonomy":"post_tag","embeddable":true,"href":"https:\/\/www.meydan.tv\/az\/wp-json\/wp\/v2\/tags?post=168036"}],"curies":[{"name":"wp","href":"https:\/\/api.w.org\/{rel}","templated":true}]}}