{"id":168035,"date":"2015-05-22T20:36:23","date_gmt":"2015-05-22T20:36:23","guid":{"rendered":"https:\/\/www.meydan.tv\/article\/ememmedyarov-azerbaycan-ai-ile-ikiterefli-emekdasligin-terefdaridir\/"},"modified":"2015-05-22T20:36:23","modified_gmt":"2015-05-22T20:36:23","slug":"ememmedyarov-azerbaycan-ai-ile-ikiterefli-emekdasligin-terefdaridir","status":"publish","type":"post","link":"https:\/\/www.meydan.tv\/az\/article\/ememmedyarov-azerbaycan-ai-ile-ikiterefli-emekdasligin-terefdaridir\/","title":{"rendered":"E.M\u0259mm\u0259dyarov: Az\u0259rbaycan A\u0130 il\u0259 ikit\u0259r\u0259fli \u0259m\u0259kda\u015fl\u0131\u011f\u0131n t\u0259r\u0259fdar\u0131d\u0131r"},"content":{"rendered":"<figure class=\"wp-block-image size-large\">\n  <img decoding=\"async\" src=\"https:\/\/www.meydan.tv\/az\/25015\/\" alt=\"\" class=\"wp-image-25015\"\/><figcaption><\/figcaption><\/figure>\n<figure class=\"wp-block-image size-large\">\n  <img decoding=\"async\" src=\"https:\/\/www.meydan.tv\/az\/25015\/\" alt=\"\" class=\"wp-image-25015\"\/><figcaption><\/figcaption><\/figure>\n<p>\n  <i><br \/>\n    \u201c\u018fm\u0259kda\u015fl\u0131\u011f\u0131m\u0131z\u0131n yeni metodlar\u0131 ikit\u0259r\u0259fli Strateji t\u0259r\u0259fda\u015fl\u0131q Sazi\u015fi layih\u0259sind\u0259 \u00f6z \u0259ksini tap\u0131r\u201d<br \/>\n  <\/i>\n<\/p>\n<p>\n  H\u0259ll olunmam\u0131\u015f m\u00fcnaqi\u015f\u0259l\u0259r \u015e\u0259rq T\u0259r\u0259fda\u015fl\u0131\u011f\u0131nda s\u00fclh\u0259 v\u0259 \u0259m\u0259kda\u015fl\u0131\u011fa davaml\u0131 probleml\u0259r yarad\u0131r, bu bar\u0259d\u0259 Riqada ke\u00e7iril\u0259n sammitd\u0259 Az\u0259rbaycan X\u0130N r\u0259hb\u0259ri Elmar M\u0259mm\u0259dyarov bildirib.\n<\/p>\n<p>\n  Erm\u0259nistan t\u0259r\u0259find\u0259n Az\u0259rbaycan Respublikas\u0131n\u0131n \u0259razil\u0259rinin i\u015f\u011fal\u0131n\u0131n davam etm\u0259si regiondak\u0131 qeyri-stabilliyin \u0259sas amilidir. Erm\u0259nistan m\u00fcnaqi\u015f\u0259nin h\u0259ll olunmas\u0131nda status-kvonu d\u0259yi\u015f\u0259c\u0259k ist\u0259nil\u0259n konstruktiv \u0259m\u0259kda\u015fl\u0131qdan yay\u0131n\u0131r.\n<\/p>\n<p>\n  Regionda s\u00fclh\u00fcn, stabilliyin, el\u0259c\u0259 d\u0259, mehriban qon\u015fuluq m\u00fcnasib\u0259tl\u0259rinin yarad\u0131lmas\u0131 Az\u0259rbaycan Respublikas\u0131n\u0131n beyn\u0259lxalq s\u0259viyy\u0259d\u0259 tan\u0131nm\u0131\u015f s\u0259rh\u0259dl\u0259ri \u00e7\u0259r\u00e7iv\u0259sind\u0259 \u0259razi b\u00fct\u00f6vl\u00fcy\u00fcn\u00fcn v\u0259 suverenliyinin b\u0259rpas\u0131 il\u0259 m\u00fcmk\u00fcnd\u00fcr. Erm\u0259nistan silahl\u0131 q\u00fcvv\u0259l\u0259ri onlara m\u0259xsus olmayan \u0259razil\u0259rd\u0259n \u00e7\u0131xmal\u0131d\u0131rlar. Etnik t\u0259mizl\u0259m\u0259y\u0259 m\u0259ruz qalm\u0131\u015f Az\u0259rbaycan \u0259halisi \u00f6z do\u011fma yurdlar\u0131na t\u0259hl\u00fck\u0259siz v\u0259 \u015f\u0259r\u0259fl\u0259 qay\u0131da bilm\u0259k h\u00fcquqlar\u0131n\u0131 h\u0259yata ke\u00e7ir\u0259 bilm\u0259lidir.\n<\/p>\n<p>\n  M\u0259mm\u0259dyarov h\u0259m\u00e7inin Az\u0259rbaycan-A\u0130 m\u00fcnasib\u0259tl\u0259rin\u0259 toxunub. \u201c\u018fm\u0259kda\u015fl\u0131\u011f\u0131m\u0131z\u0131n yeni metodlar\u0131 ikit\u0259r\u0259fli Strateji t\u0259r\u0259fda\u015fl\u0131q Sazi\u015fi layih\u0259sind\u0259 \u00f6z \u0259ksini tap\u0131r\u201d, dey\u0259 M\u0259mm\u0259dyarov bildirib.\u00a0 Sazi\u015f layih\u0259si art\u0131q r\u0259smi olaraq, Avropa \u0130ttifaq\u0131n\u0131n komissar\u0131 Yohannes Han v\u0259 y\u00fcks\u0259k n\u00fcmay\u0259nd\u0259si Federika Moqeriniy\u0259 t\u0259qdim edilib.\n<\/p>\n<p>\n  \u201cSammitin yekun b\u0259yannam\u0259sin\u0259 g\u0259linc\u0259, qeyd etm\u0259k ist\u0259rdim ki, Az\u0259rbaycan Respublikas\u0131 Avropa \u0130ttifaq\u0131 il\u0259 m\u00fcnasib\u0259tl\u0259rini ikit\u0259r\u0259fli formatda qurmaqdadad\u0131r\u201d, dey\u0259 M\u0259mm\u0259dyarov nitqini tamamlay\u0131b.<\/p>\n","protected":false},"excerpt":{"rendered":"<p>\u201c\u018fm\u0259kda\u015fl\u0131\u011f\u0131m\u0131z\u0131n yeni metodlar\u0131 ikit\u0259r\u0259fli Strateji t\u0259r\u0259fda\u015fl\u0131q Sazi\u015fi layih\u0259sind\u0259 \u00f6z \u0259ksini tap\u0131r\u201d<\/p>\n","protected":false},"author":11,"featured_media":25015,"comment_status":"closed","ping_status":"open","sticky":false,"template":"","format":"standard","meta":{"_acf_changed":false,"_sitemap_exclude":false,"_sitemap_priority":"","_sitemap_frequency":"","footnotes":""},"categories":[56],"tags":[],"class_list":["post-168035","post","type-post","status-publish","format-standard","has-post-thumbnail","hentry","category-xeberler","infinite-scroll-item","generate-columns","tablet-grid-50","mobile-grid-100","grid-parent","grid-33","no-featured-image-padding"],"acf":[],"yoast_head":"<!-- This site is optimized with the Yoast SEO plugin v28.4 - https:\/\/yoast.com\/product\/yoast-seo-wordpress\/ -->\n<title>E.M\u0259mm\u0259dyarov: Az\u0259rbaycan A\u0130 il\u0259 ikit\u0259r\u0259fli \u0259m\u0259kda\u015fl\u0131\u011f\u0131n t\u0259r\u0259fdar\u0131d\u0131r - MEYDAN.TV<\/title>\n<meta name=\"robots\" content=\"index, follow, max-snippet:-1, max-image-preview:large, max-video-preview:-1\" \/>\n<link rel=\"canonical\" href=\"https:\/\/www.meydan.tv\/az\/article\/ememmedyarov-azerbaycan-ai-ile-ikiterefli-emekdasligin-terefdaridir\/\" \/>\n<meta property=\"og:locale\" content=\"az_AZ\" \/>\n<meta property=\"og:type\" content=\"article\" \/>\n<meta property=\"og:title\" content=\"E.M\u0259mm\u0259dyarov: Az\u0259rbaycan A\u0130 il\u0259 ikit\u0259r\u0259fli \u0259m\u0259kda\u015fl\u0131\u011f\u0131n t\u0259r\u0259fdar\u0131d\u0131r - MEYDAN.TV\" \/>\n<meta property=\"og:description\" content=\"\u201c\u018fm\u0259kda\u015fl\u0131\u011f\u0131m\u0131z\u0131n yeni metodlar\u0131 ikit\u0259r\u0259fli Strateji t\u0259r\u0259fda\u015fl\u0131q Sazi\u015fi layih\u0259sind\u0259 \u00f6z \u0259ksini tap\u0131r\u201d\" \/>\n<meta property=\"og:url\" content=\"https:\/\/www.meydan.tv\/az\/article\/ememmedyarov-azerbaycan-ai-ile-ikiterefli-emekdasligin-terefdaridir\/\" \/>\n<meta property=\"og:site_name\" content=\"MEYDAN.TV\" \/>\n<meta property=\"article:published_time\" content=\"2015-05-22T20:36:23+00:00\" \/>\n<meta property=\"og:image\" content=\"https:\/\/www.meydan.tv\/wp-content\/uploads\/9138.jpg\" \/>\n\t<meta property=\"og:image:width\" content=\"467\" \/>\n\t<meta property=\"og:image:height\" content=\"350\" \/>\n\t<meta property=\"og:image:type\" content=\"image\/jpeg\" \/>\n<meta name=\"twitter:card\" content=\"summary_large_image\" \/>\n<!-- \/ Yoast SEO plugin. -->","yoast_head_json":{"title":"E.M\u0259mm\u0259dyarov: Az\u0259rbaycan A\u0130 il\u0259 ikit\u0259r\u0259fli \u0259m\u0259kda\u015fl\u0131\u011f\u0131n t\u0259r\u0259fdar\u0131d\u0131r - MEYDAN.TV","robots":{"index":"index","follow":"follow","max-snippet":"max-snippet:-1","max-image-preview":"max-image-preview:large","max-video-preview":"max-video-preview:-1"},"canonical":"https:\/\/www.meydan.tv\/az\/article\/ememmedyarov-azerbaycan-ai-ile-ikiterefli-emekdasligin-terefdaridir\/","og_locale":"az_AZ","og_type":"article","og_title":"E.M\u0259mm\u0259dyarov: Az\u0259rbaycan A\u0130 il\u0259 ikit\u0259r\u0259fli \u0259m\u0259kda\u015fl\u0131\u011f\u0131n t\u0259r\u0259fdar\u0131d\u0131r - MEYDAN.TV","og_description":"\u201c\u018fm\u0259kda\u015fl\u0131\u011f\u0131m\u0131z\u0131n yeni metodlar\u0131 ikit\u0259r\u0259fli Strateji t\u0259r\u0259fda\u015fl\u0131q Sazi\u015fi layih\u0259sind\u0259 \u00f6z \u0259ksini tap\u0131r\u201d","og_url":"https:\/\/www.meydan.tv\/az\/article\/ememmedyarov-azerbaycan-ai-ile-ikiterefli-emekdasligin-terefdaridir\/","og_site_name":"MEYDAN.TV","article_published_time":"2015-05-22T20:36:23+00:00","og_image":[{"width":467,"height":350,"url":"https:\/\/www.meydan.tv\/wp-content\/uploads\/9138.jpg","type":"image\/jpeg"}],"twitter_card":"summary_large_image","schema":{"@context":"https:\/\/schema.org","@graph":[{"@type":"Article","@id":"https:\/\/www.meydan.tv\/az\/article\/ememmedyarov-azerbaycan-ai-ile-ikiterefli-emekdasligin-terefdaridir\/#article","isPartOf":{"@id":"https:\/\/www.meydan.tv\/az\/article\/ememmedyarov-azerbaycan-ai-ile-ikiterefli-emekdasligin-terefdaridir\/"},"author":{"name":"user-manager","@id":"https:\/\/www.meydan.tv\/az\/#\/schema\/person\/10d11eccf6da3662cf5fdab9806ea91a"},"headline":"E.M\u0259mm\u0259dyarov: Az\u0259rbaycan A\u0130 il\u0259 ikit\u0259r\u0259fli \u0259m\u0259kda\u015fl\u0131\u011f\u0131n t\u0259r\u0259fdar\u0131d\u0131r","datePublished":"2015-05-22T20:36:23+00:00","mainEntityOfPage":{"@id":"https:\/\/www.meydan.tv\/az\/article\/ememmedyarov-azerbaycan-ai-ile-ikiterefli-emekdasligin-terefdaridir\/"},"wordCount":351,"publisher":{"@id":"https:\/\/www.meydan.tv\/az\/#organization"},"image":{"@id":"https:\/\/www.meydan.tv\/az\/article\/ememmedyarov-azerbaycan-ai-ile-ikiterefli-emekdasligin-terefdaridir\/#primaryimage"},"thumbnailUrl":"https:\/\/www.meydan.tv\/wp-content\/uploads\/9138.jpg","articleSection":["X\u0259b\u0259rl\u0259r"],"inLanguage":"az"},{"@type":"WebPage","@id":"https:\/\/www.meydan.tv\/az\/article\/ememmedyarov-azerbaycan-ai-ile-ikiterefli-emekdasligin-terefdaridir\/","url":"https:\/\/www.meydan.tv\/az\/article\/ememmedyarov-azerbaycan-ai-ile-ikiterefli-emekdasligin-terefdaridir\/","name":"E.M\u0259mm\u0259dyarov: Az\u0259rbaycan A\u0130 il\u0259 ikit\u0259r\u0259fli \u0259m\u0259kda\u015fl\u0131\u011f\u0131n t\u0259r\u0259fdar\u0131d\u0131r - MEYDAN.TV","isPartOf":{"@id":"https:\/\/www.meydan.tv\/az\/#website"},"primaryImageOfPage":{"@id":"https:\/\/www.meydan.tv\/az\/article\/ememmedyarov-azerbaycan-ai-ile-ikiterefli-emekdasligin-terefdaridir\/#primaryimage"},"image":{"@id":"https:\/\/www.meydan.tv\/az\/article\/ememmedyarov-azerbaycan-ai-ile-ikiterefli-emekdasligin-terefdaridir\/#primaryimage"},"thumbnailUrl":"https:\/\/www.meydan.tv\/wp-content\/uploads\/9138.jpg","datePublished":"2015-05-22T20:36:23+00:00","breadcrumb":{"@id":"https:\/\/www.meydan.tv\/az\/article\/ememmedyarov-azerbaycan-ai-ile-ikiterefli-emekdasligin-terefdaridir\/#breadcrumb"},"inLanguage":"az","potentialAction":[{"@type":"ReadAction","target":["https:\/\/www.meydan.tv\/az\/article\/ememmedyarov-azerbaycan-ai-ile-ikiterefli-emekdasligin-terefdaridir\/"]}]},{"@type":"ImageObject","inLanguage":"az","@id":"https:\/\/www.meydan.tv\/az\/article\/ememmedyarov-azerbaycan-ai-ile-ikiterefli-emekdasligin-terefdaridir\/#primaryimage","url":"https:\/\/www.meydan.tv\/wp-content\/uploads\/9138.jpg","contentUrl":"https:\/\/www.meydan.tv\/wp-content\/uploads\/9138.jpg","width":467,"height":350,"caption":"Source:"},{"@type":"BreadcrumbList","@id":"https:\/\/www.meydan.tv\/az\/article\/ememmedyarov-azerbaycan-ai-ile-ikiterefli-emekdasligin-terefdaridir\/#breadcrumb","itemListElement":[{"@type":"ListItem","position":1,"name":"Ana s\u0259hif\u0259","item":"https:\/\/www.meydan.tv\/az\/"},{"@type":"ListItem","position":2,"name":"X\u0259b\u0259rl\u0259r","item":"https:\/\/www.meydan.tv\/az\/section\/xeberler\/"},{"@type":"ListItem","position":3,"name":"E.M\u0259mm\u0259dyarov: Az\u0259rbaycan A\u0130 il\u0259 ikit\u0259r\u0259fli \u0259m\u0259kda\u015fl\u0131\u011f\u0131n t\u0259r\u0259fdar\u0131d\u0131r"}]},{"@type":"WebSite","@id":"https:\/\/www.meydan.tv\/az\/#website","url":"https:\/\/www.meydan.tv\/az\/","name":"MEYDAN.TV","description":"Meydan TV Az\u0259rbaycan\u0131n media m\u0259kan\u0131ndak\u0131 alternativ s\u0259sidir","publisher":{"@id":"https:\/\/www.meydan.tv\/az\/#organization"},"potentialAction":[{"@type":"SearchAction","target":{"@type":"EntryPoint","urlTemplate":"https:\/\/www.meydan.tv\/az\/?s={search_term_string}"},"query-input":{"@type":"PropertyValueSpecification","valueRequired":true,"valueName":"search_term_string"}}],"inLanguage":"az"},{"@type":"Organization","@id":"https:\/\/www.meydan.tv\/az\/#organization","name":"Meydan TV","url":"https:\/\/www.meydan.tv\/az\/","logo":{"@type":"ImageObject","inLanguage":"az","@id":"https:\/\/www.meydan.tv\/az\/#\/schema\/logo\/image\/","url":"https:\/\/www.meydan.tv\/wp-content\/uploads\/2021\/07\/meydan-logo.svg","contentUrl":"https:\/\/www.meydan.tv\/wp-content\/uploads\/2021\/07\/meydan-logo.svg","width":195,"height":46,"caption":"Meydan TV"},"image":{"@id":"https:\/\/www.meydan.tv\/az\/#\/schema\/logo\/image\/"}},{"@type":"Person","@id":"https:\/\/www.meydan.tv\/az\/#\/schema\/person\/10d11eccf6da3662cf5fdab9806ea91a","name":"user-manager"}]}},"_links":{"self":[{"href":"https:\/\/www.meydan.tv\/az\/wp-json\/wp\/v2\/posts\/168035","targetHints":{"allow":["GET"]}}],"collection":[{"href":"https:\/\/www.meydan.tv\/az\/wp-json\/wp\/v2\/posts"}],"about":[{"href":"https:\/\/www.meydan.tv\/az\/wp-json\/wp\/v2\/types\/post"}],"author":[{"embeddable":true,"href":"https:\/\/www.meydan.tv\/az\/wp-json\/wp\/v2\/users\/11"}],"replies":[{"embeddable":true,"href":"https:\/\/www.meydan.tv\/az\/wp-json\/wp\/v2\/comments?post=168035"}],"version-history":[{"count":0,"href":"https:\/\/www.meydan.tv\/az\/wp-json\/wp\/v2\/posts\/168035\/revisions"}],"wp:featuredmedia":[{"embeddable":true,"href":"https:\/\/www.meydan.tv\/az\/wp-json\/wp\/v2\/media\/25015"}],"wp:attachment":[{"href":"https:\/\/www.meydan.tv\/az\/wp-json\/wp\/v2\/media?parent=168035"}],"wp:term":[{"taxonomy":"category","embeddable":true,"href":"https:\/\/www.meydan.tv\/az\/wp-json\/wp\/v2\/categories?post=168035"},{"taxonomy":"post_tag","embeddable":true,"href":"https:\/\/www.meydan.tv\/az\/wp-json\/wp\/v2\/tags?post=168035"}],"curies":[{"name":"wp","href":"https:\/\/api.w.org\/{rel}","templated":true}]}}