{"id":168034,"date":"2015-05-22T20:32:33","date_gmt":"2015-05-22T20:32:33","guid":{"rendered":"https:\/\/www.meydan.tv\/article\/genc-feal-iddia-edir-ki-polis-onun-ailesini-hebs-edib\/"},"modified":"2015-05-22T20:32:33","modified_gmt":"2015-05-22T20:32:33","slug":"genc-feal-iddia-edir-ki-polis-onun-ailesini-hebs-edib","status":"publish","type":"post","link":"https:\/\/www.meydan.tv\/az\/article\/genc-feal-iddia-edir-ki-polis-onun-ailesini-hebs-edib\/","title":{"rendered":"G\u0259nc f\u0259al iddia edir ki, polis onun ail\u0259sini h\u0259bs edib"},"content":{"rendered":"<figure class=\"wp-block-image size-large\">\n  <img decoding=\"async\" src=\"https:\/\/www.meydan.tv\/az\/25012\/\" alt=\"\" class=\"wp-image-25012\"\/><figcaption><\/figcaption><\/figure>\n<figure class=\"wp-block-image size-large\">\n  <img decoding=\"async\" src=\"https:\/\/www.meydan.tv\/az\/25012\/\" alt=\"\" class=\"wp-image-25012\"\/><figcaption><\/figcaption><\/figure>\n<p>\n  <i><br \/>\n    D\u0130N-in m\u0259tbuat xidm\u0259tind\u0259n bu iddian\u0131 uydurma hesab edibl\u0259r<br \/>\n  <\/i>\n<\/p>\n<p>\n  M\u00fchacir\u0259td\u0259 olan g\u0259nc f\u0259al R\u0259sul M\u00fcrs\u0259lov iddia edir ki, bu g\u00fcn onun ail\u0259sinin b\u00fct\u00fcn \u00fczvl\u0259ri h\u0259bs edilib v\u0259 Zaqatala rayon polis b\u00f6lm\u0259sin\u0259 apar\u0131l\u0131b. Bu bar\u0259d\u0259 f\u0259al \u00f6z facebook s\u0259hif\u0259sind\u0259 yaz\u0131b.\n<\/p>\n<p>\n  Buna may\u0131n 22-d\u0259 sosial \u015f\u0259b\u0259k\u0259d\u0259 \u201cYanan olimpiadaya YOX dey\u0259k!\u201d \u00e7a\u011f\u0131r\u0131\u015f\u0131 il\u0259 s\u0259hif\u0259 yaratmas\u0131 v\u0259 Az\u0259rbaycan v\u0259t\u0259nda\u015flar\u0131n\u0131 may\u0131n 31-d\u0259 Avropa Oyunlar\u0131na etiraz mitinqi ke\u00e7irm\u0259y\u0259 \u00e7a\u011f\u0131r\u0131\u015f\u0131 s\u0259b\u0259b olub.\n<\/p>\n<p>\n  Ail\u0259 \u00fczvl\u0259ri polis b\u00f6lm\u0259sin\u0259 apar\u0131ld\u0131qdan sonra M\u00fcrs\u0259lovdan yaratd\u0131\u011f\u0131 s\u0259hif\u0259ni silm\u0259yi t\u0259l\u0259b edibl\u0259r. O, bunu etdikd\u0259n sonra ondan facebook s\u0259hif\u0259sini ba\u011flama\u011f\u0131 t\u0259l\u0259b edibl\u0259r.\n<\/p>\n<p>\n  O, polisin t\u0259l\u0259bl\u0259rini yerin\u0259 yetirs\u0259 d\u0259, 5 ya\u015fl\u0131 u\u015faq da daxil olmaqla, ail\u0259 s\u0259rb\u0259st burax\u0131lmay\u0131b, dey\u0259 f\u0259al iddia edir.\n<\/p>\n<p>\n  D\u0130N-in m\u0259tbuat xidm\u0259tind\u0259n bu iddian\u0131 &#8220;Turan \u0130A&#8221;-a \u015f\u0259rh ed\u0259rk\u0259n bildiribl\u0259r ki, b\u00fct\u00fcn bu iddialar uydurmad\u0131r v\u0259 h\u0259qiq\u0259t\u0259 uy\u011fun deyil.<\/p>\n","protected":false},"excerpt":{"rendered":"<p>D\u0130N-in m\u0259tbuat xidm\u0259tind\u0259n bu iddian\u0131 uydurma hesab edibl\u0259r<\/p>\n","protected":false},"author":11,"featured_media":25012,"comment_status":"closed","ping_status":"open","sticky":false,"template":"","format":"standard","meta":{"_acf_changed":false,"_sitemap_exclude":false,"_sitemap_priority":"","_sitemap_frequency":"","footnotes":""},"categories":[56],"tags":[],"class_list":["post-168034","post","type-post","status-publish","format-standard","has-post-thumbnail","hentry","category-xeberler","infinite-scroll-item","generate-columns","tablet-grid-50","mobile-grid-100","grid-parent","grid-33","no-featured-image-padding"],"acf":[],"yoast_head":"<!-- This site is optimized with the Yoast SEO plugin v28.4 - https:\/\/yoast.com\/product\/yoast-seo-wordpress\/ -->\n<title>G\u0259nc f\u0259al iddia edir ki, polis onun ail\u0259sini h\u0259bs edib - MEYDAN.TV<\/title>\n<meta name=\"robots\" content=\"index, follow, max-snippet:-1, max-image-preview:large, max-video-preview:-1\" \/>\n<link rel=\"canonical\" href=\"https:\/\/www.meydan.tv\/az\/article\/genc-feal-iddia-edir-ki-polis-onun-ailesini-hebs-edib\/\" \/>\n<meta property=\"og:locale\" content=\"az_AZ\" \/>\n<meta property=\"og:type\" content=\"article\" \/>\n<meta property=\"og:title\" content=\"G\u0259nc f\u0259al iddia edir ki, polis onun ail\u0259sini h\u0259bs edib - MEYDAN.TV\" \/>\n<meta property=\"og:description\" content=\"D\u0130N-in m\u0259tbuat xidm\u0259tind\u0259n bu iddian\u0131 uydurma hesab edibl\u0259r\" \/>\n<meta property=\"og:url\" content=\"https:\/\/www.meydan.tv\/az\/article\/genc-feal-iddia-edir-ki-polis-onun-ailesini-hebs-edib\/\" \/>\n<meta property=\"og:site_name\" content=\"MEYDAN.TV\" \/>\n<meta property=\"article:published_time\" content=\"2015-05-22T20:32:33+00:00\" \/>\n<meta property=\"og:image\" content=\"https:\/\/www.meydan.tv\/wp-content\/uploads\/9137.jpg\" \/>\n\t<meta property=\"og:image:width\" content=\"400\" \/>\n\t<meta property=\"og:image:height\" content=\"267\" \/>\n\t<meta property=\"og:image:type\" content=\"image\/jpeg\" \/>\n<meta name=\"twitter:card\" content=\"summary_large_image\" \/>\n<!-- \/ Yoast SEO plugin. -->","yoast_head_json":{"title":"G\u0259nc f\u0259al iddia edir ki, polis onun ail\u0259sini h\u0259bs edib - MEYDAN.TV","robots":{"index":"index","follow":"follow","max-snippet":"max-snippet:-1","max-image-preview":"max-image-preview:large","max-video-preview":"max-video-preview:-1"},"canonical":"https:\/\/www.meydan.tv\/az\/article\/genc-feal-iddia-edir-ki-polis-onun-ailesini-hebs-edib\/","og_locale":"az_AZ","og_type":"article","og_title":"G\u0259nc f\u0259al iddia edir ki, polis onun ail\u0259sini h\u0259bs edib - MEYDAN.TV","og_description":"D\u0130N-in m\u0259tbuat xidm\u0259tind\u0259n bu iddian\u0131 uydurma hesab edibl\u0259r","og_url":"https:\/\/www.meydan.tv\/az\/article\/genc-feal-iddia-edir-ki-polis-onun-ailesini-hebs-edib\/","og_site_name":"MEYDAN.TV","article_published_time":"2015-05-22T20:32:33+00:00","og_image":[{"width":400,"height":267,"url":"https:\/\/www.meydan.tv\/wp-content\/uploads\/9137.jpg","type":"image\/jpeg"}],"twitter_card":"summary_large_image","schema":{"@context":"https:\/\/schema.org","@graph":[{"@type":"Article","@id":"https:\/\/www.meydan.tv\/az\/article\/genc-feal-iddia-edir-ki-polis-onun-ailesini-hebs-edib\/#article","isPartOf":{"@id":"https:\/\/www.meydan.tv\/az\/article\/genc-feal-iddia-edir-ki-polis-onun-ailesini-hebs-edib\/"},"author":{"name":"user-manager","@id":"https:\/\/www.meydan.tv\/az\/#\/schema\/person\/10d11eccf6da3662cf5fdab9806ea91a"},"headline":"G\u0259nc f\u0259al iddia edir ki, polis onun ail\u0259sini h\u0259bs edib","datePublished":"2015-05-22T20:32:33+00:00","mainEntityOfPage":{"@id":"https:\/\/www.meydan.tv\/az\/article\/genc-feal-iddia-edir-ki-polis-onun-ailesini-hebs-edib\/"},"wordCount":226,"publisher":{"@id":"https:\/\/www.meydan.tv\/az\/#organization"},"image":{"@id":"https:\/\/www.meydan.tv\/az\/article\/genc-feal-iddia-edir-ki-polis-onun-ailesini-hebs-edib\/#primaryimage"},"thumbnailUrl":"https:\/\/www.meydan.tv\/wp-content\/uploads\/9137.jpg","articleSection":["X\u0259b\u0259rl\u0259r"],"inLanguage":"az"},{"@type":"WebPage","@id":"https:\/\/www.meydan.tv\/az\/article\/genc-feal-iddia-edir-ki-polis-onun-ailesini-hebs-edib\/","url":"https:\/\/www.meydan.tv\/az\/article\/genc-feal-iddia-edir-ki-polis-onun-ailesini-hebs-edib\/","name":"G\u0259nc f\u0259al iddia edir ki, polis onun ail\u0259sini h\u0259bs edib - MEYDAN.TV","isPartOf":{"@id":"https:\/\/www.meydan.tv\/az\/#website"},"primaryImageOfPage":{"@id":"https:\/\/www.meydan.tv\/az\/article\/genc-feal-iddia-edir-ki-polis-onun-ailesini-hebs-edib\/#primaryimage"},"image":{"@id":"https:\/\/www.meydan.tv\/az\/article\/genc-feal-iddia-edir-ki-polis-onun-ailesini-hebs-edib\/#primaryimage"},"thumbnailUrl":"https:\/\/www.meydan.tv\/wp-content\/uploads\/9137.jpg","datePublished":"2015-05-22T20:32:33+00:00","breadcrumb":{"@id":"https:\/\/www.meydan.tv\/az\/article\/genc-feal-iddia-edir-ki-polis-onun-ailesini-hebs-edib\/#breadcrumb"},"inLanguage":"az","potentialAction":[{"@type":"ReadAction","target":["https:\/\/www.meydan.tv\/az\/article\/genc-feal-iddia-edir-ki-polis-onun-ailesini-hebs-edib\/"]}]},{"@type":"ImageObject","inLanguage":"az","@id":"https:\/\/www.meydan.tv\/az\/article\/genc-feal-iddia-edir-ki-polis-onun-ailesini-hebs-edib\/#primaryimage","url":"https:\/\/www.meydan.tv\/wp-content\/uploads\/9137.jpg","contentUrl":"https:\/\/www.meydan.tv\/wp-content\/uploads\/9137.jpg","width":400,"height":267,"caption":"Source:"},{"@type":"BreadcrumbList","@id":"https:\/\/www.meydan.tv\/az\/article\/genc-feal-iddia-edir-ki-polis-onun-ailesini-hebs-edib\/#breadcrumb","itemListElement":[{"@type":"ListItem","position":1,"name":"Ana s\u0259hif\u0259","item":"https:\/\/www.meydan.tv\/az\/"},{"@type":"ListItem","position":2,"name":"X\u0259b\u0259rl\u0259r","item":"https:\/\/www.meydan.tv\/az\/section\/xeberler\/"},{"@type":"ListItem","position":3,"name":"G\u0259nc f\u0259al iddia edir ki, polis onun ail\u0259sini h\u0259bs edib"}]},{"@type":"WebSite","@id":"https:\/\/www.meydan.tv\/az\/#website","url":"https:\/\/www.meydan.tv\/az\/","name":"MEYDAN.TV","description":"Meydan TV Az\u0259rbaycan\u0131n media m\u0259kan\u0131ndak\u0131 alternativ s\u0259sidir","publisher":{"@id":"https:\/\/www.meydan.tv\/az\/#organization"},"potentialAction":[{"@type":"SearchAction","target":{"@type":"EntryPoint","urlTemplate":"https:\/\/www.meydan.tv\/az\/?s={search_term_string}"},"query-input":{"@type":"PropertyValueSpecification","valueRequired":true,"valueName":"search_term_string"}}],"inLanguage":"az"},{"@type":"Organization","@id":"https:\/\/www.meydan.tv\/az\/#organization","name":"Meydan TV","url":"https:\/\/www.meydan.tv\/az\/","logo":{"@type":"ImageObject","inLanguage":"az","@id":"https:\/\/www.meydan.tv\/az\/#\/schema\/logo\/image\/","url":"https:\/\/www.meydan.tv\/wp-content\/uploads\/2021\/07\/meydan-logo.svg","contentUrl":"https:\/\/www.meydan.tv\/wp-content\/uploads\/2021\/07\/meydan-logo.svg","width":195,"height":46,"caption":"Meydan TV"},"image":{"@id":"https:\/\/www.meydan.tv\/az\/#\/schema\/logo\/image\/"}},{"@type":"Person","@id":"https:\/\/www.meydan.tv\/az\/#\/schema\/person\/10d11eccf6da3662cf5fdab9806ea91a","name":"user-manager"}]}},"_links":{"self":[{"href":"https:\/\/www.meydan.tv\/az\/wp-json\/wp\/v2\/posts\/168034","targetHints":{"allow":["GET"]}}],"collection":[{"href":"https:\/\/www.meydan.tv\/az\/wp-json\/wp\/v2\/posts"}],"about":[{"href":"https:\/\/www.meydan.tv\/az\/wp-json\/wp\/v2\/types\/post"}],"author":[{"embeddable":true,"href":"https:\/\/www.meydan.tv\/az\/wp-json\/wp\/v2\/users\/11"}],"replies":[{"embeddable":true,"href":"https:\/\/www.meydan.tv\/az\/wp-json\/wp\/v2\/comments?post=168034"}],"version-history":[{"count":0,"href":"https:\/\/www.meydan.tv\/az\/wp-json\/wp\/v2\/posts\/168034\/revisions"}],"wp:featuredmedia":[{"embeddable":true,"href":"https:\/\/www.meydan.tv\/az\/wp-json\/wp\/v2\/media\/25012"}],"wp:attachment":[{"href":"https:\/\/www.meydan.tv\/az\/wp-json\/wp\/v2\/media?parent=168034"}],"wp:term":[{"taxonomy":"category","embeddable":true,"href":"https:\/\/www.meydan.tv\/az\/wp-json\/wp\/v2\/categories?post=168034"},{"taxonomy":"post_tag","embeddable":true,"href":"https:\/\/www.meydan.tv\/az\/wp-json\/wp\/v2\/tags?post=168034"}],"curies":[{"name":"wp","href":"https:\/\/api.w.org\/{rel}","templated":true}]}}