{"id":168033,"date":"2015-05-22T20:27:17","date_gmt":"2015-05-22T20:27:17","guid":{"rendered":"https:\/\/www.meydan.tv\/article\/martin-sults-azerbaycan-ve-belarusun-daxili-qurulusu-avropa-deyerlerine-ziddir\/"},"modified":"2015-05-22T20:27:17","modified_gmt":"2015-05-22T20:27:17","slug":"martin-sults-azerbaycan-ve-belarusun-daxili-qurulusu-avropa-deyerlerine-ziddir","status":"publish","type":"post","link":"https:\/\/www.meydan.tv\/az\/article\/martin-sults-azerbaycan-ve-belarusun-daxili-qurulusu-avropa-deyerlerine-ziddir\/","title":{"rendered":"Martin \u015eults: Az\u0259rbaycan v\u0259 Belarusun daxili qurulu\u015fu Avropa d\u0259y\u0259rl\u0259rin\u0259 ziddir"},"content":{"rendered":"<figure class=\"wp-block-image size-large\">\n  <img decoding=\"async\" src=\"https:\/\/www.meydan.tv\/az\/25009\/\" alt=\"\" class=\"wp-image-25009\"\/><figcaption><\/figcaption><\/figure>\n<figure class=\"wp-block-image size-large\">\n  <img decoding=\"async\" src=\"https:\/\/www.meydan.tv\/az\/25009\/\" alt=\"\" class=\"wp-image-25009\"\/><figcaption><\/figcaption><\/figure>\n<p>\n  <i><br \/>\n    &#8220;\u201c\u015e\u0259rq T\u0259r\u0259fdal\u0131\u011f\u0131\u201d daxili qurulu\u015flar\u0131 A\u0130 v\u0259 bizim t\u0259m\u0259l d\u0259y\u0259rl\u0259rimizl\u0259 bir araya s\u0131\u011fmayan Az\u0259rbaycan v\u0259 Belarus kimi \u00f6lk\u0259l\u0259rl\u0259 ba\u011fl\u0131 sammiti \u00e7\u0259tinl\u0259\u015fdirir&#8221;<br \/>\n  <\/i>\n<\/p>\n<p>\n  Avropa \u0130ttifaq\u0131nda \u201c\u015e\u0259rq T\u0259r\u0259fda\u015fl\u0131\u011f\u0131\u201d proqram\u0131n\u0131n g\u0259l\u0259c\u0259k taleyi haqq\u0131nda vahid fikir yoxdur. Bu bar\u0259d\u0259 Avropa Parlamentinin s\u0259dri Martin \u015eults c\u00fcm\u0259 g\u00fcn\u00fc Riqada bildirib.\n<\/p>\n<p>\n  \u201cRusiyaya m\u00fcnasib\u0259td\u0259 biz vahid m\u00f6vqe tuturuq, amma bizim \u201c\u015e\u0259rq T\u0259r\u0259fda\u015fl\u0131\u011f\u0131\u201dna vahid yana\u015fmam\u0131z yoxdur\u201d, dey\u0259 R\u0130A-Novosti \u015eultsdan sitat g\u0259tirir.\n<\/p>\n<p>\n  Siyas\u0259t\u00e7i qeyd edib ki, Az\u0259rbaycan v\u0259 Belarusun \u201c\u015e\u0259rq T\u0259r\u0259fda\u015fl\u0131\u011f\u0131\u201dnda i\u015ftirak\u0131 proqram\u0131 m\u0259hdudla\u015fd\u0131r\u0131r, bel\u0259 ki, bu \u00f6lk\u0259l\u0259rin daxili qurulu\u015fu Avropa d\u0259y\u0259rl\u0259rin\u0259 ziddir.\n<\/p>\n<p>\n  Bu m\u0259nada haz\u0131rki sammit aral\u0131q add\u0131m ola bil\u0259r. \u201c\u015e\u0259rq T\u0259r\u0259fdal\u0131\u011f\u0131\u201d daxili qurulu\u015flar\u0131 A\u0130 v\u0259 bizim t\u0259m\u0259l d\u0259y\u0259rl\u0259rimizl\u0259 bir araya s\u0131\u011fmayan Az\u0259rbaycan v\u0259 Belarus kimi \u00f6lk\u0259l\u0259rl\u0259 ba\u011fl\u0131 sammiti \u00e7\u0259tinl\u0259\u015fdirir\u201d, dey\u0259 \u015eults \u0259lav\u0259 edib.\n<\/p>\n<p>\n  \u201c\u015e\u0259rq T\u0259r\u0259fda\u015fl\u0131\u011f\u0131\u201d proqram\u0131 Avropa \u0130ttifaq\u0131n\u0131n Az\u0259rbaycan, Erm\u0259nistan, Belarus, G\u00fcrc\u00fcstan, Moldova v\u0259 Ukrayna il\u0259 siyasi assosiasiyas\u0131n\u0131 v\u0259 iqtisadi inteqrasiyas\u0131n\u0131 n\u0259z\u0259rd\u0259 tutur. Son \u00fc\u00e7 \u00f6lk\u0259 \u00f6t\u0259n il A\u0130 il\u0259 assosiasiya t\u0259r\u0259fda\u015fl\u0131\u011f\u0131 haqq\u0131nda sazi\u015fl\u0259ri imzalay\u0131blar.<\/p>\n","protected":false},"excerpt":{"rendered":"<p>&#8220;\u201c\u015e\u0259rq T\u0259r\u0259fdal\u0131\u011f\u0131\u201d daxili qurulu\u015flar\u0131 A\u0130 v\u0259 bizim t\u0259m\u0259l d\u0259y\u0259rl\u0259rimizl\u0259 bir araya s\u0131\u011fmayan Az\u0259rbaycan v\u0259 Belarus kimi \u00f6lk\u0259l\u0259rl\u0259 ba\u011fl\u0131 sammiti \u00e7\u0259tinl\u0259\u015fdirir&#8221;<\/p>\n","protected":false},"author":11,"featured_media":25009,"comment_status":"closed","ping_status":"open","sticky":false,"template":"","format":"standard","meta":{"_acf_changed":false,"_sitemap_exclude":false,"_sitemap_priority":"","_sitemap_frequency":"","footnotes":""},"categories":[56],"tags":[],"class_list":["post-168033","post","type-post","status-publish","format-standard","has-post-thumbnail","hentry","category-xeberler","infinite-scroll-item","generate-columns","tablet-grid-50","mobile-grid-100","grid-parent","grid-33","no-featured-image-padding"],"acf":[],"yoast_head":"<!-- This site is optimized with the Yoast SEO plugin v28.4 - https:\/\/yoast.com\/product\/yoast-seo-wordpress\/ -->\n<title>Martin \u015eults: Az\u0259rbaycan v\u0259 Belarusun daxili qurulu\u015fu Avropa d\u0259y\u0259rl\u0259rin\u0259 ziddir - MEYDAN.TV<\/title>\n<meta name=\"robots\" content=\"index, follow, max-snippet:-1, max-image-preview:large, max-video-preview:-1\" \/>\n<link rel=\"canonical\" href=\"https:\/\/www.meydan.tv\/az\/article\/martin-sults-azerbaycan-ve-belarusun-daxili-qurulusu-avropa-deyerlerine-ziddir\/\" \/>\n<meta property=\"og:locale\" content=\"az_AZ\" \/>\n<meta property=\"og:type\" content=\"article\" \/>\n<meta property=\"og:title\" content=\"Martin \u015eults: Az\u0259rbaycan v\u0259 Belarusun daxili qurulu\u015fu Avropa d\u0259y\u0259rl\u0259rin\u0259 ziddir - MEYDAN.TV\" \/>\n<meta property=\"og:description\" content=\"&quot;\u201c\u015e\u0259rq T\u0259r\u0259fdal\u0131\u011f\u0131\u201d daxili qurulu\u015flar\u0131 A\u0130 v\u0259 bizim t\u0259m\u0259l d\u0259y\u0259rl\u0259rimizl\u0259 bir araya s\u0131\u011fmayan Az\u0259rbaycan v\u0259 Belarus kimi \u00f6lk\u0259l\u0259rl\u0259 ba\u011fl\u0131 sammiti \u00e7\u0259tinl\u0259\u015fdirir&quot;\" \/>\n<meta property=\"og:url\" content=\"https:\/\/www.meydan.tv\/az\/article\/martin-sults-azerbaycan-ve-belarusun-daxili-qurulusu-avropa-deyerlerine-ziddir\/\" \/>\n<meta property=\"og:site_name\" content=\"MEYDAN.TV\" \/>\n<meta property=\"article:published_time\" content=\"2015-05-22T20:27:17+00:00\" \/>\n<meta property=\"og:image\" content=\"https:\/\/www.meydan.tv\/wp-content\/uploads\/9136.jpg\" \/>\n\t<meta property=\"og:image:width\" content=\"400\" \/>\n\t<meta property=\"og:image:height\" content=\"300\" \/>\n\t<meta property=\"og:image:type\" content=\"image\/jpeg\" \/>\n<meta name=\"twitter:card\" content=\"summary_large_image\" \/>\n<!-- \/ Yoast SEO plugin. -->","yoast_head_json":{"title":"Martin \u015eults: Az\u0259rbaycan v\u0259 Belarusun daxili qurulu\u015fu Avropa d\u0259y\u0259rl\u0259rin\u0259 ziddir - MEYDAN.TV","robots":{"index":"index","follow":"follow","max-snippet":"max-snippet:-1","max-image-preview":"max-image-preview:large","max-video-preview":"max-video-preview:-1"},"canonical":"https:\/\/www.meydan.tv\/az\/article\/martin-sults-azerbaycan-ve-belarusun-daxili-qurulusu-avropa-deyerlerine-ziddir\/","og_locale":"az_AZ","og_type":"article","og_title":"Martin \u015eults: Az\u0259rbaycan v\u0259 Belarusun daxili qurulu\u015fu Avropa d\u0259y\u0259rl\u0259rin\u0259 ziddir - MEYDAN.TV","og_description":"\"\u201c\u015e\u0259rq T\u0259r\u0259fdal\u0131\u011f\u0131\u201d daxili qurulu\u015flar\u0131 A\u0130 v\u0259 bizim t\u0259m\u0259l d\u0259y\u0259rl\u0259rimizl\u0259 bir araya s\u0131\u011fmayan Az\u0259rbaycan v\u0259 Belarus kimi \u00f6lk\u0259l\u0259rl\u0259 ba\u011fl\u0131 sammiti \u00e7\u0259tinl\u0259\u015fdirir\"","og_url":"https:\/\/www.meydan.tv\/az\/article\/martin-sults-azerbaycan-ve-belarusun-daxili-qurulusu-avropa-deyerlerine-ziddir\/","og_site_name":"MEYDAN.TV","article_published_time":"2015-05-22T20:27:17+00:00","og_image":[{"width":400,"height":300,"url":"https:\/\/www.meydan.tv\/wp-content\/uploads\/9136.jpg","type":"image\/jpeg"}],"twitter_card":"summary_large_image","schema":{"@context":"https:\/\/schema.org","@graph":[{"@type":"Article","@id":"https:\/\/www.meydan.tv\/az\/article\/martin-sults-azerbaycan-ve-belarusun-daxili-qurulusu-avropa-deyerlerine-ziddir\/#article","isPartOf":{"@id":"https:\/\/www.meydan.tv\/az\/article\/martin-sults-azerbaycan-ve-belarusun-daxili-qurulusu-avropa-deyerlerine-ziddir\/"},"author":{"name":"user-manager","@id":"https:\/\/www.meydan.tv\/az\/#\/schema\/person\/10d11eccf6da3662cf5fdab9806ea91a"},"headline":"Martin \u015eults: Az\u0259rbaycan v\u0259 Belarusun daxili qurulu\u015fu Avropa d\u0259y\u0259rl\u0259rin\u0259 ziddir","datePublished":"2015-05-22T20:27:17+00:00","mainEntityOfPage":{"@id":"https:\/\/www.meydan.tv\/az\/article\/martin-sults-azerbaycan-ve-belarusun-daxili-qurulusu-avropa-deyerlerine-ziddir\/"},"wordCount":256,"publisher":{"@id":"https:\/\/www.meydan.tv\/az\/#organization"},"image":{"@id":"https:\/\/www.meydan.tv\/az\/article\/martin-sults-azerbaycan-ve-belarusun-daxili-qurulusu-avropa-deyerlerine-ziddir\/#primaryimage"},"thumbnailUrl":"https:\/\/www.meydan.tv\/wp-content\/uploads\/9136.jpg","articleSection":["X\u0259b\u0259rl\u0259r"],"inLanguage":"az"},{"@type":"WebPage","@id":"https:\/\/www.meydan.tv\/az\/article\/martin-sults-azerbaycan-ve-belarusun-daxili-qurulusu-avropa-deyerlerine-ziddir\/","url":"https:\/\/www.meydan.tv\/az\/article\/martin-sults-azerbaycan-ve-belarusun-daxili-qurulusu-avropa-deyerlerine-ziddir\/","name":"Martin \u015eults: Az\u0259rbaycan v\u0259 Belarusun daxili qurulu\u015fu Avropa d\u0259y\u0259rl\u0259rin\u0259 ziddir - MEYDAN.TV","isPartOf":{"@id":"https:\/\/www.meydan.tv\/az\/#website"},"primaryImageOfPage":{"@id":"https:\/\/www.meydan.tv\/az\/article\/martin-sults-azerbaycan-ve-belarusun-daxili-qurulusu-avropa-deyerlerine-ziddir\/#primaryimage"},"image":{"@id":"https:\/\/www.meydan.tv\/az\/article\/martin-sults-azerbaycan-ve-belarusun-daxili-qurulusu-avropa-deyerlerine-ziddir\/#primaryimage"},"thumbnailUrl":"https:\/\/www.meydan.tv\/wp-content\/uploads\/9136.jpg","datePublished":"2015-05-22T20:27:17+00:00","breadcrumb":{"@id":"https:\/\/www.meydan.tv\/az\/article\/martin-sults-azerbaycan-ve-belarusun-daxili-qurulusu-avropa-deyerlerine-ziddir\/#breadcrumb"},"inLanguage":"az","potentialAction":[{"@type":"ReadAction","target":["https:\/\/www.meydan.tv\/az\/article\/martin-sults-azerbaycan-ve-belarusun-daxili-qurulusu-avropa-deyerlerine-ziddir\/"]}]},{"@type":"ImageObject","inLanguage":"az","@id":"https:\/\/www.meydan.tv\/az\/article\/martin-sults-azerbaycan-ve-belarusun-daxili-qurulusu-avropa-deyerlerine-ziddir\/#primaryimage","url":"https:\/\/www.meydan.tv\/wp-content\/uploads\/9136.jpg","contentUrl":"https:\/\/www.meydan.tv\/wp-content\/uploads\/9136.jpg","width":400,"height":300,"caption":"Source:"},{"@type":"BreadcrumbList","@id":"https:\/\/www.meydan.tv\/az\/article\/martin-sults-azerbaycan-ve-belarusun-daxili-qurulusu-avropa-deyerlerine-ziddir\/#breadcrumb","itemListElement":[{"@type":"ListItem","position":1,"name":"Ana s\u0259hif\u0259","item":"https:\/\/www.meydan.tv\/az\/"},{"@type":"ListItem","position":2,"name":"X\u0259b\u0259rl\u0259r","item":"https:\/\/www.meydan.tv\/az\/section\/xeberler\/"},{"@type":"ListItem","position":3,"name":"Martin \u015eults: Az\u0259rbaycan v\u0259 Belarusun daxili qurulu\u015fu Avropa d\u0259y\u0259rl\u0259rin\u0259 ziddir"}]},{"@type":"WebSite","@id":"https:\/\/www.meydan.tv\/az\/#website","url":"https:\/\/www.meydan.tv\/az\/","name":"MEYDAN.TV","description":"Meydan TV Az\u0259rbaycan\u0131n media m\u0259kan\u0131ndak\u0131 alternativ s\u0259sidir","publisher":{"@id":"https:\/\/www.meydan.tv\/az\/#organization"},"potentialAction":[{"@type":"SearchAction","target":{"@type":"EntryPoint","urlTemplate":"https:\/\/www.meydan.tv\/az\/?s={search_term_string}"},"query-input":{"@type":"PropertyValueSpecification","valueRequired":true,"valueName":"search_term_string"}}],"inLanguage":"az"},{"@type":"Organization","@id":"https:\/\/www.meydan.tv\/az\/#organization","name":"Meydan TV","url":"https:\/\/www.meydan.tv\/az\/","logo":{"@type":"ImageObject","inLanguage":"az","@id":"https:\/\/www.meydan.tv\/az\/#\/schema\/logo\/image\/","url":"https:\/\/www.meydan.tv\/wp-content\/uploads\/2021\/07\/meydan-logo.svg","contentUrl":"https:\/\/www.meydan.tv\/wp-content\/uploads\/2021\/07\/meydan-logo.svg","width":195,"height":46,"caption":"Meydan TV"},"image":{"@id":"https:\/\/www.meydan.tv\/az\/#\/schema\/logo\/image\/"}},{"@type":"Person","@id":"https:\/\/www.meydan.tv\/az\/#\/schema\/person\/10d11eccf6da3662cf5fdab9806ea91a","name":"user-manager"}]}},"_links":{"self":[{"href":"https:\/\/www.meydan.tv\/az\/wp-json\/wp\/v2\/posts\/168033","targetHints":{"allow":["GET"]}}],"collection":[{"href":"https:\/\/www.meydan.tv\/az\/wp-json\/wp\/v2\/posts"}],"about":[{"href":"https:\/\/www.meydan.tv\/az\/wp-json\/wp\/v2\/types\/post"}],"author":[{"embeddable":true,"href":"https:\/\/www.meydan.tv\/az\/wp-json\/wp\/v2\/users\/11"}],"replies":[{"embeddable":true,"href":"https:\/\/www.meydan.tv\/az\/wp-json\/wp\/v2\/comments?post=168033"}],"version-history":[{"count":0,"href":"https:\/\/www.meydan.tv\/az\/wp-json\/wp\/v2\/posts\/168033\/revisions"}],"wp:featuredmedia":[{"embeddable":true,"href":"https:\/\/www.meydan.tv\/az\/wp-json\/wp\/v2\/media\/25009"}],"wp:attachment":[{"href":"https:\/\/www.meydan.tv\/az\/wp-json\/wp\/v2\/media?parent=168033"}],"wp:term":[{"taxonomy":"category","embeddable":true,"href":"https:\/\/www.meydan.tv\/az\/wp-json\/wp\/v2\/categories?post=168033"},{"taxonomy":"post_tag","embeddable":true,"href":"https:\/\/www.meydan.tv\/az\/wp-json\/wp\/v2\/tags?post=168033"}],"curies":[{"name":"wp","href":"https:\/\/api.w.org\/{rel}","templated":true}]}}