{"id":168032,"date":"2015-05-22T20:23:01","date_gmt":"2015-05-22T20:23:01","guid":{"rendered":"https:\/\/www.meydan.tv\/article\/azerbaycan-serq-terefdasligi-sammitinin-yekun-beyannamesini-imzaladi\/"},"modified":"2015-05-22T20:23:01","modified_gmt":"2015-05-22T20:23:01","slug":"azerbaycan-serq-terefdasligi-sammitinin-yekun-beyannamesini-imzaladi","status":"publish","type":"post","link":"https:\/\/www.meydan.tv\/az\/article\/azerbaycan-serq-terefdasligi-sammitinin-yekun-beyannamesini-imzaladi\/","title":{"rendered":"Az\u0259rbaycan \u201c\u015e\u0259rq T\u0259r\u0259fda\u015fl\u0131\u011f\u0131\u201d sammitinin yekun b\u0259yannam\u0259sini imzalad\u0131"},"content":{"rendered":"<figure class=\"wp-block-image size-large\">\n  <img decoding=\"async\" src=\"https:\/\/www.meydan.tv\/az\/25008\/\" alt=\"\" class=\"wp-image-25008\"\/><figcaption><\/figcaption><\/figure>\n<figure class=\"wp-block-image size-large\">\n  <img decoding=\"async\" src=\"https:\/\/www.meydan.tv\/az\/25008\/\" alt=\"\" class=\"wp-image-25008\"\/><figcaption><\/figcaption><\/figure>\n<p><div>\n    <i><br \/>\n      Avropa Birliyinin \u201c\u015e\u0259rq t\u0259r\u0259fda\u015fl\u0131\u011f\u0131\u201d sammitinin deklarasiyas\u0131 q\u0259bul olunub v\u0259 s\u0259n\u0259dd\u0259 Kr\u0131m\u0131n i\u015f\u011fal\u0131 s\u00f6z\u00fc saxlan\u0131l\u0131b.<br \/>\n    <\/i>\n  <\/div>\n<\/p>\n<p><div><\/div>\n<\/p>\n<p><div>\n    Riqada \u201c\u015e\u0259rq t\u0259r\u0259fda\u015fl\u0131\u011f\u0131\u201d sammitinin Az\u0259rbaycan da daxil olmaqla b\u00fct\u00fcn i\u015ftirak\u00e7\u0131lar\u0131 yekun deklarasiyan\u0131 imzalad\u0131lar.\n  <\/div>\n<\/p>\n<p><div><\/div>\n<\/p>\n<p><div>\n    Bu bar\u0259d\u0259 Pol\u015fan\u0131n X\u0130N ba\u015f\u00e7\u0131s\u0131 Qjeqoj Sxet\u0131na b\u0259yan edib.\n  <\/div>\n<\/p>\n<p><div><\/div>\n<\/p>\n<p><div>\n    \u201cB\u0259li, Az\u0259rbaycan daxil olmaqla b\u00fct\u00fcn i\u015ftirak\u00e7\u0131lar imzalad\u0131lar\u201d, &#8211; o deyib.\n  <\/div>\n<\/p>\n<p><div><\/div>\n<\/p>\n<p><div>\n    Qjeqoj Sxetina bildirib ki, \u201cAz\u0259rbaycan\u0131n q\u0259tnam\u0259ni imzalamas\u0131 Donalt Tuskun xidm\u0259tidir\u201d.\n  <\/div>\n<\/p>\n<p><div><\/div>\n<\/p>\n<p><div>\n    Litva prezidenti Dalya Qribauskayte \u00f6z n\u00f6vb\u0259sind\u0259 b\u0259yan edib ki, Avropa Birliyinin \u201c\u015e\u0259rq t\u0259r\u0259fda\u015fl\u0131\u011f\u0131\u201d sammitinin deklarasiyas\u0131 q\u0259bul olunub v\u0259 s\u0259n\u0259dd\u0259 Kr\u0131m\u0131n i\u015f\u011fal\u0131 s\u00f6z\u00fc saxlan\u0131l\u0131b.\n  <\/div>\n<\/p>\n<p><div><\/div>\n<\/p>\n<p><div>\n    \u201c\u018flb\u0259tt\u0259 ki, bunsuz deklarasiya q\u0259bul olunmazd\u0131\u201d, &#8211; o jurnalistl\u0259rin sual\u0131na cavab verib.\n  <\/div>\n<\/p>\n<div>\n<p>\n      Az\u0259rbaycan Xarici \u0130\u015fl\u0259r Nazirliyi\u00a0m\u0259tbuat xidm\u0259tinin r\u0259hb\u0259ri Hikm\u0259t Hac\u0131yev iclasda Az\u0259rbaycan Respublikas\u0131n\u0131n yekun b\u0259yannam\u0259 il\u0259 \u0259laq\u0259dar \u00f6z qeyd-\u015f\u0259rtl\u0259rinin oldu\u011fu bildirib.\n    <\/p>\n<p>\n      Amma X\u0130N s\u00f6z\u00e7\u00fcs\u00fc bunlar\u0131n n\u0259d\u0259n ibar\u0259t oldu\u011funu a\u00e7\u0131qlamay\u0131b.\n    <\/p>\n<\/p><\/div>\n<\/p>\n<p><div>\n    \u201c\u015e\u0259rq t\u0259r\u0259fda\u015fl\u0131\u011f\u0131\u201d proqram\u0131 A\u0130-nin Az\u0259rbaycan, Erm\u0259nistan, Belarus, G\u00fcrc\u00fcstan, Moldova v\u0259 Ukrayna il\u0259 siyasi assosiasiyas\u0131 v\u0259 iqtisadi inteqrasiyas\u0131n\u0131 n\u0259z\u0259rd\u0259 tutur.\n  <\/div>\n<\/p>\n<p><div><\/div>\n<\/p>\n<p><div>\n    Son \u00fc\u00e7 \u00f6lk\u0259 \u00f6t\u0259n il A\u0130 il\u0259 assosiativ t\u0259r\u0259fda\u015fl\u0131q bar\u0259d\u0259 sazi\u015f imzalay\u0131blar.\n  <\/div><\/p>\n","protected":false},"excerpt":{"rendered":"<p>Avropa Birliyinin \u201c\u015e\u0259rq t\u0259r\u0259fda\u015fl\u0131\u011f\u0131\u201d sammitinin deklarasiyas\u0131 q\u0259bul olunub v\u0259 s\u0259n\u0259dd\u0259 Kr\u0131m\u0131n i\u015f\u011fal\u0131 s\u00f6z\u00fc saxlan\u0131l\u0131b.<\/p>\n","protected":false},"author":11,"featured_media":25008,"comment_status":"closed","ping_status":"open","sticky":false,"template":"","format":"standard","meta":{"_acf_changed":false,"_sitemap_exclude":false,"_sitemap_priority":"","_sitemap_frequency":"","footnotes":""},"categories":[56],"tags":[],"class_list":["post-168032","post","type-post","status-publish","format-standard","has-post-thumbnail","hentry","category-xeberler","infinite-scroll-item","generate-columns","tablet-grid-50","mobile-grid-100","grid-parent","grid-33","no-featured-image-padding"],"acf":[],"yoast_head":"<!-- This site is optimized with the Yoast SEO plugin v28.4 - https:\/\/yoast.com\/product\/yoast-seo-wordpress\/ -->\n<title>Az\u0259rbaycan \u201c\u015e\u0259rq T\u0259r\u0259fda\u015fl\u0131\u011f\u0131\u201d sammitinin yekun b\u0259yannam\u0259sini imzalad\u0131 - MEYDAN.TV<\/title>\n<meta name=\"robots\" content=\"index, follow, max-snippet:-1, max-image-preview:large, max-video-preview:-1\" \/>\n<link rel=\"canonical\" href=\"https:\/\/www.meydan.tv\/az\/article\/azerbaycan-serq-terefdasligi-sammitinin-yekun-beyannamesini-imzaladi\/\" \/>\n<meta property=\"og:locale\" content=\"az_AZ\" \/>\n<meta property=\"og:type\" content=\"article\" \/>\n<meta property=\"og:title\" content=\"Az\u0259rbaycan \u201c\u015e\u0259rq T\u0259r\u0259fda\u015fl\u0131\u011f\u0131\u201d sammitinin yekun b\u0259yannam\u0259sini imzalad\u0131 - MEYDAN.TV\" \/>\n<meta property=\"og:description\" content=\"Avropa Birliyinin \u201c\u015e\u0259rq t\u0259r\u0259fda\u015fl\u0131\u011f\u0131\u201d sammitinin deklarasiyas\u0131 q\u0259bul olunub v\u0259 s\u0259n\u0259dd\u0259 Kr\u0131m\u0131n i\u015f\u011fal\u0131 s\u00f6z\u00fc saxlan\u0131l\u0131b.\" \/>\n<meta property=\"og:url\" content=\"https:\/\/www.meydan.tv\/az\/article\/azerbaycan-serq-terefdasligi-sammitinin-yekun-beyannamesini-imzaladi\/\" \/>\n<meta property=\"og:site_name\" content=\"MEYDAN.TV\" \/>\n<meta property=\"article:published_time\" content=\"2015-05-22T20:23:01+00:00\" \/>\n<meta property=\"og:image\" content=\"https:\/\/www.meydan.tv\/wp-content\/uploads\/9135.jpg\" \/>\n\t<meta property=\"og:image:width\" content=\"400\" \/>\n\t<meta property=\"og:image:height\" content=\"300\" \/>\n\t<meta property=\"og:image:type\" content=\"image\/jpeg\" \/>\n<meta name=\"twitter:card\" content=\"summary_large_image\" \/>\n<!-- \/ Yoast SEO plugin. -->","yoast_head_json":{"title":"Az\u0259rbaycan \u201c\u015e\u0259rq T\u0259r\u0259fda\u015fl\u0131\u011f\u0131\u201d sammitinin yekun b\u0259yannam\u0259sini imzalad\u0131 - MEYDAN.TV","robots":{"index":"index","follow":"follow","max-snippet":"max-snippet:-1","max-image-preview":"max-image-preview:large","max-video-preview":"max-video-preview:-1"},"canonical":"https:\/\/www.meydan.tv\/az\/article\/azerbaycan-serq-terefdasligi-sammitinin-yekun-beyannamesini-imzaladi\/","og_locale":"az_AZ","og_type":"article","og_title":"Az\u0259rbaycan \u201c\u015e\u0259rq T\u0259r\u0259fda\u015fl\u0131\u011f\u0131\u201d sammitinin yekun b\u0259yannam\u0259sini imzalad\u0131 - MEYDAN.TV","og_description":"Avropa Birliyinin \u201c\u015e\u0259rq t\u0259r\u0259fda\u015fl\u0131\u011f\u0131\u201d sammitinin deklarasiyas\u0131 q\u0259bul olunub v\u0259 s\u0259n\u0259dd\u0259 Kr\u0131m\u0131n i\u015f\u011fal\u0131 s\u00f6z\u00fc saxlan\u0131l\u0131b.","og_url":"https:\/\/www.meydan.tv\/az\/article\/azerbaycan-serq-terefdasligi-sammitinin-yekun-beyannamesini-imzaladi\/","og_site_name":"MEYDAN.TV","article_published_time":"2015-05-22T20:23:01+00:00","og_image":[{"width":400,"height":300,"url":"https:\/\/www.meydan.tv\/wp-content\/uploads\/9135.jpg","type":"image\/jpeg"}],"twitter_card":"summary_large_image","schema":{"@context":"https:\/\/schema.org","@graph":[{"@type":"Article","@id":"https:\/\/www.meydan.tv\/az\/article\/azerbaycan-serq-terefdasligi-sammitinin-yekun-beyannamesini-imzaladi\/#article","isPartOf":{"@id":"https:\/\/www.meydan.tv\/az\/article\/azerbaycan-serq-terefdasligi-sammitinin-yekun-beyannamesini-imzaladi\/"},"author":{"name":"user-manager","@id":"https:\/\/www.meydan.tv\/az\/#\/schema\/person\/10d11eccf6da3662cf5fdab9806ea91a"},"headline":"Az\u0259rbaycan \u201c\u015e\u0259rq T\u0259r\u0259fda\u015fl\u0131\u011f\u0131\u201d sammitinin yekun b\u0259yannam\u0259sini imzalad\u0131","datePublished":"2015-05-22T20:23:01+00:00","mainEntityOfPage":{"@id":"https:\/\/www.meydan.tv\/az\/article\/azerbaycan-serq-terefdasligi-sammitinin-yekun-beyannamesini-imzaladi\/"},"wordCount":265,"publisher":{"@id":"https:\/\/www.meydan.tv\/az\/#organization"},"image":{"@id":"https:\/\/www.meydan.tv\/az\/article\/azerbaycan-serq-terefdasligi-sammitinin-yekun-beyannamesini-imzaladi\/#primaryimage"},"thumbnailUrl":"https:\/\/www.meydan.tv\/wp-content\/uploads\/9135.jpg","articleSection":["X\u0259b\u0259rl\u0259r"],"inLanguage":"az"},{"@type":"WebPage","@id":"https:\/\/www.meydan.tv\/az\/article\/azerbaycan-serq-terefdasligi-sammitinin-yekun-beyannamesini-imzaladi\/","url":"https:\/\/www.meydan.tv\/az\/article\/azerbaycan-serq-terefdasligi-sammitinin-yekun-beyannamesini-imzaladi\/","name":"Az\u0259rbaycan \u201c\u015e\u0259rq T\u0259r\u0259fda\u015fl\u0131\u011f\u0131\u201d sammitinin yekun b\u0259yannam\u0259sini imzalad\u0131 - MEYDAN.TV","isPartOf":{"@id":"https:\/\/www.meydan.tv\/az\/#website"},"primaryImageOfPage":{"@id":"https:\/\/www.meydan.tv\/az\/article\/azerbaycan-serq-terefdasligi-sammitinin-yekun-beyannamesini-imzaladi\/#primaryimage"},"image":{"@id":"https:\/\/www.meydan.tv\/az\/article\/azerbaycan-serq-terefdasligi-sammitinin-yekun-beyannamesini-imzaladi\/#primaryimage"},"thumbnailUrl":"https:\/\/www.meydan.tv\/wp-content\/uploads\/9135.jpg","datePublished":"2015-05-22T20:23:01+00:00","breadcrumb":{"@id":"https:\/\/www.meydan.tv\/az\/article\/azerbaycan-serq-terefdasligi-sammitinin-yekun-beyannamesini-imzaladi\/#breadcrumb"},"inLanguage":"az","potentialAction":[{"@type":"ReadAction","target":["https:\/\/www.meydan.tv\/az\/article\/azerbaycan-serq-terefdasligi-sammitinin-yekun-beyannamesini-imzaladi\/"]}]},{"@type":"ImageObject","inLanguage":"az","@id":"https:\/\/www.meydan.tv\/az\/article\/azerbaycan-serq-terefdasligi-sammitinin-yekun-beyannamesini-imzaladi\/#primaryimage","url":"https:\/\/www.meydan.tv\/wp-content\/uploads\/9135.jpg","contentUrl":"https:\/\/www.meydan.tv\/wp-content\/uploads\/9135.jpg","width":400,"height":300,"caption":"Source:"},{"@type":"BreadcrumbList","@id":"https:\/\/www.meydan.tv\/az\/article\/azerbaycan-serq-terefdasligi-sammitinin-yekun-beyannamesini-imzaladi\/#breadcrumb","itemListElement":[{"@type":"ListItem","position":1,"name":"Ana s\u0259hif\u0259","item":"https:\/\/www.meydan.tv\/az\/"},{"@type":"ListItem","position":2,"name":"X\u0259b\u0259rl\u0259r","item":"https:\/\/www.meydan.tv\/az\/section\/xeberler\/"},{"@type":"ListItem","position":3,"name":"Az\u0259rbaycan \u201c\u015e\u0259rq T\u0259r\u0259fda\u015fl\u0131\u011f\u0131\u201d sammitinin yekun b\u0259yannam\u0259sini imzalad\u0131"}]},{"@type":"WebSite","@id":"https:\/\/www.meydan.tv\/az\/#website","url":"https:\/\/www.meydan.tv\/az\/","name":"MEYDAN.TV","description":"Meydan TV Az\u0259rbaycan\u0131n media m\u0259kan\u0131ndak\u0131 alternativ s\u0259sidir","publisher":{"@id":"https:\/\/www.meydan.tv\/az\/#organization"},"potentialAction":[{"@type":"SearchAction","target":{"@type":"EntryPoint","urlTemplate":"https:\/\/www.meydan.tv\/az\/?s={search_term_string}"},"query-input":{"@type":"PropertyValueSpecification","valueRequired":true,"valueName":"search_term_string"}}],"inLanguage":"az"},{"@type":"Organization","@id":"https:\/\/www.meydan.tv\/az\/#organization","name":"Meydan TV","url":"https:\/\/www.meydan.tv\/az\/","logo":{"@type":"ImageObject","inLanguage":"az","@id":"https:\/\/www.meydan.tv\/az\/#\/schema\/logo\/image\/","url":"https:\/\/www.meydan.tv\/wp-content\/uploads\/2021\/07\/meydan-logo.svg","contentUrl":"https:\/\/www.meydan.tv\/wp-content\/uploads\/2021\/07\/meydan-logo.svg","width":195,"height":46,"caption":"Meydan TV"},"image":{"@id":"https:\/\/www.meydan.tv\/az\/#\/schema\/logo\/image\/"}},{"@type":"Person","@id":"https:\/\/www.meydan.tv\/az\/#\/schema\/person\/10d11eccf6da3662cf5fdab9806ea91a","name":"user-manager"}]}},"_links":{"self":[{"href":"https:\/\/www.meydan.tv\/az\/wp-json\/wp\/v2\/posts\/168032","targetHints":{"allow":["GET"]}}],"collection":[{"href":"https:\/\/www.meydan.tv\/az\/wp-json\/wp\/v2\/posts"}],"about":[{"href":"https:\/\/www.meydan.tv\/az\/wp-json\/wp\/v2\/types\/post"}],"author":[{"embeddable":true,"href":"https:\/\/www.meydan.tv\/az\/wp-json\/wp\/v2\/users\/11"}],"replies":[{"embeddable":true,"href":"https:\/\/www.meydan.tv\/az\/wp-json\/wp\/v2\/comments?post=168032"}],"version-history":[{"count":0,"href":"https:\/\/www.meydan.tv\/az\/wp-json\/wp\/v2\/posts\/168032\/revisions"}],"wp:featuredmedia":[{"embeddable":true,"href":"https:\/\/www.meydan.tv\/az\/wp-json\/wp\/v2\/media\/25008"}],"wp:attachment":[{"href":"https:\/\/www.meydan.tv\/az\/wp-json\/wp\/v2\/media?parent=168032"}],"wp:term":[{"taxonomy":"category","embeddable":true,"href":"https:\/\/www.meydan.tv\/az\/wp-json\/wp\/v2\/categories?post=168032"},{"taxonomy":"post_tag","embeddable":true,"href":"https:\/\/www.meydan.tv\/az\/wp-json\/wp\/v2\/tags?post=168032"}],"curies":[{"name":"wp","href":"https:\/\/api.w.org\/{rel}","templated":true}]}}