{"id":168031,"date":"2015-05-22T18:43:23","date_gmt":"2015-05-22T18:43:23","guid":{"rendered":"https:\/\/www.meydan.tv\/article\/bas-verenleri-ilqar-memmedova-novbeti-tezyiq-hesab-edirik\/"},"modified":"2015-05-22T18:43:23","modified_gmt":"2015-05-22T18:43:23","slug":"bas-verenleri-ilqar-memmedova-novbeti-tezyiq-hesab-edirik","status":"publish","type":"post","link":"https:\/\/www.meydan.tv\/az\/article\/bas-verenleri-ilqar-memmedova-novbeti-tezyiq-hesab-edirik\/","title":{"rendered":"&#8220;Ba\u015f ver\u0259nl\u0259ri \u0130lqar M\u0259mm\u0259dova n\u00f6vb\u0259ti t\u0259zyiq hesab edirik&#8221;"},"content":{"rendered":"<figure class=\"wp-block-image size-large\">\n  <img decoding=\"async\" src=\"https:\/\/www.meydan.tv\/az\/24984\/\" alt=\"\" class=\"wp-image-24984\"\/><figcaption><\/figcaption><\/figure>\n<figure class=\"wp-block-image size-large\">\n  <img decoding=\"async\" src=\"https:\/\/www.meydan.tv\/az\/24984\/\" alt=\"\" class=\"wp-image-24984\"\/><figcaption><\/figcaption><\/figure>\n<p>\n  <i><br \/>\n    &#8220;4 saata yax\u0131n g\u00f6zl\u0259tdikd\u0259n sonra g\u00f6r\u00fc\u015f\u00fcn m\u00fcmk\u00fcn olmayaca\u011f\u0131n\u0131 s\u00f6yl\u0259dil\u0259r&#8221;<br \/>\n  <\/i>\n<\/p>\n<p>\n  REAL \u0130dar\u0259 Hey\u0259tinin \u00fczvl\u0259ri R\u00f6v\u015f\u0259n A\u011fayev, Erkin Q\u0259dirli v\u0259 Natiq C\u0259f\u0259rli h\u0259bsd\u0259 olan s\u0259drl\u0259ri \u0130lqar M\u0259mm\u0259dovla g\u00f6r\u00fc\u015f\u0259 bilm\u0259yibl\u0259r.\n<\/p>\n<p>\n  Bu bar\u0259d\u0259 Natiq C\u0259f\u0259rli Meydan TV-y\u0259 deyib ki, bu, n\u00f6vb\u0259li v\u0259 qanuni g\u00f6r\u00fc\u015f g\u00fcn\u00fc idi: &#8220;H\u0259mi\u015f\u0259 g\u00f6r\u00fc\u015f\u0259 ail\u0259si gedirdi, bu d\u0259f\u0259 biz getdik. Qanunvericilikd\u0259 tam n\u0259z\u0259rd\u0259 tutulub, amma apard\u0131\u011f\u0131m\u0131z \u0259rza\u011f\u0131 is\u0259 q\u0259bul etdil\u0259r&#8221;.\n<\/p>\n<p>\n  Natiq C\u0259f\u0259rli onlara g\u00f6r\u00fc\u015f\u00fcn m\u00fcmk\u00fcn olmamas\u0131 bar\u0259d\u0259 q\u0131sa izahat veribl\u0259r: &#8220;Sonda dedil\u0259r ki, yaln\u0131z ail\u0259si \u0130lqar M\u0259mm\u0259dovla g\u00f6r\u00fc\u015f\u0259 bil\u0259r. Ancaq qanunvericilikd\u0259 bel\u0259 \u015fey yoxdur, istintaq alt\u0131nda olsayd\u0131 ba\u015fqa m\u0259s\u0259l\u0259, y\u0259ni K\u00fcrd\u0259xan\u0131da saxlan\u0131ld\u0131\u011f\u0131 zaman. H\u0259m d\u0259 biz orda olanda ba\u015fqalar\u0131na g\u00f6r\u00fc\u015f verildiyini g\u00f6r\u00fcrd\u00fck. \u00c7ox g\u00fcman ki, bu m\u00fcnasib\u0259t \u0130lqar M\u0259mm\u0259dova qar\u015f\u0131 y\u00f6n\u0259lib. \u018fg\u0259r g\u00f6r\u00fc\u015f ba\u015f tutsayd\u0131, bu \u0130lqar b\u0259yin \u0259hval-ruhiyy\u0259sin\u0259 daha yax\u015f\u0131 t\u0259sir ed\u0259rdi, \u00e7\u00fcnki uzun m\u00fcdd\u0259tdir t\u0259mas\u0131m\u0131z yoxdur. \u0130st\u0259yirdik ki, h\u0259rt\u0259r\u0259fli m\u00fczakir\u0259l\u0259r aparaq, ancaq imkan verm\u0259dil\u0259r. Ona g\u00f6r\u0259 ba\u015f ver\u0259nl\u0259ri \u0130lqar M\u0259mm\u0259dova n\u00f6vb\u0259ti t\u0259zyiq hesab edirik&#8221;.<\/p>\n","protected":false},"excerpt":{"rendered":"<p>&#8220;4 saata yax\u0131n g\u00f6zl\u0259tdikd\u0259n sonra g\u00f6r\u00fc\u015f\u00fcn m\u00fcmk\u00fcn olmayaca\u011f\u0131n\u0131 s\u00f6yl\u0259dil\u0259r&#8221;<\/p>\n","protected":false},"author":11,"featured_media":24984,"comment_status":"closed","ping_status":"open","sticky":false,"template":"","format":"standard","meta":{"_acf_changed":false,"_sitemap_exclude":false,"_sitemap_priority":"","_sitemap_frequency":"","footnotes":""},"categories":[56],"tags":[],"class_list":["post-168031","post","type-post","status-publish","format-standard","has-post-thumbnail","hentry","category-xeberler","infinite-scroll-item","generate-columns","tablet-grid-50","mobile-grid-100","grid-parent","grid-33","no-featured-image-padding"],"acf":[],"yoast_head":"<!-- This site is optimized with the Yoast SEO plugin v28.4 - https:\/\/yoast.com\/product\/yoast-seo-wordpress\/ -->\n<title>&quot;Ba\u015f ver\u0259nl\u0259ri \u0130lqar M\u0259mm\u0259dova n\u00f6vb\u0259ti t\u0259zyiq hesab edirik&quot; - MEYDAN.TV<\/title>\n<meta name=\"robots\" content=\"index, follow, max-snippet:-1, max-image-preview:large, max-video-preview:-1\" \/>\n<link rel=\"canonical\" href=\"https:\/\/www.meydan.tv\/az\/article\/bas-verenleri-ilqar-memmedova-novbeti-tezyiq-hesab-edirik\/\" \/>\n<meta property=\"og:locale\" content=\"az_AZ\" \/>\n<meta property=\"og:type\" content=\"article\" \/>\n<meta property=\"og:title\" content=\"&quot;Ba\u015f ver\u0259nl\u0259ri \u0130lqar M\u0259mm\u0259dova n\u00f6vb\u0259ti t\u0259zyiq hesab edirik&quot; - MEYDAN.TV\" \/>\n<meta property=\"og:description\" content=\"&quot;4 saata yax\u0131n g\u00f6zl\u0259tdikd\u0259n sonra g\u00f6r\u00fc\u015f\u00fcn m\u00fcmk\u00fcn olmayaca\u011f\u0131n\u0131 s\u00f6yl\u0259dil\u0259r&quot;\" \/>\n<meta property=\"og:url\" content=\"https:\/\/www.meydan.tv\/az\/article\/bas-verenleri-ilqar-memmedova-novbeti-tezyiq-hesab-edirik\/\" \/>\n<meta property=\"og:site_name\" content=\"MEYDAN.TV\" \/>\n<meta property=\"article:published_time\" content=\"2015-05-22T18:43:23+00:00\" \/>\n<meta property=\"og:image\" content=\"https:\/\/www.meydan.tv\/wp-content\/uploads\/9134.jpg\" \/>\n\t<meta property=\"og:image:width\" content=\"575\" \/>\n\t<meta property=\"og:image:height\" content=\"400\" \/>\n\t<meta property=\"og:image:type\" content=\"image\/jpeg\" \/>\n<meta name=\"twitter:card\" content=\"summary_large_image\" \/>\n<!-- \/ Yoast SEO plugin. -->","yoast_head_json":{"title":"\"Ba\u015f ver\u0259nl\u0259ri \u0130lqar M\u0259mm\u0259dova n\u00f6vb\u0259ti t\u0259zyiq hesab edirik\" - MEYDAN.TV","robots":{"index":"index","follow":"follow","max-snippet":"max-snippet:-1","max-image-preview":"max-image-preview:large","max-video-preview":"max-video-preview:-1"},"canonical":"https:\/\/www.meydan.tv\/az\/article\/bas-verenleri-ilqar-memmedova-novbeti-tezyiq-hesab-edirik\/","og_locale":"az_AZ","og_type":"article","og_title":"\"Ba\u015f ver\u0259nl\u0259ri \u0130lqar M\u0259mm\u0259dova n\u00f6vb\u0259ti t\u0259zyiq hesab edirik\" - MEYDAN.TV","og_description":"\"4 saata yax\u0131n g\u00f6zl\u0259tdikd\u0259n sonra g\u00f6r\u00fc\u015f\u00fcn m\u00fcmk\u00fcn olmayaca\u011f\u0131n\u0131 s\u00f6yl\u0259dil\u0259r\"","og_url":"https:\/\/www.meydan.tv\/az\/article\/bas-verenleri-ilqar-memmedova-novbeti-tezyiq-hesab-edirik\/","og_site_name":"MEYDAN.TV","article_published_time":"2015-05-22T18:43:23+00:00","og_image":[{"width":575,"height":400,"url":"https:\/\/www.meydan.tv\/wp-content\/uploads\/9134.jpg","type":"image\/jpeg"}],"twitter_card":"summary_large_image","schema":{"@context":"https:\/\/schema.org","@graph":[{"@type":"Article","@id":"https:\/\/www.meydan.tv\/az\/article\/bas-verenleri-ilqar-memmedova-novbeti-tezyiq-hesab-edirik\/#article","isPartOf":{"@id":"https:\/\/www.meydan.tv\/az\/article\/bas-verenleri-ilqar-memmedova-novbeti-tezyiq-hesab-edirik\/"},"author":{"name":"user-manager","@id":"https:\/\/www.meydan.tv\/az\/#\/schema\/person\/10d11eccf6da3662cf5fdab9806ea91a"},"headline":"&#8220;Ba\u015f ver\u0259nl\u0259ri \u0130lqar M\u0259mm\u0259dova n\u00f6vb\u0259ti t\u0259zyiq hesab edirik&#8221;","datePublished":"2015-05-22T18:43:23+00:00","mainEntityOfPage":{"@id":"https:\/\/www.meydan.tv\/az\/article\/bas-verenleri-ilqar-memmedova-novbeti-tezyiq-hesab-edirik\/"},"wordCount":272,"publisher":{"@id":"https:\/\/www.meydan.tv\/az\/#organization"},"image":{"@id":"https:\/\/www.meydan.tv\/az\/article\/bas-verenleri-ilqar-memmedova-novbeti-tezyiq-hesab-edirik\/#primaryimage"},"thumbnailUrl":"https:\/\/www.meydan.tv\/wp-content\/uploads\/9134.jpg","articleSection":["X\u0259b\u0259rl\u0259r"],"inLanguage":"az"},{"@type":"WebPage","@id":"https:\/\/www.meydan.tv\/az\/article\/bas-verenleri-ilqar-memmedova-novbeti-tezyiq-hesab-edirik\/","url":"https:\/\/www.meydan.tv\/az\/article\/bas-verenleri-ilqar-memmedova-novbeti-tezyiq-hesab-edirik\/","name":"\"Ba\u015f ver\u0259nl\u0259ri \u0130lqar M\u0259mm\u0259dova n\u00f6vb\u0259ti t\u0259zyiq hesab edirik\" - MEYDAN.TV","isPartOf":{"@id":"https:\/\/www.meydan.tv\/az\/#website"},"primaryImageOfPage":{"@id":"https:\/\/www.meydan.tv\/az\/article\/bas-verenleri-ilqar-memmedova-novbeti-tezyiq-hesab-edirik\/#primaryimage"},"image":{"@id":"https:\/\/www.meydan.tv\/az\/article\/bas-verenleri-ilqar-memmedova-novbeti-tezyiq-hesab-edirik\/#primaryimage"},"thumbnailUrl":"https:\/\/www.meydan.tv\/wp-content\/uploads\/9134.jpg","datePublished":"2015-05-22T18:43:23+00:00","breadcrumb":{"@id":"https:\/\/www.meydan.tv\/az\/article\/bas-verenleri-ilqar-memmedova-novbeti-tezyiq-hesab-edirik\/#breadcrumb"},"inLanguage":"az","potentialAction":[{"@type":"ReadAction","target":["https:\/\/www.meydan.tv\/az\/article\/bas-verenleri-ilqar-memmedova-novbeti-tezyiq-hesab-edirik\/"]}]},{"@type":"ImageObject","inLanguage":"az","@id":"https:\/\/www.meydan.tv\/az\/article\/bas-verenleri-ilqar-memmedova-novbeti-tezyiq-hesab-edirik\/#primaryimage","url":"https:\/\/www.meydan.tv\/wp-content\/uploads\/9134.jpg","contentUrl":"https:\/\/www.meydan.tv\/wp-content\/uploads\/9134.jpg","width":575,"height":400,"caption":"Source:"},{"@type":"BreadcrumbList","@id":"https:\/\/www.meydan.tv\/az\/article\/bas-verenleri-ilqar-memmedova-novbeti-tezyiq-hesab-edirik\/#breadcrumb","itemListElement":[{"@type":"ListItem","position":1,"name":"Ana s\u0259hif\u0259","item":"https:\/\/www.meydan.tv\/az\/"},{"@type":"ListItem","position":2,"name":"X\u0259b\u0259rl\u0259r","item":"https:\/\/www.meydan.tv\/az\/section\/xeberler\/"},{"@type":"ListItem","position":3,"name":"&#8220;Ba\u015f ver\u0259nl\u0259ri \u0130lqar M\u0259mm\u0259dova n\u00f6vb\u0259ti t\u0259zyiq hesab edirik&#8221;"}]},{"@type":"WebSite","@id":"https:\/\/www.meydan.tv\/az\/#website","url":"https:\/\/www.meydan.tv\/az\/","name":"MEYDAN.TV","description":"Meydan TV Az\u0259rbaycan\u0131n media m\u0259kan\u0131ndak\u0131 alternativ s\u0259sidir","publisher":{"@id":"https:\/\/www.meydan.tv\/az\/#organization"},"potentialAction":[{"@type":"SearchAction","target":{"@type":"EntryPoint","urlTemplate":"https:\/\/www.meydan.tv\/az\/?s={search_term_string}"},"query-input":{"@type":"PropertyValueSpecification","valueRequired":true,"valueName":"search_term_string"}}],"inLanguage":"az"},{"@type":"Organization","@id":"https:\/\/www.meydan.tv\/az\/#organization","name":"Meydan TV","url":"https:\/\/www.meydan.tv\/az\/","logo":{"@type":"ImageObject","inLanguage":"az","@id":"https:\/\/www.meydan.tv\/az\/#\/schema\/logo\/image\/","url":"https:\/\/www.meydan.tv\/wp-content\/uploads\/2021\/07\/meydan-logo.svg","contentUrl":"https:\/\/www.meydan.tv\/wp-content\/uploads\/2021\/07\/meydan-logo.svg","width":195,"height":46,"caption":"Meydan TV"},"image":{"@id":"https:\/\/www.meydan.tv\/az\/#\/schema\/logo\/image\/"}},{"@type":"Person","@id":"https:\/\/www.meydan.tv\/az\/#\/schema\/person\/10d11eccf6da3662cf5fdab9806ea91a","name":"user-manager"}]}},"_links":{"self":[{"href":"https:\/\/www.meydan.tv\/az\/wp-json\/wp\/v2\/posts\/168031","targetHints":{"allow":["GET"]}}],"collection":[{"href":"https:\/\/www.meydan.tv\/az\/wp-json\/wp\/v2\/posts"}],"about":[{"href":"https:\/\/www.meydan.tv\/az\/wp-json\/wp\/v2\/types\/post"}],"author":[{"embeddable":true,"href":"https:\/\/www.meydan.tv\/az\/wp-json\/wp\/v2\/users\/11"}],"replies":[{"embeddable":true,"href":"https:\/\/www.meydan.tv\/az\/wp-json\/wp\/v2\/comments?post=168031"}],"version-history":[{"count":0,"href":"https:\/\/www.meydan.tv\/az\/wp-json\/wp\/v2\/posts\/168031\/revisions"}],"wp:featuredmedia":[{"embeddable":true,"href":"https:\/\/www.meydan.tv\/az\/wp-json\/wp\/v2\/media\/24984"}],"wp:attachment":[{"href":"https:\/\/www.meydan.tv\/az\/wp-json\/wp\/v2\/media?parent=168031"}],"wp:term":[{"taxonomy":"category","embeddable":true,"href":"https:\/\/www.meydan.tv\/az\/wp-json\/wp\/v2\/categories?post=168031"},{"taxonomy":"post_tag","embeddable":true,"href":"https:\/\/www.meydan.tv\/az\/wp-json\/wp\/v2\/tags?post=168031"}],"curies":[{"name":"wp","href":"https:\/\/api.w.org\/{rel}","templated":true}]}}