{"id":168030,"date":"2015-05-22T16:55:35","date_gmt":"2015-05-22T16:55:35","guid":{"rendered":"https:\/\/www.meydan.tv\/article\/intiqam-eliyev-ayaga-durmaqda-cetinlik-cekir\/"},"modified":"2015-05-22T16:55:35","modified_gmt":"2015-05-22T16:55:35","slug":"intiqam-eliyev-ayaga-durmaqda-cetinlik-cekir","status":"publish","type":"post","link":"https:\/\/www.meydan.tv\/az\/article\/intiqam-eliyev-ayaga-durmaqda-cetinlik-cekir\/","title":{"rendered":"\u0130ntiqam \u018fliyev aya\u011fa durmaqda \u00e7\u0259tinlik \u00e7\u0259kir"},"content":{"rendered":"<figure class=\"wp-block-image size-large\">\n  <img decoding=\"async\" src=\"https:\/\/www.meydan.tv\/az\/25005\/\" alt=\"\" class=\"wp-image-25005\"\/><figcaption><\/figcaption><\/figure>\n<figure class=\"wp-block-image size-large\">\n  <img decoding=\"async\" src=\"https:\/\/www.meydan.tv\/az\/25005\/\" alt=\"\" class=\"wp-image-25005\"\/><figcaption><\/figcaption><\/figure>\n<p>\n  <i><br \/>\n    &#8220;M\u00fcalic\u0259 kamera \u015f\u0259raitind\u0259 h\u0259r hans\u0131 m\u00fcayin\u0259 apar\u0131lmadan gedir&#8221;<br \/>\n  <\/i>\n<\/p>\n<p>\n  Qaynar.info-ya bu bar\u0259d\u0259 m\u0259lumat\u0131 \u0130ntiqam \u018fliyevin q\u0131z\u0131 N\u0259rmin Kamilsoy verib.\n<\/p>\n<p>\n  N\u0259rmin Kamilsoy bildirib ki, bu g\u00fcn atas\u0131 il\u0259 telefonla dan\u0131\u015f\u0131b:&#8221;Belind\u0259 probleml\u0259r qald\u0131\u011f\u0131na v\u0259 uzun m\u00fcdd\u0259t ayaq \u00fcst\u0259 durma\u011fa \u00e7\u0259tinlik \u00e7\u0259kdiyin\u0259 g\u00f6r\u0259 bu h\u0259f\u0259t\u0259 d\u0259 g\u00f6r\u00fc\u015f\u0259 bilm\u0259y\u0259c\u0259yik. Art\u0131q iki h\u0259ft\u0259d\u0259n \u00e7oxdur ki, g\u00f6r\u00fc\u015f\u0259 bilmirik. Uzun m\u00fcdd\u0259td\u0259n sonra d\u00fcn\u0259n v\u0259kill\u0259ri il\u0259 g\u00f6r\u00fc\u015f\u0259 bilib. Amma otura bilm\u0259diyin\u0259 g\u00f6r\u0259 g\u00f6r\u00fc\u015f q\u0131sa olub. M\u00fcalic\u0259 kamera \u015f\u0259raitind\u0259 h\u0259r hans\u0131 m\u00fcayin\u0259 apar\u0131lmadan gedir&#8221;\n<\/p>\n<p>\n  N\u0259rmin Kamilsoy h\u0259m\u00e7inin qeyd edib ki, d\u00fcn\u0259n Ombudsman aparat\u0131n\u0131n n\u00fcmay\u0259nd\u0259l\u0259ri d\u0259 \u0130ntiqam \u018fliyev\u0259 ba\u015f \u00e7\u0259kibl\u0259r:&#8221;Amma h\u0259r zamank\u0131 kimi saytlar\u0131nda yaz\u0131blar ki, \u00a0he\u00e7 bir porblem yoxdur, h\u0259r \u015fey yax\u015f\u0131d\u0131r. 20 g\u00fcnd\u0259n art\u0131q\u0131d\u0131r ki, &#8220;Azadl\u0131q&#8221; q\u0259zeti verilmir, hadis\u0259l\u0259rd\u0259n x\u0259b\u0259rsizdir. Y\u0259n\u0259 d\u0259 ciddi n\u0259zar\u0259t alt\u0131ndad\u0131r, m\u0259ktublar \u0259lind\u0259n al\u0131n\u0131r.&#8221;\n<\/p>\n<p>\n  \u0130ntiqam \u018fliyev Bin\u0259q\u0259di rayonunda h\u00fcnd\u00fcrm\u0259rt\u0259b\u0259li binada ba\u015f ver\u0259n b\u00f6y\u00fck faciy\u0259y\u0259 g\u00f6r\u0259 d\u0259 ba\u015fsa\u011fl\u0131\u011f\u0131 verib:&#8221; Bu x\u0259b\u0259ri e\u015fid\u0259nd\u0259 \u00e7ox m\u0259yus oldum. Yan\u011f\u0131n zaman\u0131 r\u0259hm\u0259t\u0259 ged\u0259nl\u0259rin yax\u0131nlar\u0131na d\u0259rin-h\u00fcz\u00fcnl\u0259 ba\u015fssa\u011fl\u0131\u011f\u0131 verir\u0259m. Yaral\u0131lara is\u0259 tezlikl\u0259 sa\u011falma\u011f\u0131 arzu edir\u0259m.&#8221;\n<\/p>\n<p>\n  H\u00fcqqu m\u00fcdafi\u0259\u00e7isi ona bu \u00e7\u0259tin g\u00fcnl\u0259rd\u0259 m\u0259ktub yaz\u0131b d\u0259st\u0259k ola h\u0259r k\u0259s\u0259 \u00f6z t\u0259\u015f\u0259kk\u00fcr\u00fcn\u00fc bildirib.\n<\/p>\n<p>\n  \u0130ntiqam \u018fliyev\u0259 7 il 6 ay m\u00fcdd\u0259tind\u0259 azadl\u0131qdan m\u0259hrum edilib.\n<\/p>\n<p>\n  Yerli v\u0259 beyn\u0259lxalq h\u00fcquq m\u00fcdafi\u0259\u00e7il\u0259ri \u0130ntiqam \u018fliyevin h\u0259bsini siyasi sifari\u015f hesab edir. Beyn\u0259lxalq h\u00fcquq m\u00fcdafi\u0259 t\u0259\u015fkilat\u0131 \u00abAmnesty International\u00bb \u0130ntiqam \u018fliyevi \u00abvicdan m\u0259hbusu\u00bb elan edib.\u200b<\/p>\n","protected":false},"excerpt":{"rendered":"<p>&#8220;M\u00fcalic\u0259 kamera \u015f\u0259raitind\u0259 h\u0259r hans\u0131 m\u00fcayin\u0259 apar\u0131lmadan gedir&#8221;<\/p>\n","protected":false},"author":11,"featured_media":25005,"comment_status":"closed","ping_status":"open","sticky":false,"template":"","format":"standard","meta":{"_acf_changed":false,"_sitemap_exclude":false,"_sitemap_priority":"","_sitemap_frequency":"","footnotes":""},"categories":[56],"tags":[],"class_list":["post-168030","post","type-post","status-publish","format-standard","has-post-thumbnail","hentry","category-xeberler","infinite-scroll-item","generate-columns","tablet-grid-50","mobile-grid-100","grid-parent","grid-33","no-featured-image-padding"],"acf":[],"yoast_head":"<!-- This site is optimized with the Yoast SEO plugin v28.4 - https:\/\/yoast.com\/product\/yoast-seo-wordpress\/ -->\n<title>\u0130ntiqam \u018fliyev aya\u011fa durmaqda \u00e7\u0259tinlik \u00e7\u0259kir - MEYDAN.TV<\/title>\n<meta name=\"robots\" content=\"index, follow, max-snippet:-1, max-image-preview:large, max-video-preview:-1\" \/>\n<link rel=\"canonical\" href=\"https:\/\/www.meydan.tv\/az\/article\/intiqam-eliyev-ayaga-durmaqda-cetinlik-cekir\/\" \/>\n<meta property=\"og:locale\" content=\"az_AZ\" \/>\n<meta property=\"og:type\" content=\"article\" \/>\n<meta property=\"og:title\" content=\"\u0130ntiqam \u018fliyev aya\u011fa durmaqda \u00e7\u0259tinlik \u00e7\u0259kir - MEYDAN.TV\" \/>\n<meta property=\"og:description\" content=\"&quot;M\u00fcalic\u0259 kamera \u015f\u0259raitind\u0259 h\u0259r hans\u0131 m\u00fcayin\u0259 apar\u0131lmadan gedir&quot;\" \/>\n<meta property=\"og:url\" content=\"https:\/\/www.meydan.tv\/az\/article\/intiqam-eliyev-ayaga-durmaqda-cetinlik-cekir\/\" \/>\n<meta property=\"og:site_name\" content=\"MEYDAN.TV\" \/>\n<meta property=\"article:published_time\" content=\"2015-05-22T16:55:35+00:00\" \/>\n<meta property=\"og:image\" content=\"https:\/\/www.meydan.tv\/wp-content\/uploads\/9133.jpg\" \/>\n\t<meta property=\"og:image:width\" content=\"350\" \/>\n\t<meta property=\"og:image:height\" content=\"462\" \/>\n\t<meta property=\"og:image:type\" content=\"image\/jpeg\" \/>\n<meta name=\"twitter:card\" content=\"summary_large_image\" \/>\n<!-- \/ Yoast SEO plugin. -->","yoast_head_json":{"title":"\u0130ntiqam \u018fliyev aya\u011fa durmaqda \u00e7\u0259tinlik \u00e7\u0259kir - MEYDAN.TV","robots":{"index":"index","follow":"follow","max-snippet":"max-snippet:-1","max-image-preview":"max-image-preview:large","max-video-preview":"max-video-preview:-1"},"canonical":"https:\/\/www.meydan.tv\/az\/article\/intiqam-eliyev-ayaga-durmaqda-cetinlik-cekir\/","og_locale":"az_AZ","og_type":"article","og_title":"\u0130ntiqam \u018fliyev aya\u011fa durmaqda \u00e7\u0259tinlik \u00e7\u0259kir - MEYDAN.TV","og_description":"\"M\u00fcalic\u0259 kamera \u015f\u0259raitind\u0259 h\u0259r hans\u0131 m\u00fcayin\u0259 apar\u0131lmadan gedir\"","og_url":"https:\/\/www.meydan.tv\/az\/article\/intiqam-eliyev-ayaga-durmaqda-cetinlik-cekir\/","og_site_name":"MEYDAN.TV","article_published_time":"2015-05-22T16:55:35+00:00","og_image":[{"width":350,"height":462,"url":"https:\/\/www.meydan.tv\/wp-content\/uploads\/9133.jpg","type":"image\/jpeg"}],"twitter_card":"summary_large_image","schema":{"@context":"https:\/\/schema.org","@graph":[{"@type":"Article","@id":"https:\/\/www.meydan.tv\/az\/article\/intiqam-eliyev-ayaga-durmaqda-cetinlik-cekir\/#article","isPartOf":{"@id":"https:\/\/www.meydan.tv\/az\/article\/intiqam-eliyev-ayaga-durmaqda-cetinlik-cekir\/"},"author":{"name":"user-manager","@id":"https:\/\/www.meydan.tv\/az\/#\/schema\/person\/10d11eccf6da3662cf5fdab9806ea91a"},"headline":"\u0130ntiqam \u018fliyev aya\u011fa durmaqda \u00e7\u0259tinlik \u00e7\u0259kir","datePublished":"2015-05-22T16:55:35+00:00","mainEntityOfPage":{"@id":"https:\/\/www.meydan.tv\/az\/article\/intiqam-eliyev-ayaga-durmaqda-cetinlik-cekir\/"},"wordCount":356,"publisher":{"@id":"https:\/\/www.meydan.tv\/az\/#organization"},"image":{"@id":"https:\/\/www.meydan.tv\/az\/article\/intiqam-eliyev-ayaga-durmaqda-cetinlik-cekir\/#primaryimage"},"thumbnailUrl":"https:\/\/www.meydan.tv\/wp-content\/uploads\/9133.jpg","articleSection":["X\u0259b\u0259rl\u0259r"],"inLanguage":"az"},{"@type":"WebPage","@id":"https:\/\/www.meydan.tv\/az\/article\/intiqam-eliyev-ayaga-durmaqda-cetinlik-cekir\/","url":"https:\/\/www.meydan.tv\/az\/article\/intiqam-eliyev-ayaga-durmaqda-cetinlik-cekir\/","name":"\u0130ntiqam \u018fliyev aya\u011fa durmaqda \u00e7\u0259tinlik \u00e7\u0259kir - MEYDAN.TV","isPartOf":{"@id":"https:\/\/www.meydan.tv\/az\/#website"},"primaryImageOfPage":{"@id":"https:\/\/www.meydan.tv\/az\/article\/intiqam-eliyev-ayaga-durmaqda-cetinlik-cekir\/#primaryimage"},"image":{"@id":"https:\/\/www.meydan.tv\/az\/article\/intiqam-eliyev-ayaga-durmaqda-cetinlik-cekir\/#primaryimage"},"thumbnailUrl":"https:\/\/www.meydan.tv\/wp-content\/uploads\/9133.jpg","datePublished":"2015-05-22T16:55:35+00:00","breadcrumb":{"@id":"https:\/\/www.meydan.tv\/az\/article\/intiqam-eliyev-ayaga-durmaqda-cetinlik-cekir\/#breadcrumb"},"inLanguage":"az","potentialAction":[{"@type":"ReadAction","target":["https:\/\/www.meydan.tv\/az\/article\/intiqam-eliyev-ayaga-durmaqda-cetinlik-cekir\/"]}]},{"@type":"ImageObject","inLanguage":"az","@id":"https:\/\/www.meydan.tv\/az\/article\/intiqam-eliyev-ayaga-durmaqda-cetinlik-cekir\/#primaryimage","url":"https:\/\/www.meydan.tv\/wp-content\/uploads\/9133.jpg","contentUrl":"https:\/\/www.meydan.tv\/wp-content\/uploads\/9133.jpg","width":350,"height":462,"caption":"Source:"},{"@type":"BreadcrumbList","@id":"https:\/\/www.meydan.tv\/az\/article\/intiqam-eliyev-ayaga-durmaqda-cetinlik-cekir\/#breadcrumb","itemListElement":[{"@type":"ListItem","position":1,"name":"Ana s\u0259hif\u0259","item":"https:\/\/www.meydan.tv\/az\/"},{"@type":"ListItem","position":2,"name":"X\u0259b\u0259rl\u0259r","item":"https:\/\/www.meydan.tv\/az\/section\/xeberler\/"},{"@type":"ListItem","position":3,"name":"\u0130ntiqam \u018fliyev aya\u011fa durmaqda \u00e7\u0259tinlik \u00e7\u0259kir"}]},{"@type":"WebSite","@id":"https:\/\/www.meydan.tv\/az\/#website","url":"https:\/\/www.meydan.tv\/az\/","name":"MEYDAN.TV","description":"Meydan TV Az\u0259rbaycan\u0131n media m\u0259kan\u0131ndak\u0131 alternativ s\u0259sidir","publisher":{"@id":"https:\/\/www.meydan.tv\/az\/#organization"},"potentialAction":[{"@type":"SearchAction","target":{"@type":"EntryPoint","urlTemplate":"https:\/\/www.meydan.tv\/az\/?s={search_term_string}"},"query-input":{"@type":"PropertyValueSpecification","valueRequired":true,"valueName":"search_term_string"}}],"inLanguage":"az"},{"@type":"Organization","@id":"https:\/\/www.meydan.tv\/az\/#organization","name":"Meydan TV","url":"https:\/\/www.meydan.tv\/az\/","logo":{"@type":"ImageObject","inLanguage":"az","@id":"https:\/\/www.meydan.tv\/az\/#\/schema\/logo\/image\/","url":"https:\/\/www.meydan.tv\/wp-content\/uploads\/2021\/07\/meydan-logo.svg","contentUrl":"https:\/\/www.meydan.tv\/wp-content\/uploads\/2021\/07\/meydan-logo.svg","width":195,"height":46,"caption":"Meydan TV"},"image":{"@id":"https:\/\/www.meydan.tv\/az\/#\/schema\/logo\/image\/"}},{"@type":"Person","@id":"https:\/\/www.meydan.tv\/az\/#\/schema\/person\/10d11eccf6da3662cf5fdab9806ea91a","name":"user-manager"}]}},"_links":{"self":[{"href":"https:\/\/www.meydan.tv\/az\/wp-json\/wp\/v2\/posts\/168030","targetHints":{"allow":["GET"]}}],"collection":[{"href":"https:\/\/www.meydan.tv\/az\/wp-json\/wp\/v2\/posts"}],"about":[{"href":"https:\/\/www.meydan.tv\/az\/wp-json\/wp\/v2\/types\/post"}],"author":[{"embeddable":true,"href":"https:\/\/www.meydan.tv\/az\/wp-json\/wp\/v2\/users\/11"}],"replies":[{"embeddable":true,"href":"https:\/\/www.meydan.tv\/az\/wp-json\/wp\/v2\/comments?post=168030"}],"version-history":[{"count":0,"href":"https:\/\/www.meydan.tv\/az\/wp-json\/wp\/v2\/posts\/168030\/revisions"}],"wp:featuredmedia":[{"embeddable":true,"href":"https:\/\/www.meydan.tv\/az\/wp-json\/wp\/v2\/media\/25005"}],"wp:attachment":[{"href":"https:\/\/www.meydan.tv\/az\/wp-json\/wp\/v2\/media?parent=168030"}],"wp:term":[{"taxonomy":"category","embeddable":true,"href":"https:\/\/www.meydan.tv\/az\/wp-json\/wp\/v2\/categories?post=168030"},{"taxonomy":"post_tag","embeddable":true,"href":"https:\/\/www.meydan.tv\/az\/wp-json\/wp\/v2\/tags?post=168030"}],"curies":[{"name":"wp","href":"https:\/\/api.w.org\/{rel}","templated":true}]}}