{"id":168029,"date":"2015-05-22T15:07:25","date_gmt":"2015-05-22T15:07:25","guid":{"rendered":"https:\/\/www.meydan.tv\/article\/yanan-binanin-sakinlerine-bu-gun-kompensasiyalar-verilecek\/"},"modified":"2015-05-22T15:07:25","modified_gmt":"2015-05-22T15:07:25","slug":"yanan-binanin-sakinlerine-bu-gun-kompensasiyalar-verilecek","status":"publish","type":"post","link":"https:\/\/www.meydan.tv\/az\/article\/yanan-binanin-sakinlerine-bu-gun-kompensasiyalar-verilecek\/","title":{"rendered":"\u201cYanan binan\u0131n sakinl\u0259rin\u0259 bu g\u00fcn kompensasiyalar veril\u0259c\u0259k\u201d"},"content":{"rendered":"<figure class=\"wp-block-image size-large\">\n  <img decoding=\"async\" src=\"https:\/\/www.meydan.tv\/az\/25002\/\" alt=\"\" class=\"wp-image-25002\"\/><figcaption><\/figcaption><\/figure>\n<figure class=\"wp-block-image size-large\">\n  <img decoding=\"async\" src=\"https:\/\/www.meydan.tv\/az\/25002\/\" alt=\"\" class=\"wp-image-25002\"\/><figcaption><\/figcaption><\/figure>\n<p>\n  <i><br \/>\n    &#8220;Kiray\u0259d\u0259 ya\u015fayanlar\u0131n m\u00fclkiyy\u0259tin\u0259 d\u0259y\u0259n ziyana g\u0259linc\u0259, bununla ba\u011fl\u0131 ev sahibl\u0259ri il\u0259 kiray\u0259d\u0259 ya\u015fayanlar aras\u0131nda raz\u0131la\u015fma \u0259sas\u0131nda m\u00fcqavil\u0259 imzalanmal\u0131d\u0131r&#8221;<br \/>\n  <\/i>\n<\/p>\n<p>\n  <a href=\"http:\/\/az.apa.az\/tag\/Nazirl%C9%99r+Kabineti\"><br \/>\n    Nazirl\u0259r Kabineti<br \/>\n  <\/a><br \/>\n  nin s\u0259r\u0259ncam\u0131nda n\u0259z\u0259rd\u0259 tutulan v\u0259sait bu g\u00fcn yan\u011f\u0131n ba\u015f ver\u0259n Bak\u0131 \u015f\u0259h\u0259ri, Bin\u0259q\u0259di rayonu, Azadl\u0131q prospekti, 200\/36 \u00fcnvan\u0131nda yerl\u0259\u015f\u0259n \u00e7oxm\u0259rt\u0259b\u0259li ya\u015fay\u0131\u015f binas\u0131nda qeydiyyatda olan 56 ail\u0259 \u00fc\u00e7\u00fcn a\u00e7\u0131lacaq bank hesablar\u0131na k\u00f6\u00e7\u00fcr\u00fcl\u0259c\u0259k\u201d.\n<\/p>\n<p>\n  Bunu<br \/>\n  <a href=\"https:\/\/apa.az\/\"><br \/>\n    APA<br \/>\n  <\/a><br \/>\n  -ya a\u00e7\u0131qlamas\u0131nda Bak\u0131 \u015f\u0259h\u0259r \u0130cra Hakimiyy\u0259tinin ba\u015f\u00e7\u0131s\u0131 Hac\u0131bala Abutal\u0131bov s\u00f6yl\u0259yib. \u00a0H. Abutal\u0131bov deyib ki, bu g\u00fcn Bak\u0131 \u015f\u0259h\u0259r \u0130cra Hakimiyy\u0259tind\u0259 binan\u0131n sakinl\u0259rini q\u0259bul ed\u0259c\u0259k: \u201cPul v\u0259saitl\u0259ri bankda ail\u0259 \u00fczvl\u0259rinin birinin ad\u0131na k\u00f6\u00e7\u00fcr\u00fcl\u0259c\u0259k. Bunun \u00fc\u00e7\u00fcn ail\u0259nin ya\u015f\u0131 18-d\u0259n yuxar\u0131 olan dig\u0259r \u00fczvl\u0259ri m\u00fcvafiq aray\u0131\u015f verm\u0259lidirl\u0259r. Yanan binan\u0131n yax\u0131nl\u0131\u011f\u0131nda Bin\u0259q\u0259di Rayon Polis \u0130dar\u0259sinin 5-ci b\u00f6lm\u0259sinin h\u0259y\u0259tind\u0259 \u201cASAN xidm\u0259t\u201d s\u0259yyar xidm\u0259t g\u00f6st\u0259rir, m\u00fcraci\u0259t ed\u0259n sakinl\u0259r \u00fc\u00e7\u00fcn bel\u0259 m\u00fcvafiq aray\u0131\u015flar haz\u0131rlanaraq verilir.\u00a0 Y\u0259ni sakinl\u0259rin bu aray\u0131\u015f \u00fc\u00e7\u00fcn he\u00e7 yer\u0259 getm\u0259y\u0259 ehtiyaclar\u0131 yoxdur, el\u0259 orada \u201cAsan xidm\u0259t\u201d\u00a0 yax\u0131nla\u015fsalar, kifay\u0259tdir.\u00a0 El\u0259 bu g\u00fcn d\u0259 d\u0259rhal pul v\u0259saitl\u0259ri bank hesab\u0131na g\u00f6t\u00fcr\u00fcl\u0259c\u0259k, m\u00fcvafiq aray\u0131\u015fla ail\u0259d\u0259n ata, yaxud ba\u015fqa bir n\u0259f\u0259r bu g\u00fcn aray\u0131\u015fla bankdan h\u0259min v\u0259saitl\u0259ri ala bil\u0259c\u0259kl\u0259r. Bank x\u0259rcl\u0259rini d\u0259 Bak\u0131 \u015f\u0259h\u0259r \u0130cra Hakimiyy\u0259ti \u00f6z \u00fcz\u0259rin\u0259 g\u00f6t\u00fcr\u00fcb\u201d.\n<\/p>\n<p>\n  H. Abutal\u0131bov binada kiray\u0259 ya\u015fam\u0131\u015f, x\u0259sar\u0259t alm\u0131\u015f v\u0259 maddi ziyan \u00e7\u0259kmi\u015f \u015f\u0259xsl\u0259rl\u0259 ba\u011fl\u0131 m\u0259s\u0259l\u0259y\u0259 d\u0259 ayd\u0131nl\u0131q g\u0259tirib: &#8220;Haz\u0131rda yanm\u0131\u015f binada olan sakinl\u0259r, h\u0259m d\u0259 kiray\u0259d\u0259 ya\u015fam\u0131\u015f insanlar h\u00fcquq-m\u00fchafiz\u0259 orqanlar\u0131nda onlara d\u0259ymi\u015f ziyanla ba\u011fl\u0131 ifad\u0259 verirl\u0259r. H\u00fcquq-m\u00fchafiz\u0259 orqanlar\u0131n\u0131n bununla ba\u011fl\u0131 verdikl\u0259ri aray\u0131\u015flar\u0131 m\u0259hk\u0259m\u0259 d\u0259 t\u0259sdiql\u0259m\u0259lidir. Buna m\u00fcvafiq olaraq d\u0259ymi\u015f ziyan \u00f6d\u0259nil\u0259c\u0259k. Kiray\u0259d\u0259 ya\u015fam\u0131\u015f v\u0259 yan\u011f\u0131n zaman\u0131 x\u0259sar\u0259t alm\u0131\u015f \u015f\u0259xsl\u0259r\u0259 d\u0259<br \/>\n  <a href=\"http:\/\/az.apa.az\/tag\/Nazirl%C9%99r+Kabineti\"><br \/>\n    Nazirl\u0259r Kabineti<br \/>\n  <\/a><br \/>\n  nin s\u0259r\u0259ncam\u0131nda n\u0259z\u0259rd\u0259 tutulan kompensasiya veril\u0259c\u0259k. Bunun \u00fc\u00e7\u00fcn kiray\u0259d\u0259 ya\u015fam\u0131\u015f insanlarla m\u0259nzilin sahibi aras\u0131nda kiray\u0259 il\u0259 ba\u011fl\u0131 m\u00fcqavil\u0259 ba\u011flanmal\u0131, bu m\u00fcqavil\u0259 notariusda t\u0259sdiql\u0259nm\u0259li,\u00a0 yaxud qon\u015fular h\u0259min \u015f\u0259xsin o binada kiray\u0259d\u0259 ya\u015fad\u0131\u011f\u0131n\u0131 notarius yolu il\u0259 t\u0259sdiql\u0259m\u0259lidirl\u0259r. Bu halda kiray\u0259d\u0259 ya\u015fayan v\u0259 x\u0259sar\u0259t alan \u015f\u0259xs\u0259 m\u00fcvafiq kompensasiya veril\u0259c\u0259k. Kiray\u0259d\u0259 ya\u015fayanlar\u0131n m\u00fclkiyy\u0259tin\u0259 d\u0259y\u0259n ziyana g\u0259linc\u0259, bununla ba\u011fl\u0131 ev sahibl\u0259ri il\u0259 kiray\u0259d\u0259 ya\u015fayanlar aras\u0131nda raz\u0131la\u015fma \u0259sas\u0131nda m\u00fcqavil\u0259 imzalanmal\u0131d\u0131r. Bel\u0259 m\u00fcqavil\u0259 imzalan\u0131b notariusda t\u0259sdiql\u0259n\u0259c\u0259yi halda<br \/>\n  <a href=\"http:\/\/az.apa.az\/tag\/Nazirl%C9%99r+Kabineti\"><br \/>\n    Nazirl\u0259r Kabineti<br \/>\n  <\/a><br \/>\n  nin s\u0259r\u0259ncam\u0131nda n\u0259z\u0259rd\u0259 tutulan 20 min manat m\u0259bl\u0259\u011find\u0259 bird\u0259f\u0259lik yard\u0131m ev sahibi v\u0259 kiray\u0259d\u0259 ya\u015fayana aralar\u0131ndak\u0131 raz\u0131la\u015fmaya uy\u011fun olaraq veril\u0259c\u0259k. \u018fsas odur ki, ev sahibi il\u0259 kiray\u0259d\u0259 ya\u015fayan aras\u0131nda raz\u0131la\u015fd\u0131r\u0131lan m\u00fcqavil\u0259 notariusda t\u0259sdiql\u0259nsin\u201d.\n<\/p>\n<p>\n  H. Abutal\u0131bov onu da deyib ki,<br \/>\n  <a href=\"http:\/\/az.apa.az\/tag\/Nazirl%C9%99r+Kabineti\"><br \/>\n    Nazirl\u0259r Kabineti<br \/>\n  <\/a><br \/>\n  nin s\u0259r\u0259ncam\u0131nda qeyd olunan kompensasiyalar ilkin yard\u0131mlard\u0131r. O, bir daha evl\u0259rin d\u00f6vl\u0259t v\u0259saiti hesab\u0131na t\u0259mir olunaca\u011f\u0131n\u0131, mebel v\u0259 \u0259\u015fyalarla t\u0259min edil\u0259c\u0259yini qeyd edib.\n<\/p>\n<p>\n  D\u00fcn\u0259n<br \/>\n  <a href=\"http:\/\/az.apa.az\/tag\/Nazirl%C9%99r+Kabineti\"><br \/>\n    Nazirl\u0259r Kabineti<br \/>\n  <\/a><br \/>\n  \u00a0Bak\u0131 \u015f\u0259h\u0259ri, Bin\u0259q\u0259di rayonu, Azadl\u0131q prospekti, 200\/36 \u00fcnvan\u0131nda yerl\u0259\u015f\u0259n \u00e7oxm\u0259rt\u0259b\u0259li ya\u015fay\u0131\u015f binas\u0131nda ba\u015f vermi\u015f yan\u011f\u0131nla ba\u011fl\u0131 s\u0259r\u0259ncam verib. S\u0259r\u0259ncama \u0259sas\u0259n Az\u0259rbaycan Respublikas\u0131 Prezidentinin 2015-ci il 19 may tarixli 1229 n\u00f6mr\u0259li S\u0259r\u0259ncam\u0131n\u0131n 2-ci hiss\u0259sinin icras\u0131 il\u0259 \u0259laq\u0259dar Bak\u0131 \u015f\u0259h\u0259ri, Bin\u0259q\u0259di rayonu, Azadl\u0131q prospekti, 200\/36 \u00fcnvan\u0131nda yerl\u0259\u015f\u0259n \u00e7oxm\u0259rt\u0259b\u0259li ya\u015fay\u0131\u015f binas\u0131nda ba\u015f vermi\u015f yan\u011f\u0131n hadis\u0259si n\u0259tic\u0259sind\u0259 h\u0259lak olmu\u015f 15 sakinin h\u0259r birinin ail\u0259sin\u0259 15 min manat, bina sakini olan 56 ail\u0259nin h\u0259r birin\u0259 yan\u011f\u0131n n\u0259tic\u0259sind\u0259 z\u0259r\u0259r d\u0259ymi\u015f \u0259mlak\u0131na g\u00f6r\u0259 ilkin olaraq 20 min manat m\u0259bl\u0259\u011find\u0259 d\u00f6vl\u0259t v\u0259saiti hesab\u0131na bird\u0259f\u0259lik maddi yard\u0131m m\u00fc\u0259yy\u0259n edilib. \u00c7oxm\u0259rt\u0259b\u0259li ya\u015fay\u0131\u015f binas\u0131nda \u0259sasl\u0131 t\u0259mir v\u0259 yenid\u0259nqurma i\u015fl\u0259rin\u0259 ba\u015flamaq \u00fc\u00e7\u00fcn 3 milyon manat v\u0259sait ayr\u0131l\u0131b. Bu m\u0259s\u0259l\u0259l\u0259rin v\u0259 binan\u0131n sakinl\u0259rin\u0259 kiray\u0259 pulu \u00f6d\u0259nilm\u0259si \u00fc\u00e7\u00fcn Az\u0259rbaycan Respublikas\u0131n\u0131n 2015-ci il d\u00f6vl\u0259t b\u00fcdc\u0259sinin Ehtiyat Fondundan Bak\u0131 \u015f\u0259h\u0259r \u0130cra Hakimiyy\u0259tin\u0259 c\u0259mi 5 milyon manat m\u0259bl\u0259\u011find\u0259 v\u0259sait ayr\u0131l\u0131b.<br \/>\n  <a href=\"http:\/\/az.apa.az\/tag\/Maliyy%C9%99+Nazirliyi\"><br \/>\n    Maliyy\u0259 Nazirliyi<br \/>\n  <\/a><br \/>\n  n\u0259 tap\u015f\u0131r\u0131l\u0131b ki, bu v\u0259saitin m\u00fc\u0259yy\u0259n olunmu\u015f qaydada \u00f6d\u0259nilm\u0259sini t\u0259min etsin. Yerin\u0259 yetiril\u0259c\u0259k i\u015fl\u0259rin t\u0259xir\u0259 sal\u0131nmadan icras\u0131n\u0131n vacibliyini n\u0259z\u0259r\u0259 alaraq, m\u00fcst\u0259sna hal kimi, \u00e7oxm\u0259rt\u0259b\u0259li ya\u015fay\u0131\u015f binas\u0131nda \u0259sasl\u0131 t\u0259mir v\u0259 yenid\u0259nqurma i\u015fl\u0259rin\u0259 ba\u015flamaq \u00fc\u00e7\u00fcn g\u00f6st\u0259ril\u0259n i\u015fl\u0259rin birba\u015fa m\u00fcqavil\u0259l\u0259rl\u0259 yerin\u0259 yetirilm\u0259sin\u0259 icaz\u0259 veril\u0259c\u0259k.<\/p>\n","protected":false},"excerpt":{"rendered":"<p>&#8220;Kiray\u0259d\u0259 ya\u015fayanlar\u0131n m\u00fclkiyy\u0259tin\u0259 d\u0259y\u0259n ziyana g\u0259linc\u0259, bununla ba\u011fl\u0131 ev sahibl\u0259ri il\u0259 kiray\u0259d\u0259 ya\u015fayanlar aras\u0131nda raz\u0131la\u015fma \u0259sas\u0131nda m\u00fcqavil\u0259 imzalanmal\u0131d\u0131r&#8221;<\/p>\n","protected":false},"author":11,"featured_media":25002,"comment_status":"closed","ping_status":"open","sticky":false,"template":"","format":"standard","meta":{"_acf_changed":false,"_sitemap_exclude":false,"_sitemap_priority":"","_sitemap_frequency":"","footnotes":""},"categories":[56],"tags":[],"class_list":["post-168029","post","type-post","status-publish","format-standard","has-post-thumbnail","hentry","category-xeberler","infinite-scroll-item","generate-columns","tablet-grid-50","mobile-grid-100","grid-parent","grid-33","no-featured-image-padding"],"acf":[],"yoast_head":"<!-- This site is optimized with the Yoast SEO plugin v28.4 - https:\/\/yoast.com\/product\/yoast-seo-wordpress\/ -->\n<title>\u201cYanan binan\u0131n sakinl\u0259rin\u0259 bu g\u00fcn kompensasiyalar veril\u0259c\u0259k\u201d - MEYDAN.TV<\/title>\n<meta name=\"robots\" content=\"index, follow, max-snippet:-1, max-image-preview:large, max-video-preview:-1\" \/>\n<link rel=\"canonical\" href=\"https:\/\/www.meydan.tv\/az\/article\/yanan-binanin-sakinlerine-bu-gun-kompensasiyalar-verilecek\/\" \/>\n<meta property=\"og:locale\" content=\"az_AZ\" \/>\n<meta property=\"og:type\" content=\"article\" \/>\n<meta property=\"og:title\" content=\"\u201cYanan binan\u0131n sakinl\u0259rin\u0259 bu g\u00fcn kompensasiyalar veril\u0259c\u0259k\u201d - MEYDAN.TV\" \/>\n<meta property=\"og:description\" content=\"&quot;Kiray\u0259d\u0259 ya\u015fayanlar\u0131n m\u00fclkiyy\u0259tin\u0259 d\u0259y\u0259n ziyana g\u0259linc\u0259, bununla ba\u011fl\u0131 ev sahibl\u0259ri il\u0259 kiray\u0259d\u0259 ya\u015fayanlar aras\u0131nda raz\u0131la\u015fma \u0259sas\u0131nda m\u00fcqavil\u0259 imzalanmal\u0131d\u0131r&quot;\" \/>\n<meta property=\"og:url\" content=\"https:\/\/www.meydan.tv\/az\/article\/yanan-binanin-sakinlerine-bu-gun-kompensasiyalar-verilecek\/\" \/>\n<meta property=\"og:site_name\" content=\"MEYDAN.TV\" \/>\n<meta property=\"article:published_time\" content=\"2015-05-22T15:07:25+00:00\" \/>\n<meta property=\"og:image\" content=\"https:\/\/www.meydan.tv\/wp-content\/uploads\/9132.jpg\" \/>\n\t<meta property=\"og:image:width\" content=\"565\" \/>\n\t<meta property=\"og:image:height\" content=\"400\" \/>\n\t<meta property=\"og:image:type\" content=\"image\/jpeg\" \/>\n<meta name=\"twitter:card\" content=\"summary_large_image\" \/>\n<!-- \/ Yoast SEO plugin. -->","yoast_head_json":{"title":"\u201cYanan binan\u0131n sakinl\u0259rin\u0259 bu g\u00fcn kompensasiyalar veril\u0259c\u0259k\u201d - MEYDAN.TV","robots":{"index":"index","follow":"follow","max-snippet":"max-snippet:-1","max-image-preview":"max-image-preview:large","max-video-preview":"max-video-preview:-1"},"canonical":"https:\/\/www.meydan.tv\/az\/article\/yanan-binanin-sakinlerine-bu-gun-kompensasiyalar-verilecek\/","og_locale":"az_AZ","og_type":"article","og_title":"\u201cYanan binan\u0131n sakinl\u0259rin\u0259 bu g\u00fcn kompensasiyalar veril\u0259c\u0259k\u201d - MEYDAN.TV","og_description":"\"Kiray\u0259d\u0259 ya\u015fayanlar\u0131n m\u00fclkiyy\u0259tin\u0259 d\u0259y\u0259n ziyana g\u0259linc\u0259, bununla ba\u011fl\u0131 ev sahibl\u0259ri il\u0259 kiray\u0259d\u0259 ya\u015fayanlar aras\u0131nda raz\u0131la\u015fma \u0259sas\u0131nda m\u00fcqavil\u0259 imzalanmal\u0131d\u0131r\"","og_url":"https:\/\/www.meydan.tv\/az\/article\/yanan-binanin-sakinlerine-bu-gun-kompensasiyalar-verilecek\/","og_site_name":"MEYDAN.TV","article_published_time":"2015-05-22T15:07:25+00:00","og_image":[{"width":565,"height":400,"url":"https:\/\/www.meydan.tv\/wp-content\/uploads\/9132.jpg","type":"image\/jpeg"}],"twitter_card":"summary_large_image","schema":{"@context":"https:\/\/schema.org","@graph":[{"@type":"Article","@id":"https:\/\/www.meydan.tv\/az\/article\/yanan-binanin-sakinlerine-bu-gun-kompensasiyalar-verilecek\/#article","isPartOf":{"@id":"https:\/\/www.meydan.tv\/az\/article\/yanan-binanin-sakinlerine-bu-gun-kompensasiyalar-verilecek\/"},"author":{"name":"user-manager","@id":"https:\/\/www.meydan.tv\/az\/#\/schema\/person\/10d11eccf6da3662cf5fdab9806ea91a"},"headline":"\u201cYanan binan\u0131n sakinl\u0259rin\u0259 bu g\u00fcn kompensasiyalar veril\u0259c\u0259k\u201d","datePublished":"2015-05-22T15:07:25+00:00","mainEntityOfPage":{"@id":"https:\/\/www.meydan.tv\/az\/article\/yanan-binanin-sakinlerine-bu-gun-kompensasiyalar-verilecek\/"},"wordCount":989,"publisher":{"@id":"https:\/\/www.meydan.tv\/az\/#organization"},"image":{"@id":"https:\/\/www.meydan.tv\/az\/article\/yanan-binanin-sakinlerine-bu-gun-kompensasiyalar-verilecek\/#primaryimage"},"thumbnailUrl":"https:\/\/www.meydan.tv\/wp-content\/uploads\/9132.jpg","articleSection":["X\u0259b\u0259rl\u0259r"],"inLanguage":"az"},{"@type":"WebPage","@id":"https:\/\/www.meydan.tv\/az\/article\/yanan-binanin-sakinlerine-bu-gun-kompensasiyalar-verilecek\/","url":"https:\/\/www.meydan.tv\/az\/article\/yanan-binanin-sakinlerine-bu-gun-kompensasiyalar-verilecek\/","name":"\u201cYanan binan\u0131n sakinl\u0259rin\u0259 bu g\u00fcn kompensasiyalar veril\u0259c\u0259k\u201d - MEYDAN.TV","isPartOf":{"@id":"https:\/\/www.meydan.tv\/az\/#website"},"primaryImageOfPage":{"@id":"https:\/\/www.meydan.tv\/az\/article\/yanan-binanin-sakinlerine-bu-gun-kompensasiyalar-verilecek\/#primaryimage"},"image":{"@id":"https:\/\/www.meydan.tv\/az\/article\/yanan-binanin-sakinlerine-bu-gun-kompensasiyalar-verilecek\/#primaryimage"},"thumbnailUrl":"https:\/\/www.meydan.tv\/wp-content\/uploads\/9132.jpg","datePublished":"2015-05-22T15:07:25+00:00","breadcrumb":{"@id":"https:\/\/www.meydan.tv\/az\/article\/yanan-binanin-sakinlerine-bu-gun-kompensasiyalar-verilecek\/#breadcrumb"},"inLanguage":"az","potentialAction":[{"@type":"ReadAction","target":["https:\/\/www.meydan.tv\/az\/article\/yanan-binanin-sakinlerine-bu-gun-kompensasiyalar-verilecek\/"]}]},{"@type":"ImageObject","inLanguage":"az","@id":"https:\/\/www.meydan.tv\/az\/article\/yanan-binanin-sakinlerine-bu-gun-kompensasiyalar-verilecek\/#primaryimage","url":"https:\/\/www.meydan.tv\/wp-content\/uploads\/9132.jpg","contentUrl":"https:\/\/www.meydan.tv\/wp-content\/uploads\/9132.jpg","width":565,"height":400,"caption":"Source:"},{"@type":"BreadcrumbList","@id":"https:\/\/www.meydan.tv\/az\/article\/yanan-binanin-sakinlerine-bu-gun-kompensasiyalar-verilecek\/#breadcrumb","itemListElement":[{"@type":"ListItem","position":1,"name":"Ana s\u0259hif\u0259","item":"https:\/\/www.meydan.tv\/az\/"},{"@type":"ListItem","position":2,"name":"X\u0259b\u0259rl\u0259r","item":"https:\/\/www.meydan.tv\/az\/section\/xeberler\/"},{"@type":"ListItem","position":3,"name":"\u201cYanan binan\u0131n sakinl\u0259rin\u0259 bu g\u00fcn kompensasiyalar veril\u0259c\u0259k\u201d"}]},{"@type":"WebSite","@id":"https:\/\/www.meydan.tv\/az\/#website","url":"https:\/\/www.meydan.tv\/az\/","name":"MEYDAN.TV","description":"Meydan TV Az\u0259rbaycan\u0131n media m\u0259kan\u0131ndak\u0131 alternativ s\u0259sidir","publisher":{"@id":"https:\/\/www.meydan.tv\/az\/#organization"},"potentialAction":[{"@type":"SearchAction","target":{"@type":"EntryPoint","urlTemplate":"https:\/\/www.meydan.tv\/az\/?s={search_term_string}"},"query-input":{"@type":"PropertyValueSpecification","valueRequired":true,"valueName":"search_term_string"}}],"inLanguage":"az"},{"@type":"Organization","@id":"https:\/\/www.meydan.tv\/az\/#organization","name":"Meydan TV","url":"https:\/\/www.meydan.tv\/az\/","logo":{"@type":"ImageObject","inLanguage":"az","@id":"https:\/\/www.meydan.tv\/az\/#\/schema\/logo\/image\/","url":"https:\/\/www.meydan.tv\/wp-content\/uploads\/2021\/07\/meydan-logo.svg","contentUrl":"https:\/\/www.meydan.tv\/wp-content\/uploads\/2021\/07\/meydan-logo.svg","width":195,"height":46,"caption":"Meydan TV"},"image":{"@id":"https:\/\/www.meydan.tv\/az\/#\/schema\/logo\/image\/"}},{"@type":"Person","@id":"https:\/\/www.meydan.tv\/az\/#\/schema\/person\/10d11eccf6da3662cf5fdab9806ea91a","name":"user-manager"}]}},"_links":{"self":[{"href":"https:\/\/www.meydan.tv\/az\/wp-json\/wp\/v2\/posts\/168029","targetHints":{"allow":["GET"]}}],"collection":[{"href":"https:\/\/www.meydan.tv\/az\/wp-json\/wp\/v2\/posts"}],"about":[{"href":"https:\/\/www.meydan.tv\/az\/wp-json\/wp\/v2\/types\/post"}],"author":[{"embeddable":true,"href":"https:\/\/www.meydan.tv\/az\/wp-json\/wp\/v2\/users\/11"}],"replies":[{"embeddable":true,"href":"https:\/\/www.meydan.tv\/az\/wp-json\/wp\/v2\/comments?post=168029"}],"version-history":[{"count":0,"href":"https:\/\/www.meydan.tv\/az\/wp-json\/wp\/v2\/posts\/168029\/revisions"}],"wp:featuredmedia":[{"embeddable":true,"href":"https:\/\/www.meydan.tv\/az\/wp-json\/wp\/v2\/media\/25002"}],"wp:attachment":[{"href":"https:\/\/www.meydan.tv\/az\/wp-json\/wp\/v2\/media?parent=168029"}],"wp:term":[{"taxonomy":"category","embeddable":true,"href":"https:\/\/www.meydan.tv\/az\/wp-json\/wp\/v2\/categories?post=168029"},{"taxonomy":"post_tag","embeddable":true,"href":"https:\/\/www.meydan.tv\/az\/wp-json\/wp\/v2\/tags?post=168029"}],"curies":[{"name":"wp","href":"https:\/\/api.w.org\/{rel}","templated":true}]}}