{"id":168025,"date":"2015-05-22T03:28:49","date_gmt":"2015-05-22T03:28:49","guid":{"rendered":"https:\/\/www.meydan.tv\/article\/olke-qanunlarla-deyil-ferdlerle-idare-olunur\/"},"modified":"2015-05-22T03:28:49","modified_gmt":"2015-05-22T03:28:49","slug":"olke-qanunlarla-deyil-ferdlerle-idare-olunur","status":"publish","type":"post","link":"https:\/\/www.meydan.tv\/az\/article\/olke-qanunlarla-deyil-ferdlerle-idare-olunur\/","title":{"rendered":"&#8221;\u00d6lk\u0259 qanunlarla deyil, f\u0259rdl\u0259rl\u0259 idar\u0259 olunur&#8221;"},"content":{"rendered":"<figure class=\"wp-block-image size-large\">\n  <img decoding=\"async\" src=\"https:\/\/www.meydan.tv\/az\/24785\/\" alt=\"\" class=\"wp-image-24785\"\/><figcaption><\/figcaption><\/figure>\n<p>\n  May\u0131n 20-d\u0259 prezident \u0130lham \u018fliyev 1 g\u00fcn \u0259vv\u0259l Bin\u0259q\u0259di rayonunda ba\u015f vermi\u015f yan\u011f\u0131nla \u0259laq\u0259dar yarad\u0131lan D\u00f6vl\u0259t Komissiyas\u0131n\u0131n toplant\u0131s\u0131n\u0131 ke\u00e7irib. \u0130clasda prezident m\u0259murlara iradlar\u0131n\u0131 ifad\u0259 edib v\u0259 s\u0259rt ittihamlar s\u0259sl\u0259ndirib.\n<\/p>\n<p>\n  \u00c7\u0131x\u0131\u015f\u0131n\u0131 son vaxtlar h\u0259bs olunan i\u015f adamlar\u0131ndan ba\u015flayan d\u00f6vl\u0259t ba\u015f\u00e7\u0131s\u0131 deyib ki, h\u0259min i\u015f adamlar\u0131 d\u00f6vl\u0259t \u0259mlak\u0131n\u0131 talay\u0131b, d\u00f6vl\u0259t v\u0259saitini o\u011furlay\u0131blar: \u201cV\u0259zif\u0259li \u015f\u0259xsl\u0259rin ail\u0259 \u00fczvl\u0259ri cinay\u0259t t\u00f6r\u0259dirl\u0259r, ondan sonra m\u0259suliyy\u0259td\u0259n yay\u0131nmaq ist\u0259yirl\u0259r. \u018ffsuslar olsun ki, onlara himay\u0259darl\u0131q ed\u0259n d\u00f6vl\u0259t m\u0259murlar\u0131 da var, onlar\u0131 m\u0259suliyy\u0259td\u0259n yay\u0131nd\u0131rmaq \u00fc\u00e7\u00fcn min c\u00fcr \u0259m\u0259ll\u0259rd\u0259n \u00e7\u0131x\u0131rlar. Burada oturanlar m\u0259nim m\u00f6vqeyimi bilir. Bir adam, x\u00fcsusi il\u0259 d\u00f6vl\u0259t m\u0259muru, b\u00f6y\u00fck v\u0259zif\u0259 sahibi m\u0259suliyy\u0259td\u0259n qa\u00e7a bilm\u0259y\u0259c\u0259k. M\u0259suliyy\u0259tli olmaq laz\u0131md\u0131r. Cinay\u0259t t\u00f6r\u0259tmis\u0259ns\u0259, get, c\u0259zas\u0131n\u0131 \u00e7\u0259k\u201d.\n<\/p>\n<p>\n  \u201cAz\u0259rbaycanda indi n\u0259 q\u0259d\u0259r qanunsuz evl\u0259r tikilir, sanki he\u00e7 kimin x\u0259b\u0259ri yoxdur\u201d\n<\/p>\n<figure class=\"wp-block-image size-large\">\n  <img decoding=\"async\" src=\"https:\/\/www.meydan.tv\/az\/24788\/\" alt=\"\" class=\"wp-image-24788\"\/><figcaption><\/figcaption><\/figure>\n<p>\n  \u0130lham \u018fliyev deyib ki, Az\u0259rbaycan ictimaiyy\u0259ti h\u0259r bir hadis\u0259d\u0259n x\u0259b\u0259rdard\u0131r. Az\u0259rbaycanda toxunulmaz insan yoxdur: &#8220;Cinay\u0259t t\u00f6r\u0259dibs\u0259, m\u0259suliyy\u0259t d\u0259 olmal\u0131d\u0131r. M\u0259n d\u0259f\u0259l\u0259rl\u0259 demi\u015f\u0259m ki, v\u0259zif\u0259li \u015f\u0259xsl\u0259r \u00f6zl\u0259rini normal apars\u0131nlar, insanlarla \u00fcnsiyy\u0259t qursunlar, insanlar\u0131 incitm\u0259sinl\u0259r, onlar \u00f6zl\u0259ri, ail\u0259 \u00fczvl\u0259ri qanunu pozmas\u0131nlar. Amma n\u0259 g\u00f6r\u00fcr\u0259m? Yen\u0259 d\u0259 m\u0259nim g\u00f6st\u0259ri\u015fl\u0259rimi icra etm\u0259y\u0259nl\u0259r var. V\u0259 n\u0259tic\u0259 n\u0259 olur? Onlar \u00f6zl\u0259ri d\u0259 b\u0259db\u0259xt olurlar. Az\u0259rbaycan ictimaiyy\u0259ti d\u0259 h\u0259r \u015feyi bilir. He\u00e7 kim qanundan k\u0259narda qala bilm\u0259z. Ancaq biz g\u00f6r\u00fcr\u00fck ki, bu qaydalar pozulur, qanunsuz evl\u0259r tikilir. Az\u0259rbaycanda, paytaxt Bak\u0131da indi n\u0259 q\u0259d\u0259r qanunsuz evl\u0259r tikilir. Sanki he\u00e7 kimin x\u0259b\u0259ri yoxdur. Yerli icra ba\u015f\u00e7\u0131lar\u0131n\u0131n x\u0259b\u0259ri yoxdur, \u015f\u0259h\u0259r icra ba\u015f\u00e7\u0131lar\u0131n\u0131n x\u0259b\u0259ri yoxdur, he\u00e7 kimin x\u0259b\u0259ri yoxdur&#8221;.\n<\/p>\n<p>\n  D\u00f6vl\u0259t ba\u015f\u00e7\u0131s\u0131 atas\u0131, sabiq prezident Heyd\u0259r \u018fliyevin \u015f\u0259xsi i\u015ftirak\u0131 il\u0259 sal\u0131nm\u0131\u015f \u201cDostluq\u201d park\u0131n\u0131n bir hiss\u0259sini z\u0259bt ediildiyin\u0259 toxunub: &#8220;M\u0259n orada haradasa 7-8 il bundan \u0259vv\u0259l olmu\u015fdum v\u0259 g\u00f6rm\u00fc\u015fd\u00fcm ki, \u201cDostluq\u201d park\u0131nda a\u011faclar q\u0131r\u0131l\u0131r, villalar tikilir. Hac\u0131bala Abutal\u0131bova g\u00f6st\u0259ri\u015f verdim ki, gedin, ayd\u0131nla\u015fd\u0131r\u0131n, b\u00fct\u00fcn tikil\u0259n binalar qanunsuzdur, onlar\u0131 s\u00f6k\u00fcn. Qoy, onlar\u0131 tik\u0259nl\u0259r\u0259 d\u0259rs olsun. O g\u00fcn h\u0259min \u0259raziy\u0259 g\u0259l\u0259nd\u0259 yen\u0259 d\u0259 g\u00f6r\u00fcr\u0259m ki, d\u00fcz \u201cDostluq\u201d park\u0131n\u0131n yan\u0131nda &#8211; yamacda villalar tikilib. Dedim ki, bunlar\u0131 tik\u0259nl\u0259rin kim oldu\u011funu \u00f6yr\u0259nin. He\u00e7 bir adam \u00e7\u0131xmad\u0131. Dedim ki, bir villan\u0131 s\u00f6k\u00fcn, g\u00f6r\u00fcn, i\u015fin arxas\u0131ndan kim \u00e7\u0131xacaq. He\u00e7 kim \u00e7\u0131xmad\u0131. Dedim, bel\u0259dirs\u0259, \u0259g\u0259r he\u00e7 kim\u0259 m\u0259xsus deyils\u0259, s\u00f6k\u00fcn, bunlar\u0131 da\u011f\u0131d\u0131n, ba\u015fqalar\u0131na d\u0259rs olsun. Qanunsuz yollarla \u00f6z\u0259ll\u0259\u015fdirirl\u0259r, z\u0259bt edirl\u0259r, hasarlay\u0131rlar. Orada el\u0259 istinad divarlar\u0131 tikilib ki, b\u0259lk\u0259 d\u0259 t\u0259kc\u0259 onun tikintisin\u0259 bir ne\u00e7\u0259 milyon manat s\u0259rf edilib. Bu q\u0259d\u0259r \u00f6zba\u015f\u0131nal\u0131q olmaz&#8221;.\n<\/p>\n<p>\n  \u201cB\u00fct\u00fcn bu h\u0259ngam\u0259 yanl\u0131z o bir n\u0259f\u0259ri g\u00f6z\u0259 soxmaq \u00fc\u00e7\u00fcn idi&#8221;\n<\/p>\n<p>\n  D\u00f6vl\u0259t Komissiyas\u0131n\u0131n iclas\u0131 il\u0259 ba\u011fl\u0131 tan\u0131nm\u0131\u015f v\u0259kill\u0259r, siyasil\u0259r v\u0259 ictimai xadiml\u0259r m\u00fcnasib\u0259tl\u0259rini s\u0259rgil\u0259yibl\u0259r.\n<\/p>\n<p>\n  V\u0259kil Xalid Ba\u011f\u0131rov Facebook s\u0259hif\u0259sind\u0259 yaz\u0131b ki, onsuz da komissiyadan bir \u015fey g\u00f6zl\u0259mirdi: &#8220;Bu komissiya il\u0259 \u0130lham \u018fliyev xalq\u0131n g\u00f6z\u00fcn\u0259 k\u00fcl \u00fcf\u00fcr\u00fcr, yanm\u0131\u015f binadan qalm\u0131\u015f k\u00fcl. Bu komissiya s\u0131rf t\u0259bli\u011fata hesablanm\u0131\u015f komediyad\u0131r. Fikir verdinizs\u0259, komissiya \u00fczvl\u0259rinin he\u00e7 birinin qar\u015f\u0131s\u0131nda mikrofon yox idi, dan\u0131\u015f\u0131qlar\u0131n\u0131 anlamaq da olmurdu. Orda mikrafon yanl\u0131z bir n\u0259f\u0259rin, komissiya \u00fczv\u00fc olmayan bir n\u0259f\u0259rin qar\u015f\u0131s\u0131nda qurulmu\u015fdu, onun dan\u0131\u015f\u0131\u011f\u0131 da ayd\u0131n anla\u015f\u0131l\u0131rd\u0131. V\u0259 b\u00fct\u00fcn bu h\u0259ngam\u0259 yanl\u0131z o bir n\u0259f\u0259ri g\u00f6z\u0259 soxmaq \u00fc\u00e7\u00fcn idi&#8221;.\n<\/p>\n<figure class=\"wp-block-image size-large\">\n  <img decoding=\"async\" src=\"https:\/\/www.meydan.tv\/az\/24791\/\" alt=\"\" class=\"wp-image-24791\"\/><figcaption><\/figcaption><\/figure>\n<p>\n  V\u0259kil bildirib ki, D\u00f6vl\u0259t Komissiyas\u0131 t\u0259qsirkarlar\u0131 ortaya \u00e7\u0131xarmaq \u00fc\u00e7\u00fcn yarad\u0131lm\u0131r. Bu \u0259m\u0259liyyat-istintaq f\u0259aliyy\u0259tini v\u0259 \u0259dal\u0259t m\u00fchakim\u0259sini h\u0259yata ke\u00e7ir\u0259n strukturlar\u0131n i\u015fidir. D\u00f6vl\u0259t komissiyalar\u0131 c\u0259miyy\u0259td\u0259ki, aktual olan problemi, faci\u0259ni do\u011furan idar\u0259\u00e7ilikd\u0259ki sistemli s\u0259b\u0259bl\u0259ri m\u00fc\u0259yy\u0259n etm\u0259k \u00fc\u00e7\u00fcn yarad\u0131l\u0131r. Daha bizd\u0259ki kimi normal \u00f6lk\u0259d\u0259 idar\u0259 ed\u0259nl\u0259r y\u0131\u011f\u0131\u015f\u0131b \u00f6zl\u0259rind\u0259n ibar\u0259t, \u00f6zl\u0259rini yoxlamaq \u00fc\u00e7\u00fcn komissiya yaratm\u0131rlar. Yen\u0259 \u0130lham \u018fliyev bu yamanm\u0131\u015f Konstitusiyan\u0131n 109-cu madd\u0259sinin 32-ci b\u0259ndinin onun \u00fc\u00e7\u00fcn yaratd\u0131\u011f\u0131 seyrangahdan istifad\u0259 edib, Konstitusiyan\u0131n 92, 94 v\u0259 95-ci madd\u0259l\u0259rinin Milli M\u0259clis\u0259, 125-ci madd\u0259sinin m\u0259hk\u0259m\u0259 hakimiyy\u0259tin\u0259 verdiyi s\u0259lahiyy\u0259tl\u0259ri tapdalay\u0131r&#8221;.\n<\/p>\n<p>\n  V\u0259kil qeyd edib ki, D\u00f6vl\u0259t Komissiyas\u0131n\u0131n obyektiv ara\u015fd\u0131rma aparmas\u0131 \u00fc\u00e7\u00fcn z\u0259ruri olan m\u00fcst\u0259qilliyi do\u011fu\u015fdan m\u00f6vcud deyil: &#8220;Bunu art\u0131q g\u00f6rd\u00fck. Zakir Qaralovun K\u0259mal\u0259ddin Heyd\u0259rov y\u00f6n\u0259lik ittihamlar\u0131n\u0131 el\u0259 \u0130lham \u018fliyevin \u00f6z\u00fc t\u0259kzib etdi. H\u0259tta haz\u0131r versiya da verdi istintaqa- &#8220;Sertifikatlar verildikd\u0259n sonra, mallar\u0131n t\u0259rkibi d\u0259yi\u015fdirilib&#8221;.\n<\/p>\n<p>\n  Milli Strateji D\u00fc\u015f\u00fcnc\u0259 M\u0259rk\u0259zinin r\u0259hb\u0259ri \u0130sa Q\u0259mb\u0259r Meydan TV-y\u0259 deyib ki, d\u00f6vl\u0259t ba\u015f\u00e7\u0131s\u0131 \u018fliyev ictimai r\u0259yin ciddi \u015f\u0259kild\u0259 d\u0259yi\u015fdiyini hiss etdiyi \u00fc\u00e7\u00fcn m\u00fc\u0259yy\u0259n add\u0131mlar at\u0131r: &#8220;Bu add\u0131mlar\u0131n reklam v\u0259 imitasiya t\u0259r\u0259fi il\u0259 b\u0259rab\u0259r real t\u0259r\u0259fi d\u0259 ola bil\u0259r. Real t\u0259r\u0259f ictimai fikrin g\u00fcc\u00fcnd\u0259n as\u0131l\u0131d\u0131r. \u0130ctimai fikir, c\u0259miyy\u0259t n\u0259 q\u0259d\u0259r f\u0259al olacaqsa, hakimiyy\u0259t m\u0259s\u0259l\u0259y\u0259 o d\u0259r\u0259c\u0259d\u0259 ciddi yana\u015facaq. \u018fg\u0259r \u0259vv\u0259lki q\u0259zalardan sonra oldu\u011fu kimi c\u0259miyy\u0259t yen\u0259 d\u0259 bir ne\u00e7\u0259 g\u00fcn\u0259 hadis\u0259ni unutma\u011fa \u00fcst\u00fcnl\u00fck vers\u0259, hakimiyy\u0259t faci\u0259d\u0259n he\u00e7 bir n\u0259tic\u0259 \u00e7\u0131xarmayaraq, \u00f6z korrupsiya f\u0259aliyy\u0259tin\u0259 v\u0259 xalqa saymazl\u0131q yana\u015fmas\u0131n\u0131 davam etdir\u0259c\u0259k. Hakimiyy\u0259t b\u00fct\u00fcn xalq\u0131n sars\u0131ld\u0131\u011f\u0131 bu faci\u0259 il\u0259 ba\u011fl\u0131 mat\u0259m elan etmirs\u0259, dem\u0259li, hadis\u0259ni unutdurma\u011fa \u00e7al\u0131\u015facaq&#8221;.\n<\/p>\n<p>\n  \u201cKorrupsiya piramidas\u0131n\u0131n ba\u015f\u0131nda d\u00f6vl\u0259t ba\u015f\u00e7\u0131s\u0131 \u00f6z\u00fc dayan\u0131r\u201d\n<\/p>\n<figure class=\"wp-block-image size-large\">\n  <img decoding=\"async\" src=\"https:\/\/www.meydan.tv\/az\/24794\/\" alt=\"\" class=\"wp-image-24794\"\/><figcaption><\/figcaption><\/figure>\n<p>\n  M\u0259rk\u0259z r\u0259hb\u0259ri &#8220;m\u00fc\u0259yy\u0259n add\u0131mlar dey\u0259nd\u0259, n\u0259l\u0259ri n\u0259z\u0259rd\u0259 tutursunuz&#8221; sual\u0131na bel\u0259 cavab verib: &#8220;Kiml\u0259rins\u0259 c\u0259zaland\u0131r\u0131lmas\u0131 m\u0259s\u0259l\u0259nin bir t\u0259r\u0259fidir. \u00c7\u00fcnki korrupsiya piramidas\u0131n\u0131n ba\u015f\u0131nda kimin dayanmas\u0131 b\u0259llidir. D\u00f6vl\u0259t ba\u015f\u00e7\u0131s\u0131 \u00f6z\u00fc dayan\u0131r, bu b\u0259llidir. Kadrlar\u0131n da m\u00fc\u0259yy\u0259nl\u0259\u015fm\u0259si, hans\u0131 kadr\u0131n hara t\u0259yin olunmas\u0131, hans\u0131 r\u00fc\u015fv\u0259t, korrupsiya \u0259m\u0259lind\u0259 kiml\u0259rin i\u015ftirak ed\u0259 bil\u0259c\u0259yi yuxar\u0131da m\u00fc\u0259yy\u0259nl\u0259\u015fdirilir. Faci\u0259nin g\u00fcnahkarlar\u0131n\u0131n c\u0259zaland\u0131r\u0131lmas\u0131 m\u00fch\u00fcmd\u00fcr, amma, g\u00f6rd\u00fcy\u00fcn\u00fcz kimi, d\u00f6vl\u0259t komissiyas\u0131 \u0259sas\u0259n el\u0259 bu faci\u0259y\u0259 m\u0259suliyy\u0259t da\u015f\u0131yan v\u0259zif\u0259 sahibl\u0259rind\u0259n ibar\u0259tdir. Ona g\u00f6r\u0259 d\u0259 kimins\u0259 c\u0259zaland\u0131r\u0131lmas\u0131 m\u0259s\u0259l\u0259nin formal t\u0259r\u0259fidir. M\u0259s\u0259l\u0259nin mahiyy\u0259ti odur ki, birinci n\u00f6vb\u0259d\u0259 yan\u011f\u0131n\u0131n n\u0259tic\u0259l\u0259ri q\u0131sa m\u00fcdd\u0259td\u0259 aradan qald\u0131r\u0131lmal\u0131d\u0131r. Yax\u0131nlar\u0131n\u0131, \u0259mlak\u0131n\u0131 itirmi\u015f adamlara m\u0259n\u0259vi, maddi, psixoloji d\u0259st\u0259k \u00fc\u00e7\u00fcn adekvat d\u00f6vl\u0259t t\u0259dbirl\u0259ti s\u00f6zd\u0259 yox, \u0259m\u0259ld\u0259 ger\u00e7\u0259kl\u0259\u015fdirilm\u0259lidir. Eyni amanda, bundan sonra yan\u011f\u0131nlar\u0131n, ox\u015far faci\u0259l\u0259rin qar\u015f\u0131s\u0131n\u0131 almaq \u00fc\u00e7\u00fcn konkret add\u0131mlar at\u0131lmal\u0131d\u0131r. Sad\u0259c\u0259, 5-10 binan\u0131n \u00fczl\u00fckl\u0259rinin s\u00f6k\u00fclm\u0259si g\u00f6r\u00fcnt\u00fcd\u00fcr&#8221;.\n<\/p>\n<p>\n  &#8220;D\u00f6vl\u0259tin ba\u015f\u0131nda dayanan adam aldanmaq ist\u0259m\u0259s\u0259, he\u00e7 kim onu aldada bilm\u0259z\u201d\n<\/p>\n<p>\n  Sabiq M\u00fcsavat ba\u015fqan\u0131 hesab edir ki, d\u00f6vl\u0259t, \u00f6lk\u0259 idar\u0259 olunmur: &#8220;\u00d6lk\u0259ni bir qrup r\u00fc\u015fv\u0259txor ancaq \u00f6zl\u0259rinin s\u0259rv\u0259tini art\u0131rmaq namin\u0259 f\u0259aliyy\u0259t g\u00f6st\u0259rm\u0259kl\u0259 idar\u0259 edirl\u0259r. T\u0259bii ki, bu da d\u00f6vl\u0259t idar\u0259\u00e7iliyi deyil. Ona g\u00f6r\u0259 d\u0259 faci\u0259d\u0259n sonra c\u0259miyy\u0259tin haql\u0131 t\u0259l\u0259bl\u0259rini yerin\u0259 yetirm\u0259kl\u0259 yana\u015f\u0131 \u00f6lk\u0259d\u0259 ger\u00e7\u0259k \u015f\u0259kild\u0259 siyasi v\u0259 iqtisadi azadl\u0131qlar realla\u015fmal\u0131d\u0131r. \u018fks t\u0259qdird\u0259, biz bir faci\u0259d\u0259n dig\u0259r faci\u0259y\u0259 do\u011fru ged\u0259c\u0259yik&#8221;.\n<\/p>\n<p>\n  \u0130sa Q\u0259mb\u0259r \u0130lham \u018fliyevin onu aldatmalar\u0131, yalan m\u0259lumatlar verm\u0259l\u0259ri bar\u0259d\u0259 fikirl\u0259rini bel\u0259 \u015f\u0259rh etdi: &#8220;D\u00f6vl\u0259tin ba\u015f\u0131nda dayanan adam aldanmaq ist\u0259m\u0259s\u0259, he\u00e7 kim onu aldada bilm\u0259z. Bu, m\u00fcmk\u00fcn olan \u015fey deyil. \u00c7\u00fcnki d\u00f6vl\u0259tin proses\u0259 n\u0259zar\u0259t etm\u0259k v\u0259 alternativ informasiya almaq kimi o q\u0259d\u0259r geni\u015f imkanlar\u0131 var ki, d\u00f6vl\u0259tin ba\u015f\u0131nda dayanan adam \u00f6z\u00fc ist\u0259m\u0259s\u0259, onu he\u00e7 kim aldada bilm\u0259z&#8221;.\n<\/p>\n<p>\n  \u201cH\u0259r il b\u00fcdc\u0259d\u0259 bu fasadd\u0259yi\u015fm\u0259 i\u015fl\u0259rin\u0259 180-220 milyon manat pul ayr\u0131l\u0131rm\u0131\u015f\u201d\n<\/p>\n<p>\n  Komissiyan\u0131n toplant\u0131s\u0131 bar\u0259d\u0259 \u00f6z Facebook s\u0259hif\u0259sind\u0259 AXCP \u018fli K\u0259rimli yaz\u0131b ki, d\u00f6vl\u0259t s\u0259viyy\u0259sind\u0259 ba\u015f vermi\u015f cinay\u0259tl\u0259ri \u00f6rt-basd\u0131r etm\u0259y\u0259 n\u0259 q\u0259d\u0259r \u00e7al\u0131\u015fsalar da, bir \u00e7ox d\u0259h\u015f\u0259tli h\u0259qiq\u0259tl\u0259r d\u0259 ortaya \u00e7\u0131x\u0131r: &#8220;G\u00f6zl\u0259rin daha \u00e7ox zill\u0259ndiyi, suallar\u0131n daha \u00e7ox \u00fcnvanland\u0131\u011f\u0131 f\u00f6vq\u0259lad\u0259 hallar naziri Ilham \u018fliyevin qar\u015f\u0131s\u0131nda a\u00e7\u0131q \u015f\u0259kild\u0259 bildirdi ki, \u201cbu i\u015fl\u0259rin ekspertizas\u0131z v\u0259 FHN-\u0259 m\u00fcraci\u0259t olunmadan apar\u0131lmas\u0131 bar\u0259d\u0259 x\u0259b\u0259rdarl\u0131q edilib\u201d. \u0130ndi h\u0259r k\u0259s \u00f6z\u00fc fikirl\u0259\u015fsin ki, FHN-l\u0259 hesabla\u015fmadan 263 binada bel\u0259 t\u0259mir \u2013 tikinti i\u015fl\u0259rini kim(l\u0259r)\u0259 arxalan\u0131b etm\u0259k olar&#8221;.\n<\/p>\n<figure class=\"wp-block-image size-large\">\n  <img decoding=\"async\" src=\"https:\/\/www.meydan.tv\/az\/24797\/\" alt=\"\" class=\"wp-image-24797\"\/><figcaption><\/figcaption><\/figure>\n<p>\n  AXCP s\u0259dri daha sonra xat\u0131rlad\u0131r: &#8220;\u0130ctimaiyy\u0259t 2013-c\u00fc ild\u0259 Tibb Universitetin\u0259 aid binada, bu ilin aprel ay\u0131nda X\u0259tai rayonundak\u0131 binada tezal\u0131\u015fan \u00f6rt\u00fckl\u0259rl\u0259 \u00fczl\u0259nmi\u015f binalarda yang\u0131n ba\u015f verdiyini xat\u0131rlay\u0131r. Z. Qaralov etiraf edib ki, ilk bel\u0259 hadis\u0259 2012-ci ilin dekabr ay\u0131nda Sumqay\u0131t \u015f\u0259h\u0259rind\u0259, b\u00f6y\u00fck faci\u0259y\u0259 q\u0259d\u0259rki sonuncu yan\u011f\u0131n da bu il aprelin 27-d\u0259 Buzovna q\u0259s\u0259b\u0259sind\u0259 ba\u015f veribmi\u015f. Bel\u0259likl\u0259, 19 may facis\u0259sin\u0259 q\u0259d\u0259r bu tezal\u0131\u015fan \u00fczl\u00fckl\u0259r 4 d\u0259f\u0259 yan\u011f\u0131na s\u0259b\u0259b olub, amma he\u00e7 kim faci\u0259nin qar\u015f\u0131s\u0131n\u0131n al\u0131nmas\u0131na \u00e7al\u0131\u015fmay\u0131b. D\u00f6vl\u0259t bel\u0259mi idar\u0259 olunmal\u0131d\u0131r? M\u0259lum olub ki, \u201cGlobal Construction\u201d \u015firk\u0259ti ad\u0131ndan bu riskli, lakin pullu biznes 2010-cu ild\u0259n ba\u015flan\u0131b. O da m\u0259lum oldu ki, h\u0259r il b\u00fcdc\u0259d\u0259 bu fasadd\u0259yi\u015fm\u0259 i\u015fl\u0259rin\u0259 180-220 milyon manat pul ayr\u0131l\u0131rm\u0131\u015f. 5 ild\u0259 bu fasadd\u0259yi\u015fm\u0259y\u0259 x\u0259rcl\u0259n\u0259n pullar 1milyard manat oldumu? O da ortaya \u00e7\u0131xd\u0131 ki,1 milyard manat d\u00f6vl\u0259t b\u00fcdc\u0259 v\u0259saitl\u0259rinin x\u0259rcl\u0259ndiyi, insanlar\u0131n h\u0259yat\u0131 \u00fc\u00e7\u00fcn t\u0259hl\u00fck\u0259li olan bu t\u0259mir i\u015fl\u0259rinin xeylisini n\u0259inki FHN-in raz\u0131l\u0131\u011f\u0131n\u0131 almadan, h\u0259tta icra hakimiyy\u0259tl\u0259ri il\u0259 r\u0259smi m\u00fcqavil\u0259 ba\u011flamadan h\u0259yata ke\u00e7iribl\u0259r&#8221;.\n<\/p>\n<p>\n  \u018fli K\u0259rimli bildirib ki, ba\u015f ver\u0259nl\u0259r bar\u0259d\u0259 h\u0259r k\u0259s d\u00fc\u015f\u00fcnm\u0259lidir: &#8220;Normal d\u00f6vl\u0259t idar\u0259etm\u0259si, h\u00fcquqa h\u00f6rm\u0259t olan yerd\u0259 bu miqyasl\u0131 hadis\u0259l\u0259r ba\u015f ver\u0259 bil\u0259rmi? D\u00f6vl\u0259t bel\u0259mi olur? Bel\u0259mi olmal\u0131d\u0131r?&#8221;\n<\/p>\n<p>\n  \u201cRamiz Mehdiyevin k\u00fcr\u0259k\u0259ni deputat \u0130lham \u018fliyev &#8220;Global Stone&#8221; \u015firk\u0259tin\u0259 bilavasit\u0259 aidiyyat\u0131 oldu\u011funu etiraf etmi\u015fdi\u201d\n<\/p>\n<p>\n  V\u0259kil Aslan \u0130smay\u0131lov toplant\u0131dan a\u015fa\u011f\u0131dak\u0131 n\u0259tic\u0259l\u0259r\u0259 g\u0259lib: &#8220;\u018fn t\u0259\u0259cc\u00fcbl\u00fcs\u00fc odur ki, s\u0259n dem\u0259, h\u0259l\u0259 2014-c\u00fc ilin fevral\u0131ndan ba\u015flayaraq bu il aprel ay\u0131n\u0131n 10-da ba\u015f ver\u0259n yan\u011f\u0131na q\u0259d\u0259r iki ox\u015far hadis\u0259 &#8211; \u0259vv\u0259l Sumqay\u0131tda, sonra is\u0259 Buzovna q\u0259s\u0259b\u0259sind\u0259 ba\u015f vermi\u015f v\u0259 bu barad\u0259 Ba\u015f Prokuror Zakir Qaralovun x\u0259b\u0259ri olub. \u00c7\u0131x\u0131\u015f\u0131nda bunu dey\u0259n Ba\u015f Prokuror n\u0259 \u00fc\u00e7\u00fcn bir t\u0259dbir g\u00f6rm\u0259diyini is\u0259 a\u00e7\u0131qlamad\u0131. Bundan sonra ilk g\u00fcnl\u0259rd\u0259n ba\u015f vermi\u015f faci\u0259d\u0259 ad\u0131 hallanan FH naziri K\u0259mal\u0259ddin Heyd\u0259rov \u00e7\u0131x\u0131\u015f etdi v\u0259\n<\/p>\n<figure class=\"wp-block-image size-large\">\n  <img decoding=\"async\" src=\"https:\/\/www.meydan.tv\/az\/24800\/\" alt=\"\" class=\"wp-image-24800\"\/><figcaption><\/figcaption><\/figure>\n<p>\n  qanunsuzluq oldu\u011funu bildikl\u0259rini v\u0259 m\u00fcvafiq strukturlar\u0131 tikintinin qanunsuz apar\u0131ld\u0131\u011f\u0131 bar\u0259d\u0259 d\u0259f\u0259l\u0259rl\u0259 x\u0259b\u0259rdar etdikl\u0259rini xat\u0131rlatd\u0131. \u00c7\u0131x\u0131\u015f\u00e7\u0131lar\u0131n dem\u0259k olar ki, ham\u0131s\u0131 bildirdi ki, ba\u015f\u0131b\u0259lal\u0131 t\u0259mir-tikinti i\u015fl\u0259ri he\u00e7 bir m\u00fcqavil\u0259 olmadan, qanunsuz, yerli icra ba\u015f\u00e7\u0131lar\u0131n\u0131n xeyir-duas\u0131 il\u0259 apar\u0131l\u0131b. \u00c7ox maraql\u0131 hal al\u0131n\u0131r. \u00d6lk\u0259nin \u0259n n\u00fcfuzlu nazirl\u0259rind\u0259n say\u0131lan FHN-nin ba\u015f\u00e7\u0131s\u0131 K\u0259mal\u0259ddin Heyd\u0259rov prezidentin yan\u0131ndak\u0131 iclasda onlar\u0131n su\u00e7unun olmad\u0131\u011f\u0131n\u0131, qanunda n\u0259z\u0259rd\u0259 tutuldu\u011fu qaydada d\u0259f\u0259l\u0259rl\u0259 m\u00fcvafiq x\u0259b\u0259rdarl\u0131qlar etdikl\u0259rini bildirdi. Dem\u0259li, bu i\u015fi g\u00f6r\u0259nl\u0259r onlar\u0131n h\u0259r ikisind\u0259n g\u00fccl\u00fc \u015f\u0259xs olub. N\u0259 \u00fc\u00e7\u00fcn bel\u0259 yaz\u0131ram? \u00c7\u00fcnki ham\u0131 kimi m\u0259n d\u0259 bilir\u0259m ki, \u00f6lk\u0259 qanunlarla deyil, f\u0259rdl\u0259rl\u0259 idar\u0259 olunur. Prezidentin \u00e7\u0131x\u0131\u015f\u0131nda verdikl\u0259ri suallardan, i\u015ftirak\u00e7\u0131lar\u0131n \u00e7\u0131x\u0131\u015f\u0131na reaksiyadan g\u00f6r\u00fcn\u00fcrd\u00fc ki, hadis\u0259nin art\u0131q hakimiyy\u0259t \u00fc\u00e7\u00fcn t\u0259hl\u00fck\u0259 yaratd\u0131\u011f\u0131 ona b\u0259llidir v\u0259 bu hadis\u0259d\u0259 b\u00fct\u00fcn g\u00fcnahkarlar\u0131n a\u015fkar edilm\u0259sind\u0259, c\u0259zaland\u0131r\u0131lmas\u0131nda israrl\u0131d\u0131r. Prezidentd\u0259n sonra is\u0259 Az\u0259rbaycanda ikinci \u015f\u0259xsin Ramiz Mehdiyev oldu\u011fu he\u00e7 kimd\u0259 \u015f\u00fcbh\u0259 do\u011furmur. Ramiz Mehdiyev iclasda i\u015ftirak etmirdi. Bu, ola bilsin onun sa\u011flaml\u0131\u011f\u0131 il\u0259 ba\u011fl\u0131d\u0131r. H\u0259r\u00e7\u0259nd ki, akademikin bu g\u00fcnl\u0259rd\u0259 i\u015f ba\u015f\u0131nda oldu\u011funu TV-l\u0259r n\u00fcmayi\u015f etdirmi\u015fdil\u0259r. Bundan \u0259lav\u0259, &#8220;Haqq\u0131n.az&#8221; sayt\u0131n\u0131n Ramiz Mehdiyevin k\u00fcr\u0259k\u0259ni, Milli M\u0259clisin deputat\u0131 \u0130lham \u018fliyev\u0259 verdiyi sualda o, d\u00fcn\u0259n r\u0259hb\u0259ri h\u0259bs olunmu\u015f &#8220;Global Stone&#8221; \u015firk\u0259tin\u0259 bilavasit\u0259 aidiyyat\u0131 oldu\u011funu etiraf etmi\u015fdi. H\u0259r\u00e7\u0259nd ki, bir ne\u00e7\u0259 d\u0259qiq\u0259 bundan \u0259vv\u0259l h\u0259min m\u0259lumat saytdan \u00e7\u0131xar\u0131ld\u0131. Bundan ba\u015fqa, bu g\u00fcn\u0259 q\u0259d\u0259r s\u0259sini e\u015fitm\u0259diyimiz deputat \u0130lham \u018fliyev bu g\u00fcn \u00e7\u0131x\u0131\u015f etdi v\u0259 ba\u015f vermi\u015f hadis\u0259ni dolay\u0131s\u0131 il\u0259 t\u0259xribat adland\u0131rd\u0131. N\u0259z\u0259r\u0259 alsaq ki, metallurgiya sah\u0259si Ramiz Mehdiyevin o\u011flunun dostu olan Rasim M\u0259mm\u0259dovun inhisar\u0131ndad\u0131r, bu t\u0259mirl\u0259rd\u0259 d\u0259y\u0259ri he\u00e7 d\u0259 \u00fczl\u00fck materiallar\u0131ndan az olmayan metal m\u0259mulatlardan istifad\u0259 edilmi\u015fdir, m\u0259ntiqi sonuc \u00f6z yerini tutur&#8221;.\n<\/p>\n<p>\n  \u201cSon d\u00f6vrl\u0259r regionda Rusiyan\u0131n g\u00fccl\u0259nm\u0259si h\u0259min \u015f\u0259xsl\u0259ri konkret adlar\u0131 \u00e7\u0259km\u0259kd\u0259n \u00e7\u0259kindirir&#8221;\n<\/p>\n<p>\n  &#8220;Prezident \u00e7\u0131x\u0131\u015f\u0131nda bir ne\u00e7\u0259 d\u0259f\u0259 v\u0259zif\u0259li \u015f\u0259xsl\u0259rin qohumlar\u0131n\u0131n \u00f6z imkanlar\u0131ndan sui istifad\u0259 etm\u0259l\u0259rini x\u00fcsusil\u0259 vur\u011fulad\u0131\u011f\u0131n\u0131, rayon icra hakimiyy\u0259ti ba\u015f\u00e7\u0131lar\u0131n\u0131n faktiki olaraq Ramiz Mehdiyevd\u0259n ba\u015fqa he\u00e7 kiml\u0259 hesabla\u015fmamalar\u0131n\u0131, K\u0259mal\u0259ddin Heyd\u0259rovun, Zakir Qaralovun prezidentin yan\u0131nda g\u00fccs\u00fczl\u00fckl\u0259rini etiraf etm\u0259si Ramiz Mehdiyevin k\u00fcr\u0259k\u0259ni, deputat \u0130lham \u018fliyevin bu t\u0259mirl\u0259rl\u0259 birba\u015fa ba\u011fl\u0131l\u0131\u011f\u0131n\u0131 g\u00f6st\u0259rir. \u018fg\u0259r bu c\u00fcr olmasayd\u0131, insanlar\u0131n evl\u0259rinin i\u00e7ind\u0259ki t\u0259mirl\u0259r\u0259 d\u0259 burnunu soxan m\u00fcvafiq strukturlar ham\u0131n\u0131n g\u00f6z\u00fc qar\u015f\u0131s\u0131nda y\u00fcz milyonlar\u0131n yeyildiyi qanunsuz tikilil\u0259r\u0259 he\u00e7 vaxt g\u00f6z yummazd\u0131lar. M\u0259n h\u0259l\u0259 apar\u0131lan i\u015fl\u0259rin t\u0259hl\u00fck\u0259liliyini demir\u0259m. Ba\u015fqa m\u0259s\u0259l\u0259 is\u0259 m\u0259suliyy\u0259tli \u015f\u0259xsl\u0259r d\u0259 azdan-\u00e7oxdan bu yem yerind\u0259n \u00f6z paylar\u0131n\u0131 al\u0131blar. Z\u0259nn edir\u0259m ki, bu faci\u0259y\u0259y\u0259 s\u0259b\u0259b olmu\u015f t\u0259mir-tikinti i\u015fl\u0259rinin arxas\u0131nda kiml\u0259rin durdu\u011fu D\u00f6vl\u0259t Komissiyas\u0131n\u0131n iclas\u0131nda i\u015ftirak ed\u0259nl\u0259r\u0259 m\u0259nd\u0259n d\u0259 yax\u015f\u0131 b\u0259llidir. Sad\u0259c\u0259, son d\u00f6vrl\u0259r regionda Rusiyan\u0131n g\u00fccl\u0259nm\u0259si h\u0259min \u015f\u0259xsl\u0259ri konkret adlar\u0131 \u00e7\u0259km\u0259kd\u0259n \u00e7\u0259kindirir&#8221;,-dey\u0259 Aslan \u0130smay\u0131lov fikrini bitirib.<\/p>\n","protected":false},"excerpt":{"rendered":"<p>\u201cBu komissiya il\u0259 \u0130lham \u018fliyev xalq\u0131n g\u00f6z\u00fcn\u0259 k\u00fcl \u00fcf\u00fcr\u00fcr, yanm\u0131\u015f binadan qalm\u0131\u015f k\u00fcl\u201d<\/p>\n","protected":false},"author":11,"featured_media":24785,"comment_status":"closed","ping_status":"open","sticky":false,"template":"","format":"standard","meta":{"_acf_changed":false,"_sitemap_exclude":false,"_sitemap_priority":"","_sitemap_frequency":"","footnotes":""},"categories":[56],"tags":[],"class_list":["post-168025","post","type-post","status-publish","format-standard","has-post-thumbnail","hentry","category-xeberler","infinite-scroll-item","generate-columns","tablet-grid-50","mobile-grid-100","grid-parent","grid-33","no-featured-image-padding"],"acf":[],"yoast_head":"<!-- This site is optimized with the Yoast SEO plugin v28.4 - https:\/\/yoast.com\/product\/yoast-seo-wordpress\/ -->\n<title>&#039;&#039;\u00d6lk\u0259 qanunlarla deyil, f\u0259rdl\u0259rl\u0259 idar\u0259 olunur&#039;&#039; - MEYDAN.TV<\/title>\n<meta name=\"robots\" content=\"index, follow, max-snippet:-1, max-image-preview:large, max-video-preview:-1\" \/>\n<link rel=\"canonical\" href=\"https:\/\/www.meydan.tv\/az\/article\/olke-qanunlarla-deyil-ferdlerle-idare-olunur\/\" \/>\n<meta property=\"og:locale\" content=\"az_AZ\" \/>\n<meta property=\"og:type\" content=\"article\" \/>\n<meta property=\"og:title\" content=\"&#039;&#039;\u00d6lk\u0259 qanunlarla deyil, f\u0259rdl\u0259rl\u0259 idar\u0259 olunur&#039;&#039; - MEYDAN.TV\" \/>\n<meta property=\"og:description\" content=\"\u201cBu komissiya il\u0259 \u0130lham \u018fliyev xalq\u0131n g\u00f6z\u00fcn\u0259 k\u00fcl \u00fcf\u00fcr\u00fcr, yanm\u0131\u015f binadan qalm\u0131\u015f k\u00fcl\u201d\" \/>\n<meta property=\"og:url\" content=\"https:\/\/www.meydan.tv\/az\/article\/olke-qanunlarla-deyil-ferdlerle-idare-olunur\/\" \/>\n<meta property=\"og:site_name\" content=\"MEYDAN.TV\" \/>\n<meta property=\"article:published_time\" content=\"2015-05-22T03:28:49+00:00\" \/>\n<meta property=\"og:image\" content=\"https:\/\/www.meydan.tv\/wp-content\/uploads\/9109.jpg\" \/>\n\t<meta property=\"og:image:width\" content=\"600\" \/>\n\t<meta property=\"og:image:height\" content=\"333\" \/>\n\t<meta property=\"og:image:type\" content=\"image\/jpeg\" \/>\n<meta name=\"twitter:card\" content=\"summary_large_image\" \/>\n<!-- \/ Yoast SEO plugin. -->","yoast_head_json":{"title":"''\u00d6lk\u0259 qanunlarla deyil, f\u0259rdl\u0259rl\u0259 idar\u0259 olunur'' - MEYDAN.TV","robots":{"index":"index","follow":"follow","max-snippet":"max-snippet:-1","max-image-preview":"max-image-preview:large","max-video-preview":"max-video-preview:-1"},"canonical":"https:\/\/www.meydan.tv\/az\/article\/olke-qanunlarla-deyil-ferdlerle-idare-olunur\/","og_locale":"az_AZ","og_type":"article","og_title":"''\u00d6lk\u0259 qanunlarla deyil, f\u0259rdl\u0259rl\u0259 idar\u0259 olunur'' - MEYDAN.TV","og_description":"\u201cBu komissiya il\u0259 \u0130lham \u018fliyev xalq\u0131n g\u00f6z\u00fcn\u0259 k\u00fcl \u00fcf\u00fcr\u00fcr, yanm\u0131\u015f binadan qalm\u0131\u015f k\u00fcl\u201d","og_url":"https:\/\/www.meydan.tv\/az\/article\/olke-qanunlarla-deyil-ferdlerle-idare-olunur\/","og_site_name":"MEYDAN.TV","article_published_time":"2015-05-22T03:28:49+00:00","og_image":[{"width":600,"height":333,"url":"https:\/\/www.meydan.tv\/wp-content\/uploads\/9109.jpg","type":"image\/jpeg"}],"twitter_card":"summary_large_image","schema":{"@context":"https:\/\/schema.org","@graph":[{"@type":"Article","@id":"https:\/\/www.meydan.tv\/az\/article\/olke-qanunlarla-deyil-ferdlerle-idare-olunur\/#article","isPartOf":{"@id":"https:\/\/www.meydan.tv\/az\/article\/olke-qanunlarla-deyil-ferdlerle-idare-olunur\/"},"author":{"name":"user-manager","@id":"https:\/\/www.meydan.tv\/az\/#\/schema\/person\/10d11eccf6da3662cf5fdab9806ea91a"},"headline":"&#8221;\u00d6lk\u0259 qanunlarla deyil, f\u0259rdl\u0259rl\u0259 idar\u0259 olunur&#8221;","datePublished":"2015-05-22T03:28:49+00:00","mainEntityOfPage":{"@id":"https:\/\/www.meydan.tv\/az\/article\/olke-qanunlarla-deyil-ferdlerle-idare-olunur\/"},"wordCount":2916,"publisher":{"@id":"https:\/\/www.meydan.tv\/az\/#organization"},"image":{"@id":"https:\/\/www.meydan.tv\/az\/article\/olke-qanunlarla-deyil-ferdlerle-idare-olunur\/#primaryimage"},"thumbnailUrl":"https:\/\/www.meydan.tv\/wp-content\/uploads\/9109.jpg","articleSection":["X\u0259b\u0259rl\u0259r"],"inLanguage":"az"},{"@type":"WebPage","@id":"https:\/\/www.meydan.tv\/az\/article\/olke-qanunlarla-deyil-ferdlerle-idare-olunur\/","url":"https:\/\/www.meydan.tv\/az\/article\/olke-qanunlarla-deyil-ferdlerle-idare-olunur\/","name":"''\u00d6lk\u0259 qanunlarla deyil, f\u0259rdl\u0259rl\u0259 idar\u0259 olunur'' - MEYDAN.TV","isPartOf":{"@id":"https:\/\/www.meydan.tv\/az\/#website"},"primaryImageOfPage":{"@id":"https:\/\/www.meydan.tv\/az\/article\/olke-qanunlarla-deyil-ferdlerle-idare-olunur\/#primaryimage"},"image":{"@id":"https:\/\/www.meydan.tv\/az\/article\/olke-qanunlarla-deyil-ferdlerle-idare-olunur\/#primaryimage"},"thumbnailUrl":"https:\/\/www.meydan.tv\/wp-content\/uploads\/9109.jpg","datePublished":"2015-05-22T03:28:49+00:00","breadcrumb":{"@id":"https:\/\/www.meydan.tv\/az\/article\/olke-qanunlarla-deyil-ferdlerle-idare-olunur\/#breadcrumb"},"inLanguage":"az","potentialAction":[{"@type":"ReadAction","target":["https:\/\/www.meydan.tv\/az\/article\/olke-qanunlarla-deyil-ferdlerle-idare-olunur\/"]}]},{"@type":"ImageObject","inLanguage":"az","@id":"https:\/\/www.meydan.tv\/az\/article\/olke-qanunlarla-deyil-ferdlerle-idare-olunur\/#primaryimage","url":"https:\/\/www.meydan.tv\/wp-content\/uploads\/9109.jpg","contentUrl":"https:\/\/www.meydan.tv\/wp-content\/uploads\/9109.jpg","width":600,"height":333,"caption":"Source:"},{"@type":"BreadcrumbList","@id":"https:\/\/www.meydan.tv\/az\/article\/olke-qanunlarla-deyil-ferdlerle-idare-olunur\/#breadcrumb","itemListElement":[{"@type":"ListItem","position":1,"name":"Ana s\u0259hif\u0259","item":"https:\/\/www.meydan.tv\/az\/"},{"@type":"ListItem","position":2,"name":"X\u0259b\u0259rl\u0259r","item":"https:\/\/www.meydan.tv\/az\/section\/xeberler\/"},{"@type":"ListItem","position":3,"name":"&#8221;\u00d6lk\u0259 qanunlarla deyil, f\u0259rdl\u0259rl\u0259 idar\u0259 olunur&#8221;"}]},{"@type":"WebSite","@id":"https:\/\/www.meydan.tv\/az\/#website","url":"https:\/\/www.meydan.tv\/az\/","name":"MEYDAN.TV","description":"Meydan TV Az\u0259rbaycan\u0131n media m\u0259kan\u0131ndak\u0131 alternativ s\u0259sidir","publisher":{"@id":"https:\/\/www.meydan.tv\/az\/#organization"},"potentialAction":[{"@type":"SearchAction","target":{"@type":"EntryPoint","urlTemplate":"https:\/\/www.meydan.tv\/az\/?s={search_term_string}"},"query-input":{"@type":"PropertyValueSpecification","valueRequired":true,"valueName":"search_term_string"}}],"inLanguage":"az"},{"@type":"Organization","@id":"https:\/\/www.meydan.tv\/az\/#organization","name":"Meydan TV","url":"https:\/\/www.meydan.tv\/az\/","logo":{"@type":"ImageObject","inLanguage":"az","@id":"https:\/\/www.meydan.tv\/az\/#\/schema\/logo\/image\/","url":"https:\/\/www.meydan.tv\/wp-content\/uploads\/2021\/07\/meydan-logo.svg","contentUrl":"https:\/\/www.meydan.tv\/wp-content\/uploads\/2021\/07\/meydan-logo.svg","width":195,"height":46,"caption":"Meydan TV"},"image":{"@id":"https:\/\/www.meydan.tv\/az\/#\/schema\/logo\/image\/"}},{"@type":"Person","@id":"https:\/\/www.meydan.tv\/az\/#\/schema\/person\/10d11eccf6da3662cf5fdab9806ea91a","name":"user-manager"}]}},"_links":{"self":[{"href":"https:\/\/www.meydan.tv\/az\/wp-json\/wp\/v2\/posts\/168025","targetHints":{"allow":["GET"]}}],"collection":[{"href":"https:\/\/www.meydan.tv\/az\/wp-json\/wp\/v2\/posts"}],"about":[{"href":"https:\/\/www.meydan.tv\/az\/wp-json\/wp\/v2\/types\/post"}],"author":[{"embeddable":true,"href":"https:\/\/www.meydan.tv\/az\/wp-json\/wp\/v2\/users\/11"}],"replies":[{"embeddable":true,"href":"https:\/\/www.meydan.tv\/az\/wp-json\/wp\/v2\/comments?post=168025"}],"version-history":[{"count":0,"href":"https:\/\/www.meydan.tv\/az\/wp-json\/wp\/v2\/posts\/168025\/revisions"}],"wp:featuredmedia":[{"embeddable":true,"href":"https:\/\/www.meydan.tv\/az\/wp-json\/wp\/v2\/media\/24785"}],"wp:attachment":[{"href":"https:\/\/www.meydan.tv\/az\/wp-json\/wp\/v2\/media?parent=168025"}],"wp:term":[{"taxonomy":"category","embeddable":true,"href":"https:\/\/www.meydan.tv\/az\/wp-json\/wp\/v2\/categories?post=168025"},{"taxonomy":"post_tag","embeddable":true,"href":"https:\/\/www.meydan.tv\/az\/wp-json\/wp\/v2\/tags?post=168025"}],"curies":[{"name":"wp","href":"https:\/\/api.w.org\/{rel}","templated":true}]}}