{"id":168022,"date":"2015-05-22T01:12:51","date_gmt":"2015-05-22T01:12:51","guid":{"rendered":"https:\/\/www.meydan.tv\/article\/gomruk-iscisinin-evinden-kulli-miqdarda-qizil-ve-pul-aparildi-yenilenib\/"},"modified":"2015-05-22T01:12:51","modified_gmt":"2015-05-22T01:12:51","slug":"gomruk-iscisinin-evinden-kulli-miqdarda-qizil-ve-pul-aparildi-yenilenib","status":"publish","type":"post","link":"https:\/\/www.meydan.tv\/az\/article\/gomruk-iscisinin-evinden-kulli-miqdarda-qizil-ve-pul-aparildi-yenilenib\/","title":{"rendered":"G\u00f6mr\u00fck i\u015f\u00e7isinin evind\u0259n k\u00fclli miqdarda q\u0131z\u0131l v\u0259 pul apar\u0131ld\u0131 (yenil\u0259nib)"},"content":{"rendered":"<figure class=\"wp-block-image size-large\">\n  <img decoding=\"async\" src=\"https:\/\/www.meydan.tv\/az\/24963\/\" alt=\"\" class=\"wp-image-24963\"\/><figcaption><\/figcaption><\/figure>\n<figure class=\"wp-block-image size-large\">\n  <img decoding=\"async\" src=\"https:\/\/www.meydan.tv\/az\/24963\/\" alt=\"\" class=\"wp-image-24963\"\/><figcaption><\/figcaption><\/figure>\n<p>\n  <i><br \/>\n    Meydan TV olayla \u0259laq\u0259dar Cilovdarl\u0131 k\u0259ndinin sah\u0259 polisi \u0130kram H\u00fcmb\u0259tovla \u0259laq\u0259 saxlay\u0131b. \u0130kram H\u00fcmb\u0259tov bildirib ki, o, bu bar\u0259d\u0259 he\u00e7 n\u0259 dey\u0259 bilm\u0259z. Rayon Polis \u015e\u00f6b\u0259si il\u0259 \u0259<br \/>\n  <\/i><br \/>\n  <i><br \/>\n    laq\u0259 saxlay\u0131n.<br \/>\n  <\/i>\n<\/p>\n<p>\n  <i><br \/>\n    \u00d6z\u00fcn\u00fc Tovuz Rayon Polis \u015e\u00f6b\u0259sinin r\u0259isinin k\u00f6m\u0259k\u00e7isi kimi t\u0259qdim ed\u0259n H\u00fcseynov Meydan TV-y\u0259 deyib ki, hadis\u0259 il\u0259 \u0259laq\u0259dar ara\u015fd\u0131rma apar\u0131ld\u0131\u011f\u0131ndan m\u0259lumat ver\u0259 bilm\u0259zl\u0259r: &#8220;Yax\u015f\u0131s\u0131 budur, g\u0259lin Tovuz rayonuna v\u0259 suallar\u0131n\u0131z\u0131 burda verin&#8221;.<br \/>\n  <\/i>\n<\/p>\n<p>\n  <i><\/i>\n<\/p>\n<p>\n  <i><br \/>\n    P\u0259rviz R\u0259himov olay\u0131n ictimail\u0259\u015fm\u0259sinin \u0259leyhin\u0259 olub v\u0259 hadis\u0259nin qapal\u0131 qaydada ara\u015fd\u0131r\u0131lmas\u0131n\u0131 ist\u0259yib<br \/>\n  <\/i>\n<\/p>\n<p>\n  May\u0131n 21-d\u0259 s\u0259h\u0259r\u0259 yax\u0131n Tovuz rayonunun Cilovdarl\u0131 k\u0259ndinin sakini, Qazax rayon g\u00f6mr\u00fcy\u00fcn\u00fcn i\u015f\u00e7isi P\u0259rviz R\u0259himovun evin\u0259 4 maskal\u0131 evin\u0259 gir\u0259r\u0259k k\u00fcll\u00fc miqdarda q\u0131z\u0131l v\u0259 pul apar\u0131blar.\n<\/p>\n<p>\n  Bu bar\u0259d\u0259 Meydan TV-ni m\u0259lumatland\u0131ran m\u0259nb\u0259 bildirib ki, Rusiya prezidenti Vladimir Putinin dostu say\u0131lan \u0130lham R\u0259himovun \u0259misi o\u011flu P\u0259rviz R\u0259himov Q\u0259rb zonas\u0131n\u0131n oliqarxlar\u0131ndan hesab olunur.\n<\/p>\n<p>\n  M\u0259nb\u0259 bildirib ki, P\u0259rviz R\u0259himov olay\u0131n ictimail\u0259\u015fm\u0259sinin \u0259leyhin\u0259 olub v\u0259 hadis\u0259nin qapal\u0131 qaydada ara\u015fd\u0131r\u0131lmas\u0131n\u0131 ist\u0259yib.\n<\/p>\n<p>\n  Meydan TV olay\u0131 diqq\u0259td\u0259 saxlama\u011fa \u00e7al\u0131\u015facaq.\n<\/p><\/p>\n","protected":false},"excerpt":{"rendered":"<p>P\u0259rviz R\u0259himov olay\u0131n ictimail\u0259\u015fm\u0259sinin \u0259leyhin\u0259 olub v\u0259 hadis\u0259nin qapal\u0131 qaydada ara\u015fd\u0131r\u0131lmas\u0131n\u0131 ist\u0259yib<\/p>\n","protected":false},"author":11,"featured_media":24963,"comment_status":"closed","ping_status":"open","sticky":false,"template":"","format":"standard","meta":{"_acf_changed":false,"_sitemap_exclude":false,"_sitemap_priority":"","_sitemap_frequency":"","footnotes":""},"categories":[56],"tags":[],"class_list":["post-168022","post","type-post","status-publish","format-standard","has-post-thumbnail","hentry","category-xeberler","infinite-scroll-item","generate-columns","tablet-grid-50","mobile-grid-100","grid-parent","grid-33","no-featured-image-padding"],"acf":[],"yoast_head":"<!-- This site is optimized with the Yoast SEO plugin v28.4 - https:\/\/yoast.com\/product\/yoast-seo-wordpress\/ -->\n<title>G\u00f6mr\u00fck i\u015f\u00e7isinin evind\u0259n k\u00fclli miqdarda q\u0131z\u0131l v\u0259 pul apar\u0131ld\u0131 (yenil\u0259nib) - MEYDAN.TV<\/title>\n<meta name=\"robots\" content=\"index, follow, max-snippet:-1, max-image-preview:large, max-video-preview:-1\" \/>\n<link rel=\"canonical\" href=\"https:\/\/www.meydan.tv\/az\/article\/gomruk-iscisinin-evinden-kulli-miqdarda-qizil-ve-pul-aparildi-yenilenib\/\" \/>\n<meta property=\"og:locale\" content=\"az_AZ\" \/>\n<meta property=\"og:type\" content=\"article\" \/>\n<meta property=\"og:title\" content=\"G\u00f6mr\u00fck i\u015f\u00e7isinin evind\u0259n k\u00fclli miqdarda q\u0131z\u0131l v\u0259 pul apar\u0131ld\u0131 (yenil\u0259nib) - MEYDAN.TV\" \/>\n<meta property=\"og:description\" content=\"P\u0259rviz R\u0259himov olay\u0131n ictimail\u0259\u015fm\u0259sinin \u0259leyhin\u0259 olub v\u0259 hadis\u0259nin qapal\u0131 qaydada ara\u015fd\u0131r\u0131lmas\u0131n\u0131 ist\u0259yib\" \/>\n<meta property=\"og:url\" content=\"https:\/\/www.meydan.tv\/az\/article\/gomruk-iscisinin-evinden-kulli-miqdarda-qizil-ve-pul-aparildi-yenilenib\/\" \/>\n<meta property=\"og:site_name\" content=\"MEYDAN.TV\" \/>\n<meta property=\"article:published_time\" content=\"2015-05-22T01:12:51+00:00\" \/>\n<meta property=\"og:image\" content=\"https:\/\/www.meydan.tv\/wp-content\/uploads\/9106.jpg\" \/>\n\t<meta property=\"og:image:width\" content=\"424\" \/>\n\t<meta property=\"og:image:height\" content=\"262\" \/>\n\t<meta property=\"og:image:type\" content=\"image\/jpeg\" \/>\n<meta name=\"twitter:card\" content=\"summary_large_image\" \/>\n<!-- \/ Yoast SEO plugin. -->","yoast_head_json":{"title":"G\u00f6mr\u00fck i\u015f\u00e7isinin evind\u0259n k\u00fclli miqdarda q\u0131z\u0131l v\u0259 pul apar\u0131ld\u0131 (yenil\u0259nib) - MEYDAN.TV","robots":{"index":"index","follow":"follow","max-snippet":"max-snippet:-1","max-image-preview":"max-image-preview:large","max-video-preview":"max-video-preview:-1"},"canonical":"https:\/\/www.meydan.tv\/az\/article\/gomruk-iscisinin-evinden-kulli-miqdarda-qizil-ve-pul-aparildi-yenilenib\/","og_locale":"az_AZ","og_type":"article","og_title":"G\u00f6mr\u00fck i\u015f\u00e7isinin evind\u0259n k\u00fclli miqdarda q\u0131z\u0131l v\u0259 pul apar\u0131ld\u0131 (yenil\u0259nib) - MEYDAN.TV","og_description":"P\u0259rviz R\u0259himov olay\u0131n ictimail\u0259\u015fm\u0259sinin \u0259leyhin\u0259 olub v\u0259 hadis\u0259nin qapal\u0131 qaydada ara\u015fd\u0131r\u0131lmas\u0131n\u0131 ist\u0259yib","og_url":"https:\/\/www.meydan.tv\/az\/article\/gomruk-iscisinin-evinden-kulli-miqdarda-qizil-ve-pul-aparildi-yenilenib\/","og_site_name":"MEYDAN.TV","article_published_time":"2015-05-22T01:12:51+00:00","og_image":[{"width":424,"height":262,"url":"https:\/\/www.meydan.tv\/wp-content\/uploads\/9106.jpg","type":"image\/jpeg"}],"twitter_card":"summary_large_image","schema":{"@context":"https:\/\/schema.org","@graph":[{"@type":"Article","@id":"https:\/\/www.meydan.tv\/az\/article\/gomruk-iscisinin-evinden-kulli-miqdarda-qizil-ve-pul-aparildi-yenilenib\/#article","isPartOf":{"@id":"https:\/\/www.meydan.tv\/az\/article\/gomruk-iscisinin-evinden-kulli-miqdarda-qizil-ve-pul-aparildi-yenilenib\/"},"author":{"name":"user-manager","@id":"https:\/\/www.meydan.tv\/az\/#\/schema\/person\/10d11eccf6da3662cf5fdab9806ea91a"},"headline":"G\u00f6mr\u00fck i\u015f\u00e7isinin evind\u0259n k\u00fclli miqdarda q\u0131z\u0131l v\u0259 pul apar\u0131ld\u0131 (yenil\u0259nib)","datePublished":"2015-05-22T01:12:51+00:00","mainEntityOfPage":{"@id":"https:\/\/www.meydan.tv\/az\/article\/gomruk-iscisinin-evinden-kulli-miqdarda-qizil-ve-pul-aparildi-yenilenib\/"},"wordCount":252,"publisher":{"@id":"https:\/\/www.meydan.tv\/az\/#organization"},"image":{"@id":"https:\/\/www.meydan.tv\/az\/article\/gomruk-iscisinin-evinden-kulli-miqdarda-qizil-ve-pul-aparildi-yenilenib\/#primaryimage"},"thumbnailUrl":"https:\/\/www.meydan.tv\/wp-content\/uploads\/9106.jpg","articleSection":["X\u0259b\u0259rl\u0259r"],"inLanguage":"az"},{"@type":"WebPage","@id":"https:\/\/www.meydan.tv\/az\/article\/gomruk-iscisinin-evinden-kulli-miqdarda-qizil-ve-pul-aparildi-yenilenib\/","url":"https:\/\/www.meydan.tv\/az\/article\/gomruk-iscisinin-evinden-kulli-miqdarda-qizil-ve-pul-aparildi-yenilenib\/","name":"G\u00f6mr\u00fck i\u015f\u00e7isinin evind\u0259n k\u00fclli miqdarda q\u0131z\u0131l v\u0259 pul apar\u0131ld\u0131 (yenil\u0259nib) - MEYDAN.TV","isPartOf":{"@id":"https:\/\/www.meydan.tv\/az\/#website"},"primaryImageOfPage":{"@id":"https:\/\/www.meydan.tv\/az\/article\/gomruk-iscisinin-evinden-kulli-miqdarda-qizil-ve-pul-aparildi-yenilenib\/#primaryimage"},"image":{"@id":"https:\/\/www.meydan.tv\/az\/article\/gomruk-iscisinin-evinden-kulli-miqdarda-qizil-ve-pul-aparildi-yenilenib\/#primaryimage"},"thumbnailUrl":"https:\/\/www.meydan.tv\/wp-content\/uploads\/9106.jpg","datePublished":"2015-05-22T01:12:51+00:00","breadcrumb":{"@id":"https:\/\/www.meydan.tv\/az\/article\/gomruk-iscisinin-evinden-kulli-miqdarda-qizil-ve-pul-aparildi-yenilenib\/#breadcrumb"},"inLanguage":"az","potentialAction":[{"@type":"ReadAction","target":["https:\/\/www.meydan.tv\/az\/article\/gomruk-iscisinin-evinden-kulli-miqdarda-qizil-ve-pul-aparildi-yenilenib\/"]}]},{"@type":"ImageObject","inLanguage":"az","@id":"https:\/\/www.meydan.tv\/az\/article\/gomruk-iscisinin-evinden-kulli-miqdarda-qizil-ve-pul-aparildi-yenilenib\/#primaryimage","url":"https:\/\/www.meydan.tv\/wp-content\/uploads\/9106.jpg","contentUrl":"https:\/\/www.meydan.tv\/wp-content\/uploads\/9106.jpg","width":424,"height":262,"caption":"Source:"},{"@type":"BreadcrumbList","@id":"https:\/\/www.meydan.tv\/az\/article\/gomruk-iscisinin-evinden-kulli-miqdarda-qizil-ve-pul-aparildi-yenilenib\/#breadcrumb","itemListElement":[{"@type":"ListItem","position":1,"name":"Ana s\u0259hif\u0259","item":"https:\/\/www.meydan.tv\/az\/"},{"@type":"ListItem","position":2,"name":"X\u0259b\u0259rl\u0259r","item":"https:\/\/www.meydan.tv\/az\/section\/xeberler\/"},{"@type":"ListItem","position":3,"name":"G\u00f6mr\u00fck i\u015f\u00e7isinin evind\u0259n k\u00fclli miqdarda q\u0131z\u0131l v\u0259 pul apar\u0131ld\u0131 (yenil\u0259nib)"}]},{"@type":"WebSite","@id":"https:\/\/www.meydan.tv\/az\/#website","url":"https:\/\/www.meydan.tv\/az\/","name":"MEYDAN.TV","description":"Meydan TV Az\u0259rbaycan\u0131n media m\u0259kan\u0131ndak\u0131 alternativ s\u0259sidir","publisher":{"@id":"https:\/\/www.meydan.tv\/az\/#organization"},"potentialAction":[{"@type":"SearchAction","target":{"@type":"EntryPoint","urlTemplate":"https:\/\/www.meydan.tv\/az\/?s={search_term_string}"},"query-input":{"@type":"PropertyValueSpecification","valueRequired":true,"valueName":"search_term_string"}}],"inLanguage":"az"},{"@type":"Organization","@id":"https:\/\/www.meydan.tv\/az\/#organization","name":"Meydan TV","url":"https:\/\/www.meydan.tv\/az\/","logo":{"@type":"ImageObject","inLanguage":"az","@id":"https:\/\/www.meydan.tv\/az\/#\/schema\/logo\/image\/","url":"https:\/\/www.meydan.tv\/wp-content\/uploads\/2021\/07\/meydan-logo.svg","contentUrl":"https:\/\/www.meydan.tv\/wp-content\/uploads\/2021\/07\/meydan-logo.svg","width":195,"height":46,"caption":"Meydan TV"},"image":{"@id":"https:\/\/www.meydan.tv\/az\/#\/schema\/logo\/image\/"}},{"@type":"Person","@id":"https:\/\/www.meydan.tv\/az\/#\/schema\/person\/10d11eccf6da3662cf5fdab9806ea91a","name":"user-manager"}]}},"_links":{"self":[{"href":"https:\/\/www.meydan.tv\/az\/wp-json\/wp\/v2\/posts\/168022","targetHints":{"allow":["GET"]}}],"collection":[{"href":"https:\/\/www.meydan.tv\/az\/wp-json\/wp\/v2\/posts"}],"about":[{"href":"https:\/\/www.meydan.tv\/az\/wp-json\/wp\/v2\/types\/post"}],"author":[{"embeddable":true,"href":"https:\/\/www.meydan.tv\/az\/wp-json\/wp\/v2\/users\/11"}],"replies":[{"embeddable":true,"href":"https:\/\/www.meydan.tv\/az\/wp-json\/wp\/v2\/comments?post=168022"}],"version-history":[{"count":0,"href":"https:\/\/www.meydan.tv\/az\/wp-json\/wp\/v2\/posts\/168022\/revisions"}],"wp:featuredmedia":[{"embeddable":true,"href":"https:\/\/www.meydan.tv\/az\/wp-json\/wp\/v2\/media\/24963"}],"wp:attachment":[{"href":"https:\/\/www.meydan.tv\/az\/wp-json\/wp\/v2\/media?parent=168022"}],"wp:term":[{"taxonomy":"category","embeddable":true,"href":"https:\/\/www.meydan.tv\/az\/wp-json\/wp\/v2\/categories?post=168022"},{"taxonomy":"post_tag","embeddable":true,"href":"https:\/\/www.meydan.tv\/az\/wp-json\/wp\/v2\/tags?post=168022"}],"curies":[{"name":"wp","href":"https:\/\/api.w.org\/{rel}","templated":true}]}}