{"id":168016,"date":"2015-05-21T16:12:25","date_gmt":"2015-05-21T16:12:25","guid":{"rendered":"https:\/\/www.meydan.tv\/article\/hrw-avropa-ittifaqi-azerbaycanda-siyasi-mehbuslarin-azad-edilmesine-cagirmalidir\/"},"modified":"2015-05-21T16:12:25","modified_gmt":"2015-05-21T16:12:25","slug":"hrw-avropa-ittifaqi-azerbaycanda-siyasi-mehbuslarin-azad-edilmesine-cagirmalidir","status":"publish","type":"post","link":"https:\/\/www.meydan.tv\/az\/article\/hrw-avropa-ittifaqi-azerbaycanda-siyasi-mehbuslarin-azad-edilmesine-cagirmalidir\/","title":{"rendered":"HRW: Avropa \u0130ttifaq\u0131 Az\u0259rbaycanda siyasi m\u0259hbuslar\u0131n azad edilm\u0259sin\u0259 \u00e7a\u011f\u0131rmal\u0131d\u0131r"},"content":{"rendered":"<figure class=\"wp-block-image size-large\">\n  <img decoding=\"async\" src=\"https:\/\/www.meydan.tv\/az\/24822\/\" alt=\"\" class=\"wp-image-24822\"\/><figcaption><\/figcaption><\/figure>\n<figure class=\"wp-block-image size-large\">\n  <img decoding=\"async\" src=\"https:\/\/www.meydan.tv\/az\/24822\/\" alt=\"\" class=\"wp-image-24822\"\/><figcaption><\/figcaption><\/figure>\n<p>\n  <i><br \/>\n    \u201cAvropa \u0130ttifaq\u0131 g\u00f6st\u0259rm\u0259lidir ki, hakimiyy\u0259t insan h\u00fcquqlar\u0131 il\u0259 ba\u011fl\u0131 v\u0259ziyy\u0259ti yax\u015f\u0131la\u015fd\u0131rmasa Az\u0259rbaycanla yax\u0131n \u0259m\u0259kda\u015fl\u0131q m\u00fcmk\u00fcn deyil\u201d<br \/>\n  <\/i>\n<\/p>\n<p>\n  Avropal\u0131 liderl\u0259r Az\u0259rbaycan hakimiyy\u0259tini b\u00fct\u00fcn siyasi m\u0259hbuslar\u0131 \u201c\u015f\u0259rtsiz\u201d azad etm\u0259y\u0259 \u00e7a\u011f\u0131rmaq \u00fc\u00e7\u00fcn Riqa sammiti \u00e7\u0259r\u00e7iv\u0259sind\u0259ki g\u00f6r\u00fc\u015f imkanlar\u0131ndan istifad\u0259 etm\u0259lidir. Bu bar\u0259d\u0259 Human Rights Watch h\u00fcquq-m\u00fcdafi\u0259 t\u0259\u015fkilat\u0131n\u0131n m\u0259lumat\u0131nda deyilir.\n<\/p>\n<p>\n  May\u0131n 21-22-d\u0259 Riqada Avropan\u0131n 28 \u00f6lk\u0259sinin n\u00fcmay\u0259nd\u0259si Az\u0259rbaycan X\u0130N r\u0259hb\u0259ri Elmar M\u0259mm\u0259dyarovla g\u00f6r\u00fc\u015f\u0259 bil\u0259c\u0259k. \u201cBu, h\u00f6kum\u0259ti t\u0259nqid ed\u0259nl\u0259rin azadl\u0131\u011fa burax\u0131lmas\u0131 v\u0259 f\u0259allara qar\u015f\u0131 repressiyalara son qoyulmas\u0131 m\u0259s\u0259l\u0259sini qald\u0131rmaq \u00fc\u00e7\u00fcn yax\u015f\u0131 imkand\u0131r\u201d, &#8211; t\u0259\u015fkilat\u0131n n\u00fcmay\u0259nd\u0259si vur\u011fulay\u0131b.\n<\/p>\n<p>\n  \u201cAvropa \u0130ttifaq\u0131 g\u00f6st\u0259rm\u0259lidir ki, hakimiyy\u0259t insan h\u00fcquqlar\u0131 il\u0259 ba\u011fl\u0131 v\u0259ziyy\u0259ti yax\u015f\u0131la\u015fd\u0131rmasa Az\u0259rbaycanla yax\u0131n \u0259m\u0259kda\u015fl\u0131q m\u00fcmk\u00fcn deyil\u201d, &#8211; s\u0259n\u0259dd\u0259 deyilir.\n<\/p>\n<p>\n  Human Rights Watch A\u0130 \u00f6lk\u0259l\u0259ri X\u0130N r\u0259hb\u0259rl\u0259rini Az\u0259rbaycan hakimiyy\u0259tinin \u00f6z v\u0259t\u0259nda\u015flar\u0131n\u0131n h\u00fcquq v\u0259 azadl\u0131qlar\u0131n\u0131 pozmas\u0131na \u201cs\u0259rt kollektiv cavab\u201d verm\u0259li v\u0259 Avropa Oyunlar\u0131 m\u0259rasiml\u0259rind\u0259 i\u015ftirakdan imtina etm\u0259lidir (Turan \u0130A).<\/p>\n","protected":false},"excerpt":{"rendered":"<p>\u201cAvropa \u0130ttifaq\u0131 g\u00f6st\u0259rm\u0259lidir ki, hakimiyy\u0259t insan h\u00fcquqlar\u0131 il\u0259 ba\u011fl\u0131 v\u0259ziyy\u0259ti yax\u015f\u0131la\u015fd\u0131rmasa Az\u0259rbaycanla yax\u0131n \u0259m\u0259kda\u015fl\u0131q m\u00fcmk\u00fcn deyil\u201d<\/p>\n","protected":false},"author":11,"featured_media":24822,"comment_status":"closed","ping_status":"open","sticky":false,"template":"","format":"standard","meta":{"_acf_changed":false,"_sitemap_exclude":false,"_sitemap_priority":"","_sitemap_frequency":"","footnotes":""},"categories":[56],"tags":[],"class_list":["post-168016","post","type-post","status-publish","format-standard","has-post-thumbnail","hentry","category-xeberler","infinite-scroll-item","generate-columns","tablet-grid-50","mobile-grid-100","grid-parent","grid-33","no-featured-image-padding"],"acf":[],"yoast_head":"<!-- This site is optimized with the Yoast SEO plugin v28.4 - https:\/\/yoast.com\/product\/yoast-seo-wordpress\/ -->\n<title>HRW: Avropa \u0130ttifaq\u0131 Az\u0259rbaycanda siyasi m\u0259hbuslar\u0131n azad edilm\u0259sin\u0259 \u00e7a\u011f\u0131rmal\u0131d\u0131r - MEYDAN.TV<\/title>\n<meta name=\"robots\" content=\"index, follow, max-snippet:-1, max-image-preview:large, max-video-preview:-1\" \/>\n<link rel=\"canonical\" href=\"https:\/\/www.meydan.tv\/az\/article\/hrw-avropa-ittifaqi-azerbaycanda-siyasi-mehbuslarin-azad-edilmesine-cagirmalidir\/\" \/>\n<meta property=\"og:locale\" content=\"az_AZ\" \/>\n<meta property=\"og:type\" content=\"article\" \/>\n<meta property=\"og:title\" content=\"HRW: Avropa \u0130ttifaq\u0131 Az\u0259rbaycanda siyasi m\u0259hbuslar\u0131n azad edilm\u0259sin\u0259 \u00e7a\u011f\u0131rmal\u0131d\u0131r - MEYDAN.TV\" \/>\n<meta property=\"og:description\" content=\"\u201cAvropa \u0130ttifaq\u0131 g\u00f6st\u0259rm\u0259lidir ki, hakimiyy\u0259t insan h\u00fcquqlar\u0131 il\u0259 ba\u011fl\u0131 v\u0259ziyy\u0259ti yax\u015f\u0131la\u015fd\u0131rmasa Az\u0259rbaycanla yax\u0131n \u0259m\u0259kda\u015fl\u0131q m\u00fcmk\u00fcn deyil\u201d\" \/>\n<meta property=\"og:url\" content=\"https:\/\/www.meydan.tv\/az\/article\/hrw-avropa-ittifaqi-azerbaycanda-siyasi-mehbuslarin-azad-edilmesine-cagirmalidir\/\" \/>\n<meta property=\"og:site_name\" content=\"MEYDAN.TV\" \/>\n<meta property=\"article:published_time\" content=\"2015-05-21T16:12:25+00:00\" \/>\n<meta property=\"og:image\" content=\"https:\/\/www.meydan.tv\/wp-content\/uploads\/9093.jpg\" \/>\n\t<meta property=\"og:image:width\" content=\"640\" \/>\n\t<meta property=\"og:image:height\" content=\"360\" \/>\n\t<meta property=\"og:image:type\" content=\"image\/jpeg\" \/>\n<meta name=\"twitter:card\" content=\"summary_large_image\" \/>\n<!-- \/ Yoast SEO plugin. -->","yoast_head_json":{"title":"HRW: Avropa \u0130ttifaq\u0131 Az\u0259rbaycanda siyasi m\u0259hbuslar\u0131n azad edilm\u0259sin\u0259 \u00e7a\u011f\u0131rmal\u0131d\u0131r - MEYDAN.TV","robots":{"index":"index","follow":"follow","max-snippet":"max-snippet:-1","max-image-preview":"max-image-preview:large","max-video-preview":"max-video-preview:-1"},"canonical":"https:\/\/www.meydan.tv\/az\/article\/hrw-avropa-ittifaqi-azerbaycanda-siyasi-mehbuslarin-azad-edilmesine-cagirmalidir\/","og_locale":"az_AZ","og_type":"article","og_title":"HRW: Avropa \u0130ttifaq\u0131 Az\u0259rbaycanda siyasi m\u0259hbuslar\u0131n azad edilm\u0259sin\u0259 \u00e7a\u011f\u0131rmal\u0131d\u0131r - MEYDAN.TV","og_description":"\u201cAvropa \u0130ttifaq\u0131 g\u00f6st\u0259rm\u0259lidir ki, hakimiyy\u0259t insan h\u00fcquqlar\u0131 il\u0259 ba\u011fl\u0131 v\u0259ziyy\u0259ti yax\u015f\u0131la\u015fd\u0131rmasa Az\u0259rbaycanla yax\u0131n \u0259m\u0259kda\u015fl\u0131q m\u00fcmk\u00fcn deyil\u201d","og_url":"https:\/\/www.meydan.tv\/az\/article\/hrw-avropa-ittifaqi-azerbaycanda-siyasi-mehbuslarin-azad-edilmesine-cagirmalidir\/","og_site_name":"MEYDAN.TV","article_published_time":"2015-05-21T16:12:25+00:00","og_image":[{"width":640,"height":360,"url":"https:\/\/www.meydan.tv\/wp-content\/uploads\/9093.jpg","type":"image\/jpeg"}],"twitter_card":"summary_large_image","schema":{"@context":"https:\/\/schema.org","@graph":[{"@type":"Article","@id":"https:\/\/www.meydan.tv\/az\/article\/hrw-avropa-ittifaqi-azerbaycanda-siyasi-mehbuslarin-azad-edilmesine-cagirmalidir\/#article","isPartOf":{"@id":"https:\/\/www.meydan.tv\/az\/article\/hrw-avropa-ittifaqi-azerbaycanda-siyasi-mehbuslarin-azad-edilmesine-cagirmalidir\/"},"author":{"name":"user-manager","@id":"https:\/\/www.meydan.tv\/az\/#\/schema\/person\/10d11eccf6da3662cf5fdab9806ea91a"},"headline":"HRW: Avropa \u0130ttifaq\u0131 Az\u0259rbaycanda siyasi m\u0259hbuslar\u0131n azad edilm\u0259sin\u0259 \u00e7a\u011f\u0131rmal\u0131d\u0131r","datePublished":"2015-05-21T16:12:25+00:00","mainEntityOfPage":{"@id":"https:\/\/www.meydan.tv\/az\/article\/hrw-avropa-ittifaqi-azerbaycanda-siyasi-mehbuslarin-azad-edilmesine-cagirmalidir\/"},"wordCount":260,"publisher":{"@id":"https:\/\/www.meydan.tv\/az\/#organization"},"image":{"@id":"https:\/\/www.meydan.tv\/az\/article\/hrw-avropa-ittifaqi-azerbaycanda-siyasi-mehbuslarin-azad-edilmesine-cagirmalidir\/#primaryimage"},"thumbnailUrl":"https:\/\/www.meydan.tv\/wp-content\/uploads\/9093.jpg","articleSection":["X\u0259b\u0259rl\u0259r"],"inLanguage":"az"},{"@type":"WebPage","@id":"https:\/\/www.meydan.tv\/az\/article\/hrw-avropa-ittifaqi-azerbaycanda-siyasi-mehbuslarin-azad-edilmesine-cagirmalidir\/","url":"https:\/\/www.meydan.tv\/az\/article\/hrw-avropa-ittifaqi-azerbaycanda-siyasi-mehbuslarin-azad-edilmesine-cagirmalidir\/","name":"HRW: Avropa \u0130ttifaq\u0131 Az\u0259rbaycanda siyasi m\u0259hbuslar\u0131n azad edilm\u0259sin\u0259 \u00e7a\u011f\u0131rmal\u0131d\u0131r - MEYDAN.TV","isPartOf":{"@id":"https:\/\/www.meydan.tv\/az\/#website"},"primaryImageOfPage":{"@id":"https:\/\/www.meydan.tv\/az\/article\/hrw-avropa-ittifaqi-azerbaycanda-siyasi-mehbuslarin-azad-edilmesine-cagirmalidir\/#primaryimage"},"image":{"@id":"https:\/\/www.meydan.tv\/az\/article\/hrw-avropa-ittifaqi-azerbaycanda-siyasi-mehbuslarin-azad-edilmesine-cagirmalidir\/#primaryimage"},"thumbnailUrl":"https:\/\/www.meydan.tv\/wp-content\/uploads\/9093.jpg","datePublished":"2015-05-21T16:12:25+00:00","breadcrumb":{"@id":"https:\/\/www.meydan.tv\/az\/article\/hrw-avropa-ittifaqi-azerbaycanda-siyasi-mehbuslarin-azad-edilmesine-cagirmalidir\/#breadcrumb"},"inLanguage":"az","potentialAction":[{"@type":"ReadAction","target":["https:\/\/www.meydan.tv\/az\/article\/hrw-avropa-ittifaqi-azerbaycanda-siyasi-mehbuslarin-azad-edilmesine-cagirmalidir\/"]}]},{"@type":"ImageObject","inLanguage":"az","@id":"https:\/\/www.meydan.tv\/az\/article\/hrw-avropa-ittifaqi-azerbaycanda-siyasi-mehbuslarin-azad-edilmesine-cagirmalidir\/#primaryimage","url":"https:\/\/www.meydan.tv\/wp-content\/uploads\/9093.jpg","contentUrl":"https:\/\/www.meydan.tv\/wp-content\/uploads\/9093.jpg","width":640,"height":360,"caption":"Source:"},{"@type":"BreadcrumbList","@id":"https:\/\/www.meydan.tv\/az\/article\/hrw-avropa-ittifaqi-azerbaycanda-siyasi-mehbuslarin-azad-edilmesine-cagirmalidir\/#breadcrumb","itemListElement":[{"@type":"ListItem","position":1,"name":"Ana s\u0259hif\u0259","item":"https:\/\/www.meydan.tv\/az\/"},{"@type":"ListItem","position":2,"name":"X\u0259b\u0259rl\u0259r","item":"https:\/\/www.meydan.tv\/az\/section\/xeberler\/"},{"@type":"ListItem","position":3,"name":"HRW: Avropa \u0130ttifaq\u0131 Az\u0259rbaycanda siyasi m\u0259hbuslar\u0131n azad edilm\u0259sin\u0259 \u00e7a\u011f\u0131rmal\u0131d\u0131r"}]},{"@type":"WebSite","@id":"https:\/\/www.meydan.tv\/az\/#website","url":"https:\/\/www.meydan.tv\/az\/","name":"MEYDAN.TV","description":"Meydan TV Az\u0259rbaycan\u0131n media m\u0259kan\u0131ndak\u0131 alternativ s\u0259sidir","publisher":{"@id":"https:\/\/www.meydan.tv\/az\/#organization"},"potentialAction":[{"@type":"SearchAction","target":{"@type":"EntryPoint","urlTemplate":"https:\/\/www.meydan.tv\/az\/?s={search_term_string}"},"query-input":{"@type":"PropertyValueSpecification","valueRequired":true,"valueName":"search_term_string"}}],"inLanguage":"az"},{"@type":"Organization","@id":"https:\/\/www.meydan.tv\/az\/#organization","name":"Meydan TV","url":"https:\/\/www.meydan.tv\/az\/","logo":{"@type":"ImageObject","inLanguage":"az","@id":"https:\/\/www.meydan.tv\/az\/#\/schema\/logo\/image\/","url":"https:\/\/www.meydan.tv\/wp-content\/uploads\/2021\/07\/meydan-logo.svg","contentUrl":"https:\/\/www.meydan.tv\/wp-content\/uploads\/2021\/07\/meydan-logo.svg","width":195,"height":46,"caption":"Meydan TV"},"image":{"@id":"https:\/\/www.meydan.tv\/az\/#\/schema\/logo\/image\/"}},{"@type":"Person","@id":"https:\/\/www.meydan.tv\/az\/#\/schema\/person\/10d11eccf6da3662cf5fdab9806ea91a","name":"user-manager"}]}},"_links":{"self":[{"href":"https:\/\/www.meydan.tv\/az\/wp-json\/wp\/v2\/posts\/168016","targetHints":{"allow":["GET"]}}],"collection":[{"href":"https:\/\/www.meydan.tv\/az\/wp-json\/wp\/v2\/posts"}],"about":[{"href":"https:\/\/www.meydan.tv\/az\/wp-json\/wp\/v2\/types\/post"}],"author":[{"embeddable":true,"href":"https:\/\/www.meydan.tv\/az\/wp-json\/wp\/v2\/users\/11"}],"replies":[{"embeddable":true,"href":"https:\/\/www.meydan.tv\/az\/wp-json\/wp\/v2\/comments?post=168016"}],"version-history":[{"count":0,"href":"https:\/\/www.meydan.tv\/az\/wp-json\/wp\/v2\/posts\/168016\/revisions"}],"wp:featuredmedia":[{"embeddable":true,"href":"https:\/\/www.meydan.tv\/az\/wp-json\/wp\/v2\/media\/24822"}],"wp:attachment":[{"href":"https:\/\/www.meydan.tv\/az\/wp-json\/wp\/v2\/media?parent=168016"}],"wp:term":[{"taxonomy":"category","embeddable":true,"href":"https:\/\/www.meydan.tv\/az\/wp-json\/wp\/v2\/categories?post=168016"},{"taxonomy":"post_tag","embeddable":true,"href":"https:\/\/www.meydan.tv\/az\/wp-json\/wp\/v2\/tags?post=168016"}],"curies":[{"name":"wp","href":"https:\/\/api.w.org\/{rel}","templated":true}]}}