{"id":168015,"date":"2015-05-21T17:24:24","date_gmt":"2015-05-21T17:24:24","guid":{"rendered":"https:\/\/www.meydan.tv\/article\/azerbaycanda-veziyyet-amerika-daglari-kimidir\/"},"modified":"2015-05-21T17:24:24","modified_gmt":"2015-05-21T17:24:24","slug":"azerbaycanda-veziyyet-amerika-daglari-kimidir","status":"publish","type":"post","link":"https:\/\/www.meydan.tv\/az\/article\/azerbaycanda-veziyyet-amerika-daglari-kimidir\/","title":{"rendered":"&#8220;Az\u0259rbaycanda v\u0259ziyy\u0259t Amerika da\u011flar\u0131 kimidir&#8221;"},"content":{"rendered":"<figure class=\"wp-block-image size-large\">\n  <img decoding=\"async\" src=\"https:\/\/www.meydan.tv\/az\/24936\/\" alt=\"\" class=\"wp-image-24936\"\/><figcaption><\/figcaption><\/figure>\n<figure class=\"wp-block-image size-large\">\n  <img decoding=\"async\" src=\"https:\/\/www.meydan.tv\/az\/24936\/\" alt=\"\" class=\"wp-image-24936\"\/><figcaption><\/figcaption><\/figure>\n<p>\n  <i><br \/>\n    Ales Bialiatski: &#8220;\u018fvv\u0259ll\u0259r Belarus prezidenti Alexander Lukashenko Avropan\u0131n sonuncu diktatoru idi, indi \u0130lham \u018fliyev onu qabaqlay\u0131r&#8221;<br \/>\n  <\/i>\n<\/p>\n<p>\n  Bu a\u00e7\u0131qlaman\u0131 Riqada V\u0259t\u0259nda\u015f C\u0259miyy\u0259ti Forumunda \u00e7\u0131x\u0131\u015f\u0131 zaman\u0131 belaruslu h\u00fcquq m\u00fcdafi\u0259\u00e7isi Ales Bialiatski deyib.\n<\/p>\n<p>\n  A.Bialiatski daha sonra Azadl\u0131q Radiosuna m\u00fcsahib\u0259sind\u0259 deyib ki, Belarusda insan haqlar\u0131 il\u0259 ba\u011fl\u0131 v\u0259ziyy\u0259t sabit olaraq pisdirs\u0259, Az\u0259rbaycanda bu, getdikc\u0259 pisl\u0259\u015fir:\n<\/p>\n<p>\n  &#8220;H\u0259r iki \u00f6lk\u0259d\u0259 insan haqlar\u0131n\u0131n v\u0259ziyy\u0259ti k\u00fctl\u0259vi \u015f\u0259kild\u0259 pozulur, v\u0259t\u0259nda\u015f c\u0259miyy\u0259tin\u0259, jurnalistl\u0259r\u0259 g\u00fccl\u00fc t\u0259zyiq edilir. Bu iki \u00f6lk\u0259 aras\u0131nda paralell\u0259r \u00e7ox ayd\u0131nd\u0131r. Bizd\u0259 v\u0259ziyy\u0259t sabit olaraq pisdir, Az\u0259rbaycanda is\u0259 v\u0259ziyy\u0259t Amerika da\u011flar\u0131 kimidir &#8211; Avropa \u015euras\u0131na daxil olduqdan sonra nisb\u0259t\u0259n yax\u015f\u0131 idi, amma son prezident se\u00e7kisind\u0259n sonra, t\u0259\u0259ss\u00fcf ki, v\u0259ziyy\u0259t k\u0259skin \u015f\u0259kild\u0259 pisl\u0259\u015fdi&#8221;,-dey\u0259 g\u00fcquq m\u00fcdafi\u0259\u00e7isi s\u00f6yl\u0259yib.\n<\/p>\n<p>\n  Bialiatski onu da deyib ki, Q\u0259rb Az\u0259rbaycana ikili standartlar t\u0259tbiq edir- \u0130lham \u018fliyevin Riqa sammitind\u0259 i\u015ftirak etm\u0259k imkan\u0131 olsa da, Lukashenko Avropaya burax\u0131lm\u0131r, onu q\u0259bul etmirl\u0259r:\n<\/p>\n<p>\n  &#8220;Bu, a\u00e7\u0131q siyasi siqnald\u0131r ki, o \u00f6z \u00f6lk\u0259sind\u0259 bel\u0259 davranmamal\u0131d\u0131r v\u0259 Avropa \u00f6lk\u0259sind\u0259 m\u00fcsb\u0259t\u0259 do\u011fru d\u0259yi\u015fiklik ba\u015f verm\u0259lidir&#8221;.<\/p>\n","protected":false},"excerpt":{"rendered":"<p>Ales Bialiatski: &#8220;\u018fvv\u0259ll\u0259r Belarus prezidenti Alexander Lukashenko Avropan\u0131n sonuncu diktatoru idi, indi \u0130lham \u018fliyev onu qabaqlay\u0131r&#8221;<\/p>\n","protected":false},"author":11,"featured_media":24936,"comment_status":"closed","ping_status":"open","sticky":false,"template":"","format":"standard","meta":{"_acf_changed":false,"_sitemap_exclude":false,"_sitemap_priority":"","_sitemap_frequency":"","footnotes":""},"categories":[56],"tags":[],"class_list":["post-168015","post","type-post","status-publish","format-standard","has-post-thumbnail","hentry","category-xeberler","infinite-scroll-item","generate-columns","tablet-grid-50","mobile-grid-100","grid-parent","grid-33","no-featured-image-padding"],"acf":[],"yoast_head":"<!-- This site is optimized with the Yoast SEO plugin v28.4 - https:\/\/yoast.com\/product\/yoast-seo-wordpress\/ -->\n<title>&quot;Az\u0259rbaycanda v\u0259ziyy\u0259t Amerika da\u011flar\u0131 kimidir&quot; - MEYDAN.TV<\/title>\n<meta name=\"robots\" content=\"index, follow, max-snippet:-1, max-image-preview:large, max-video-preview:-1\" \/>\n<link rel=\"canonical\" href=\"https:\/\/www.meydan.tv\/az\/article\/azerbaycanda-veziyyet-amerika-daglari-kimidir\/\" \/>\n<meta property=\"og:locale\" content=\"az_AZ\" \/>\n<meta property=\"og:type\" content=\"article\" \/>\n<meta property=\"og:title\" content=\"&quot;Az\u0259rbaycanda v\u0259ziyy\u0259t Amerika da\u011flar\u0131 kimidir&quot; - MEYDAN.TV\" \/>\n<meta property=\"og:description\" content=\"Ales Bialiatski: &quot;\u018fvv\u0259ll\u0259r Belarus prezidenti Alexander Lukashenko Avropan\u0131n sonuncu diktatoru idi, indi \u0130lham \u018fliyev onu qabaqlay\u0131r&quot;\" \/>\n<meta property=\"og:url\" content=\"https:\/\/www.meydan.tv\/az\/article\/azerbaycanda-veziyyet-amerika-daglari-kimidir\/\" \/>\n<meta property=\"og:site_name\" content=\"MEYDAN.TV\" \/>\n<meta property=\"article:published_time\" content=\"2015-05-21T17:24:24+00:00\" \/>\n<meta property=\"og:image\" content=\"https:\/\/www.meydan.tv\/wp-content\/uploads\/9094.jpg\" \/>\n\t<meta property=\"og:image:width\" content=\"418\" \/>\n\t<meta property=\"og:image:height\" content=\"276\" \/>\n\t<meta property=\"og:image:type\" content=\"image\/jpeg\" \/>\n<meta name=\"twitter:card\" content=\"summary_large_image\" \/>\n<!-- \/ Yoast SEO plugin. -->","yoast_head_json":{"title":"\"Az\u0259rbaycanda v\u0259ziyy\u0259t Amerika da\u011flar\u0131 kimidir\" - MEYDAN.TV","robots":{"index":"index","follow":"follow","max-snippet":"max-snippet:-1","max-image-preview":"max-image-preview:large","max-video-preview":"max-video-preview:-1"},"canonical":"https:\/\/www.meydan.tv\/az\/article\/azerbaycanda-veziyyet-amerika-daglari-kimidir\/","og_locale":"az_AZ","og_type":"article","og_title":"\"Az\u0259rbaycanda v\u0259ziyy\u0259t Amerika da\u011flar\u0131 kimidir\" - MEYDAN.TV","og_description":"Ales Bialiatski: \"\u018fvv\u0259ll\u0259r Belarus prezidenti Alexander Lukashenko Avropan\u0131n sonuncu diktatoru idi, indi \u0130lham \u018fliyev onu qabaqlay\u0131r\"","og_url":"https:\/\/www.meydan.tv\/az\/article\/azerbaycanda-veziyyet-amerika-daglari-kimidir\/","og_site_name":"MEYDAN.TV","article_published_time":"2015-05-21T17:24:24+00:00","og_image":[{"width":418,"height":276,"url":"https:\/\/www.meydan.tv\/wp-content\/uploads\/9094.jpg","type":"image\/jpeg"}],"twitter_card":"summary_large_image","schema":{"@context":"https:\/\/schema.org","@graph":[{"@type":"Article","@id":"https:\/\/www.meydan.tv\/az\/article\/azerbaycanda-veziyyet-amerika-daglari-kimidir\/#article","isPartOf":{"@id":"https:\/\/www.meydan.tv\/az\/article\/azerbaycanda-veziyyet-amerika-daglari-kimidir\/"},"author":{"name":"user-manager","@id":"https:\/\/www.meydan.tv\/az\/#\/schema\/person\/10d11eccf6da3662cf5fdab9806ea91a"},"headline":"&#8220;Az\u0259rbaycanda v\u0259ziyy\u0259t Amerika da\u011flar\u0131 kimidir&#8221;","datePublished":"2015-05-21T17:24:24+00:00","mainEntityOfPage":{"@id":"https:\/\/www.meydan.tv\/az\/article\/azerbaycanda-veziyyet-amerika-daglari-kimidir\/"},"wordCount":244,"publisher":{"@id":"https:\/\/www.meydan.tv\/az\/#organization"},"image":{"@id":"https:\/\/www.meydan.tv\/az\/article\/azerbaycanda-veziyyet-amerika-daglari-kimidir\/#primaryimage"},"thumbnailUrl":"https:\/\/www.meydan.tv\/wp-content\/uploads\/9094.jpg","articleSection":["X\u0259b\u0259rl\u0259r"],"inLanguage":"az"},{"@type":"WebPage","@id":"https:\/\/www.meydan.tv\/az\/article\/azerbaycanda-veziyyet-amerika-daglari-kimidir\/","url":"https:\/\/www.meydan.tv\/az\/article\/azerbaycanda-veziyyet-amerika-daglari-kimidir\/","name":"\"Az\u0259rbaycanda v\u0259ziyy\u0259t Amerika da\u011flar\u0131 kimidir\" - MEYDAN.TV","isPartOf":{"@id":"https:\/\/www.meydan.tv\/az\/#website"},"primaryImageOfPage":{"@id":"https:\/\/www.meydan.tv\/az\/article\/azerbaycanda-veziyyet-amerika-daglari-kimidir\/#primaryimage"},"image":{"@id":"https:\/\/www.meydan.tv\/az\/article\/azerbaycanda-veziyyet-amerika-daglari-kimidir\/#primaryimage"},"thumbnailUrl":"https:\/\/www.meydan.tv\/wp-content\/uploads\/9094.jpg","datePublished":"2015-05-21T17:24:24+00:00","breadcrumb":{"@id":"https:\/\/www.meydan.tv\/az\/article\/azerbaycanda-veziyyet-amerika-daglari-kimidir\/#breadcrumb"},"inLanguage":"az","potentialAction":[{"@type":"ReadAction","target":["https:\/\/www.meydan.tv\/az\/article\/azerbaycanda-veziyyet-amerika-daglari-kimidir\/"]}]},{"@type":"ImageObject","inLanguage":"az","@id":"https:\/\/www.meydan.tv\/az\/article\/azerbaycanda-veziyyet-amerika-daglari-kimidir\/#primaryimage","url":"https:\/\/www.meydan.tv\/wp-content\/uploads\/9094.jpg","contentUrl":"https:\/\/www.meydan.tv\/wp-content\/uploads\/9094.jpg","width":418,"height":276,"caption":"Source:"},{"@type":"BreadcrumbList","@id":"https:\/\/www.meydan.tv\/az\/article\/azerbaycanda-veziyyet-amerika-daglari-kimidir\/#breadcrumb","itemListElement":[{"@type":"ListItem","position":1,"name":"Ana s\u0259hif\u0259","item":"https:\/\/www.meydan.tv\/az\/"},{"@type":"ListItem","position":2,"name":"X\u0259b\u0259rl\u0259r","item":"https:\/\/www.meydan.tv\/az\/section\/xeberler\/"},{"@type":"ListItem","position":3,"name":"&#8220;Az\u0259rbaycanda v\u0259ziyy\u0259t Amerika da\u011flar\u0131 kimidir&#8221;"}]},{"@type":"WebSite","@id":"https:\/\/www.meydan.tv\/az\/#website","url":"https:\/\/www.meydan.tv\/az\/","name":"MEYDAN.TV","description":"Meydan TV Az\u0259rbaycan\u0131n media m\u0259kan\u0131ndak\u0131 alternativ s\u0259sidir","publisher":{"@id":"https:\/\/www.meydan.tv\/az\/#organization"},"potentialAction":[{"@type":"SearchAction","target":{"@type":"EntryPoint","urlTemplate":"https:\/\/www.meydan.tv\/az\/?s={search_term_string}"},"query-input":{"@type":"PropertyValueSpecification","valueRequired":true,"valueName":"search_term_string"}}],"inLanguage":"az"},{"@type":"Organization","@id":"https:\/\/www.meydan.tv\/az\/#organization","name":"Meydan TV","url":"https:\/\/www.meydan.tv\/az\/","logo":{"@type":"ImageObject","inLanguage":"az","@id":"https:\/\/www.meydan.tv\/az\/#\/schema\/logo\/image\/","url":"https:\/\/www.meydan.tv\/wp-content\/uploads\/2021\/07\/meydan-logo.svg","contentUrl":"https:\/\/www.meydan.tv\/wp-content\/uploads\/2021\/07\/meydan-logo.svg","width":195,"height":46,"caption":"Meydan TV"},"image":{"@id":"https:\/\/www.meydan.tv\/az\/#\/schema\/logo\/image\/"}},{"@type":"Person","@id":"https:\/\/www.meydan.tv\/az\/#\/schema\/person\/10d11eccf6da3662cf5fdab9806ea91a","name":"user-manager"}]}},"_links":{"self":[{"href":"https:\/\/www.meydan.tv\/az\/wp-json\/wp\/v2\/posts\/168015","targetHints":{"allow":["GET"]}}],"collection":[{"href":"https:\/\/www.meydan.tv\/az\/wp-json\/wp\/v2\/posts"}],"about":[{"href":"https:\/\/www.meydan.tv\/az\/wp-json\/wp\/v2\/types\/post"}],"author":[{"embeddable":true,"href":"https:\/\/www.meydan.tv\/az\/wp-json\/wp\/v2\/users\/11"}],"replies":[{"embeddable":true,"href":"https:\/\/www.meydan.tv\/az\/wp-json\/wp\/v2\/comments?post=168015"}],"version-history":[{"count":0,"href":"https:\/\/www.meydan.tv\/az\/wp-json\/wp\/v2\/posts\/168015\/revisions"}],"wp:featuredmedia":[{"embeddable":true,"href":"https:\/\/www.meydan.tv\/az\/wp-json\/wp\/v2\/media\/24936"}],"wp:attachment":[{"href":"https:\/\/www.meydan.tv\/az\/wp-json\/wp\/v2\/media?parent=168015"}],"wp:term":[{"taxonomy":"category","embeddable":true,"href":"https:\/\/www.meydan.tv\/az\/wp-json\/wp\/v2\/categories?post=168015"},{"taxonomy":"post_tag","embeddable":true,"href":"https:\/\/www.meydan.tv\/az\/wp-json\/wp\/v2\/tags?post=168015"}],"curies":[{"name":"wp","href":"https:\/\/api.w.org\/{rel}","templated":true}]}}