{"id":168014,"date":"2015-05-21T15:19:10","date_gmt":"2015-05-21T15:19:10","guid":{"rendered":"https:\/\/www.meydan.tv\/article\/mugenni-mehkeme-zalinda-hebs-olundu\/"},"modified":"2015-05-21T15:19:10","modified_gmt":"2015-05-21T15:19:10","slug":"mugenni-mehkeme-zalinda-hebs-olundu","status":"publish","type":"post","link":"https:\/\/www.meydan.tv\/az\/article\/mugenni-mehkeme-zalinda-hebs-olundu\/","title":{"rendered":"M\u00fc\u011f\u0259nni m\u0259hk\u0259m\u0259 zal\u0131nda h\u0259bs olundu"},"content":{"rendered":"<figure class=\"wp-block-image size-large\">\n  <img decoding=\"async\" src=\"https:\/\/www.meydan.tv\/az\/24933\/\" alt=\"\" class=\"wp-image-24933\"\/><figcaption><\/figcaption><\/figure>\n<figure class=\"wp-block-image size-large\">\n  <img decoding=\"async\" src=\"https:\/\/www.meydan.tv\/az\/24933\/\" alt=\"\" class=\"wp-image-24933\"\/><figcaption><\/figcaption><\/figure>\n<p>\n  <i><br \/>\n    Maral Tahirq\u0131z\u0131 244.2.1-ci (t\u0259krar olaraq \u0259xlaqs\u0131zl\u0131q yuvalar\u0131 t\u0259\u015fkil etm\u0259) madd\u0259si il\u0259 t\u0259qsirli bilinib v\u0259 3 il m\u00fcdd\u0259tin\u0259 azadl\u0131dan m\u0259hrum edilib<br \/>\n  <\/i>\n<\/p>\n<p>\n  May\u0131n 18-d\u0259 X\u0259tai rayon M\u0259hk\u0259m\u0259sind\u0259 hakim \u0130brahim \u0130brahimlinin s\u0259drlik etdiyi iclasda Maral Tahirq\u0131z\u0131na h\u00f6km oxunub.\n<\/p>\n<p>\n  H\u00f6km\u0259 \u0259sas\u0259n, M. Tahirq\u0131z\u0131 Cinay\u0259t M\u0259c\u0259ll\u0259sinin 244.2.1-ci (t\u0259krar olaraq \u0259xlaqs\u0131zl\u0131q yuvalar\u0131 t\u0259\u015fkil etm\u0259) madd\u0259si il\u0259 t\u0259qsirli bilinib v\u0259 3 il m\u00fcdd\u0259tin\u0259 azadl\u0131dan m\u0259hrum edilib. M. Tahirq\u0131z\u0131 m\u0259hk\u0259m\u0259 zal\u0131nda h\u0259bs olunub.\n<\/p>\n<p>\n  G\u00fclm\u0259mm\u0259dova Maral Tahir q\u0131z\u0131 bar\u0259sind\u0259 X\u0259tai Rayon Polis \u0130dar\u0259sinin istintaq \u015f\u00f6b\u0259sind\u0259 ba\u015flanm\u0131\u015f Cinay\u0259t M\u0259c\u0259ll\u0259sinin 244.1-ci (Fahi\u015f\u0259likl\u0259 m\u0259\u015f\u011ful olmaq \u00fc\u00e7\u00fcn \u0259xlaqs\u0131z yuvalar t\u0259\u015fkil etm\u0259, saxlama v\u0259 ya bu m\u0259qs\u0259dl\u0259r \u00fc\u00e7\u00fcn m\u0259nzil sah\u0259l\u0259ri verm\u0259) madd\u0259si 15 noyabr 2014-c\u00fc il tarixd\u0259 Cinay\u0259t M\u0259c\u0259ll\u0259sinin 244.2.1-ci (eyni \u0259m\u0259ll\u0259r t\u0259krar t\u00f6r\u0259dildikd\u0259) madd\u0259sin\u0259 t\u00f6vsif edilib v\u0259 onun bar\u0259sind\u0259 polisin n\u0259zar\u0259ti alt\u0131na verm\u0259 q\u0259timkan t\u0259dbiri se\u00e7ilib (APA).<\/p>\n","protected":false},"excerpt":{"rendered":"<p>Maral Tahirq\u0131z\u0131 244.2.1-ci (t\u0259krar olaraq \u0259xlaqs\u0131zl\u0131q yuvalar\u0131 t\u0259\u015fkil etm\u0259) madd\u0259si il\u0259 t\u0259qsirli bilinib v\u0259 3 il m\u00fcdd\u0259tin\u0259 azadl\u0131dan m\u0259hrum edilib<\/p>\n","protected":false},"author":11,"featured_media":24933,"comment_status":"closed","ping_status":"open","sticky":false,"template":"","format":"standard","meta":{"_acf_changed":false,"_sitemap_exclude":false,"_sitemap_priority":"","_sitemap_frequency":"","footnotes":""},"categories":[56],"tags":[],"class_list":["post-168014","post","type-post","status-publish","format-standard","has-post-thumbnail","hentry","category-xeberler","infinite-scroll-item","generate-columns","tablet-grid-50","mobile-grid-100","grid-parent","grid-33","no-featured-image-padding"],"acf":[],"yoast_head":"<!-- This site is optimized with the Yoast SEO plugin v28.4 - https:\/\/yoast.com\/product\/yoast-seo-wordpress\/ -->\n<title>M\u00fc\u011f\u0259nni m\u0259hk\u0259m\u0259 zal\u0131nda h\u0259bs olundu - MEYDAN.TV<\/title>\n<meta name=\"robots\" content=\"index, follow, max-snippet:-1, max-image-preview:large, max-video-preview:-1\" \/>\n<link rel=\"canonical\" href=\"https:\/\/www.meydan.tv\/az\/article\/mugenni-mehkeme-zalinda-hebs-olundu\/\" \/>\n<meta property=\"og:locale\" content=\"az_AZ\" \/>\n<meta property=\"og:type\" content=\"article\" \/>\n<meta property=\"og:title\" content=\"M\u00fc\u011f\u0259nni m\u0259hk\u0259m\u0259 zal\u0131nda h\u0259bs olundu - MEYDAN.TV\" \/>\n<meta property=\"og:description\" content=\"Maral Tahirq\u0131z\u0131 244.2.1-ci (t\u0259krar olaraq \u0259xlaqs\u0131zl\u0131q yuvalar\u0131 t\u0259\u015fkil etm\u0259) madd\u0259si il\u0259 t\u0259qsirli bilinib v\u0259 3 il m\u00fcdd\u0259tin\u0259 azadl\u0131dan m\u0259hrum edilib\" \/>\n<meta property=\"og:url\" content=\"https:\/\/www.meydan.tv\/az\/article\/mugenni-mehkeme-zalinda-hebs-olundu\/\" \/>\n<meta property=\"og:site_name\" content=\"MEYDAN.TV\" \/>\n<meta property=\"article:published_time\" content=\"2015-05-21T15:19:10+00:00\" \/>\n<meta property=\"og:image\" content=\"https:\/\/www.meydan.tv\/wp-content\/uploads\/9092.jpg\" \/>\n\t<meta property=\"og:image:width\" content=\"401\" \/>\n\t<meta property=\"og:image:height\" content=\"300\" \/>\n\t<meta property=\"og:image:type\" content=\"image\/jpeg\" \/>\n<meta name=\"twitter:card\" content=\"summary_large_image\" \/>\n<!-- \/ Yoast SEO plugin. -->","yoast_head_json":{"title":"M\u00fc\u011f\u0259nni m\u0259hk\u0259m\u0259 zal\u0131nda h\u0259bs olundu - MEYDAN.TV","robots":{"index":"index","follow":"follow","max-snippet":"max-snippet:-1","max-image-preview":"max-image-preview:large","max-video-preview":"max-video-preview:-1"},"canonical":"https:\/\/www.meydan.tv\/az\/article\/mugenni-mehkeme-zalinda-hebs-olundu\/","og_locale":"az_AZ","og_type":"article","og_title":"M\u00fc\u011f\u0259nni m\u0259hk\u0259m\u0259 zal\u0131nda h\u0259bs olundu - MEYDAN.TV","og_description":"Maral Tahirq\u0131z\u0131 244.2.1-ci (t\u0259krar olaraq \u0259xlaqs\u0131zl\u0131q yuvalar\u0131 t\u0259\u015fkil etm\u0259) madd\u0259si il\u0259 t\u0259qsirli bilinib v\u0259 3 il m\u00fcdd\u0259tin\u0259 azadl\u0131dan m\u0259hrum edilib","og_url":"https:\/\/www.meydan.tv\/az\/article\/mugenni-mehkeme-zalinda-hebs-olundu\/","og_site_name":"MEYDAN.TV","article_published_time":"2015-05-21T15:19:10+00:00","og_image":[{"width":401,"height":300,"url":"https:\/\/www.meydan.tv\/wp-content\/uploads\/9092.jpg","type":"image\/jpeg"}],"twitter_card":"summary_large_image","schema":{"@context":"https:\/\/schema.org","@graph":[{"@type":"Article","@id":"https:\/\/www.meydan.tv\/az\/article\/mugenni-mehkeme-zalinda-hebs-olundu\/#article","isPartOf":{"@id":"https:\/\/www.meydan.tv\/az\/article\/mugenni-mehkeme-zalinda-hebs-olundu\/"},"author":{"name":"user-manager","@id":"https:\/\/www.meydan.tv\/az\/#\/schema\/person\/10d11eccf6da3662cf5fdab9806ea91a"},"headline":"M\u00fc\u011f\u0259nni m\u0259hk\u0259m\u0259 zal\u0131nda h\u0259bs olundu","datePublished":"2015-05-21T15:19:10+00:00","mainEntityOfPage":{"@id":"https:\/\/www.meydan.tv\/az\/article\/mugenni-mehkeme-zalinda-hebs-olundu\/"},"wordCount":215,"publisher":{"@id":"https:\/\/www.meydan.tv\/az\/#organization"},"image":{"@id":"https:\/\/www.meydan.tv\/az\/article\/mugenni-mehkeme-zalinda-hebs-olundu\/#primaryimage"},"thumbnailUrl":"https:\/\/www.meydan.tv\/wp-content\/uploads\/9092.jpg","articleSection":["X\u0259b\u0259rl\u0259r"],"inLanguage":"az"},{"@type":"WebPage","@id":"https:\/\/www.meydan.tv\/az\/article\/mugenni-mehkeme-zalinda-hebs-olundu\/","url":"https:\/\/www.meydan.tv\/az\/article\/mugenni-mehkeme-zalinda-hebs-olundu\/","name":"M\u00fc\u011f\u0259nni m\u0259hk\u0259m\u0259 zal\u0131nda h\u0259bs olundu - MEYDAN.TV","isPartOf":{"@id":"https:\/\/www.meydan.tv\/az\/#website"},"primaryImageOfPage":{"@id":"https:\/\/www.meydan.tv\/az\/article\/mugenni-mehkeme-zalinda-hebs-olundu\/#primaryimage"},"image":{"@id":"https:\/\/www.meydan.tv\/az\/article\/mugenni-mehkeme-zalinda-hebs-olundu\/#primaryimage"},"thumbnailUrl":"https:\/\/www.meydan.tv\/wp-content\/uploads\/9092.jpg","datePublished":"2015-05-21T15:19:10+00:00","breadcrumb":{"@id":"https:\/\/www.meydan.tv\/az\/article\/mugenni-mehkeme-zalinda-hebs-olundu\/#breadcrumb"},"inLanguage":"az","potentialAction":[{"@type":"ReadAction","target":["https:\/\/www.meydan.tv\/az\/article\/mugenni-mehkeme-zalinda-hebs-olundu\/"]}]},{"@type":"ImageObject","inLanguage":"az","@id":"https:\/\/www.meydan.tv\/az\/article\/mugenni-mehkeme-zalinda-hebs-olundu\/#primaryimage","url":"https:\/\/www.meydan.tv\/wp-content\/uploads\/9092.jpg","contentUrl":"https:\/\/www.meydan.tv\/wp-content\/uploads\/9092.jpg","width":401,"height":300,"caption":"Source:"},{"@type":"BreadcrumbList","@id":"https:\/\/www.meydan.tv\/az\/article\/mugenni-mehkeme-zalinda-hebs-olundu\/#breadcrumb","itemListElement":[{"@type":"ListItem","position":1,"name":"Ana s\u0259hif\u0259","item":"https:\/\/www.meydan.tv\/az\/"},{"@type":"ListItem","position":2,"name":"X\u0259b\u0259rl\u0259r","item":"https:\/\/www.meydan.tv\/az\/section\/xeberler\/"},{"@type":"ListItem","position":3,"name":"M\u00fc\u011f\u0259nni m\u0259hk\u0259m\u0259 zal\u0131nda h\u0259bs olundu"}]},{"@type":"WebSite","@id":"https:\/\/www.meydan.tv\/az\/#website","url":"https:\/\/www.meydan.tv\/az\/","name":"MEYDAN.TV","description":"Meydan TV Az\u0259rbaycan\u0131n media m\u0259kan\u0131ndak\u0131 alternativ s\u0259sidir","publisher":{"@id":"https:\/\/www.meydan.tv\/az\/#organization"},"potentialAction":[{"@type":"SearchAction","target":{"@type":"EntryPoint","urlTemplate":"https:\/\/www.meydan.tv\/az\/?s={search_term_string}"},"query-input":{"@type":"PropertyValueSpecification","valueRequired":true,"valueName":"search_term_string"}}],"inLanguage":"az"},{"@type":"Organization","@id":"https:\/\/www.meydan.tv\/az\/#organization","name":"Meydan TV","url":"https:\/\/www.meydan.tv\/az\/","logo":{"@type":"ImageObject","inLanguage":"az","@id":"https:\/\/www.meydan.tv\/az\/#\/schema\/logo\/image\/","url":"https:\/\/www.meydan.tv\/wp-content\/uploads\/2021\/07\/meydan-logo.svg","contentUrl":"https:\/\/www.meydan.tv\/wp-content\/uploads\/2021\/07\/meydan-logo.svg","width":195,"height":46,"caption":"Meydan TV"},"image":{"@id":"https:\/\/www.meydan.tv\/az\/#\/schema\/logo\/image\/"}},{"@type":"Person","@id":"https:\/\/www.meydan.tv\/az\/#\/schema\/person\/10d11eccf6da3662cf5fdab9806ea91a","name":"user-manager"}]}},"_links":{"self":[{"href":"https:\/\/www.meydan.tv\/az\/wp-json\/wp\/v2\/posts\/168014","targetHints":{"allow":["GET"]}}],"collection":[{"href":"https:\/\/www.meydan.tv\/az\/wp-json\/wp\/v2\/posts"}],"about":[{"href":"https:\/\/www.meydan.tv\/az\/wp-json\/wp\/v2\/types\/post"}],"author":[{"embeddable":true,"href":"https:\/\/www.meydan.tv\/az\/wp-json\/wp\/v2\/users\/11"}],"replies":[{"embeddable":true,"href":"https:\/\/www.meydan.tv\/az\/wp-json\/wp\/v2\/comments?post=168014"}],"version-history":[{"count":0,"href":"https:\/\/www.meydan.tv\/az\/wp-json\/wp\/v2\/posts\/168014\/revisions"}],"wp:featuredmedia":[{"embeddable":true,"href":"https:\/\/www.meydan.tv\/az\/wp-json\/wp\/v2\/media\/24933"}],"wp:attachment":[{"href":"https:\/\/www.meydan.tv\/az\/wp-json\/wp\/v2\/media?parent=168014"}],"wp:term":[{"taxonomy":"category","embeddable":true,"href":"https:\/\/www.meydan.tv\/az\/wp-json\/wp\/v2\/categories?post=168014"},{"taxonomy":"post_tag","embeddable":true,"href":"https:\/\/www.meydan.tv\/az\/wp-json\/wp\/v2\/tags?post=168014"}],"curies":[{"name":"wp","href":"https:\/\/api.w.org\/{rel}","templated":true}]}}