{"id":168013,"date":"2015-05-21T15:03:15","date_gmt":"2015-05-21T15:03:15","guid":{"rendered":"https:\/\/www.meydan.tv\/article\/belediyyelerin-korrupsiyaya-bulasmasi-fikri-ile-razilasmiram\/"},"modified":"2015-05-21T15:03:15","modified_gmt":"2015-05-21T15:03:15","slug":"belediyyelerin-korrupsiyaya-bulasmasi-fikri-ile-razilasmiram","status":"publish","type":"post","link":"https:\/\/www.meydan.tv\/az\/article\/belediyyelerin-korrupsiyaya-bulasmasi-fikri-ile-razilasmiram\/","title":{"rendered":"&#8220;B\u0259l\u0259diyy\u0259l\u0259rin korrupsiyaya bula\u015fmas\u0131 fikri il\u0259 raz\u0131la\u015fm\u0131ram&#8221;"},"content":{"rendered":"<figure class=\"wp-block-image size-large\">\n  <img decoding=\"async\" src=\"https:\/\/www.meydan.tv\/az\/24927\/\" alt=\"\" class=\"wp-image-24927\"\/><figcaption><\/figcaption><\/figure>\n<figure class=\"wp-block-image size-large\">\n  <img decoding=\"async\" src=\"https:\/\/www.meydan.tv\/az\/24930\/\" alt=\"\" class=\"wp-image-24930\"\/><figcaption><\/figcaption><\/figure>\n<p><div>\n    <i><br \/>\n      Samir \u018fliyev: &#8220;B\u0259l\u0259diyy\u0259l\u0259r icra hakimiyy\u0259tl\u0259rinin raz\u0131l\u0131\u011f\u0131 olmadan he\u00e7 n\u0259y\u0259 s\u0259r\u0259ncam ver\u0259 bilmir&#8221;<br \/>\n    <\/i>\n  <\/div>\n<\/p>\n<p><div><\/div>\n<\/p>\n<p><div>\n    &#8220;B\u0259l\u0259diyy\u0259l\u0259r bir n\u00f6v icra hakimiyy\u0259tl\u0259rinin filial\u0131na \u00e7evrilib. B\u0259l\u0259diyy\u0259nin \u00f6z s\u0259lahiyy\u0259ti var. M\u0259n o f\u0259aliyy\u0259ti g\u00f6rm\u00fcr\u0259m&#8221;.\n  <\/div>\n<\/p>\n<p><div>\n    Bu a\u00e7\u0131qlaman\u0131 prezident \u0130lham \u018fliyev Bin\u0259q\u0259di rayonu \u0259razisind\u0259 \u00e7oxm\u0259rt\u0259b\u0259li binada ba\u015f vermi\u015f yan\u011f\u0131nla \u0259laq\u0259dar D\u00f6vl\u0259t Komissiyas\u0131n\u0131n iclas\u0131nda s\u0259sl\u0259ndirib.\n  <\/div>\n<\/p>\n<p><div><\/div>\n<\/p>\n<p><div>\n    D\u00f6vl\u0259t ba\u015f\u00e7\u0131s\u0131 bildirib ki, b\u00fct\u00fcn b\u00f6lg\u0259l\u0259rd\u0259, k\u0259ndl\u0259rd\u0259, \u015f\u0259h\u0259rl\u0259rd\u0259 apar\u0131lan i\u015fl\u0259r d\u00f6vl\u0259t b\u00fcdc\u0259si hesab\u0131na g\u00f6r\u00fcl\u00fcr: &#8220;B\u0259l\u0259diyy\u0259 bir k\u0259nd yolunu tikib? Halbuki bu, onun bilavasit\u0259 i\u015fidir. B\u00fct\u00fcn k\u0259nd yollar\u0131n\u0131 d\u00f6vl\u0259t b\u00fcdc\u0259si hesab\u0131na, ya da Prezidentin Ehtiyat Fondunun hesab\u0131na biz tikirik. B\u0259l\u0259diyy\u0259 sad\u0259c\u0259 olaraq bir muzey idar\u0259sidir, sad\u0259c\u0259 bir m\u00f6h\u00fcr idar\u0259sidir. Y\u0259ni qanunsuz \u0259m\u0259ll\u0259r\u0259 \u015ftamp qoysun! Bu m\u0259s\u0259l\u0259 d\u0259 prokurorluq t\u0259r\u0259find\u0259n ara\u015fd\u0131r\u0131lmal\u0131d\u0131r, buna son qoyulmal\u0131d\u0131r. Soru\u015furam ki, bu qanunsuz binalar haradan meydana g\u0259lib, he\u00e7 kim bilmir. Bu, m\u00fcmk\u00fcn deyil. Bu yan\u011f\u0131n da bu m\u0259nb\u0259d\u0259n qaynaqlanan hadis\u0259dir. Qanunsuzlu\u011fa, \u00f6zba\u015f\u0131nal\u0131\u011fa son qoyulmal\u0131d\u0131r. G\u0259l\u0259c\u0259kd\u0259 bel\u0259 b\u0259db\u0259xt hadis\u0259l\u0259rin t\u0259krarlanmamas\u0131 \u00fc\u00e7\u00fcn D\u00f6vl\u0259t Komissiyas\u0131n\u0131n \u00fczvl\u0259ri m\u0259n\u0259 konkret t\u0259klifl\u0259r versin. Bir balaca bina da icaz\u0259siz tikil\u0259 bilm\u0259z. \u018fg\u0259r bundan sonra bu olacaqsa, n\u0259inki i\u015fd\u0259n \u00e7\u0131xaracam, onlar cinay\u0259t m\u0259suliyy\u0259tin\u0259 d\u0259 c\u0259lb edil\u0259c\u0259kl\u0259r\u201d.\n  <\/div>\n<\/p>\n<p><div><\/div>\n<\/p>\n<p><div>\n    \u00c7\u0131x\u0131\u015f\u0131 Meydan TV-y\u0259 \u015f\u0259rh ed\u0259n iqtisad\u00e7\u0131 Samir \u018fliyev prezidentin iradlar\u0131n\u0131 haql\u0131 hesab edir: &#8220;Biz v\u0259t\u0259nda\u015f c\u0259miyy\u0259ti olaraq bu y\u00f6nd\u0259 iradlar\u0131m\u0131z\u0131 v\u0259 t\u0259klifl\u0259rimizi d\u0259f\u0259l\u0259rl\u0259 h\u00f6kum\u0259t\u0259 t\u0259qdim etmi\u015fik. Bizim t\u0259klifl\u0259r s\u00f6z y\u0131\u011f\u0131n\u0131 yox, ara\u015fd\u0131rmalara \u0259saslanm\u0131\u015f t\u00f6vsiy\u0259l\u0259rdir. H\u0259tta Avropa \u015euras\u0131n\u0131n Yerli v\u0259 Regional Hakimiyy\u0259tl\u0259r Konqresi Az\u0259rbaycanda 2003-2012-ci ill\u0259rd\u0259 monitorinq apar\u0131b v\u0259 bunun \u00a0n\u0259tic\u0259l\u0259rin\u0259 g\u00f6r\u0259 t\u00f6vsiy\u0259l\u0259r haz\u0131rlan\u0131b. T\u00f6vsiy\u0259l\u0259rd\u0259 birba\u015fa vur\u011fulan\u0131b ki, Az\u0259rbaycanda b\u0259l\u0259diyy\u0259l\u0259rin n\u0259 s\u0259lahiyy\u0259ti, n\u0259 d\u0259 ona uy\u011fun maliyy\u0259 imkanlar\u0131 var. B\u0259l\u0259diyy\u0259l\u0259r yerli icra hakimiyy\u0259tl\u0259rinin bir \u0259lav\u0259sidir. Ne\u00e7\u0259 ill\u0259rdir vur\u011fulanan bu m\u0259s\u0259l\u0259nin, n\u0259hay\u0259t, d\u00f6vl\u0259tin birinci \u015f\u0259xsi t\u0259r\u0259find\u0259n etiraf\u0131 m\u00fcsb\u0259tdir&#8221;.\n  <\/div>\n<\/p>\n<p><div><\/div>\n<\/p>\n<figure class=\"wp-block-image size-large\">\n  <img decoding=\"async\" src=\"https:\/\/www.meydan.tv\/az\/24927\/\" alt=\"\" class=\"wp-image-24927\"\/><figcaption><\/figcaption><\/figure>\n<p><div>\n    B\u0259l\u0259diyy\u0259l\u0259rin yol \u00e7\u0259kilm\u0259si v\u0259 yerli probleml\u0259rd\u0259 i\u015ftirak\u0131 il\u0259 ba\u011fl\u0131 irada g\u0259ldikd\u0259, iqtisad\u00e7\u0131 dedi ki, bu yana\u015fma Az\u0259rbaycanda fiskal \u0259ks m\u0259rk\u0259zl\u0259\u015fm\u0259ni ortaya \u00e7\u0131xard\u0131: &#8220;Neft pullar\u0131 \u00f6lk\u0259y\u0259 g\u0259l\u0259nd\u0259n sonra \u0259ks m\u0259rk\u0259zl\u0259\u015fm\u0259 \u0259v\u0259zin\u0259 m\u0259rk\u0259zl\u0259\u015fm\u0259 prosesi getdi, y\u0259ni d\u00f6vl\u0259t b\u00fct\u00fcn s\u0259lahiyy\u0259t v\u0259 \u00f6hd\u0259likl\u0259ri \u00fcz\u0259rin\u0259 g\u00f6t\u00fcrd\u00fc. Halbuki, Avropa \u015euras\u0131na \u00fczv \u00f6lk\u0259l\u0259rd\u0259 birinciy\u0259 \u00fcst\u00fcnl\u00fck verilir. Normal \u00f6lk\u0259l\u0259rd\u0259 d\u00f6vl\u0259t b\u0259l\u0259diyy\u0259y\u0259 v\u0259sait ay\u0131r\u0131r, b\u0259l\u0259diyy\u0259 d\u0259 yerli probleml\u0259rl\u0259 m\u0259\u015f\u011ful olur. Az\u0259rbaycan qanunvericiliyi ox\u015far add\u0131m atma\u011fa imkan vers\u0259 d\u0259, buna gedilm\u0259di. Yol \u00e7\u0259kili\u015fini N\u0259qliyyat Nazirliyi h\u0259yata ke\u00e7irdi, su, qaz probleml\u0259rini d\u0259 m\u00fcvafiq d\u00f6vl\u0259t orqanlar\u0131. D\u00f6vl\u0259tin bunlar\u0131 \u00fcz\u0259rin\u0259 g\u00f6t\u00fcrm\u0259sinin s\u0259b\u0259bi ortada \u00e7oxlu pullar\u0131n olmas\u0131yla ba\u011fl\u0131yd\u0131. \u0130ndi neft g\u0259lirl\u0259rinin azald\u0131\u011f\u0131 v\u0259ziyy\u0259td\u0259 b\u0259l\u0259diyy\u0259 yada d\u00fc\u015f\u00fcr. \u0130kinci, k\u0259nd yollar\u0131n\u0131n \u00e7\u0259kilm\u0259si \u00fc\u00e7\u00fcn b\u00fcdc\u0259d\u0259n ayr\u0131lan v\u0259saitl\u0259rin h\u0259cmi milyonlarla \u00f6l\u00e7\u00fcl\u00fcr. \u018fn az\u0131 bir ne\u00e7\u0259 milyon manata ba\u015fa g\u0259lir. G\u0259lin, g\u00f6r\u0259k Az\u0259rbaycanda ne\u00e7\u0259 b\u0259l\u0259diyy\u0259nin b\u00fcdc\u0259si milyonla \u00f6l\u00e7\u00fcl\u00fcr? Varm\u0131? 1-2 b\u0259l\u0259diyy\u0259 ola, ya olmaya. \u0130llik 4-5 min manat b\u00fcdc\u0259si olan b\u0259l\u0259diyy\u0259 bu yolu ne\u00e7\u0259 \u00e7\u0259k\u0259 bil\u0259r? Ba\u015fqa bir statistik r\u0259q\u0259m, 2014-c\u00fc il m\u0259lumat\u0131na g\u00f6r\u0259, Az\u0259rbaycanda 1607 b\u0259l\u0259diyy\u0259nin \u00fcmumilikd\u0259 b\u00fcdc\u0259si 49 milyon manatd\u0131r, 2007-ci ild\u0259 \u0259n y\u00fcks\u0259k h\u0259dd\u0259 olub-50 milyon manat. 49 milyon manatdan g\u00f6t\u00fcrs\u0259k, bu, bir \u015f\u0259h\u0259r b\u0259l\u0259diyy\u0259sinin illik b\u00fcdc\u0259sinin 29 min manata yax\u0131n oldu\u011funu g\u00f6st\u0259rir. \u018fg\u0259r b\u0259l\u0259diyy\u0259l\u0259rin 85 faizinin k\u0259nd b\u0259l\u0259diyy\u0259si oldu\u011funu n\u0259z\u0259r\u0259 alsaq, bir ne\u00e7\u0259si istisna olmaqla, onlar\u0131n illik b\u00fcdc\u0259si 5 min manat civar\u0131ndad\u0131r. V\u0259 b\u0259l\u0259diyy\u0259 s\u0259dri, m\u00fcavini v\u0259 m\u00fchasibinin \u0259m\u0259khaqq\u0131n\u0131 g\u00f6t\u00fcrs\u0259k, sosial m\u00fcavin\u0259tl\u0259 el\u0259 5 min yax\u0131n maa\u015f edir. Bel\u0259likl\u0259, k\u0259nd b\u0259l\u0259diyy\u0259l\u0259rinin b\u00fcdc\u0259si \u00fczvl\u0259rin maa\u015f\u0131na gedir. O zaman b\u0259l\u0259diyy\u0259 yerd\u0259 qalan \u00f6hd\u0259likl\u0259rini nec\u0259 yerin\u0259 yetirsin? B\u00fct\u00fcn bunlar\u0131n fonunda b\u0259l\u0259diyy\u0259l\u0259rin imkan\u0131 deyil\u0259n probleml\u0259rin h\u0259llin\u0259 yard\u0131m etm\u0259y\u0259 imkan vermir. Ba\u015fqa t\u0259r\u0259fd\u0259n b\u0259l\u0259diyy\u0259l\u0259rin b\u00fcdc\u0259sind\u0259 20 milyon manata yax\u0131n v\u0259sait abadla\u015fd\u0131rma i\u015fl\u0259rin\u0259 y\u00f6n\u0259ldilir. Amma bu v\u0259sait icra hakimiyy\u0259tinin tap\u015f\u0131r\u0131\u011f\u0131na \u0259sas\u0259n konkret \u0259razinin abadla\u015fd\u0131r\u0131lmas\u0131na y\u00f6n\u0259ldilir. Bu, o dem\u0259kdir ki, i\u015fi b\u0259l\u0259diyy\u0259 g\u00f6rs\u0259 d\u0259, icra hakimiyy\u0259tinin ad\u0131 gedir&#8221;.\n  <\/div>\n<\/p>\n<div>\n<div>\n      Prezidentin Respublika Prokurorlu\u011funa tap\u015f\u0131r\u0131\u011f\u0131na g\u0259linc\u0259, iqtisad\u00e7\u0131 t\u0259\u0259ss\u00fcfl\u0259ndi ki, korrupsiya il\u0259 ba\u011fl\u0131 m\u0259lumatlar a\u00e7\u0131qland\u0131rca, ilk yerl\u0259rd\u0259 b\u0259l\u0259diyy\u0259l\u0259rin ad\u0131 g\u0259lir: &#8220;B\u0259lk\u0259 bir-iki b\u0259l\u0259diyy\u0259d\u0259 bel\u0259 fakt ola bil\u0259r: \u00dcmum\u0259n b\u0259l\u0259diyy\u0259l\u0259rin korrupsiyaya bula\u015fm\u0131\u015f qurum olmas\u0131 fikriyl\u0259 raz\u0131la\u015fm\u0131ram. Ax\u0131 b\u0259l\u0259diyy\u0259l\u0259r icra hakimiyy\u0259tl\u0259rinin raz\u0131l\u0131\u011f\u0131 olmadan he\u00e7 n\u0259y\u0259 s\u0259r\u0259ncam ver\u0259 bilmir. Bu m\u0259nada m\u0259suliyy\u0259t daha \u00e7ox icra hakimiyy\u0259tl\u0259rinin \u00fcz\u0259rind\u0259dir. Ona g\u00f6r\u0259 d\u0259 b\u0259l\u0259diyy\u0259l\u0259rd\u0259 yoxlamadan m\u00fcsb\u0259t n\u0259tic\u0259 \u0259ld\u0259 olunaca\u011f\u0131na inanm\u0131ram&#8221;.\n    <\/div>\n<div>\n      &#8220;\u018fslind\u0259, prezidentin bu irad\u0131 h\u00f6kum\u0259t \u00fc\u00e7\u00fcn bir strategiya olmal\u0131d\u0131r ki, b\u0259l\u0259diyy\u0259l\u0259r\u0259 \u0259lav\u0259 s\u0259lahiyy\u0259tl\u0259r v\u0259 ona uy\u011fun maliyy\u0259 verilm\u0259sin\u0259 ba\u015flan\u0131ls\u0131n. H\u0259r il d\u00f6vl\u0259t b\u00fcdc\u0259sind\u0259n b\u0259l\u0259diyy\u0259l\u0259r\u0259 5 milyon manat b\u00fcdc\u0259 ayr\u0131l\u0131r, bu, ki\u00e7ik r\u0259q\u0259mdir. Hlabuki, xarici \u00f6lk\u0259l\u0259rd\u0259 b\u0259l\u0259diyy\u0259 b\u00fcdc\u0259l\u0259rinin 50 faizind\u0259n \u00e7oxu d\u00f6vl\u0259tin maliyy\u0259 yard\u0131m\u0131 t\u0259\u015fkil edir, bizd\u0259 bu r\u0259q\u0259m 10 faizdir. Bu bax\u0131mdan h\u00f6kum\u0259tin islahatlara ged\u0259c\u0259yin\u0259 \u00fcmidvaram, y\u0259ni bu gedi\u015fat s\u0259lahiyy\u0259t \u015f\u0259klind\u0259 olmal\u0131d\u0131r. Bunun \u00fc\u00e7\u00fcn maliyy\u0259 ayr\u0131lmal\u0131d\u0131r, \u0259ks t\u0259qdird\u0259 b\u0259l\u0259diyy\u0259l\u0259r v\u0259zif\u0259l\u0259rini yerin\u0259 yetir\u0259 bilm\u0259y\u0259c\u0259k&#8221;.\n    <\/div>\n<\/p><\/div><\/p>\n","protected":false},"excerpt":{"rendered":"<p>Samir \u018fliyev: &#8220;B\u0259l\u0259diyy\u0259l\u0259r icra hakimiyy\u0259tl\u0259rinin raz\u0131l\u0131\u011f\u0131 olmadan he\u00e7 n\u0259y\u0259 s\u0259r\u0259ncam ver\u0259 bilmir&#8221;<\/p>\n","protected":false},"author":11,"featured_media":24927,"comment_status":"closed","ping_status":"open","sticky":false,"template":"","format":"standard","meta":{"_acf_changed":false,"_sitemap_exclude":false,"_sitemap_priority":"","_sitemap_frequency":"","footnotes":""},"categories":[56],"tags":[],"class_list":["post-168013","post","type-post","status-publish","format-standard","has-post-thumbnail","hentry","category-xeberler","infinite-scroll-item","generate-columns","tablet-grid-50","mobile-grid-100","grid-parent","grid-33","no-featured-image-padding"],"acf":[],"yoast_head":"<!-- This site is optimized with the Yoast SEO plugin v28.4 - https:\/\/yoast.com\/product\/yoast-seo-wordpress\/ -->\n<title>&quot;B\u0259l\u0259diyy\u0259l\u0259rin korrupsiyaya bula\u015fmas\u0131 fikri il\u0259 raz\u0131la\u015fm\u0131ram&quot; - MEYDAN.TV<\/title>\n<meta name=\"robots\" content=\"index, follow, max-snippet:-1, max-image-preview:large, max-video-preview:-1\" \/>\n<link rel=\"canonical\" href=\"https:\/\/www.meydan.tv\/az\/article\/belediyyelerin-korrupsiyaya-bulasmasi-fikri-ile-razilasmiram\/\" \/>\n<meta property=\"og:locale\" content=\"az_AZ\" \/>\n<meta property=\"og:type\" content=\"article\" \/>\n<meta property=\"og:title\" content=\"&quot;B\u0259l\u0259diyy\u0259l\u0259rin korrupsiyaya bula\u015fmas\u0131 fikri il\u0259 raz\u0131la\u015fm\u0131ram&quot; - MEYDAN.TV\" \/>\n<meta property=\"og:description\" content=\"Samir \u018fliyev: &quot;B\u0259l\u0259diyy\u0259l\u0259r icra hakimiyy\u0259tl\u0259rinin raz\u0131l\u0131\u011f\u0131 olmadan he\u00e7 n\u0259y\u0259 s\u0259r\u0259ncam ver\u0259 bilmir&quot;\" \/>\n<meta property=\"og:url\" content=\"https:\/\/www.meydan.tv\/az\/article\/belediyyelerin-korrupsiyaya-bulasmasi-fikri-ile-razilasmiram\/\" \/>\n<meta property=\"og:site_name\" content=\"MEYDAN.TV\" \/>\n<meta property=\"article:published_time\" content=\"2015-05-21T15:03:15+00:00\" \/>\n<meta property=\"og:image\" content=\"https:\/\/www.meydan.tv\/wp-content\/uploads\/9090.jpg\" \/>\n\t<meta property=\"og:image:width\" content=\"322\" \/>\n\t<meta property=\"og:image:height\" content=\"300\" \/>\n\t<meta property=\"og:image:type\" content=\"image\/jpeg\" \/>\n<meta name=\"twitter:card\" content=\"summary_large_image\" \/>\n<!-- \/ Yoast SEO plugin. -->","yoast_head_json":{"title":"\"B\u0259l\u0259diyy\u0259l\u0259rin korrupsiyaya bula\u015fmas\u0131 fikri il\u0259 raz\u0131la\u015fm\u0131ram\" - MEYDAN.TV","robots":{"index":"index","follow":"follow","max-snippet":"max-snippet:-1","max-image-preview":"max-image-preview:large","max-video-preview":"max-video-preview:-1"},"canonical":"https:\/\/www.meydan.tv\/az\/article\/belediyyelerin-korrupsiyaya-bulasmasi-fikri-ile-razilasmiram\/","og_locale":"az_AZ","og_type":"article","og_title":"\"B\u0259l\u0259diyy\u0259l\u0259rin korrupsiyaya bula\u015fmas\u0131 fikri il\u0259 raz\u0131la\u015fm\u0131ram\" - MEYDAN.TV","og_description":"Samir \u018fliyev: \"B\u0259l\u0259diyy\u0259l\u0259r icra hakimiyy\u0259tl\u0259rinin raz\u0131l\u0131\u011f\u0131 olmadan he\u00e7 n\u0259y\u0259 s\u0259r\u0259ncam ver\u0259 bilmir\"","og_url":"https:\/\/www.meydan.tv\/az\/article\/belediyyelerin-korrupsiyaya-bulasmasi-fikri-ile-razilasmiram\/","og_site_name":"MEYDAN.TV","article_published_time":"2015-05-21T15:03:15+00:00","og_image":[{"width":322,"height":300,"url":"https:\/\/www.meydan.tv\/wp-content\/uploads\/9090.jpg","type":"image\/jpeg"}],"twitter_card":"summary_large_image","schema":{"@context":"https:\/\/schema.org","@graph":[{"@type":"Article","@id":"https:\/\/www.meydan.tv\/az\/article\/belediyyelerin-korrupsiyaya-bulasmasi-fikri-ile-razilasmiram\/#article","isPartOf":{"@id":"https:\/\/www.meydan.tv\/az\/article\/belediyyelerin-korrupsiyaya-bulasmasi-fikri-ile-razilasmiram\/"},"author":{"name":"user-manager","@id":"https:\/\/www.meydan.tv\/az\/#\/schema\/person\/10d11eccf6da3662cf5fdab9806ea91a"},"headline":"&#8220;B\u0259l\u0259diyy\u0259l\u0259rin korrupsiyaya bula\u015fmas\u0131 fikri il\u0259 raz\u0131la\u015fm\u0131ram&#8221;","datePublished":"2015-05-21T15:03:15+00:00","mainEntityOfPage":{"@id":"https:\/\/www.meydan.tv\/az\/article\/belediyyelerin-korrupsiyaya-bulasmasi-fikri-ile-razilasmiram\/"},"wordCount":1275,"publisher":{"@id":"https:\/\/www.meydan.tv\/az\/#organization"},"image":{"@id":"https:\/\/www.meydan.tv\/az\/article\/belediyyelerin-korrupsiyaya-bulasmasi-fikri-ile-razilasmiram\/#primaryimage"},"thumbnailUrl":"https:\/\/www.meydan.tv\/wp-content\/uploads\/9090.jpg","articleSection":["X\u0259b\u0259rl\u0259r"],"inLanguage":"az"},{"@type":"WebPage","@id":"https:\/\/www.meydan.tv\/az\/article\/belediyyelerin-korrupsiyaya-bulasmasi-fikri-ile-razilasmiram\/","url":"https:\/\/www.meydan.tv\/az\/article\/belediyyelerin-korrupsiyaya-bulasmasi-fikri-ile-razilasmiram\/","name":"\"B\u0259l\u0259diyy\u0259l\u0259rin korrupsiyaya bula\u015fmas\u0131 fikri il\u0259 raz\u0131la\u015fm\u0131ram\" - MEYDAN.TV","isPartOf":{"@id":"https:\/\/www.meydan.tv\/az\/#website"},"primaryImageOfPage":{"@id":"https:\/\/www.meydan.tv\/az\/article\/belediyyelerin-korrupsiyaya-bulasmasi-fikri-ile-razilasmiram\/#primaryimage"},"image":{"@id":"https:\/\/www.meydan.tv\/az\/article\/belediyyelerin-korrupsiyaya-bulasmasi-fikri-ile-razilasmiram\/#primaryimage"},"thumbnailUrl":"https:\/\/www.meydan.tv\/wp-content\/uploads\/9090.jpg","datePublished":"2015-05-21T15:03:15+00:00","breadcrumb":{"@id":"https:\/\/www.meydan.tv\/az\/article\/belediyyelerin-korrupsiyaya-bulasmasi-fikri-ile-razilasmiram\/#breadcrumb"},"inLanguage":"az","potentialAction":[{"@type":"ReadAction","target":["https:\/\/www.meydan.tv\/az\/article\/belediyyelerin-korrupsiyaya-bulasmasi-fikri-ile-razilasmiram\/"]}]},{"@type":"ImageObject","inLanguage":"az","@id":"https:\/\/www.meydan.tv\/az\/article\/belediyyelerin-korrupsiyaya-bulasmasi-fikri-ile-razilasmiram\/#primaryimage","url":"https:\/\/www.meydan.tv\/wp-content\/uploads\/9090.jpg","contentUrl":"https:\/\/www.meydan.tv\/wp-content\/uploads\/9090.jpg","width":322,"height":300,"caption":"Source:"},{"@type":"BreadcrumbList","@id":"https:\/\/www.meydan.tv\/az\/article\/belediyyelerin-korrupsiyaya-bulasmasi-fikri-ile-razilasmiram\/#breadcrumb","itemListElement":[{"@type":"ListItem","position":1,"name":"Ana s\u0259hif\u0259","item":"https:\/\/www.meydan.tv\/az\/"},{"@type":"ListItem","position":2,"name":"X\u0259b\u0259rl\u0259r","item":"https:\/\/www.meydan.tv\/az\/section\/xeberler\/"},{"@type":"ListItem","position":3,"name":"&#8220;B\u0259l\u0259diyy\u0259l\u0259rin korrupsiyaya bula\u015fmas\u0131 fikri il\u0259 raz\u0131la\u015fm\u0131ram&#8221;"}]},{"@type":"WebSite","@id":"https:\/\/www.meydan.tv\/az\/#website","url":"https:\/\/www.meydan.tv\/az\/","name":"MEYDAN.TV","description":"Meydan TV Az\u0259rbaycan\u0131n media m\u0259kan\u0131ndak\u0131 alternativ s\u0259sidir","publisher":{"@id":"https:\/\/www.meydan.tv\/az\/#organization"},"potentialAction":[{"@type":"SearchAction","target":{"@type":"EntryPoint","urlTemplate":"https:\/\/www.meydan.tv\/az\/?s={search_term_string}"},"query-input":{"@type":"PropertyValueSpecification","valueRequired":true,"valueName":"search_term_string"}}],"inLanguage":"az"},{"@type":"Organization","@id":"https:\/\/www.meydan.tv\/az\/#organization","name":"Meydan TV","url":"https:\/\/www.meydan.tv\/az\/","logo":{"@type":"ImageObject","inLanguage":"az","@id":"https:\/\/www.meydan.tv\/az\/#\/schema\/logo\/image\/","url":"https:\/\/www.meydan.tv\/wp-content\/uploads\/2021\/07\/meydan-logo.svg","contentUrl":"https:\/\/www.meydan.tv\/wp-content\/uploads\/2021\/07\/meydan-logo.svg","width":195,"height":46,"caption":"Meydan TV"},"image":{"@id":"https:\/\/www.meydan.tv\/az\/#\/schema\/logo\/image\/"}},{"@type":"Person","@id":"https:\/\/www.meydan.tv\/az\/#\/schema\/person\/10d11eccf6da3662cf5fdab9806ea91a","name":"user-manager"}]}},"_links":{"self":[{"href":"https:\/\/www.meydan.tv\/az\/wp-json\/wp\/v2\/posts\/168013","targetHints":{"allow":["GET"]}}],"collection":[{"href":"https:\/\/www.meydan.tv\/az\/wp-json\/wp\/v2\/posts"}],"about":[{"href":"https:\/\/www.meydan.tv\/az\/wp-json\/wp\/v2\/types\/post"}],"author":[{"embeddable":true,"href":"https:\/\/www.meydan.tv\/az\/wp-json\/wp\/v2\/users\/11"}],"replies":[{"embeddable":true,"href":"https:\/\/www.meydan.tv\/az\/wp-json\/wp\/v2\/comments?post=168013"}],"version-history":[{"count":0,"href":"https:\/\/www.meydan.tv\/az\/wp-json\/wp\/v2\/posts\/168013\/revisions"}],"wp:featuredmedia":[{"embeddable":true,"href":"https:\/\/www.meydan.tv\/az\/wp-json\/wp\/v2\/media\/24927"}],"wp:attachment":[{"href":"https:\/\/www.meydan.tv\/az\/wp-json\/wp\/v2\/media?parent=168013"}],"wp:term":[{"taxonomy":"category","embeddable":true,"href":"https:\/\/www.meydan.tv\/az\/wp-json\/wp\/v2\/categories?post=168013"},{"taxonomy":"post_tag","embeddable":true,"href":"https:\/\/www.meydan.tv\/az\/wp-json\/wp\/v2\/tags?post=168013"}],"curies":[{"name":"wp","href":"https:\/\/api.w.org\/{rel}","templated":true}]}}