{"id":168007,"date":"2015-05-21T03:00:12","date_gmt":"2015-05-21T03:00:12","guid":{"rendered":"https:\/\/www.meydan.tv\/article\/maskalar-sokulsun-aksiyasinda-saxlanilanlar-var-video\/"},"modified":"2015-05-21T03:00:12","modified_gmt":"2015-05-21T03:00:12","slug":"maskalar-sokulsun-aksiyasinda-saxlanilanlar-var-video","status":"publish","type":"post","link":"https:\/\/www.meydan.tv\/az\/article\/maskalar-sokulsun-aksiyasinda-saxlanilanlar-var-video\/","title":{"rendered":"&#8220;Maskalar s\u00f6k\u00fcls\u00fcn&#8221; aksiyas\u0131nda saxlan\u0131lanlar var (V\u0130DEO)"},"content":{"rendered":"<figure class=\"wp-block-embed is-type-video is-provider-youtube wp-block-embed-youtube wp-embed-aspect-16-9 wp-has-aspect-ratio\">\n<div class=\"wp-block-embed__wrapper\">\n    <iframe loading=\"lazy\"\ttitle=\"\" width=\"1200\" height=\"675\" src=\"https:\/\/www.youtube.com\/embed\/uwAcR3c9aXg\"\tframeborder=\"0\"\tallow=\"accelerometer; autoplay; clipboard-write; encrypted-media; gyroscope; picture-in-picture\" allowfullscreen><\/iframe>\n  <\/div><figcaption><\/figcaption><\/figure>\n<p>\n  May\u0131n 20-d\u0259 Azadl\u0131q prospektind\u0259 yan\u011f\u0131n ba\u015f ver\u0259n binan\u0131n qar\u015f\u0131s\u0131nda aksiya ke\u00e7irilib.\u00a0 Aksiyada \u201cmaskalar\u00a0 s\u00f6k\u00fcls\u00fcn\u201d \u015f\u00fcar\u0131 s\u0259sl\u0259ndirilib.\u00a0 Polisl\u0259r aksiya i\u015ftirak\u00e7\u0131lar\u0131na x\u0259b\u0259rdarl\u0131q edibl\u0259r ki, g\u00fcll\u0259ri yer\u0259 qoyandan sonra \u0259razini t\u0259rk etsinl\u0259r. Aksiya zaman\u0131 polisl\u0259 i\u015ftirak\u00e7\u0131lar aras\u0131nda qar\u015f\u0131durma ya\u015fan\u0131b. N\u0259tic\u0259d\u0259 iki n\u0259f\u0259r saxlan\u0131l\u0131b.\n<\/p>\n<p>\n  May\u0131n 19-da Bin\u0259q\u0259di rayonu \u0259razisind\u0259 yerl\u0259\u015f\u0259n ya\u015fay\u0131\u015f binas\u0131nda ba\u015f ver\u0259n yan\u011f\u0131n n\u0259tic\u0259sind\u0259 16 n\u0259f\u0259r h\u0259lak olub.<\/p>\n","protected":false},"excerpt":{"rendered":"<p>\u0130ki n\u0259f\u0259r saxlan\u0131l\u0131b<\/p>\n","protected":false},"author":11,"featured_media":24885,"comment_status":"closed","ping_status":"open","sticky":false,"template":"","format":"standard","meta":{"_acf_changed":false,"_sitemap_exclude":false,"_sitemap_priority":"","_sitemap_frequency":"","footnotes":""},"categories":[63],"tags":[],"class_list":["post-168007","post","type-post","status-publish","format-standard","has-post-thumbnail","hentry","category-video-2","infinite-scroll-item","generate-columns","tablet-grid-50","mobile-grid-100","grid-parent","grid-33","no-featured-image-padding"],"acf":[],"yoast_head":"<!-- This site is optimized with the Yoast SEO plugin v28.3 - https:\/\/yoast.com\/product\/yoast-seo-wordpress\/ -->\n<title>&quot;Maskalar s\u00f6k\u00fcls\u00fcn&quot; aksiyas\u0131nda saxlan\u0131lanlar var (V\u0130DEO) - MEYDAN.TV<\/title>\n<meta name=\"robots\" content=\"index, follow, max-snippet:-1, max-image-preview:large, max-video-preview:-1\" \/>\n<link rel=\"canonical\" href=\"https:\/\/www.meydan.tv\/az\/article\/maskalar-sokulsun-aksiyasinda-saxlanilanlar-var-video\/\" \/>\n<meta property=\"og:locale\" content=\"az_AZ\" \/>\n<meta property=\"og:type\" content=\"article\" \/>\n<meta property=\"og:title\" content=\"&quot;Maskalar s\u00f6k\u00fcls\u00fcn&quot; aksiyas\u0131nda saxlan\u0131lanlar var (V\u0130DEO) - MEYDAN.TV\" \/>\n<meta property=\"og:description\" content=\"\u0130ki n\u0259f\u0259r saxlan\u0131l\u0131b\" \/>\n<meta property=\"og:url\" content=\"https:\/\/www.meydan.tv\/az\/article\/maskalar-sokulsun-aksiyasinda-saxlanilanlar-var-video\/\" \/>\n<meta property=\"og:site_name\" content=\"MEYDAN.TV\" \/>\n<meta property=\"article:published_time\" content=\"2015-05-21T03:00:12+00:00\" \/>\n<meta property=\"og:image\" content=\"https:\/\/www.meydan.tv\/wp-content\/uploads\/9078.jpg\" \/>\n\t<meta property=\"og:image:width\" content=\"1714\" \/>\n\t<meta property=\"og:image:height\" content=\"895\" \/>\n\t<meta property=\"og:image:type\" content=\"image\/jpeg\" \/>\n<meta name=\"twitter:card\" content=\"summary_large_image\" \/>\n<!-- \/ Yoast SEO plugin. -->","yoast_head_json":{"title":"\"Maskalar s\u00f6k\u00fcls\u00fcn\" aksiyas\u0131nda saxlan\u0131lanlar var (V\u0130DEO) - MEYDAN.TV","robots":{"index":"index","follow":"follow","max-snippet":"max-snippet:-1","max-image-preview":"max-image-preview:large","max-video-preview":"max-video-preview:-1"},"canonical":"https:\/\/www.meydan.tv\/az\/article\/maskalar-sokulsun-aksiyasinda-saxlanilanlar-var-video\/","og_locale":"az_AZ","og_type":"article","og_title":"\"Maskalar s\u00f6k\u00fcls\u00fcn\" aksiyas\u0131nda saxlan\u0131lanlar var (V\u0130DEO) - MEYDAN.TV","og_description":"\u0130ki n\u0259f\u0259r saxlan\u0131l\u0131b","og_url":"https:\/\/www.meydan.tv\/az\/article\/maskalar-sokulsun-aksiyasinda-saxlanilanlar-var-video\/","og_site_name":"MEYDAN.TV","article_published_time":"2015-05-21T03:00:12+00:00","og_image":[{"width":1714,"height":895,"url":"https:\/\/www.meydan.tv\/wp-content\/uploads\/9078.jpg","type":"image\/jpeg"}],"twitter_card":"summary_large_image","schema":{"@context":"https:\/\/schema.org","@graph":[{"@type":"Article","@id":"https:\/\/www.meydan.tv\/az\/article\/maskalar-sokulsun-aksiyasinda-saxlanilanlar-var-video\/#article","isPartOf":{"@id":"https:\/\/www.meydan.tv\/az\/article\/maskalar-sokulsun-aksiyasinda-saxlanilanlar-var-video\/"},"author":{"name":"user-manager","@id":"https:\/\/www.meydan.tv\/az\/#\/schema\/person\/10d11eccf6da3662cf5fdab9806ea91a"},"headline":"&#8220;Maskalar s\u00f6k\u00fcls\u00fcn&#8221; aksiyas\u0131nda saxlan\u0131lanlar var (V\u0130DEO)","datePublished":"2015-05-21T03:00:12+00:00","mainEntityOfPage":{"@id":"https:\/\/www.meydan.tv\/az\/article\/maskalar-sokulsun-aksiyasinda-saxlanilanlar-var-video\/"},"wordCount":117,"publisher":{"@id":"https:\/\/www.meydan.tv\/az\/#organization"},"image":{"@id":"https:\/\/www.meydan.tv\/az\/article\/maskalar-sokulsun-aksiyasinda-saxlanilanlar-var-video\/#primaryimage"},"thumbnailUrl":"https:\/\/www.meydan.tv\/wp-content\/uploads\/9078.jpg","articleSection":["Video"],"inLanguage":"az"},{"@type":"WebPage","@id":"https:\/\/www.meydan.tv\/az\/article\/maskalar-sokulsun-aksiyasinda-saxlanilanlar-var-video\/","url":"https:\/\/www.meydan.tv\/az\/article\/maskalar-sokulsun-aksiyasinda-saxlanilanlar-var-video\/","name":"\"Maskalar s\u00f6k\u00fcls\u00fcn\" aksiyas\u0131nda saxlan\u0131lanlar var (V\u0130DEO) - MEYDAN.TV","isPartOf":{"@id":"https:\/\/www.meydan.tv\/az\/#website"},"primaryImageOfPage":{"@id":"https:\/\/www.meydan.tv\/az\/article\/maskalar-sokulsun-aksiyasinda-saxlanilanlar-var-video\/#primaryimage"},"image":{"@id":"https:\/\/www.meydan.tv\/az\/article\/maskalar-sokulsun-aksiyasinda-saxlanilanlar-var-video\/#primaryimage"},"thumbnailUrl":"https:\/\/www.meydan.tv\/wp-content\/uploads\/9078.jpg","datePublished":"2015-05-21T03:00:12+00:00","breadcrumb":{"@id":"https:\/\/www.meydan.tv\/az\/article\/maskalar-sokulsun-aksiyasinda-saxlanilanlar-var-video\/#breadcrumb"},"inLanguage":"az","potentialAction":[{"@type":"ReadAction","target":["https:\/\/www.meydan.tv\/az\/article\/maskalar-sokulsun-aksiyasinda-saxlanilanlar-var-video\/"]}]},{"@type":"ImageObject","inLanguage":"az","@id":"https:\/\/www.meydan.tv\/az\/article\/maskalar-sokulsun-aksiyasinda-saxlanilanlar-var-video\/#primaryimage","url":"https:\/\/www.meydan.tv\/wp-content\/uploads\/9078.jpg","contentUrl":"https:\/\/www.meydan.tv\/wp-content\/uploads\/9078.jpg","width":1714,"height":895,"caption":"Source:"},{"@type":"BreadcrumbList","@id":"https:\/\/www.meydan.tv\/az\/article\/maskalar-sokulsun-aksiyasinda-saxlanilanlar-var-video\/#breadcrumb","itemListElement":[{"@type":"ListItem","position":1,"name":"Ana s\u0259hif\u0259","item":"https:\/\/www.meydan.tv\/az\/"},{"@type":"ListItem","position":2,"name":"Video","item":"https:\/\/www.meydan.tv\/az\/section\/video-2\/"},{"@type":"ListItem","position":3,"name":"&#8220;Maskalar s\u00f6k\u00fcls\u00fcn&#8221; aksiyas\u0131nda saxlan\u0131lanlar var (V\u0130DEO)"}]},{"@type":"WebSite","@id":"https:\/\/www.meydan.tv\/az\/#website","url":"https:\/\/www.meydan.tv\/az\/","name":"MEYDAN.TV","description":"Meydan TV Az\u0259rbaycan\u0131n media m\u0259kan\u0131ndak\u0131 alternativ s\u0259sidir","publisher":{"@id":"https:\/\/www.meydan.tv\/az\/#organization"},"potentialAction":[{"@type":"SearchAction","target":{"@type":"EntryPoint","urlTemplate":"https:\/\/www.meydan.tv\/az\/?s={search_term_string}"},"query-input":{"@type":"PropertyValueSpecification","valueRequired":true,"valueName":"search_term_string"}}],"inLanguage":"az"},{"@type":"Organization","@id":"https:\/\/www.meydan.tv\/az\/#organization","name":"Meydan TV","url":"https:\/\/www.meydan.tv\/az\/","logo":{"@type":"ImageObject","inLanguage":"az","@id":"https:\/\/www.meydan.tv\/az\/#\/schema\/logo\/image\/","url":"https:\/\/www.meydan.tv\/wp-content\/uploads\/2021\/07\/meydan-logo.svg","contentUrl":"https:\/\/www.meydan.tv\/wp-content\/uploads\/2021\/07\/meydan-logo.svg","width":195,"height":46,"caption":"Meydan TV"},"image":{"@id":"https:\/\/www.meydan.tv\/az\/#\/schema\/logo\/image\/"}},{"@type":"Person","@id":"https:\/\/www.meydan.tv\/az\/#\/schema\/person\/10d11eccf6da3662cf5fdab9806ea91a","name":"user-manager"}]}},"_links":{"self":[{"href":"https:\/\/www.meydan.tv\/az\/wp-json\/wp\/v2\/posts\/168007","targetHints":{"allow":["GET"]}}],"collection":[{"href":"https:\/\/www.meydan.tv\/az\/wp-json\/wp\/v2\/posts"}],"about":[{"href":"https:\/\/www.meydan.tv\/az\/wp-json\/wp\/v2\/types\/post"}],"author":[{"embeddable":true,"href":"https:\/\/www.meydan.tv\/az\/wp-json\/wp\/v2\/users\/11"}],"replies":[{"embeddable":true,"href":"https:\/\/www.meydan.tv\/az\/wp-json\/wp\/v2\/comments?post=168007"}],"version-history":[{"count":0,"href":"https:\/\/www.meydan.tv\/az\/wp-json\/wp\/v2\/posts\/168007\/revisions"}],"wp:featuredmedia":[{"embeddable":true,"href":"https:\/\/www.meydan.tv\/az\/wp-json\/wp\/v2\/media\/24885"}],"wp:attachment":[{"href":"https:\/\/www.meydan.tv\/az\/wp-json\/wp\/v2\/media?parent=168007"}],"wp:term":[{"taxonomy":"category","embeddable":true,"href":"https:\/\/www.meydan.tv\/az\/wp-json\/wp\/v2\/categories?post=168007"},{"taxonomy":"post_tag","embeddable":true,"href":"https:\/\/www.meydan.tv\/az\/wp-json\/wp\/v2\/tags?post=168007"}],"curies":[{"name":"wp","href":"https:\/\/api.w.org\/{rel}","templated":true}]}}