{"id":168006,"date":"2015-05-21T01:59:46","date_gmt":"2015-05-21T01:59:46","guid":{"rendered":"https:\/\/www.meydan.tv\/article\/kamaleddin-heyderov-bu-materialla-uzlenmis-263-bina-var\/"},"modified":"2015-05-21T01:59:46","modified_gmt":"2015-05-21T01:59:46","slug":"kamaleddin-heyderov-bu-materialla-uzlenmis-263-bina-var","status":"publish","type":"post","link":"https:\/\/www.meydan.tv\/az\/article\/kamaleddin-heyderov-bu-materialla-uzlenmis-263-bina-var\/","title":{"rendered":"Kamal\u0259ddin Heyd\u0259rov: \u201cBu materialla \u00fczl\u0259nmi\u015f 263 bina var\u201d"},"content":{"rendered":"<figure class=\"wp-block-image size-large\">\n  <img decoding=\"async\" src=\"https:\/\/www.meydan.tv\/az\/24888\/\" alt=\"\" class=\"wp-image-24888\"\/><figcaption><\/figcaption><\/figure>\n<p>\n  <i><br \/>\n    &#8220;Yan\u011f\u0131ns\u00f6nd\u00fcr\u0259nl\u0259rin i\u015ftirak\u0131 il\u0259 art\u0131q 150 binaya n\u0259zar\u0259t t\u0259\u015fkil olunub&#8221;<br \/>\n  <\/i>\n<\/p>\n<figure class=\"wp-block-image size-large\">\n  <img decoding=\"async\" src=\"https:\/\/www.meydan.tv\/az\/24888\/\" alt=\"\" class=\"wp-image-24888\"\/><figcaption><\/figcaption><\/figure>\n<p>\n  Az\u0259rbaycanda poliuretan \u00fczl\u00fck materiallar\u0131 il\u0259 263 bina var. Bu a\u00e7\u0131qlaman\u0131 f\u00f6vq\u0259lad\u0259 hallar naziri K\u0259mal\u0259ddin Heyd\u0259rov Bak\u0131da ba\u015f ver\u0259n yan\u011f\u0131nla \u0259laq\u0259dar yarad\u0131lan D\u00f6vl\u0259t Komissiyas\u0131n\u0131n Az\u0259rbaycan prezidentinin r\u0259hb\u0259rliyi il\u0259 ke\u00e7iril\u0259n ilk iclas\u0131nda s\u0259sl\u0259ndirib.\n<\/p>\n<p><div>\n    K.Heyd\u0259rov \u00f6lk\u0259 ba\u015f\u00e7\u0131s\u0131na bildirib ki, aprelin 10-da X\u0259tai rayonundak\u0131 binada ba\u015f ver\u0259n yan\u011f\u0131n hadis\u0259sind\u0259n sonra ona veril\u0259n tap\u015f\u0131r\u0131qla ara\u015fd\u0131rmalar apar\u0131l\u0131b:\n  <\/div>\n<\/p>\n<p><div><\/div>\n<\/p>\n<p><div>\n    \u201cM\u0259n\u0259 verdiyiniz tap\u015f\u0131r\u0131qdan sonra biz bu materialla \u00fczl\u0259nmi\u015f b\u00fct\u00fcn binalar\u0131 (ona q\u0259d\u0259r d\u0259 \u0259limizd\u0259 materiallar, m\u0259lumatlar var idi) ara\u015fd\u0131rm\u0131\u015f\u0131q. \u015e\u0259h\u0259rin \u0259ks\u0259r yerl\u0259rind\u0259 24 saatl\u0131q n\u00f6vb\u0259t\u00e7ilik qurmu\u015fuq. M\u00fclki M\u00fcdafi\u0259 Qo\u015funlar\u0131n\u0131n, X\u00fcsusi Riskli Xilasetm\u0259 D\u0259st\u0259sinin, Yan\u011f\u0131n N\u0259zar\u0259ti Xidm\u0259ti \u0259m\u0259kda\u015flar\u0131n\u0131n v\u0259 yan\u011f\u0131ns\u00f6nd\u00fcr\u0259nl\u0259rin i\u015ftirak\u0131 il\u0259 art\u0131q 150 binaya n\u0259zar\u0259t t\u0259\u015fkil olunub. \u00d6lk\u0259d\u0259 is\u0259 bu q\u0259bild\u0259n olan 263 bina var. Biz 263 binadak\u0131 \u00fczl\u00fckl\u0259r s\u00f6k\u00fcl\u0259n\u0259 q\u0259d\u0259r orada n\u0259zar\u0259ti t\u0259min ed\u0259, \u0259raziy\u0259 yan\u011f\u0131ns\u00f6nd\u00fcr\u0259n ma\u015f\u0131nlar da yerl\u0259\u015fdir\u0259 bil\u0259rik&#8221;.\n  <\/div><\/p>\n","protected":false},"excerpt":{"rendered":"<p>&#8220;Yan\u011f\u0131ns\u00f6nd\u00fcr\u0259nl\u0259rin i\u015ftirak\u0131 il\u0259 art\u0131q 150 binaya n\u0259zar\u0259t t\u0259\u015fkil olunub&#8221;<\/p>\n","protected":false},"author":11,"featured_media":24888,"comment_status":"closed","ping_status":"open","sticky":false,"template":"","format":"standard","meta":{"_acf_changed":false,"_sitemap_exclude":false,"_sitemap_priority":"","_sitemap_frequency":"","footnotes":""},"categories":[56],"tags":[],"class_list":["post-168006","post","type-post","status-publish","format-standard","has-post-thumbnail","hentry","category-xeberler","infinite-scroll-item","generate-columns","tablet-grid-50","mobile-grid-100","grid-parent","grid-33","no-featured-image-padding"],"acf":[],"yoast_head":"<!-- This site is optimized with the Yoast SEO plugin v28.4 - https:\/\/yoast.com\/product\/yoast-seo-wordpress\/ -->\n<title>Kamal\u0259ddin Heyd\u0259rov: \u201cBu materialla \u00fczl\u0259nmi\u015f 263 bina var\u201d - MEYDAN.TV<\/title>\n<meta name=\"robots\" content=\"index, follow, max-snippet:-1, max-image-preview:large, max-video-preview:-1\" \/>\n<link rel=\"canonical\" href=\"https:\/\/www.meydan.tv\/az\/article\/kamaleddin-heyderov-bu-materialla-uzlenmis-263-bina-var\/\" \/>\n<meta property=\"og:locale\" content=\"az_AZ\" \/>\n<meta property=\"og:type\" content=\"article\" \/>\n<meta property=\"og:title\" content=\"Kamal\u0259ddin Heyd\u0259rov: \u201cBu materialla \u00fczl\u0259nmi\u015f 263 bina var\u201d - MEYDAN.TV\" \/>\n<meta property=\"og:description\" content=\"&quot;Yan\u011f\u0131ns\u00f6nd\u00fcr\u0259nl\u0259rin i\u015ftirak\u0131 il\u0259 art\u0131q 150 binaya n\u0259zar\u0259t t\u0259\u015fkil olunub&quot;\" \/>\n<meta property=\"og:url\" content=\"https:\/\/www.meydan.tv\/az\/article\/kamaleddin-heyderov-bu-materialla-uzlenmis-263-bina-var\/\" \/>\n<meta property=\"og:site_name\" content=\"MEYDAN.TV\" \/>\n<meta property=\"article:published_time\" content=\"2015-05-21T01:59:46+00:00\" \/>\n<meta property=\"og:image\" content=\"https:\/\/www.meydan.tv\/wp-content\/uploads\/9064.jpg\" \/>\n\t<meta property=\"og:image:width\" content=\"420\" \/>\n\t<meta property=\"og:image:height\" content=\"271\" \/>\n\t<meta property=\"og:image:type\" content=\"image\/jpeg\" \/>\n<meta name=\"twitter:card\" content=\"summary_large_image\" \/>\n<!-- \/ Yoast SEO plugin. -->","yoast_head_json":{"title":"Kamal\u0259ddin Heyd\u0259rov: \u201cBu materialla \u00fczl\u0259nmi\u015f 263 bina var\u201d - MEYDAN.TV","robots":{"index":"index","follow":"follow","max-snippet":"max-snippet:-1","max-image-preview":"max-image-preview:large","max-video-preview":"max-video-preview:-1"},"canonical":"https:\/\/www.meydan.tv\/az\/article\/kamaleddin-heyderov-bu-materialla-uzlenmis-263-bina-var\/","og_locale":"az_AZ","og_type":"article","og_title":"Kamal\u0259ddin Heyd\u0259rov: \u201cBu materialla \u00fczl\u0259nmi\u015f 263 bina var\u201d - MEYDAN.TV","og_description":"\"Yan\u011f\u0131ns\u00f6nd\u00fcr\u0259nl\u0259rin i\u015ftirak\u0131 il\u0259 art\u0131q 150 binaya n\u0259zar\u0259t t\u0259\u015fkil olunub\"","og_url":"https:\/\/www.meydan.tv\/az\/article\/kamaleddin-heyderov-bu-materialla-uzlenmis-263-bina-var\/","og_site_name":"MEYDAN.TV","article_published_time":"2015-05-21T01:59:46+00:00","og_image":[{"width":420,"height":271,"url":"https:\/\/www.meydan.tv\/wp-content\/uploads\/9064.jpg","type":"image\/jpeg"}],"twitter_card":"summary_large_image","schema":{"@context":"https:\/\/schema.org","@graph":[{"@type":"Article","@id":"https:\/\/www.meydan.tv\/az\/article\/kamaleddin-heyderov-bu-materialla-uzlenmis-263-bina-var\/#article","isPartOf":{"@id":"https:\/\/www.meydan.tv\/az\/article\/kamaleddin-heyderov-bu-materialla-uzlenmis-263-bina-var\/"},"author":{"name":"user-manager","@id":"https:\/\/www.meydan.tv\/az\/#\/schema\/person\/10d11eccf6da3662cf5fdab9806ea91a"},"headline":"Kamal\u0259ddin Heyd\u0259rov: \u201cBu materialla \u00fczl\u0259nmi\u015f 263 bina var\u201d","datePublished":"2015-05-21T01:59:46+00:00","mainEntityOfPage":{"@id":"https:\/\/www.meydan.tv\/az\/article\/kamaleddin-heyderov-bu-materialla-uzlenmis-263-bina-var\/"},"wordCount":252,"publisher":{"@id":"https:\/\/www.meydan.tv\/az\/#organization"},"image":{"@id":"https:\/\/www.meydan.tv\/az\/article\/kamaleddin-heyderov-bu-materialla-uzlenmis-263-bina-var\/#primaryimage"},"thumbnailUrl":"https:\/\/www.meydan.tv\/wp-content\/uploads\/9064.jpg","articleSection":["X\u0259b\u0259rl\u0259r"],"inLanguage":"az"},{"@type":"WebPage","@id":"https:\/\/www.meydan.tv\/az\/article\/kamaleddin-heyderov-bu-materialla-uzlenmis-263-bina-var\/","url":"https:\/\/www.meydan.tv\/az\/article\/kamaleddin-heyderov-bu-materialla-uzlenmis-263-bina-var\/","name":"Kamal\u0259ddin Heyd\u0259rov: \u201cBu materialla \u00fczl\u0259nmi\u015f 263 bina var\u201d - MEYDAN.TV","isPartOf":{"@id":"https:\/\/www.meydan.tv\/az\/#website"},"primaryImageOfPage":{"@id":"https:\/\/www.meydan.tv\/az\/article\/kamaleddin-heyderov-bu-materialla-uzlenmis-263-bina-var\/#primaryimage"},"image":{"@id":"https:\/\/www.meydan.tv\/az\/article\/kamaleddin-heyderov-bu-materialla-uzlenmis-263-bina-var\/#primaryimage"},"thumbnailUrl":"https:\/\/www.meydan.tv\/wp-content\/uploads\/9064.jpg","datePublished":"2015-05-21T01:59:46+00:00","breadcrumb":{"@id":"https:\/\/www.meydan.tv\/az\/article\/kamaleddin-heyderov-bu-materialla-uzlenmis-263-bina-var\/#breadcrumb"},"inLanguage":"az","potentialAction":[{"@type":"ReadAction","target":["https:\/\/www.meydan.tv\/az\/article\/kamaleddin-heyderov-bu-materialla-uzlenmis-263-bina-var\/"]}]},{"@type":"ImageObject","inLanguage":"az","@id":"https:\/\/www.meydan.tv\/az\/article\/kamaleddin-heyderov-bu-materialla-uzlenmis-263-bina-var\/#primaryimage","url":"https:\/\/www.meydan.tv\/wp-content\/uploads\/9064.jpg","contentUrl":"https:\/\/www.meydan.tv\/wp-content\/uploads\/9064.jpg","width":420,"height":271,"caption":"Source:"},{"@type":"BreadcrumbList","@id":"https:\/\/www.meydan.tv\/az\/article\/kamaleddin-heyderov-bu-materialla-uzlenmis-263-bina-var\/#breadcrumb","itemListElement":[{"@type":"ListItem","position":1,"name":"Ana s\u0259hif\u0259","item":"https:\/\/www.meydan.tv\/az\/"},{"@type":"ListItem","position":2,"name":"X\u0259b\u0259rl\u0259r","item":"https:\/\/www.meydan.tv\/az\/section\/xeberler\/"},{"@type":"ListItem","position":3,"name":"Kamal\u0259ddin Heyd\u0259rov: \u201cBu materialla \u00fczl\u0259nmi\u015f 263 bina var\u201d"}]},{"@type":"WebSite","@id":"https:\/\/www.meydan.tv\/az\/#website","url":"https:\/\/www.meydan.tv\/az\/","name":"MEYDAN.TV","description":"Meydan TV Az\u0259rbaycan\u0131n media m\u0259kan\u0131ndak\u0131 alternativ s\u0259sidir","publisher":{"@id":"https:\/\/www.meydan.tv\/az\/#organization"},"potentialAction":[{"@type":"SearchAction","target":{"@type":"EntryPoint","urlTemplate":"https:\/\/www.meydan.tv\/az\/?s={search_term_string}"},"query-input":{"@type":"PropertyValueSpecification","valueRequired":true,"valueName":"search_term_string"}}],"inLanguage":"az"},{"@type":"Organization","@id":"https:\/\/www.meydan.tv\/az\/#organization","name":"Meydan TV","url":"https:\/\/www.meydan.tv\/az\/","logo":{"@type":"ImageObject","inLanguage":"az","@id":"https:\/\/www.meydan.tv\/az\/#\/schema\/logo\/image\/","url":"https:\/\/www.meydan.tv\/wp-content\/uploads\/2021\/07\/meydan-logo.svg","contentUrl":"https:\/\/www.meydan.tv\/wp-content\/uploads\/2021\/07\/meydan-logo.svg","width":195,"height":46,"caption":"Meydan TV"},"image":{"@id":"https:\/\/www.meydan.tv\/az\/#\/schema\/logo\/image\/"}},{"@type":"Person","@id":"https:\/\/www.meydan.tv\/az\/#\/schema\/person\/10d11eccf6da3662cf5fdab9806ea91a","name":"user-manager"}]}},"_links":{"self":[{"href":"https:\/\/www.meydan.tv\/az\/wp-json\/wp\/v2\/posts\/168006","targetHints":{"allow":["GET"]}}],"collection":[{"href":"https:\/\/www.meydan.tv\/az\/wp-json\/wp\/v2\/posts"}],"about":[{"href":"https:\/\/www.meydan.tv\/az\/wp-json\/wp\/v2\/types\/post"}],"author":[{"embeddable":true,"href":"https:\/\/www.meydan.tv\/az\/wp-json\/wp\/v2\/users\/11"}],"replies":[{"embeddable":true,"href":"https:\/\/www.meydan.tv\/az\/wp-json\/wp\/v2\/comments?post=168006"}],"version-history":[{"count":0,"href":"https:\/\/www.meydan.tv\/az\/wp-json\/wp\/v2\/posts\/168006\/revisions"}],"wp:featuredmedia":[{"embeddable":true,"href":"https:\/\/www.meydan.tv\/az\/wp-json\/wp\/v2\/media\/24888"}],"wp:attachment":[{"href":"https:\/\/www.meydan.tv\/az\/wp-json\/wp\/v2\/media?parent=168006"}],"wp:term":[{"taxonomy":"category","embeddable":true,"href":"https:\/\/www.meydan.tv\/az\/wp-json\/wp\/v2\/categories?post=168006"},{"taxonomy":"post_tag","embeddable":true,"href":"https:\/\/www.meydan.tv\/az\/wp-json\/wp\/v2\/tags?post=168006"}],"curies":[{"name":"wp","href":"https:\/\/api.w.org\/{rel}","templated":true}]}}