{"id":168005,"date":"2015-05-21T00:04:26","date_gmt":"2015-05-21T00:04:26","guid":{"rendered":"https:\/\/www.meydan.tv\/article\/moskva-bakiya-xarici-siyaseti-nece-yurutmeyi-dikte-edir\/"},"modified":"2015-05-21T00:04:26","modified_gmt":"2015-05-21T00:04:26","slug":"moskva-bakiya-xarici-siyaseti-nece-yurutmeyi-dikte-edir","status":"publish","type":"post","link":"https:\/\/www.meydan.tv\/az\/article\/moskva-bakiya-xarici-siyaseti-nece-yurutmeyi-dikte-edir\/","title":{"rendered":"\u201cMoskva Bak\u0131ya xarici siyas\u0259ti nec\u0259 y\u00fcr\u00fctm\u0259yi dikt\u0259 edir\u201d"},"content":{"rendered":"<figure class=\"wp-block-image size-large\">\n  <img decoding=\"async\" src=\"https:\/\/www.meydan.tv\/az\/24882\/\" alt=\"\" class=\"wp-image-24882\"\/><figcaption><\/figcaption><\/figure>\n<figure class=\"wp-block-image size-large\">\n  <img decoding=\"async\" src=\"https:\/\/www.meydan.tv\/az\/24882\/\" alt=\"\" class=\"wp-image-24882\"\/><figcaption><\/figcaption><\/figure>\n<p>\n  <i><br \/>\n    \u018fr\u0259stun Oruclu: \u201cBak\u0131n\u0131n Riqa Sammitind\u0259 i\u015ftirak etm\u0259m\u0259sinin s\u0259b\u0259bi Rusiya amilidir\u201d<br \/>\n  <\/i>\n<\/p>\n<p>\n  G\u00fcn\u00fcn birinci yar\u0131s\u0131nda prezident \u0130lham \u018fliyevin Riqa sammitind\u0259 i\u015ftirak etm\u0259m\u0259sinin s\u0259b\u0259bini izah ed\u0259n Prezident Administrasiyas\u0131n\u0131n r\u0259smisi \u018fli H\u0259s\u0259nov bunu d\u00f6vl\u0259t ba\u015f\u00e7\u0131s\u0131n\u0131n i\u015f qrafikinin s\u0131xl\u0131\u011f\u0131 il\u0259 \u0259laq\u0259l\u0259ndirmi\u015fdis\u0259, sonradan f\u0259rqli izahat g\u00fcnd\u0259m\u0259 \u00e7\u0131xd\u0131.\n<\/p>\n<p>\n  <a href=\"https:\/\/apa.az\"><br \/>\n    APA<br \/>\n  <\/a><br \/>\n  -n\u0131n diplomatik m\u0259nb\u0259l\u0259rd\u0259n \u0259ld\u0259 etdiyi m\u0259lumata g\u00f6r\u0259, prezident<br \/>\n  <a href=\"http:\/\/az.apa.az\/tag\/%C4%B0lham+%C6%8Fliyev\"><br \/>\n    \u0130lham \u018fliyev<br \/>\n  <\/a><br \/>\n  in<br \/>\n  <a href=\"http:\/\/az.apa.az\/tag\/Avropa+%C4%B0ttifaq%C4%B1\"><br \/>\n    Avropa \u0130ttifaq\u0131<br \/>\n  <\/a><br \/>\n  \u201c\u015e\u0259rq T\u0259r\u0259fda\u015fl\u0131\u011f\u0131\u201d proqram\u0131na \u00fczv \u00f6lk\u0259l\u0259rin Riqa sammitind\u0259 i\u015ftirak etm\u0259m\u0259si son zamanlar Q\u0259rbd\u0259 Az\u0259rbaycana qar\u015f\u0131 q\u0259r\u0259zli kampaniyan\u0131n h\u0259yata ke\u00e7irilm\u0259sin\u0259, Avropa m\u0259rk\u0259zl\u0259rind\u0259n idar\u0259 olunan QHT-l\u0259rin geni\u015f anti-Az\u0259rbaycan f\u0259aliyy\u0259tin\u0259 reaksiyad\u0131r.\n<\/p>\n<p>\n  Agentlik bildirib ki, Az\u0259rbaycanla strateji t\u0259r\u0259fda\u015fl\u0131q \u0259laq\u0259l\u0259rinin inki\u015faf\u0131nda maraql\u0131 olduqlar\u0131n\u0131 iddia ed\u0259n Q\u0259rb dair\u0259l\u0259rinin yax\u0131ndan i\u015ftirak\u0131 il\u0259 l Avropa Oyunlar\u0131 \u0259r\u0259f\u0259sind\u0259 Az\u0259rbaycana qar\u015f\u0131 \u201cqara piar\u201d kampaniyas\u0131n\u0131n geni\u015fl\u0259ndirilm\u0259si haql\u0131 hidd\u0259t do\u011furur.\n<\/p>\n<p>\n  <a href=\"https:\/\/apa.az\"><br \/>\n    APA<br \/>\n  <\/a><br \/>\n  -n\u0131n \u0259ld\u0259 etdiyi dig\u0259r bir m\u0259lumata g\u00f6r\u0259, bir m\u00fcdd\u0259t \u0259vv\u0259l<br \/>\n  <a href=\"http:\/\/az.apa.az\/tag\/Prezident+Administrasiyas%C4%B1\"><br \/>\n    Prezident Administrasiyas\u0131<br \/>\n  <\/a><br \/>\n  r\u0259hb\u0259rinin m\u00fcavini<br \/>\n  <a href=\"http:\/\/az.apa.az\/tag\/Novruz+M%C9%99mm%C9%99dov\"><br \/>\n    Novruz M\u0259mm\u0259dov<br \/>\n  <\/a><br \/>\n  <a href=\"http:\/\/az.apa.az\/tag\/Avropa+%C4%B0ttifaq%C4%B1\"><br \/>\n    Avropa \u0130ttifaq\u0131<br \/>\n  <\/a><br \/>\n  n\u0131n Az\u0259rbaycandak\u0131 ofisinin r\u0259hb\u0259ri Malena Mard\u0131 d\u0259v\u0259t ed\u0259r\u0259k,<br \/>\n  <a href=\"http:\/\/az.apa.az\/tag\/Avropa+Parlamenti\"><br \/>\n    Avropa Parlamenti<br \/>\n  <\/a><br \/>\n  nin Az\u0259rbaycana qar\u015f\u0131 f\u0259aliyy\u0259tini geni\u015fl\u0259ndirm\u0259sin\u0259 etiraz\u0131n\u0131 bildirib.\n<\/p>\n<p>\n  O, M. Marddan may\u0131n 12-d\u0259<br \/>\n  <a href=\"http:\/\/az.apa.az\/tag\/Avropa+Parlamenti\"><br \/>\n    Avropa Parlamenti<br \/>\n  <\/a><br \/>\n  nd\u0259 Az\u0259rbaycanla ba\u011fl\u0131 ke\u00e7irilm\u0259si n\u0259z\u0259rd\u0259 tutulmu\u015f dinl\u0259m\u0259l\u0259rin dayand\u0131r\u0131lmas\u0131n\u0131 t\u0259l\u0259b edib.<br \/>\n  <a href=\"http:\/\/az.apa.az\/tag\/Avropa+%C4%B0ttifaq%C4%B1\"><br \/>\n    Avropa \u0130ttifaq\u0131<br \/>\n  <\/a><br \/>\n  n\u0131n n\u00fcmay\u0259nd\u0259sin\u0259 \u00e7atd\u0131r\u0131l\u0131b ki, t\u0259dbir dayand\u0131r\u0131lmayaca\u011f\u0131 t\u0259qdird\u0259, Az\u0259rbaycan Prezidentinin Riqa sammitind\u0259 i\u015ftirak\u0131 sual alt\u0131na d\u00fc\u015f\u0259c\u0259k.\n<\/p>\n<p>\n  Diplomatik m\u0259nb\u0259l\u0259r onu da qeyd edir ki, anti-Az\u0259rbaycan ovqat\u0131n\u0131n geni\u015fl\u0259ndiyi Q\u0259rbl\u0259 strateji t\u0259r\u0259fda\u015fl\u0131q m\u00fcmk\u00fcns\u00fczl\u0259\u015fir: &#8220;Az\u0259rbaycan hakimiyy\u0259ti 2012-ci ild\u0259 \u201cEurovision\u201d mahn\u0131 m\u00fcsabiq\u0259si \u0259r\u0259f\u0259sind\u0259 oldu\u011fu kimi, l Avropa Oyunlar\u0131na bir ne\u00e7\u0259 g\u00fcn qalm\u0131\u015f da<br \/>\n  <a href=\"http:\/\/az.apa.az\/tag\/Avropa+Parlamenti\"><br \/>\n    Avropa Parlamenti<br \/>\n  <\/a><br \/>\n  nin Az\u0259rbaycana qar\u015f\u0131 yeni q\u0259tnam\u0259 q\u0259bul ed\u0259c\u0259yi bar\u0259d\u0259 m\u0259lumat al\u0131b. Prezident<br \/>\n  <a href=\"http:\/\/az.apa.az\/tag\/%C4%B0lham+%C6%8Fliyev\"><br \/>\n    \u0130lham \u018fliyev<br \/>\n  <\/a><br \/>\n  d\u0259 m\u0259hz bu amill\u0259ri n\u0259z\u0259r\u0259 alaraq Riqa sammitind\u0259 i\u015ftirakdan imtina edib&#8221;.\n<\/p>\n<p>\n  B\u00fct\u00fcn bunlar\u0131 Meydan TV-y\u0259 \u015f\u0259rh ed\u0259n politoloq \u018fr\u0259stun Oruclu d\u00fc\u015f\u00fcnm\u00fcr ki, s\u0259b\u0259b he\u00e7 d\u0259 APA-nin yayd\u0131\u011f\u0131 kimi \u201cqara piar\u201d kampaniyas\u0131d\u0131r: \u201c\u018fn az\u0131 bir ne\u00e7\u0259 saat \u0259rzind\u0259 iki d\u00f6vl\u0259t m\u0259murunun f\u0259rqli fikirl\u0259ri birm\u0259nal\u0131 qar\u015f\u0131lanmamal\u0131d\u0131r. D\u00fczd\u00fcr, a\u00e7\u0131qlama onlar\u0131n birinin ad\u0131ndan yay\u0131ld\u0131, amma h\u0259l\u0259 Novruz M\u0259mm\u0259dovun t\u0259kzibi yoxdur. Bu m\u0259nada h\u0259min fikirl\u0259rin g\u00fcnd\u0259m\u0259 g\u0259tirilm\u0259si b\u0259han\u0259 v\u0259 planl\u0131 s\u0259ciyy\u0259 da\u015f\u0131y\u0131r. Y\u0259ni hakimiyy\u0259tin \u00f6z\u00fc sanksiyala\u015fd\u0131r\u0131b ki, ictimai r\u0259yd\u0259 bu c\u00fcr fikir ayr\u0131l\u0131\u011f\u0131 formala\u015fd\u0131r\u0131ls\u0131n. Hakimiyy\u0259t r\u0259smil\u0259ri Avropa Parlamentind\u0259ki m\u00fczakir\u0259ni b\u0259han\u0131 ed\u0259 bil\u0259rl\u0259r, ancaq bu qurum m\u00fcst\u0259qil oldu\u011fundan ist\u0259nil\u0259n m\u0259s\u0259l\u0259ni m\u00fczakir\u0259y\u0259 \u00e7\u0131xarda bil\u0259r. Avropa Parlamenti Avropa Birliyind\u0259n v\u0259 Avropa Komissiyas\u0131ndan as\u0131l\u0131 deyil. Bir daha deyir\u0259m, bu c\u00fcr fikir ayr\u0131l\u0131\u011f\u0131n\u0131 ortaya atmaq ba\u015fqa s\u0259b\u0259bin oldu\u011funu g\u00f6st\u0259rir. Ba\u015fqa s\u0259b\u0259bin d\u0259 Rusiya oldu\u011fu ehtimal\u0131 yaran\u0131r. Fikir verin iqtidar t\u0259msil\u00e7il\u0259ri Q\u0259rb\u0259 qar\u015f\u0131 aqressiv olsa da, Rusiyaya \u00a0g\u0259ldikd\u0259, s\u0259sl\u0259rini \u00e7\u0131xarda bilmirl\u0259r\u201d.\n<\/p>\n<p>\n  Politoloq Rusiya T\u0259hl\u00fck\u0259sizlik \u015euras\u0131n\u0131n katibi Patru\u015fevin bu g\u00fcnl\u0259rd\u0259 Bak\u0131 s\u0259f\u0259rini d\u0259 s\u0131radan bir s\u0259f\u0259r hesab etm\u0259di: \u201cG\u00f6r\u00fcn\u00fcr, Patru\u015fevin h\u0259m d\u0259 Kremlin mesaj\u0131n\u0131 Bak\u0131ya g\u0259tirmi\u015fdi. Onsuz da \u0259vv\u0259lc\u0259d\u0259n Kreml r\u0259smil\u0259ri Riqa Sammitini Rusiyan\u0131n \u0259leyhin\u0259 t\u0259dbir hesab etmi\u015fdil\u0259r. Bu, bir daha g\u00f6st\u0259rir ki, Az\u0259rbaycan hakimiyy\u0259tinin \u201cbiz m\u00fcst\u0259qil siyas\u0259t y\u00fcr\u00fcd\u00fcr\u00fck, he\u00e7 bir q\u00fcvv\u0259 siyas\u0259timiz\u0259 t\u0259sir ed\u0259 bilm\u0259z\u201d kimi b\u0259yanatlar\u0131 tamamil\u0259 bo\u015f bir \u015feydir v\u0259 ictimai r\u0259yi aldatma\u011fa hesablan\u0131b. \u018fslind\u0259, Moskva Bak\u0131ya xarici siyas\u0259tini nec\u0259 y\u00fcr\u00fctm\u0259yi dikt\u0259 edir\u201d.\n<\/p>\n<p>\n  \u018fr\u0259stun Oruclu \u201cRiqa Sammitind\u0259 i\u015ftirak etm\u0259m\u0259k Bak\u0131ya n\u0259 verir\u201d sual\u0131n\u0131 bel\u0259 cavabland\u0131rd\u0131: \u201cD\u00fc\u015f\u00fcnm\u00fcr\u0259m ki, prinsipial bax\u0131mdan n\u0259s\u0259 d\u0259yi\u015f\u0259c\u0259k. Amma bu g\u00fcn Az\u0259rbaycan Q\u0259rb\u0259 yox, Q\u0259rb Az\u0259rbaycana la\u0131zmd\u0131r, m\u0259hz Rusiyadan qorunmaq \u00fc\u00e7\u00fcn. \u0130ndiki m\u00fcnasib\u0259tl\u0259 is\u0259 buna nail olmaq m\u00fcmk\u00fcn deyil, apar\u0131lan siyas\u0259t is\u0259 Q\u0259rbi bir az da Az\u0259rbaycandan uzaqla\u015fd\u0131racaq\u201d.<\/p>\n","protected":false},"excerpt":{"rendered":"<p>\u018fr\u0259stun Oruclu: \u201cBak\u0131n\u0131n Riqa Sammitind\u0259 i\u015ftirak etm\u0259m\u0259sinin s\u0259b\u0259bi Rusiya amilidir\u201d<\/p>\n","protected":false},"author":11,"featured_media":24882,"comment_status":"closed","ping_status":"open","sticky":false,"template":"","format":"standard","meta":{"_acf_changed":false,"_sitemap_exclude":false,"_sitemap_priority":"","_sitemap_frequency":"","footnotes":""},"categories":[56],"tags":[],"class_list":["post-168005","post","type-post","status-publish","format-standard","has-post-thumbnail","hentry","category-xeberler","infinite-scroll-item","generate-columns","tablet-grid-50","mobile-grid-100","grid-parent","grid-33","no-featured-image-padding"],"acf":[],"yoast_head":"<!-- This site is optimized with the Yoast SEO plugin v28.4 - https:\/\/yoast.com\/product\/yoast-seo-wordpress\/ -->\n<title>\u201cMoskva Bak\u0131ya xarici siyas\u0259ti nec\u0259 y\u00fcr\u00fctm\u0259yi dikt\u0259 edir\u201d - MEYDAN.TV<\/title>\n<meta name=\"robots\" content=\"index, follow, max-snippet:-1, max-image-preview:large, max-video-preview:-1\" \/>\n<link rel=\"canonical\" href=\"https:\/\/www.meydan.tv\/az\/article\/moskva-bakiya-xarici-siyaseti-nece-yurutmeyi-dikte-edir\/\" \/>\n<meta property=\"og:locale\" content=\"az_AZ\" \/>\n<meta property=\"og:type\" content=\"article\" \/>\n<meta property=\"og:title\" content=\"\u201cMoskva Bak\u0131ya xarici siyas\u0259ti nec\u0259 y\u00fcr\u00fctm\u0259yi dikt\u0259 edir\u201d - MEYDAN.TV\" \/>\n<meta property=\"og:description\" content=\"\u018fr\u0259stun Oruclu: \u201cBak\u0131n\u0131n Riqa Sammitind\u0259 i\u015ftirak etm\u0259m\u0259sinin s\u0259b\u0259bi Rusiya amilidir\u201d\" \/>\n<meta property=\"og:url\" content=\"https:\/\/www.meydan.tv\/az\/article\/moskva-bakiya-xarici-siyaseti-nece-yurutmeyi-dikte-edir\/\" \/>\n<meta property=\"og:site_name\" content=\"MEYDAN.TV\" \/>\n<meta property=\"article:published_time\" content=\"2015-05-21T00:04:26+00:00\" \/>\n<meta property=\"og:image\" content=\"https:\/\/www.meydan.tv\/wp-content\/uploads\/9063.jpg\" \/>\n\t<meta property=\"og:image:width\" content=\"388\" \/>\n\t<meta property=\"og:image:height\" content=\"250\" \/>\n\t<meta property=\"og:image:type\" content=\"image\/jpeg\" \/>\n<meta name=\"twitter:card\" content=\"summary_large_image\" \/>\n<!-- \/ Yoast SEO plugin. -->","yoast_head_json":{"title":"\u201cMoskva Bak\u0131ya xarici siyas\u0259ti nec\u0259 y\u00fcr\u00fctm\u0259yi dikt\u0259 edir\u201d - MEYDAN.TV","robots":{"index":"index","follow":"follow","max-snippet":"max-snippet:-1","max-image-preview":"max-image-preview:large","max-video-preview":"max-video-preview:-1"},"canonical":"https:\/\/www.meydan.tv\/az\/article\/moskva-bakiya-xarici-siyaseti-nece-yurutmeyi-dikte-edir\/","og_locale":"az_AZ","og_type":"article","og_title":"\u201cMoskva Bak\u0131ya xarici siyas\u0259ti nec\u0259 y\u00fcr\u00fctm\u0259yi dikt\u0259 edir\u201d - MEYDAN.TV","og_description":"\u018fr\u0259stun Oruclu: \u201cBak\u0131n\u0131n Riqa Sammitind\u0259 i\u015ftirak etm\u0259m\u0259sinin s\u0259b\u0259bi Rusiya amilidir\u201d","og_url":"https:\/\/www.meydan.tv\/az\/article\/moskva-bakiya-xarici-siyaseti-nece-yurutmeyi-dikte-edir\/","og_site_name":"MEYDAN.TV","article_published_time":"2015-05-21T00:04:26+00:00","og_image":[{"width":388,"height":250,"url":"https:\/\/www.meydan.tv\/wp-content\/uploads\/9063.jpg","type":"image\/jpeg"}],"twitter_card":"summary_large_image","schema":{"@context":"https:\/\/schema.org","@graph":[{"@type":"Article","@id":"https:\/\/www.meydan.tv\/az\/article\/moskva-bakiya-xarici-siyaseti-nece-yurutmeyi-dikte-edir\/#article","isPartOf":{"@id":"https:\/\/www.meydan.tv\/az\/article\/moskva-bakiya-xarici-siyaseti-nece-yurutmeyi-dikte-edir\/"},"author":{"name":"user-manager","@id":"https:\/\/www.meydan.tv\/az\/#\/schema\/person\/10d11eccf6da3662cf5fdab9806ea91a"},"headline":"\u201cMoskva Bak\u0131ya xarici siyas\u0259ti nec\u0259 y\u00fcr\u00fctm\u0259yi dikt\u0259 edir\u201d","datePublished":"2015-05-21T00:04:26+00:00","mainEntityOfPage":{"@id":"https:\/\/www.meydan.tv\/az\/article\/moskva-bakiya-xarici-siyaseti-nece-yurutmeyi-dikte-edir\/"},"wordCount":882,"publisher":{"@id":"https:\/\/www.meydan.tv\/az\/#organization"},"image":{"@id":"https:\/\/www.meydan.tv\/az\/article\/moskva-bakiya-xarici-siyaseti-nece-yurutmeyi-dikte-edir\/#primaryimage"},"thumbnailUrl":"https:\/\/www.meydan.tv\/wp-content\/uploads\/9063.jpg","articleSection":["X\u0259b\u0259rl\u0259r"],"inLanguage":"az"},{"@type":"WebPage","@id":"https:\/\/www.meydan.tv\/az\/article\/moskva-bakiya-xarici-siyaseti-nece-yurutmeyi-dikte-edir\/","url":"https:\/\/www.meydan.tv\/az\/article\/moskva-bakiya-xarici-siyaseti-nece-yurutmeyi-dikte-edir\/","name":"\u201cMoskva Bak\u0131ya xarici siyas\u0259ti nec\u0259 y\u00fcr\u00fctm\u0259yi dikt\u0259 edir\u201d - MEYDAN.TV","isPartOf":{"@id":"https:\/\/www.meydan.tv\/az\/#website"},"primaryImageOfPage":{"@id":"https:\/\/www.meydan.tv\/az\/article\/moskva-bakiya-xarici-siyaseti-nece-yurutmeyi-dikte-edir\/#primaryimage"},"image":{"@id":"https:\/\/www.meydan.tv\/az\/article\/moskva-bakiya-xarici-siyaseti-nece-yurutmeyi-dikte-edir\/#primaryimage"},"thumbnailUrl":"https:\/\/www.meydan.tv\/wp-content\/uploads\/9063.jpg","datePublished":"2015-05-21T00:04:26+00:00","breadcrumb":{"@id":"https:\/\/www.meydan.tv\/az\/article\/moskva-bakiya-xarici-siyaseti-nece-yurutmeyi-dikte-edir\/#breadcrumb"},"inLanguage":"az","potentialAction":[{"@type":"ReadAction","target":["https:\/\/www.meydan.tv\/az\/article\/moskva-bakiya-xarici-siyaseti-nece-yurutmeyi-dikte-edir\/"]}]},{"@type":"ImageObject","inLanguage":"az","@id":"https:\/\/www.meydan.tv\/az\/article\/moskva-bakiya-xarici-siyaseti-nece-yurutmeyi-dikte-edir\/#primaryimage","url":"https:\/\/www.meydan.tv\/wp-content\/uploads\/9063.jpg","contentUrl":"https:\/\/www.meydan.tv\/wp-content\/uploads\/9063.jpg","width":388,"height":250,"caption":"Source:"},{"@type":"BreadcrumbList","@id":"https:\/\/www.meydan.tv\/az\/article\/moskva-bakiya-xarici-siyaseti-nece-yurutmeyi-dikte-edir\/#breadcrumb","itemListElement":[{"@type":"ListItem","position":1,"name":"Ana s\u0259hif\u0259","item":"https:\/\/www.meydan.tv\/az\/"},{"@type":"ListItem","position":2,"name":"X\u0259b\u0259rl\u0259r","item":"https:\/\/www.meydan.tv\/az\/section\/xeberler\/"},{"@type":"ListItem","position":3,"name":"\u201cMoskva Bak\u0131ya xarici siyas\u0259ti nec\u0259 y\u00fcr\u00fctm\u0259yi dikt\u0259 edir\u201d"}]},{"@type":"WebSite","@id":"https:\/\/www.meydan.tv\/az\/#website","url":"https:\/\/www.meydan.tv\/az\/","name":"MEYDAN.TV","description":"Meydan TV Az\u0259rbaycan\u0131n media m\u0259kan\u0131ndak\u0131 alternativ s\u0259sidir","publisher":{"@id":"https:\/\/www.meydan.tv\/az\/#organization"},"potentialAction":[{"@type":"SearchAction","target":{"@type":"EntryPoint","urlTemplate":"https:\/\/www.meydan.tv\/az\/?s={search_term_string}"},"query-input":{"@type":"PropertyValueSpecification","valueRequired":true,"valueName":"search_term_string"}}],"inLanguage":"az"},{"@type":"Organization","@id":"https:\/\/www.meydan.tv\/az\/#organization","name":"Meydan TV","url":"https:\/\/www.meydan.tv\/az\/","logo":{"@type":"ImageObject","inLanguage":"az","@id":"https:\/\/www.meydan.tv\/az\/#\/schema\/logo\/image\/","url":"https:\/\/www.meydan.tv\/wp-content\/uploads\/2021\/07\/meydan-logo.svg","contentUrl":"https:\/\/www.meydan.tv\/wp-content\/uploads\/2021\/07\/meydan-logo.svg","width":195,"height":46,"caption":"Meydan TV"},"image":{"@id":"https:\/\/www.meydan.tv\/az\/#\/schema\/logo\/image\/"}},{"@type":"Person","@id":"https:\/\/www.meydan.tv\/az\/#\/schema\/person\/10d11eccf6da3662cf5fdab9806ea91a","name":"user-manager"}]}},"_links":{"self":[{"href":"https:\/\/www.meydan.tv\/az\/wp-json\/wp\/v2\/posts\/168005","targetHints":{"allow":["GET"]}}],"collection":[{"href":"https:\/\/www.meydan.tv\/az\/wp-json\/wp\/v2\/posts"}],"about":[{"href":"https:\/\/www.meydan.tv\/az\/wp-json\/wp\/v2\/types\/post"}],"author":[{"embeddable":true,"href":"https:\/\/www.meydan.tv\/az\/wp-json\/wp\/v2\/users\/11"}],"replies":[{"embeddable":true,"href":"https:\/\/www.meydan.tv\/az\/wp-json\/wp\/v2\/comments?post=168005"}],"version-history":[{"count":0,"href":"https:\/\/www.meydan.tv\/az\/wp-json\/wp\/v2\/posts\/168005\/revisions"}],"wp:featuredmedia":[{"embeddable":true,"href":"https:\/\/www.meydan.tv\/az\/wp-json\/wp\/v2\/media\/24882"}],"wp:attachment":[{"href":"https:\/\/www.meydan.tv\/az\/wp-json\/wp\/v2\/media?parent=168005"}],"wp:term":[{"taxonomy":"category","embeddable":true,"href":"https:\/\/www.meydan.tv\/az\/wp-json\/wp\/v2\/categories?post=168005"},{"taxonomy":"post_tag","embeddable":true,"href":"https:\/\/www.meydan.tv\/az\/wp-json\/wp\/v2\/tags?post=168005"}],"curies":[{"name":"wp","href":"https:\/\/api.w.org\/{rel}","templated":true}]}}