{"id":167999,"date":"2015-05-20T18:28:23","date_gmt":"2015-05-20T18:28:23","guid":{"rendered":"https:\/\/www.meydan.tv\/article\/insan-huquqlarini-pozan-olkelerle-emekdasliga-son-qoymaliyiq\/"},"modified":"2015-05-20T18:28:23","modified_gmt":"2015-05-20T18:28:23","slug":"insan-huquqlarini-pozan-olkelerle-emekdasliga-son-qoymaliyiq","status":"publish","type":"post","link":"https:\/\/www.meydan.tv\/az\/article\/insan-huquqlarini-pozan-olkelerle-emekdasliga-son-qoymaliyiq\/","title":{"rendered":"&#8220;Insan h\u00fcquqlar\u0131n\u0131 pozan \u00f6lk\u0259l\u0259rl\u0259 \u0259m\u0259kda\u015fl\u0131\u011fa son qoymal\u0131y\u0131q&#8221;"},"content":{"rendered":"<figure class=\"wp-block-image size-large\">\n  <img decoding=\"async\" src=\"https:\/\/www.meydan.tv\/az\/24837\/\" alt=\"\" class=\"wp-image-24837\"\/><figcaption><\/figcaption><\/figure>\n<figure class=\"wp-block-image size-large\">\n  <img decoding=\"async\" src=\"https:\/\/www.meydan.tv\/az\/24837\/\" alt=\"\" class=\"wp-image-24837\"\/><figcaption><\/figcaption><\/figure>\n<p>\n  <i><br \/>\n    &#8220;\u00dc\u00e7 \u015e\u0259rq T\u0259r\u0259fda\u015fl\u0131\u011f\u0131 \u00f6lk\u0259sind\u0259 &#8211; Az\u0259rbaycan, Erm\u0259nistan v\u0259 Belarusda jurnalistika azadl\u0131\u011f\u0131n\u0131n pisl\u0259\u015fm\u0259si qeyd\u0259 al\u0131n\u0131b&#8221;<br \/>\n  <\/i>\n<\/p>\n<p>\n  H\u0259qiq\u0259t\u0259 xidm\u0259t prinsipi K\u0130V f\u0259aliyy\u0259tind\u0259 \u0259n b\u00f6y\u00fck problemdir. Bu bar\u0259d\u0259 Riqada \u201c\u015e\u0259rq t\u0259r\u0259fda\u015fl\u0131\u011f\u0131nda Median\u0131n rolu\u201d m\u00f6vzusunda Birinci K\u0130V Konfrans\u0131n\u0131n a\u00e7\u0131l\u0131\u015f\u0131nda bildirilib.\n<\/p>\n<p>\n  Madrid Klubunun prezidenti, Latviyan\u0131n eks-prezidenti Vayra Vike-Freyberq qeyd edib ki, bu problem oliqarxlar t\u0259r\u0259find\u0259n idar\u0259 olunan \u00f6lk\u0259l\u0259rd\u0259 daha ayd\u0131n g\u00f6r\u00fcn\u00fcr.\n<\/p>\n<p>\n  Onun s\u00f6zl\u0259rin\u0259 g\u00f6r\u0259, K\u0130V-in iqtisadi v\u0259 siyasi as\u0131l\u0131l\u0131\u011f\u0131 daya\u011f\u0131 s\u00f6z azadl\u0131\u011f\u0131 olan demokratiyan\u0131n yaranmas\u0131 v\u0259 inki\u015faf\u0131 \u00fc\u00e7\u00fcn ciddi t\u0259hl\u00fck\u0259l\u0259r yarad\u0131r.\n<\/p>\n<p>\n  Avropa \u015euras\u0131n\u0131n insan h\u00fcquqlar\u0131 \u00fczr\u0259 komissar\u0131 Nils Muyjnieks bildirib ki, 2014-c\u00fc il insan h\u00fcquqlar\u0131 v\u0259 K\u0130V \u00fc\u00e7\u00fcn pis il olub, amma 2015-ci il daha pis n\u0259tic\u0259l\u0259r g\u00f6st\u0259rir.\n<\/p>\n<p>\n  \u00dc\u00e7 \u015e\u0259rq T\u0259r\u0259fda\u015fl\u0131\u011f\u0131 \u00f6lk\u0259sind\u0259 &#8211; Az\u0259rbaycan, Erm\u0259nistan v\u0259 Belarusda jurnalistika azadl\u0131\u011f\u0131n\u0131n pisl\u0259\u015fm\u0259si qeyd\u0259 al\u0131n\u0131b, G\u00fcrc\u00fcstan, Ukrayna v\u0259 Moldovada is\u0259 qism\u0259n as\u0131l\u0131l\u0131q qeyd\u0259 al\u0131n\u0131b, dey\u0259 AT\u018fT-in K\u0130V azadl\u0131\u011f\u0131 \u00fczr\u0259 Dunya Miyatovi\u00e7 bildirib.\n<\/p>\n<p>\n  O, Az\u0259rbaycan\u0131 x\u00fcsusi vur\u011fulay\u0131b, burada \u201cAzadl\u0131q\u201d radiosunun b\u00fcrosu ba\u011flan\u0131b, ondan \u00e7ox jurnalist v\u0259 bloger h\u0259bsd\u0259dir, Reportyorlar\u0131n Azadl\u0131q v\u0259 T\u0259hl\u00fck\u0259sizlik \u0130nstitutunun r\u0259hb\u0259ri Emin H\u00fcseynov is\u0259 \u0130sve\u00e7r\u0259nin Bak\u0131dak\u0131 s\u0259firliyind\u0259 gizl\u0259nir.\n<\/p>\n<p>\n  \u201cBiz h\u0259r \u015feyi oldu\u011fu kimi dem\u0259liyik v\u0259 insan h\u00fcquqlar\u0131n\u0131 pozan \u00f6lk\u0259l\u0259rl\u0259 \u0259m\u0259kda\u015fl\u0131\u011fa son qoymal\u0131y\u0131q\u201d, dey\u0259 Miyatovi\u00e7 s\u0259rt b\u0259yanat s\u0259sl\u0259ndirib.\n<\/p>\n<p>\n  \u00d6z n\u00f6vb\u0259sind\u0259, Vayra Vike-Freyberq qeyd edib ki, \u015e\u0259rq T\u0259r\u0259fda\u015fl\u0131\u011f\u0131n\u0131n Riqa Sammitind\u0259 K\u0130V azadl\u0131\u011f\u0131 sah\u0259sind\u0259 ciddi probleml\u0259r ya\u015fayan d\u00f6vl\u0259tl\u0259rin liderl\u0259ri i\u015ftirak edir. \u201cBu, dialoq vasit\u0259sil\u0259 s\u00f6z azadl\u0131\u011f\u0131 sah\u0259sind\u0259 bir s\u0131ra probleml\u0259rin h\u0259llini tapmaq \u00fc\u00e7\u00fcn yax\u015f\u0131 imkand\u0131r\u201d, dey\u0259 o bildiib.<\/p>\n","protected":false},"excerpt":{"rendered":"<p>&#8220;\u00dc\u00e7 \u015e\u0259rq T\u0259r\u0259fda\u015fl\u0131\u011f\u0131 \u00f6lk\u0259sind\u0259 &#8211; Az\u0259rbaycan, Erm\u0259nistan v\u0259 Belarusda jurnalistika azadl\u0131\u011f\u0131n\u0131n pisl\u0259\u015fm\u0259si qeyd\u0259 al\u0131n\u0131b&#8221;<\/p>\n","protected":false},"author":11,"featured_media":24837,"comment_status":"closed","ping_status":"open","sticky":false,"template":"","format":"standard","meta":{"_acf_changed":false,"_sitemap_exclude":false,"_sitemap_priority":"","_sitemap_frequency":"","footnotes":""},"categories":[56],"tags":[],"class_list":["post-167999","post","type-post","status-publish","format-standard","has-post-thumbnail","hentry","category-xeberler","infinite-scroll-item","generate-columns","tablet-grid-50","mobile-grid-100","grid-parent","grid-33","no-featured-image-padding"],"acf":[],"yoast_head":"<!-- This site is optimized with the Yoast SEO plugin v28.4 - https:\/\/yoast.com\/product\/yoast-seo-wordpress\/ -->\n<title>&quot;Insan h\u00fcquqlar\u0131n\u0131 pozan \u00f6lk\u0259l\u0259rl\u0259 \u0259m\u0259kda\u015fl\u0131\u011fa son qoymal\u0131y\u0131q&quot; - MEYDAN.TV<\/title>\n<meta name=\"robots\" content=\"index, follow, max-snippet:-1, max-image-preview:large, max-video-preview:-1\" \/>\n<link rel=\"canonical\" href=\"https:\/\/www.meydan.tv\/az\/article\/insan-huquqlarini-pozan-olkelerle-emekdasliga-son-qoymaliyiq\/\" \/>\n<meta property=\"og:locale\" content=\"az_AZ\" \/>\n<meta property=\"og:type\" content=\"article\" \/>\n<meta property=\"og:title\" content=\"&quot;Insan h\u00fcquqlar\u0131n\u0131 pozan \u00f6lk\u0259l\u0259rl\u0259 \u0259m\u0259kda\u015fl\u0131\u011fa son qoymal\u0131y\u0131q&quot; - MEYDAN.TV\" \/>\n<meta property=\"og:description\" content=\"&quot;\u00dc\u00e7 \u015e\u0259rq T\u0259r\u0259fda\u015fl\u0131\u011f\u0131 \u00f6lk\u0259sind\u0259 - Az\u0259rbaycan, Erm\u0259nistan v\u0259 Belarusda jurnalistika azadl\u0131\u011f\u0131n\u0131n pisl\u0259\u015fm\u0259si qeyd\u0259 al\u0131n\u0131b&quot;\" \/>\n<meta property=\"og:url\" content=\"https:\/\/www.meydan.tv\/az\/article\/insan-huquqlarini-pozan-olkelerle-emekdasliga-son-qoymaliyiq\/\" \/>\n<meta property=\"og:site_name\" content=\"MEYDAN.TV\" \/>\n<meta property=\"article:published_time\" content=\"2015-05-20T18:28:23+00:00\" \/>\n<meta property=\"og:image\" content=\"https:\/\/www.meydan.tv\/wp-content\/uploads\/9058.jpg\" \/>\n\t<meta property=\"og:image:width\" content=\"400\" \/>\n\t<meta property=\"og:image:height\" content=\"300\" \/>\n\t<meta property=\"og:image:type\" content=\"image\/jpeg\" \/>\n<meta name=\"twitter:card\" content=\"summary_large_image\" \/>\n<!-- \/ Yoast SEO plugin. -->","yoast_head_json":{"title":"\"Insan h\u00fcquqlar\u0131n\u0131 pozan \u00f6lk\u0259l\u0259rl\u0259 \u0259m\u0259kda\u015fl\u0131\u011fa son qoymal\u0131y\u0131q\" - MEYDAN.TV","robots":{"index":"index","follow":"follow","max-snippet":"max-snippet:-1","max-image-preview":"max-image-preview:large","max-video-preview":"max-video-preview:-1"},"canonical":"https:\/\/www.meydan.tv\/az\/article\/insan-huquqlarini-pozan-olkelerle-emekdasliga-son-qoymaliyiq\/","og_locale":"az_AZ","og_type":"article","og_title":"\"Insan h\u00fcquqlar\u0131n\u0131 pozan \u00f6lk\u0259l\u0259rl\u0259 \u0259m\u0259kda\u015fl\u0131\u011fa son qoymal\u0131y\u0131q\" - MEYDAN.TV","og_description":"\"\u00dc\u00e7 \u015e\u0259rq T\u0259r\u0259fda\u015fl\u0131\u011f\u0131 \u00f6lk\u0259sind\u0259 - Az\u0259rbaycan, Erm\u0259nistan v\u0259 Belarusda jurnalistika azadl\u0131\u011f\u0131n\u0131n pisl\u0259\u015fm\u0259si qeyd\u0259 al\u0131n\u0131b\"","og_url":"https:\/\/www.meydan.tv\/az\/article\/insan-huquqlarini-pozan-olkelerle-emekdasliga-son-qoymaliyiq\/","og_site_name":"MEYDAN.TV","article_published_time":"2015-05-20T18:28:23+00:00","og_image":[{"width":400,"height":300,"url":"https:\/\/www.meydan.tv\/wp-content\/uploads\/9058.jpg","type":"image\/jpeg"}],"twitter_card":"summary_large_image","schema":{"@context":"https:\/\/schema.org","@graph":[{"@type":"Article","@id":"https:\/\/www.meydan.tv\/az\/article\/insan-huquqlarini-pozan-olkelerle-emekdasliga-son-qoymaliyiq\/#article","isPartOf":{"@id":"https:\/\/www.meydan.tv\/az\/article\/insan-huquqlarini-pozan-olkelerle-emekdasliga-son-qoymaliyiq\/"},"author":{"name":"user-manager","@id":"https:\/\/www.meydan.tv\/az\/#\/schema\/person\/10d11eccf6da3662cf5fdab9806ea91a"},"headline":"&#8220;Insan h\u00fcquqlar\u0131n\u0131 pozan \u00f6lk\u0259l\u0259rl\u0259 \u0259m\u0259kda\u015fl\u0131\u011fa son qoymal\u0131y\u0131q&#8221;","datePublished":"2015-05-20T18:28:23+00:00","mainEntityOfPage":{"@id":"https:\/\/www.meydan.tv\/az\/article\/insan-huquqlarini-pozan-olkelerle-emekdasliga-son-qoymaliyiq\/"},"wordCount":382,"publisher":{"@id":"https:\/\/www.meydan.tv\/az\/#organization"},"image":{"@id":"https:\/\/www.meydan.tv\/az\/article\/insan-huquqlarini-pozan-olkelerle-emekdasliga-son-qoymaliyiq\/#primaryimage"},"thumbnailUrl":"https:\/\/www.meydan.tv\/wp-content\/uploads\/9058.jpg","articleSection":["X\u0259b\u0259rl\u0259r"],"inLanguage":"az"},{"@type":"WebPage","@id":"https:\/\/www.meydan.tv\/az\/article\/insan-huquqlarini-pozan-olkelerle-emekdasliga-son-qoymaliyiq\/","url":"https:\/\/www.meydan.tv\/az\/article\/insan-huquqlarini-pozan-olkelerle-emekdasliga-son-qoymaliyiq\/","name":"\"Insan h\u00fcquqlar\u0131n\u0131 pozan \u00f6lk\u0259l\u0259rl\u0259 \u0259m\u0259kda\u015fl\u0131\u011fa son qoymal\u0131y\u0131q\" - MEYDAN.TV","isPartOf":{"@id":"https:\/\/www.meydan.tv\/az\/#website"},"primaryImageOfPage":{"@id":"https:\/\/www.meydan.tv\/az\/article\/insan-huquqlarini-pozan-olkelerle-emekdasliga-son-qoymaliyiq\/#primaryimage"},"image":{"@id":"https:\/\/www.meydan.tv\/az\/article\/insan-huquqlarini-pozan-olkelerle-emekdasliga-son-qoymaliyiq\/#primaryimage"},"thumbnailUrl":"https:\/\/www.meydan.tv\/wp-content\/uploads\/9058.jpg","datePublished":"2015-05-20T18:28:23+00:00","breadcrumb":{"@id":"https:\/\/www.meydan.tv\/az\/article\/insan-huquqlarini-pozan-olkelerle-emekdasliga-son-qoymaliyiq\/#breadcrumb"},"inLanguage":"az","potentialAction":[{"@type":"ReadAction","target":["https:\/\/www.meydan.tv\/az\/article\/insan-huquqlarini-pozan-olkelerle-emekdasliga-son-qoymaliyiq\/"]}]},{"@type":"ImageObject","inLanguage":"az","@id":"https:\/\/www.meydan.tv\/az\/article\/insan-huquqlarini-pozan-olkelerle-emekdasliga-son-qoymaliyiq\/#primaryimage","url":"https:\/\/www.meydan.tv\/wp-content\/uploads\/9058.jpg","contentUrl":"https:\/\/www.meydan.tv\/wp-content\/uploads\/9058.jpg","width":400,"height":300,"caption":"Source:"},{"@type":"BreadcrumbList","@id":"https:\/\/www.meydan.tv\/az\/article\/insan-huquqlarini-pozan-olkelerle-emekdasliga-son-qoymaliyiq\/#breadcrumb","itemListElement":[{"@type":"ListItem","position":1,"name":"Ana s\u0259hif\u0259","item":"https:\/\/www.meydan.tv\/az\/"},{"@type":"ListItem","position":2,"name":"X\u0259b\u0259rl\u0259r","item":"https:\/\/www.meydan.tv\/az\/section\/xeberler\/"},{"@type":"ListItem","position":3,"name":"&#8220;Insan h\u00fcquqlar\u0131n\u0131 pozan \u00f6lk\u0259l\u0259rl\u0259 \u0259m\u0259kda\u015fl\u0131\u011fa son qoymal\u0131y\u0131q&#8221;"}]},{"@type":"WebSite","@id":"https:\/\/www.meydan.tv\/az\/#website","url":"https:\/\/www.meydan.tv\/az\/","name":"MEYDAN.TV","description":"Meydan TV Az\u0259rbaycan\u0131n media m\u0259kan\u0131ndak\u0131 alternativ s\u0259sidir","publisher":{"@id":"https:\/\/www.meydan.tv\/az\/#organization"},"potentialAction":[{"@type":"SearchAction","target":{"@type":"EntryPoint","urlTemplate":"https:\/\/www.meydan.tv\/az\/?s={search_term_string}"},"query-input":{"@type":"PropertyValueSpecification","valueRequired":true,"valueName":"search_term_string"}}],"inLanguage":"az"},{"@type":"Organization","@id":"https:\/\/www.meydan.tv\/az\/#organization","name":"Meydan TV","url":"https:\/\/www.meydan.tv\/az\/","logo":{"@type":"ImageObject","inLanguage":"az","@id":"https:\/\/www.meydan.tv\/az\/#\/schema\/logo\/image\/","url":"https:\/\/www.meydan.tv\/wp-content\/uploads\/2021\/07\/meydan-logo.svg","contentUrl":"https:\/\/www.meydan.tv\/wp-content\/uploads\/2021\/07\/meydan-logo.svg","width":195,"height":46,"caption":"Meydan TV"},"image":{"@id":"https:\/\/www.meydan.tv\/az\/#\/schema\/logo\/image\/"}},{"@type":"Person","@id":"https:\/\/www.meydan.tv\/az\/#\/schema\/person\/10d11eccf6da3662cf5fdab9806ea91a","name":"user-manager"}]}},"_links":{"self":[{"href":"https:\/\/www.meydan.tv\/az\/wp-json\/wp\/v2\/posts\/167999","targetHints":{"allow":["GET"]}}],"collection":[{"href":"https:\/\/www.meydan.tv\/az\/wp-json\/wp\/v2\/posts"}],"about":[{"href":"https:\/\/www.meydan.tv\/az\/wp-json\/wp\/v2\/types\/post"}],"author":[{"embeddable":true,"href":"https:\/\/www.meydan.tv\/az\/wp-json\/wp\/v2\/users\/11"}],"replies":[{"embeddable":true,"href":"https:\/\/www.meydan.tv\/az\/wp-json\/wp\/v2\/comments?post=167999"}],"version-history":[{"count":0,"href":"https:\/\/www.meydan.tv\/az\/wp-json\/wp\/v2\/posts\/167999\/revisions"}],"wp:featuredmedia":[{"embeddable":true,"href":"https:\/\/www.meydan.tv\/az\/wp-json\/wp\/v2\/media\/24837"}],"wp:attachment":[{"href":"https:\/\/www.meydan.tv\/az\/wp-json\/wp\/v2\/media?parent=167999"}],"wp:term":[{"taxonomy":"category","embeddable":true,"href":"https:\/\/www.meydan.tv\/az\/wp-json\/wp\/v2\/categories?post=167999"},{"taxonomy":"post_tag","embeddable":true,"href":"https:\/\/www.meydan.tv\/az\/wp-json\/wp\/v2\/tags?post=167999"}],"curies":[{"name":"wp","href":"https:\/\/api.w.org\/{rel}","templated":true}]}}