{"id":167998,"date":"2015-05-20T17:43:18","date_gmt":"2015-05-20T17:43:18","guid":{"rendered":"https:\/\/www.meydan.tv\/article\/ozunu-yandiran-qarabag-qazisi-dunyasini-deyisdi-video\/"},"modified":"2015-05-20T17:43:18","modified_gmt":"2015-05-20T17:43:18","slug":"ozunu-yandiran-qarabag-qazisi-dunyasini-deyisdi-video","status":"publish","type":"post","link":"https:\/\/www.meydan.tv\/az\/article\/ozunu-yandiran-qarabag-qazisi-dunyasini-deyisdi-video\/","title":{"rendered":"\u00d6z\u00fcn\u00fc yand\u0131ran Qaraba\u011f qazisi d\u00fcnyas\u0131n\u0131 d\u0259yi\u015fdi (V\u0130DEO)"},"content":{"rendered":"<figure class=\"wp-block-embed is-type-video is-provider-youtube wp-block-embed-youtube wp-embed-aspect-16-9 wp-has-aspect-ratio\">\n<div class=\"wp-block-embed__wrapper\">\n    <iframe loading=\"lazy\"\ttitle=\"\" width=\"1200\" height=\"675\" src=\"https:\/\/www.youtube.com\/embed\/MmElAsW17gU\"\tframeborder=\"0\"\tallow=\"accelerometer; autoplay; clipboard-write; encrypted-media; gyroscope; picture-in-picture\" allowfullscreen><\/iframe>\n  <\/div><figcaption><\/figcaption><\/figure>\n<p>\n  May\u0131n 19-da, ax\u015fam saatlar\u0131nda C\u0259lilabad rayonu Polis \u0130dar\u0259sinin qar\u015f\u0131s\u0131nda Qaraba\u011f m\u00fcharib\u0259si v\u0259 20 yanvar i\u015ftirak\u00e7\u0131s\u0131 Mirtahir Miradil o\u011flu M\u00fcrs\u0259lov \u00f6z\u00fcn\u00fc yand\u0131r\u0131b.\n<\/p>\n<p>\n  Ail\u0259 \u00fczvl\u0259rinin Meydan TV-y\u0259 bildirdiyin\u0259 g\u00f6r\u0259, qarda\u015f\u0131 v\u0259 dostu m\u00fcharib\u0259 veteran\u0131n\u0131 nam\u0259lum yerd\u0259 d\u00f6y\u00fcbl\u0259r. Hadis\u0259d\u0259n sonra qazi polis b\u00f6lm\u0259sin\u0259 \u0259riz\u0259 il\u0259 m\u00fcraci\u0259t ets\u0259 d\u0259,b\u00f6lm\u0259d\u0259 \u0259riz\u0259ni q\u0259bul etm\u0259yibl\u0259r. Qazi is\u0259 buna etiraz ed\u0259r\u0259k, \u00f6z\u00fcn\u00fc b\u00f6lm\u0259nin qar\u015f\u0131s\u0131nda yand\u0131r\u0131b.\n<\/p>\n<p>\n  May\u0131n 20-d\u0259, s\u0259h\u0259r saatlar\u0131nda qazi Bak\u0131ya \u00e7atd\u0131r\u0131l\u0131b, 5 sayl\u0131 x\u0259st\u0259xanan\u0131n yan\u0131q \u015f\u00f6b\u0259sin\u0259 yerl\u0259\u015fdirilib.\n<\/p>\n<p>\n  Meydan TV \u00e7\u0259kili\u015f \u00fc\u00e7\u00fcn x\u0259st\u0259xanaya gets\u0259 d\u0259, ail\u0259si kamera \u00f6n\u00fcnd\u0259 dan\u0131\u015fmaq ist\u0259m\u0259yib, x\u0259st\u0259xanada \u00e7\u0259kili\u015f\u0259 icaz\u0259 verilm\u0259yib. Ancaq h\u0259kimin fikirl\u0259rini lent\u0259 almaq m\u00fcmk\u00fcn olub. H\u0259kim qazinin v\u0259ziyy\u0259tinin a\u011f\u0131r oldu\u011funu, ya\u015fama \u015fans\u0131n\u0131n olmad\u0131\u011f\u0131n\u0131 bildirib.\n<\/p>\n<p>\n  G\u00fcn\u00fcn ikinci yar\u0131s\u0131 Mirtahir M\u00fcrs\u0259lov d\u00fcnyas\u0131n\u0131 d\u0259yi\u015fib.<\/p>\n","protected":false},"excerpt":{"rendered":"<p>G\u00fcn\u00fcn ikinci yar\u0131s\u0131 Mirtahir M\u00fcrs\u0259lov d\u00fcnyas\u0131n\u0131 d\u0259yi\u015fib.<\/p>\n","protected":false},"author":11,"featured_media":24828,"comment_status":"closed","ping_status":"open","sticky":false,"template":"","format":"standard","meta":{"_acf_changed":false,"_sitemap_exclude":false,"_sitemap_priority":"","_sitemap_frequency":"","footnotes":""},"categories":[63],"tags":[],"class_list":["post-167998","post","type-post","status-publish","format-standard","has-post-thumbnail","hentry","category-video-2","infinite-scroll-item","generate-columns","tablet-grid-50","mobile-grid-100","grid-parent","grid-33","no-featured-image-padding"],"acf":[],"yoast_head":"<!-- This site is optimized with the Yoast SEO plugin v28.3 - https:\/\/yoast.com\/product\/yoast-seo-wordpress\/ -->\n<title>\u00d6z\u00fcn\u00fc yand\u0131ran Qaraba\u011f qazisi d\u00fcnyas\u0131n\u0131 d\u0259yi\u015fdi (V\u0130DEO) - MEYDAN.TV<\/title>\n<meta name=\"robots\" content=\"index, follow, max-snippet:-1, max-image-preview:large, max-video-preview:-1\" \/>\n<link rel=\"canonical\" href=\"https:\/\/www.meydan.tv\/az\/article\/ozunu-yandiran-qarabag-qazisi-dunyasini-deyisdi-video\/\" \/>\n<meta property=\"og:locale\" content=\"az_AZ\" \/>\n<meta property=\"og:type\" content=\"article\" \/>\n<meta property=\"og:title\" content=\"\u00d6z\u00fcn\u00fc yand\u0131ran Qaraba\u011f qazisi d\u00fcnyas\u0131n\u0131 d\u0259yi\u015fdi (V\u0130DEO) - MEYDAN.TV\" \/>\n<meta property=\"og:description\" content=\"G\u00fcn\u00fcn ikinci yar\u0131s\u0131 Mirtahir M\u00fcrs\u0259lov d\u00fcnyas\u0131n\u0131 d\u0259yi\u015fib.\" \/>\n<meta property=\"og:url\" content=\"https:\/\/www.meydan.tv\/az\/article\/ozunu-yandiran-qarabag-qazisi-dunyasini-deyisdi-video\/\" \/>\n<meta property=\"og:site_name\" content=\"MEYDAN.TV\" \/>\n<meta property=\"article:published_time\" content=\"2015-05-20T17:43:18+00:00\" \/>\n<meta property=\"og:image\" content=\"https:\/\/www.meydan.tv\/wp-content\/uploads\/9057.jpg\" \/>\n\t<meta property=\"og:image:width\" content=\"1198\" \/>\n\t<meta property=\"og:image:height\" content=\"664\" \/>\n\t<meta property=\"og:image:type\" content=\"image\/jpeg\" \/>\n<meta name=\"twitter:card\" content=\"summary_large_image\" \/>\n<!-- \/ Yoast SEO plugin. -->","yoast_head_json":{"title":"\u00d6z\u00fcn\u00fc yand\u0131ran Qaraba\u011f qazisi d\u00fcnyas\u0131n\u0131 d\u0259yi\u015fdi (V\u0130DEO) - MEYDAN.TV","robots":{"index":"index","follow":"follow","max-snippet":"max-snippet:-1","max-image-preview":"max-image-preview:large","max-video-preview":"max-video-preview:-1"},"canonical":"https:\/\/www.meydan.tv\/az\/article\/ozunu-yandiran-qarabag-qazisi-dunyasini-deyisdi-video\/","og_locale":"az_AZ","og_type":"article","og_title":"\u00d6z\u00fcn\u00fc yand\u0131ran Qaraba\u011f qazisi d\u00fcnyas\u0131n\u0131 d\u0259yi\u015fdi (V\u0130DEO) - MEYDAN.TV","og_description":"G\u00fcn\u00fcn ikinci yar\u0131s\u0131 Mirtahir M\u00fcrs\u0259lov d\u00fcnyas\u0131n\u0131 d\u0259yi\u015fib.","og_url":"https:\/\/www.meydan.tv\/az\/article\/ozunu-yandiran-qarabag-qazisi-dunyasini-deyisdi-video\/","og_site_name":"MEYDAN.TV","article_published_time":"2015-05-20T17:43:18+00:00","og_image":[{"width":1198,"height":664,"url":"https:\/\/www.meydan.tv\/wp-content\/uploads\/9057.jpg","type":"image\/jpeg"}],"twitter_card":"summary_large_image","schema":{"@context":"https:\/\/schema.org","@graph":[{"@type":"Article","@id":"https:\/\/www.meydan.tv\/az\/article\/ozunu-yandiran-qarabag-qazisi-dunyasini-deyisdi-video\/#article","isPartOf":{"@id":"https:\/\/www.meydan.tv\/az\/article\/ozunu-yandiran-qarabag-qazisi-dunyasini-deyisdi-video\/"},"author":{"name":"user-manager","@id":"https:\/\/www.meydan.tv\/az\/#\/schema\/person\/10d11eccf6da3662cf5fdab9806ea91a"},"headline":"\u00d6z\u00fcn\u00fc yand\u0131ran Qaraba\u011f qazisi d\u00fcnyas\u0131n\u0131 d\u0259yi\u015fdi (V\u0130DEO)","datePublished":"2015-05-20T17:43:18+00:00","mainEntityOfPage":{"@id":"https:\/\/www.meydan.tv\/az\/article\/ozunu-yandiran-qarabag-qazisi-dunyasini-deyisdi-video\/"},"wordCount":214,"publisher":{"@id":"https:\/\/www.meydan.tv\/az\/#organization"},"image":{"@id":"https:\/\/www.meydan.tv\/az\/article\/ozunu-yandiran-qarabag-qazisi-dunyasini-deyisdi-video\/#primaryimage"},"thumbnailUrl":"https:\/\/www.meydan.tv\/wp-content\/uploads\/9057.jpg","articleSection":["Video"],"inLanguage":"az"},{"@type":"WebPage","@id":"https:\/\/www.meydan.tv\/az\/article\/ozunu-yandiran-qarabag-qazisi-dunyasini-deyisdi-video\/","url":"https:\/\/www.meydan.tv\/az\/article\/ozunu-yandiran-qarabag-qazisi-dunyasini-deyisdi-video\/","name":"\u00d6z\u00fcn\u00fc yand\u0131ran Qaraba\u011f qazisi d\u00fcnyas\u0131n\u0131 d\u0259yi\u015fdi (V\u0130DEO) - MEYDAN.TV","isPartOf":{"@id":"https:\/\/www.meydan.tv\/az\/#website"},"primaryImageOfPage":{"@id":"https:\/\/www.meydan.tv\/az\/article\/ozunu-yandiran-qarabag-qazisi-dunyasini-deyisdi-video\/#primaryimage"},"image":{"@id":"https:\/\/www.meydan.tv\/az\/article\/ozunu-yandiran-qarabag-qazisi-dunyasini-deyisdi-video\/#primaryimage"},"thumbnailUrl":"https:\/\/www.meydan.tv\/wp-content\/uploads\/9057.jpg","datePublished":"2015-05-20T17:43:18+00:00","breadcrumb":{"@id":"https:\/\/www.meydan.tv\/az\/article\/ozunu-yandiran-qarabag-qazisi-dunyasini-deyisdi-video\/#breadcrumb"},"inLanguage":"az","potentialAction":[{"@type":"ReadAction","target":["https:\/\/www.meydan.tv\/az\/article\/ozunu-yandiran-qarabag-qazisi-dunyasini-deyisdi-video\/"]}]},{"@type":"ImageObject","inLanguage":"az","@id":"https:\/\/www.meydan.tv\/az\/article\/ozunu-yandiran-qarabag-qazisi-dunyasini-deyisdi-video\/#primaryimage","url":"https:\/\/www.meydan.tv\/wp-content\/uploads\/9057.jpg","contentUrl":"https:\/\/www.meydan.tv\/wp-content\/uploads\/9057.jpg","width":1198,"height":664,"caption":"Source:"},{"@type":"BreadcrumbList","@id":"https:\/\/www.meydan.tv\/az\/article\/ozunu-yandiran-qarabag-qazisi-dunyasini-deyisdi-video\/#breadcrumb","itemListElement":[{"@type":"ListItem","position":1,"name":"Ana s\u0259hif\u0259","item":"https:\/\/www.meydan.tv\/az\/"},{"@type":"ListItem","position":2,"name":"Video","item":"https:\/\/www.meydan.tv\/az\/section\/video-2\/"},{"@type":"ListItem","position":3,"name":"\u00d6z\u00fcn\u00fc yand\u0131ran Qaraba\u011f qazisi d\u00fcnyas\u0131n\u0131 d\u0259yi\u015fdi (V\u0130DEO)"}]},{"@type":"WebSite","@id":"https:\/\/www.meydan.tv\/az\/#website","url":"https:\/\/www.meydan.tv\/az\/","name":"MEYDAN.TV","description":"Meydan TV Az\u0259rbaycan\u0131n media m\u0259kan\u0131ndak\u0131 alternativ s\u0259sidir","publisher":{"@id":"https:\/\/www.meydan.tv\/az\/#organization"},"potentialAction":[{"@type":"SearchAction","target":{"@type":"EntryPoint","urlTemplate":"https:\/\/www.meydan.tv\/az\/?s={search_term_string}"},"query-input":{"@type":"PropertyValueSpecification","valueRequired":true,"valueName":"search_term_string"}}],"inLanguage":"az"},{"@type":"Organization","@id":"https:\/\/www.meydan.tv\/az\/#organization","name":"Meydan TV","url":"https:\/\/www.meydan.tv\/az\/","logo":{"@type":"ImageObject","inLanguage":"az","@id":"https:\/\/www.meydan.tv\/az\/#\/schema\/logo\/image\/","url":"https:\/\/www.meydan.tv\/wp-content\/uploads\/2021\/07\/meydan-logo.svg","contentUrl":"https:\/\/www.meydan.tv\/wp-content\/uploads\/2021\/07\/meydan-logo.svg","width":195,"height":46,"caption":"Meydan TV"},"image":{"@id":"https:\/\/www.meydan.tv\/az\/#\/schema\/logo\/image\/"}},{"@type":"Person","@id":"https:\/\/www.meydan.tv\/az\/#\/schema\/person\/10d11eccf6da3662cf5fdab9806ea91a","name":"user-manager"}]}},"_links":{"self":[{"href":"https:\/\/www.meydan.tv\/az\/wp-json\/wp\/v2\/posts\/167998","targetHints":{"allow":["GET"]}}],"collection":[{"href":"https:\/\/www.meydan.tv\/az\/wp-json\/wp\/v2\/posts"}],"about":[{"href":"https:\/\/www.meydan.tv\/az\/wp-json\/wp\/v2\/types\/post"}],"author":[{"embeddable":true,"href":"https:\/\/www.meydan.tv\/az\/wp-json\/wp\/v2\/users\/11"}],"replies":[{"embeddable":true,"href":"https:\/\/www.meydan.tv\/az\/wp-json\/wp\/v2\/comments?post=167998"}],"version-history":[{"count":0,"href":"https:\/\/www.meydan.tv\/az\/wp-json\/wp\/v2\/posts\/167998\/revisions"}],"wp:featuredmedia":[{"embeddable":true,"href":"https:\/\/www.meydan.tv\/az\/wp-json\/wp\/v2\/media\/24828"}],"wp:attachment":[{"href":"https:\/\/www.meydan.tv\/az\/wp-json\/wp\/v2\/media?parent=167998"}],"wp:term":[{"taxonomy":"category","embeddable":true,"href":"https:\/\/www.meydan.tv\/az\/wp-json\/wp\/v2\/categories?post=167998"},{"taxonomy":"post_tag","embeddable":true,"href":"https:\/\/www.meydan.tv\/az\/wp-json\/wp\/v2\/tags?post=167998"}],"curies":[{"name":"wp","href":"https:\/\/api.w.org\/{rel}","templated":true}]}}